{"id":966476,"date":"2025-11-29T21:08:00","date_gmt":"2025-11-29T20:08:00","guid":{"rendered":"https:\/\/dmcsrb.com\/uncategorized\/mojkovcaninu-odredjeno-zadrzavanje-osumnjicen-da-je-prijetio-bratu-napao-ga-i-povrijedio\/"},"modified":"2025-11-29T21:08:00","modified_gmt":"2025-11-29T20:08:00","slug":"mojkovcaninu-odredjeno-zadrzavanje-osumnjicen-da-je-prijetio-bratu-napao-ga-i-povrijedio","status":"publish","type":"post","link":"https:\/\/dmcsrb.com\/en\/hronika\/mojkovcaninu-odredjeno-zadrzavanje-osumnjicen-da-je-prijetio-bratu-napao-ga-i-povrijedio\/","title":{"rendered":"Mojkov\u010daninu odre\u0111eno zadr\u017eavanje: Osumnji\u010den da je prijetio bratu, napao ga i povrijedio"},"content":{"rendered":"<p><\/p>\n\n\n\n<p>Kako se navodi, sumnja se da je P.M. ju\u010de oko 18 sati u porodi\u010dnoj ku\u0107i u Mojkovcu fizi\u010dki napao brata M.M. i prijetio mu.<\/p>\n\n\n\n<p>Iz tu\u017eila\u0161tva navode da je M.M. zadobio povredu.<\/p>","protected":false},"excerpt":{"rendered":"<p>Iz Osnovnog dr\u017eavnog tu\u017eila\u0161tva u Bijelom Polju saop\u0161teno je da je odre\u0111eno zadr\u017eavanje do 72 sata P.M. iz Mojkovca zbog sumnje da je izvr\u0161io krivi\u010dno djelo nasilje u porodici ili u porodi\u010dnoj zajednici.<\/p>","protected":false},"author":1,"featured_media":908686,"comment_status":"open","ping_status":"open","sticky":false,"template":"","format":"standard","meta":{"_acf_changed":false,"footnotes":""},"categories":[17],"tags":[1002,12214],"naslovna":[],"class_list":["post-966476","post","type-post","status-publish","format-standard","has-post-thumbnail","hentry","category-hronika","tag-nasilje-u-porodici","tag-odt-bijelo-polje"],"acf":[],"yoast_head":"<!-- This site is optimized with the Yoast SEO plugin v27.0 - https:\/\/yoast.com\/product\/yoast-seo-wordpress\/ -->\n<title>Mojkov\u010daninu odre\u0111eno zadr\u017eavanje: Osumnji\u010den da je prijetio bratu, napao ga i povrijedio - dmcsrb.com<\/title>\n<meta name=\"robots\" content=\"index, follow, max-snippet:-1, max-image-preview:large, max-video-preview:-1\" \/>\n<link rel=\"canonical\" href=\"https:\/\/dmcsrb.com\/en\/hronika\/mojkovcaninu-odredjeno-zadrzavanje-osumnjicen-da-je-prijetio-bratu-napao-ga-i-povrijedio\/\" \/>\n<meta property=\"og:locale\" content=\"en_GB\" \/>\n<meta property=\"og:type\" content=\"article\" \/>\n<meta property=\"og:title\" content=\"Mojkov\u010daninu odre\u0111eno zadr\u017eavanje: Osumnji\u010den da je prijetio bratu, napao ga i povrijedio - dmcsrb.com\" \/>\n<meta property=\"og:description\" content=\"Iz Osnovnog dr\u017eavnog tu\u017eila\u0161tva u Bijelom Polju saop\u0161teno je da je odre\u0111eno zadr\u017eavanje do 72 sata P.M. iz Mojkovca zbog sumnje da je izvr\u0161io krivi\u010dno djelo nasilje u porodici ili u porodi\u010dnoj zajednici.\" \/>\n<meta property=\"og:url\" content=\"https:\/\/dmcsrb.com\/en\/hronika\/mojkovcaninu-odredjeno-zadrzavanje-osumnjicen-da-je-prijetio-bratu-napao-ga-i-povrijedio\/\" \/>\n<meta property=\"og:site_name\" content=\"dmcsrb.com\" \/>\n<meta property=\"article:published_time\" content=\"2025-11-29T20:08:00+00:00\" \/>\n<meta property=\"og:image\" content=\"https:\/\/dmcsrb.com\/wp-content\/uploads\/2026\/01\/judge-8866848_1280.webp\" \/>\n\t<meta property=\"og:image:width\" content=\"1280\" \/>\n\t<meta property=\"og:image:height\" content=\"640\" \/>\n\t<meta property=\"og:image:type\" content=\"image\/webp\" \/>\n<meta name=\"author\" content=\"dmcsrbija.com@gmail.com\" \/>\n<meta name=\"twitter:card\" content=\"summary_large_image\" \/>\n<meta name=\"twitter:label1\" content=\"Written by\" \/>\n\t<meta name=\"twitter:data1\" content=\"dmcsrbija.com@gmail.com\" \/>\n<script type=\"application\/ld+json\" class=\"yoast-schema-graph\">{\"@context\":\"https:\/\/schema.org\",\"@graph\":[{\"@type\":\"Article\",\"@id\":\"https:\/\/dmcsrb.com\/hronika\/mojkovcaninu-odredjeno-zadrzavanje-osumnjicen-da-je-prijetio-bratu-napao-ga-i-povrijedio\/#article\",\"isPartOf\":{\"@id\":\"https:\/\/dmcsrb.com\/hronika\/mojkovcaninu-odredjeno-zadrzavanje-osumnjicen-da-je-prijetio-bratu-napao-ga-i-povrijedio\/\"},\"author\":{\"name\":\"dmcsrbija.com@gmail.com\",\"@id\":\"https:\/\/dmcsrb.com\/#\/schema\/person\/5c39170f12db1b8b457732d0b5c854e2\"},\"headline\":\"Mojkov\u010daninu odre\u0111eno zadr\u017eavanje: Osumnji\u010den da je prijetio bratu, napao ga i povrijedio\",\"datePublished\":\"2025-11-29T20:08:00+00:00\",\"mainEntityOfPage\":{\"@id\":\"https:\/\/dmcsrb.com\/hronika\/mojkovcaninu-odredjeno-zadrzavanje-osumnjicen-da-je-prijetio-bratu-napao-ga-i-povrijedio\/\"},\"wordCount\":56,\"commentCount\":0,\"image\":{\"@id\":\"https:\/\/dmcsrb.com\/hronika\/mojkovcaninu-odredjeno-zadrzavanje-osumnjicen-da-je-prijetio-bratu-napao-ga-i-povrijedio\/#primaryimage\"},\"thumbnailUrl\":\"https:\/\/dmcsrb.com\/wp-content\/uploads\/2026\/01\/judge-8866848_1280.webp\",\"keywords\":[\"nasilje u porodici\",\"ODT Bijelo Polje\"],\"articleSection\":[\"Hronika\"],\"inLanguage\":\"en-GB\",\"potentialAction\":[{\"@type\":\"CommentAction\",\"name\":\"Comment\",\"target\":[\"https:\/\/dmcsrb.com\/hronika\/mojkovcaninu-odredjeno-zadrzavanje-osumnjicen-da-je-prijetio-bratu-napao-ga-i-povrijedio\/#respond\"]}]},{\"@type\":\"WebPage\",\"@id\":\"https:\/\/dmcsrb.com\/hronika\/mojkovcaninu-odredjeno-zadrzavanje-osumnjicen-da-je-prijetio-bratu-napao-ga-i-povrijedio\/\",\"url\":\"https:\/\/dmcsrb.com\/hronika\/mojkovcaninu-odredjeno-zadrzavanje-osumnjicen-da-je-prijetio-bratu-napao-ga-i-povrijedio\/\",\"name\":\"Mojkov\u010daninu odre\u0111eno zadr\u017eavanje: Osumnji\u010den da je prijetio bratu, napao ga i povrijedio - dmcsrb.com\",\"isPartOf\":{\"@id\":\"https:\/\/dmcsrb.com\/#website\"},\"primaryImageOfPage\":{\"@id\":\"https:\/\/dmcsrb.com\/hronika\/mojkovcaninu-odredjeno-zadrzavanje-osumnjicen-da-je-prijetio-bratu-napao-ga-i-povrijedio\/#primaryimage\"},\"image\":{\"@id\":\"https:\/\/dmcsrb.com\/hronika\/mojkovcaninu-odredjeno-zadrzavanje-osumnjicen-da-je-prijetio-bratu-napao-ga-i-povrijedio\/#primaryimage\"},\"thumbnailUrl\":\"https:\/\/dmcsrb.com\/wp-content\/uploads\/2026\/01\/judge-8866848_1280.webp\",\"datePublished\":\"2025-11-29T20:08:00+00:00\",\"author\":{\"@id\":\"https:\/\/dmcsrb.com\/#\/schema\/person\/5c39170f12db1b8b457732d0b5c854e2\"},\"breadcrumb\":{\"@id\":\"https:\/\/dmcsrb.com\/hronika\/mojkovcaninu-odredjeno-zadrzavanje-osumnjicen-da-je-prijetio-bratu-napao-ga-i-povrijedio\/#breadcrumb\"},\"inLanguage\":\"en-GB\",\"potentialAction\":[{\"@type\":\"ReadAction\",\"target\":[\"https:\/\/dmcsrb.com\/hronika\/mojkovcaninu-odredjeno-zadrzavanje-osumnjicen-da-je-prijetio-bratu-napao-ga-i-povrijedio\/\"]}]},{\"@type\":\"ImageObject\",\"inLanguage\":\"en-GB\",\"@id\":\"https:\/\/dmcsrb.com\/hronika\/mojkovcaninu-odredjeno-zadrzavanje-osumnjicen-da-je-prijetio-bratu-napao-ga-i-povrijedio\/#primaryimage\",\"url\":\"https:\/\/dmcsrb.com\/wp-content\/uploads\/2026\/01\/judge-8866848_1280.webp\",\"contentUrl\":\"https:\/\/dmcsrb.com\/wp-content\/uploads\/2026\/01\/judge-8866848_1280.webp\",\"width\":1280,\"height\":640},{\"@type\":\"BreadcrumbList\",\"@id\":\"https:\/\/dmcsrb.com\/hronika\/mojkovcaninu-odredjeno-zadrzavanje-osumnjicen-da-je-prijetio-bratu-napao-ga-i-povrijedio\/#breadcrumb\",\"itemListElement\":[{\"@type\":\"ListItem\",\"position\":1,\"name\":\"Home\",\"item\":\"https:\/\/dmcsrb.com\/\"},{\"@type\":\"ListItem\",\"position\":2,\"name\":\"Mojkov\u010daninu odre\u0111eno zadr\u017eavanje: Osumnji\u010den da je prijetio bratu, napao ga i povrijedio\"}]},{\"@type\":\"WebSite\",\"@id\":\"https:\/\/dmcsrb.com\/#website\",\"url\":\"https:\/\/dmcsrb.com\/\",\"name\":\"dmcsrb.com\",\"description\":\"\",\"potentialAction\":[{\"@type\":\"SearchAction\",\"target\":{\"@type\":\"EntryPoint\",\"urlTemplate\":\"https:\/\/dmcsrb.com\/?s={search_term_string}\"},\"query-input\":{\"@type\":\"PropertyValueSpecification\",\"valueRequired\":true,\"valueName\":\"search_term_string\"}}],\"inLanguage\":\"en-GB\"},{\"@type\":\"Person\",\"@id\":\"https:\/\/dmcsrb.com\/#\/schema\/person\/5c39170f12db1b8b457732d0b5c854e2\",\"name\":\"dmcsrbija.com@gmail.com\",\"image\":{\"@type\":\"ImageObject\",\"inLanguage\":\"en-GB\",\"@id\":\"https:\/\/dmcsrb.com\/#\/schema\/person\/image\/\",\"url\":\"https:\/\/secure.gravatar.com\/avatar\/68592660ad6347fad0fb587f8d5d8f1a7b44961362f56e4f2cd524feb87e9069?s=96&d=mm&r=g\",\"contentUrl\":\"https:\/\/secure.gravatar.com\/avatar\/68592660ad6347fad0fb587f8d5d8f1a7b44961362f56e4f2cd524feb87e9069?s=96&d=mm&r=g\",\"caption\":\"dmcsrbija.com@gmail.com\"},\"sameAs\":[\"https:\/\/dmcsrb.com\"],\"url\":\"https:\/\/dmcsrb.com\/en\/author\/dmcsrbija-comgmail-com\/\"}]}<\/script>\n<!-- \/ Yoast SEO plugin. -->","yoast_head_json":{"title":"Mojkov\u010daninu odre\u0111eno zadr\u017eavanje: Osumnji\u010den da je prijetio bratu, napao ga i povrijedio - dmcsrb.com","robots":{"index":"index","follow":"follow","max-snippet":"max-snippet:-1","max-image-preview":"max-image-preview:large","max-video-preview":"max-video-preview:-1"},"canonical":"https:\/\/dmcsrb.com\/en\/hronika\/mojkovcaninu-odredjeno-zadrzavanje-osumnjicen-da-je-prijetio-bratu-napao-ga-i-povrijedio\/","og_locale":"en_GB","og_type":"article","og_title":"Mojkov\u010daninu odre\u0111eno zadr\u017eavanje: Osumnji\u010den da je prijetio bratu, napao ga i povrijedio - dmcsrb.com","og_description":"Iz Osnovnog dr\u017eavnog tu\u017eila\u0161tva u Bijelom Polju saop\u0161teno je da je odre\u0111eno zadr\u017eavanje do 72 sata P.M. iz Mojkovca zbog sumnje da je izvr\u0161io krivi\u010dno djelo nasilje u porodici ili u porodi\u010dnoj zajednici.","og_url":"https:\/\/dmcsrb.com\/en\/hronika\/mojkovcaninu-odredjeno-zadrzavanje-osumnjicen-da-je-prijetio-bratu-napao-ga-i-povrijedio\/","og_site_name":"dmcsrb.com","article_published_time":"2025-11-29T20:08:00+00:00","og_image":[{"width":1280,"height":640,"url":"https:\/\/dmcsrb.com\/wp-content\/uploads\/2026\/01\/judge-8866848_1280.webp","type":"image\/webp"}],"author":"dmcsrbija.com@gmail.com","twitter_card":"summary_large_image","twitter_misc":{"Written by":"dmcsrbija.com@gmail.com"},"schema":{"@context":"https:\/\/schema.org","@graph":[{"@type":"Article","@id":"https:\/\/dmcsrb.com\/hronika\/mojkovcaninu-odredjeno-zadrzavanje-osumnjicen-da-je-prijetio-bratu-napao-ga-i-povrijedio\/#article","isPartOf":{"@id":"https:\/\/dmcsrb.com\/hronika\/mojkovcaninu-odredjeno-zadrzavanje-osumnjicen-da-je-prijetio-bratu-napao-ga-i-povrijedio\/"},"author":{"name":"dmcsrbija.com@gmail.com","@id":"https:\/\/dmcsrb.com\/#\/schema\/person\/5c39170f12db1b8b457732d0b5c854e2"},"headline":"Mojkov\u010daninu odre\u0111eno zadr\u017eavanje: Osumnji\u010den da je prijetio bratu, napao ga i povrijedio","datePublished":"2025-11-29T20:08:00+00:00","mainEntityOfPage":{"@id":"https:\/\/dmcsrb.com\/hronika\/mojkovcaninu-odredjeno-zadrzavanje-osumnjicen-da-je-prijetio-bratu-napao-ga-i-povrijedio\/"},"wordCount":56,"commentCount":0,"image":{"@id":"https:\/\/dmcsrb.com\/hronika\/mojkovcaninu-odredjeno-zadrzavanje-osumnjicen-da-je-prijetio-bratu-napao-ga-i-povrijedio\/#primaryimage"},"thumbnailUrl":"https:\/\/dmcsrb.com\/wp-content\/uploads\/2026\/01\/judge-8866848_1280.webp","keywords":["nasilje u porodici","ODT Bijelo Polje"],"articleSection":["Hronika"],"inLanguage":"en-GB","potentialAction":[{"@type":"CommentAction","name":"Comment","target":["https:\/\/dmcsrb.com\/hronika\/mojkovcaninu-odredjeno-zadrzavanje-osumnjicen-da-je-prijetio-bratu-napao-ga-i-povrijedio\/#respond"]}]},{"@type":"WebPage","@id":"https:\/\/dmcsrb.com\/hronika\/mojkovcaninu-odredjeno-zadrzavanje-osumnjicen-da-je-prijetio-bratu-napao-ga-i-povrijedio\/","url":"https:\/\/dmcsrb.com\/hronika\/mojkovcaninu-odredjeno-zadrzavanje-osumnjicen-da-je-prijetio-bratu-napao-ga-i-povrijedio\/","name":"Mojkov\u010daninu odre\u0111eno zadr\u017eavanje: Osumnji\u010den da je prijetio bratu, napao ga i povrijedio - dmcsrb.com","isPartOf":{"@id":"https:\/\/dmcsrb.com\/#website"},"primaryImageOfPage":{"@id":"https:\/\/dmcsrb.com\/hronika\/mojkovcaninu-odredjeno-zadrzavanje-osumnjicen-da-je-prijetio-bratu-napao-ga-i-povrijedio\/#primaryimage"},"image":{"@id":"https:\/\/dmcsrb.com\/hronika\/mojkovcaninu-odredjeno-zadrzavanje-osumnjicen-da-je-prijetio-bratu-napao-ga-i-povrijedio\/#primaryimage"},"thumbnailUrl":"https:\/\/dmcsrb.com\/wp-content\/uploads\/2026\/01\/judge-8866848_1280.webp","datePublished":"2025-11-29T20:08:00+00:00","author":{"@id":"https:\/\/dmcsrb.com\/#\/schema\/person\/5c39170f12db1b8b457732d0b5c854e2"},"breadcrumb":{"@id":"https:\/\/dmcsrb.com\/hronika\/mojkovcaninu-odredjeno-zadrzavanje-osumnjicen-da-je-prijetio-bratu-napao-ga-i-povrijedio\/#breadcrumb"},"inLanguage":"en-GB","potentialAction":[{"@type":"ReadAction","target":["https:\/\/dmcsrb.com\/hronika\/mojkovcaninu-odredjeno-zadrzavanje-osumnjicen-da-je-prijetio-bratu-napao-ga-i-povrijedio\/"]}]},{"@type":"ImageObject","inLanguage":"en-GB","@id":"https:\/\/dmcsrb.com\/hronika\/mojkovcaninu-odredjeno-zadrzavanje-osumnjicen-da-je-prijetio-bratu-napao-ga-i-povrijedio\/#primaryimage","url":"https:\/\/dmcsrb.com\/wp-content\/uploads\/2026\/01\/judge-8866848_1280.webp","contentUrl":"https:\/\/dmcsrb.com\/wp-content\/uploads\/2026\/01\/judge-8866848_1280.webp","width":1280,"height":640},{"@type":"BreadcrumbList","@id":"https:\/\/dmcsrb.com\/hronika\/mojkovcaninu-odredjeno-zadrzavanje-osumnjicen-da-je-prijetio-bratu-napao-ga-i-povrijedio\/#breadcrumb","itemListElement":[{"@type":"ListItem","position":1,"name":"Home","item":"https:\/\/dmcsrb.com\/"},{"@type":"ListItem","position":2,"name":"Mojkov\u010daninu odre\u0111eno zadr\u017eavanje: Osumnji\u010den da je prijetio bratu, napao ga i povrijedio"}]},{"@type":"WebSite","@id":"https:\/\/dmcsrb.com\/#website","url":"https:\/\/dmcsrb.com\/","name":"dmcsrb.com","description":"","potentialAction":[{"@type":"SearchAction","target":{"@type":"EntryPoint","urlTemplate":"https:\/\/dmcsrb.com\/?s={search_term_string}"},"query-input":{"@type":"PropertyValueSpecification","valueRequired":true,"valueName":"search_term_string"}}],"inLanguage":"en-GB"},{"@type":"Person","@id":"https:\/\/dmcsrb.com\/#\/schema\/person\/5c39170f12db1b8b457732d0b5c854e2","name":"dmcsrbija.com@gmail.com","image":{"@type":"ImageObject","inLanguage":"en-GB","@id":"https:\/\/dmcsrb.com\/#\/schema\/person\/image\/","url":"https:\/\/secure.gravatar.com\/avatar\/68592660ad6347fad0fb587f8d5d8f1a7b44961362f56e4f2cd524feb87e9069?s=96&d=mm&r=g","contentUrl":"https:\/\/secure.gravatar.com\/avatar\/68592660ad6347fad0fb587f8d5d8f1a7b44961362f56e4f2cd524feb87e9069?s=96&d=mm&r=g","caption":"dmcsrbija.com@gmail.com"},"sameAs":["https:\/\/dmcsrb.com"],"url":"https:\/\/dmcsrb.com\/en\/author\/dmcsrbija-comgmail-com\/"}]}},"_links":{"self":[{"href":"https:\/\/dmcsrb.com\/en\/wp-json\/wp\/v2\/posts\/966476","targetHints":{"allow":["GET"]}}],"collection":[{"href":"https:\/\/dmcsrb.com\/en\/wp-json\/wp\/v2\/posts"}],"about":[{"href":"https:\/\/dmcsrb.com\/en\/wp-json\/wp\/v2\/types\/post"}],"author":[{"embeddable":true,"href":"https:\/\/dmcsrb.com\/en\/wp-json\/wp\/v2\/users\/1"}],"replies":[{"embeddable":true,"href":"https:\/\/dmcsrb.com\/en\/wp-json\/wp\/v2\/comments?post=966476"}],"version-history":[{"count":0,"href":"https:\/\/dmcsrb.com\/en\/wp-json\/wp\/v2\/posts\/966476\/revisions"}],"wp:featuredmedia":[{"embeddable":true,"href":"https:\/\/dmcsrb.com\/en\/wp-json\/wp\/v2\/media\/908686"}],"wp:attachment":[{"href":"https:\/\/dmcsrb.com\/en\/wp-json\/wp\/v2\/media?parent=966476"}],"wp:term":[{"taxonomy":"category","embeddable":true,"href":"https:\/\/dmcsrb.com\/en\/wp-json\/wp\/v2\/categories?post=966476"},{"taxonomy":"post_tag","embeddable":true,"href":"https:\/\/dmcsrb.com\/en\/wp-json\/wp\/v2\/tags?post=966476"},{"taxonomy":"naslovna","embeddable":true,"href":"https:\/\/dmcsrb.com\/en\/wp-json\/wp\/v2\/naslovna?post=966476"}],"curies":[{"name":"wp","href":"https:\/\/api.w.org\/{rel}","templated":true}]}}