{"id":966456,"date":"2025-11-29T20:49:00","date_gmt":"2025-11-29T19:49:00","guid":{"rendered":"https:\/\/dmcsrb.com\/uncategorized\/vujovic-crna-gora-dosljedno-afirmise-politiku-mira-alhantuli-tragedija-palestinskog-naroda-rana-citavog-covjecanstva\/"},"modified":"2025-11-29T20:49:00","modified_gmt":"2025-11-29T19:49:00","slug":"vujovic-crna-gora-dosljedno-afirmise-politiku-mira-alhantuli-tragedija-palestinskog-naroda-rana-citavog-covjecanstva","status":"publish","type":"post","link":"https:\/\/dmcsrb.com\/en\/drustvo\/vujovic-crna-gora-dosljedno-afirmise-politiku-mira-alhantuli-tragedija-palestinskog-naroda-rana-citavog-covjecanstva\/","title":{"rendered":"Vujovi\u0107: Crna Gora dosljedno afirmi\u0161e politiku mira; Alhantuli: Tragedija palestinskog naroda rana \u010ditavog \u010dovje\u010danstva"},"content":{"rendered":"<p><\/p>\n\n\n\n<p>To je poru\u010dila ministarka kulture i medija,&nbsp;<strong>Tamara Vujovi\u0107<\/strong>, na doga\u0111aju povodom obilje\u017eavanja Me\u0111unarodnog dana solidarnosti sa palestinskim narodom odr\u017eanom u Crnogorskoj kinoteci na kojem je prikazana projekcija filma \u201d Vibracije iz Gaze\u201d, a potom otvorena izlo\u017eba \u201cGaza ostaje pri\u010da\u201d.<\/p>\n\n\n\n<p>\u201cCrna Gora dosljedno afirmi\u0161e politiku mira, dijaloga i po\u0161tovanja ljudskog dostojanstva, a svaka selektivna solidarnost put je ka gubitku istine i humanosti. Te\u0161ko je govoriti o idealu op\u0161te\u010dovje\u010danske solidarnosti u trenutku kada palestinski narod trpi ogromnu i dugotrajnu patnju. Iako nikada ne mo\u017eemo u potpunosti sagledati bol miliona, umjetnost nam daje mogu\u0107nost da razumijemo drugog \u010dovjeka, da prepoznamo univerzalno ljudsko stanje i da nikada ne pristajemo na neosjetljivost\u201d, poru\u010dila je Vujovi\u0107, saop\u0161teno je iz Ministarstva kulture i medija.<\/p>\n\n\n\n<p>Prema njenim rije\u010dima, \u201cna\u0161a solidarnost ne smije biti selektivna, niti uslovljena politikom, jer kad solidarnost postane uslovna, istina gubi, \u010dovje\u010danstvo gubi\u201d, nedvosmislena je Vujovi\u0107.<\/p>\n\n\n\n<p>\u201cKultura, knji\u017eevnost i umjetnost nam omogu\u0107avaju da razumijemo patnju drugih i da prema njoj ne ostanemo nijemi\u201d, rekla je Vujovi\u0107.<\/p>\n\n\n\n<p>Ambasador Dr\u017eave Palestine u Crnoj Gori&nbsp;<strong>Rabii AlHantouli<\/strong>&nbsp;poru\u010dio je da \u201cMe\u0111unarodni dan solidarnosti sa palestinskim narodom danas ima jo\u0161 sna\u017eniji zna\u010daj nego ikada, jer palestinski narod prolazi kroz najte\u017ei period svoje savremene istorije, obilje\u017een masovnim civilnim \u017ertvama, razaranjem i humanitarnom katastrofom\u201d.<\/p>\n\n\n\n<p>\u201cTragedija palestinskog naroda nije samo lokalno pitanje, ve\u0107 rana \u010ditavog \u010dovje\u010danstva\u201d, rekao je AlHantouli.<\/p>\n\n\n\n<p>On je istakao je da masovno stradanje civila u Gazi, uklju\u010duju\u0107i desetine hiljada djece i \u017eena, zahtijeva hitnu me\u0111unarodnu reakciju, ja\u010danje mehanizama odgovornosti i okon\u010danje neka\u017enjivosti.<\/p>\n\n\n\n<p>Posebno je zahvalio gra\u0111anima Crne Gore, Crnogorskoj kinoteci, Institutu savremene umjetnosti i Ministarstvu kulture i medija na izra\u017eenoj solidarnosti, isti\u010du\u0107i da \u201cumjetnost i kultura imaju mo\u0107 da o\u010duvaju istinu i glas naroda koji trpi patnju\u201d.<\/p>\n\n\n\n<p>\u201eU posljednje dvije godine izgubili smo najmanje 70.000 \u017eivota, 18.000 djece i 12.000 \u017eena. Dva miliona ljudi u Gazi danas \u017eive bez vode, hrane, lijekova i sigurnog mjesta\u201d, kazao je AlHantouli.<\/p>\n\n\n\n<p>\u201cVrijeme je da svaka zemlja i svaki \u010dovjek stanu u odbranu ljudskih vrijednosti i zaustave ovu ludost, radi dobra \u010dovje\u010danstva\u201c, poru\u010dio je AlHantouli.<\/p>\n\n\n\n<p>U okviru obilje\u017eavanja Me\u0111unarodnog dana solidarnosti sa palestinskim narodom, Ministarstvo kulture i medija je organizovalo literarni konkurs za u\u010denike srednjih \u0161kola na temu \u201eIspod istog neba\u201c, sa ciljem da podstakne mlade da kroz pisanu rije\u010d promi\u0161ljaju empatiju, razumijevanje i univerzalne ljudske vrijednosti.<\/p>\n\n\n\n<p>Nakon pristiglih radova iz vi\u0161e gradova, progla\u0161eni su najbolji,&nbsp;<strong>Velida Klimenta<\/strong>&nbsp;\u2013 Medresa \u201eMehmed Fatih\u201c, Ro\u017eaje;<strong>&nbsp;Jovana Bo\u0161kovi\u0107<\/strong>&nbsp;\u2013 Gimnazija \u201eStojan Cerovi\u0107\u201c, Nik\u0161i\u0107;&nbsp;<strong>Esma Had\u017ei\u0107<\/strong>&nbsp;\u2013 Medresa \u201eMehmed Fatih\u201c, Ro\u017eaje.<\/p>\n\n\n\n<p>Direktor Crnogorske kinoteke proglasio je pobjednicu, nakon \u010dega su ministarka Tamara Vujovi\u0107 i ambasador Dr\u017eave Palestine Rabii AlHantouli uru\u010dili nagrade.<\/p>\n\n\n\n<p>U saop\u0161tenju Ambasade Palestine se navodi da je Alhantouli podsjetio da se ovaj dan obilje\u017eava od 1977. godine \u201ekako bi se me\u0111unarodna zajednica podsje\u0107ala na svoju pravnu i moralnu obavezu da omogu\u0107i palestinskom narodu ostvarenje prava na samoopredjeljenje\u201c.<\/p>\n\n\n\n<p>Istakao je da dana\u0161nji trenutak ima posebnu te\u017einu \u201ezbog nevi\u0111enog stradanja koje poga\u0111a palestinski narod, uzrokovanog aktuelnim izraelskim genocidom u Gazi i intenziviranom kampanjom etni\u010dkog \u010di\u0161\u0107enja na Zapadnoj obali, uklju\u010duju\u0107i i Jerusalim\u201c, te upozorio da \u201eizraelska neka\u017enjivost produbljuje patnju i udaljava svijet od pravednog i trajnog mira\u201c.<\/p>\n\n\n\n<p>Naglasio je da \u201evelika ve\u0107ina ljudi \u0161irom svijeta shvata da se ono \u0161to se de\u0161ava u Palestini ti\u010de \u010ditavog \u010dovje\u010danstva\u201c i da \u0161irom svijeta demonstriraju tra\u017ee\u0107i od svojih vlada da djeluju.<\/p>\n\n\n\n<p>Ambasador je uputio zahvalnost Kinoteci, Institutu savremene umjetnosti i Ministarstvu kulture na podr\u0161ci i saradnji u organizovanju ovog doga\u0111aja.<\/p>\n\n\n\n<p>Vujovi\u0107 je, kako navode iz ambasade, istakla da je \u201ete\u0161ko govoriti i pisati o idealu op\u0161te\u010dovje\u010danske solidarnosti u trenutku dok Palestinci stradaju\u201c.<\/p>\n\n\n\n<p>Naglasila je da,\u201ekoliko god da su snimci razorene Gaze te\u0161ki za gledanje, du\u017enost svakoga od nas jeste da stradanje i nepravdu vidimo i da se protiv nje borimo, ako ne sa pozicija mo\u0107i, onda makar u sopstvenoj savjesti\u201c.<\/p>\n\n\n\n<p>Istakla je da \u201ekada je solidarnost selektivna, a osuda zlo\u010dina uslovna \u2013 istina gubi, \u010dovje\u010danstvo gubi\u201c.<\/p>\n\n\n\n<p>Vujovi\u0107 je podsjetila da Crna Gora dosljedno afirmi\u0161e politiku mira, dijaloga i po\u0161tovanja me\u0111unarodnog prava, polaze\u0107i od uvjerenja da su mir, bezbjednost i ljudsko dostojanstvo univerzalne vrijednosti koje prevazilaze sve granice.<\/p>\n\n\n\n<p>\u201eTrajni mir i obnova neka ozna\u010de novu eru \u017eivota i stvaranja u Palestini\u201c, poru\u010dila je.<\/p>\n\n\n\n<p>Ambasador i ministarka zahvalili su u\u010desnicima knji\u017eevnog konkursa na njihovim esejima solidarnosti i \u010destitali nagra\u0111enima \u2014 Esmi, Jovani i Velidi, koja je svojim kazivanjem eseja posebno dirnula publiku.<\/p>","protected":false},"excerpt":{"rendered":"<p>Solidarnost je univerzalna vrijednost koja nadilazi granice, a kultura ima klju\u010dnu ulogu u razumijevanju patnje i snova naroda \u0161irom svijeta, a Crna Gora dosljedno afirmi\u0161e politiku mira, dijaloga i po\u0161tovanja ljudskog dostojanstva.<\/p>","protected":false},"author":1,"featured_media":966457,"comment_status":"open","ping_status":"open","sticky":false,"template":"","format":"standard","meta":{"_acf_changed":false,"footnotes":""},"categories":[2],"tags":[909,910],"naslovna":[],"class_list":["post-966456","post","type-post","status-publish","format-standard","has-post-thumbnail","hentry","category-drustvo","tag-mkm","tag-tamara-vujovic"],"acf":[],"yoast_head":"<!-- This site is optimized with the Yoast SEO plugin v27.4 - https:\/\/yoast.com\/product\/yoast-seo-wordpress\/ -->\n<title>Vujovi\u0107: Crna Gora dosljedno afirmi\u0161e politiku mira; Alhantuli: Tragedija palestinskog naroda rana \u010ditavog \u010dovje\u010danstva - dmcsrb.com<\/title>\n<meta name=\"robots\" content=\"index, follow, max-snippet:-1, max-image-preview:large, max-video-preview:-1\" \/>\n<link rel=\"canonical\" href=\"https:\/\/dmcsrb.com\/en\/drustvo\/vujovic-crna-gora-dosljedno-afirmise-politiku-mira-alhantuli-tragedija-palestinskog-naroda-rana-citavog-covjecanstva\/\" \/>\n<meta property=\"og:locale\" content=\"en_GB\" \/>\n<meta property=\"og:type\" content=\"article\" \/>\n<meta property=\"og:title\" content=\"Vujovi\u0107: Crna Gora dosljedno afirmi\u0161e politiku mira; Alhantuli: Tragedija palestinskog naroda rana \u010ditavog \u010dovje\u010danstva - dmcsrb.com\" \/>\n<meta property=\"og:description\" content=\"Solidarnost je univerzalna vrijednost koja nadilazi granice, a kultura ima klju\u010dnu ulogu u razumijevanju patnje i snova naroda \u0161irom svijeta, a Crna Gora dosljedno afirmi\u0161e politiku mira, dijaloga i po\u0161tovanja ljudskog dostojanstva.\" \/>\n<meta property=\"og:url\" content=\"https:\/\/dmcsrb.com\/en\/drustvo\/vujovic-crna-gora-dosljedno-afirmise-politiku-mira-alhantuli-tragedija-palestinskog-naroda-rana-citavog-covjecanstva\/\" \/>\n<meta property=\"og:site_name\" content=\"dmcsrb.com\" \/>\n<meta property=\"article:published_time\" content=\"2025-11-29T19:49:00+00:00\" \/>\n<meta property=\"og:image\" content=\"https:\/\/dmcsrb.com\/wp-content\/uploads\/2026\/01\/1-9-1000x555-1.webp\" \/>\n\t<meta property=\"og:image:width\" content=\"1000\" \/>\n\t<meta property=\"og:image:height\" content=\"555\" \/>\n\t<meta property=\"og:image:type\" content=\"image\/jpeg\" \/>\n<meta name=\"author\" content=\"dmcsrbija.com@gmail.com\" \/>\n<meta name=\"twitter:card\" content=\"summary_large_image\" \/>\n<meta name=\"twitter:label1\" content=\"Written by\" \/>\n\t<meta name=\"twitter:data1\" content=\"dmcsrbija.com@gmail.com\" \/>\n\t<meta name=\"twitter:label2\" content=\"Estimated reading time\" \/>\n\t<meta name=\"twitter:data2\" content=\"4 minutes\" \/>\n<script type=\"application\/ld+json\" class=\"yoast-schema-graph\">{\"@context\":\"https:\\\/\\\/schema.org\",\"@graph\":[{\"@type\":\"Article\",\"@id\":\"https:\\\/\\\/dmcsrb.com\\\/drustvo\\\/vujovic-crna-gora-dosljedno-afirmise-politiku-mira-alhantuli-tragedija-palestinskog-naroda-rana-citavog-covjecanstva\\\/#article\",\"isPartOf\":{\"@id\":\"https:\\\/\\\/dmcsrb.com\\\/drustvo\\\/vujovic-crna-gora-dosljedno-afirmise-politiku-mira-alhantuli-tragedija-palestinskog-naroda-rana-citavog-covjecanstva\\\/\"},\"author\":{\"name\":\"dmcsrbija.com@gmail.com\",\"@id\":\"https:\\\/\\\/dmcsrb.com\\\/#\\\/schema\\\/person\\\/5c39170f12db1b8b457732d0b5c854e2\"},\"headline\":\"Vujovi\u0107: Crna Gora dosljedno afirmi\u0161e politiku mira; Alhantuli: Tragedija palestinskog naroda rana \u010ditavog \u010dovje\u010danstva\",\"datePublished\":\"2025-11-29T19:49:00+00:00\",\"mainEntityOfPage\":{\"@id\":\"https:\\\/\\\/dmcsrb.com\\\/drustvo\\\/vujovic-crna-gora-dosljedno-afirmise-politiku-mira-alhantuli-tragedija-palestinskog-naroda-rana-citavog-covjecanstva\\\/\"},\"wordCount\":822,\"commentCount\":0,\"image\":{\"@id\":\"https:\\\/\\\/dmcsrb.com\\\/drustvo\\\/vujovic-crna-gora-dosljedno-afirmise-politiku-mira-alhantuli-tragedija-palestinskog-naroda-rana-citavog-covjecanstva\\\/#primaryimage\"},\"thumbnailUrl\":\"https:\\\/\\\/dmcsrb.com\\\/wp-content\\\/uploads\\\/2026\\\/01\\\/1-9-1000x555-1.webp\",\"keywords\":[\"MKM\",\"Tamara Vujovi\u0107\"],\"articleSection\":[\"Dru\u0161tvo\"],\"inLanguage\":\"en-GB\",\"potentialAction\":[{\"@type\":\"CommentAction\",\"name\":\"Comment\",\"target\":[\"https:\\\/\\\/dmcsrb.com\\\/drustvo\\\/vujovic-crna-gora-dosljedno-afirmise-politiku-mira-alhantuli-tragedija-palestinskog-naroda-rana-citavog-covjecanstva\\\/#respond\"]}]},{\"@type\":\"WebPage\",\"@id\":\"https:\\\/\\\/dmcsrb.com\\\/drustvo\\\/vujovic-crna-gora-dosljedno-afirmise-politiku-mira-alhantuli-tragedija-palestinskog-naroda-rana-citavog-covjecanstva\\\/\",\"url\":\"https:\\\/\\\/dmcsrb.com\\\/drustvo\\\/vujovic-crna-gora-dosljedno-afirmise-politiku-mira-alhantuli-tragedija-palestinskog-naroda-rana-citavog-covjecanstva\\\/\",\"name\":\"Vujovi\u0107: Crna Gora dosljedno afirmi\u0161e politiku mira; Alhantuli: Tragedija palestinskog naroda rana \u010ditavog \u010dovje\u010danstva - dmcsrb.com\",\"isPartOf\":{\"@id\":\"https:\\\/\\\/dmcsrb.com\\\/#website\"},\"primaryImageOfPage\":{\"@id\":\"https:\\\/\\\/dmcsrb.com\\\/drustvo\\\/vujovic-crna-gora-dosljedno-afirmise-politiku-mira-alhantuli-tragedija-palestinskog-naroda-rana-citavog-covjecanstva\\\/#primaryimage\"},\"image\":{\"@id\":\"https:\\\/\\\/dmcsrb.com\\\/drustvo\\\/vujovic-crna-gora-dosljedno-afirmise-politiku-mira-alhantuli-tragedija-palestinskog-naroda-rana-citavog-covjecanstva\\\/#primaryimage\"},\"thumbnailUrl\":\"https:\\\/\\\/dmcsrb.com\\\/wp-content\\\/uploads\\\/2026\\\/01\\\/1-9-1000x555-1.webp\",\"datePublished\":\"2025-11-29T19:49:00+00:00\",\"author\":{\"@id\":\"https:\\\/\\\/dmcsrb.com\\\/#\\\/schema\\\/person\\\/5c39170f12db1b8b457732d0b5c854e2\"},\"breadcrumb\":{\"@id\":\"https:\\\/\\\/dmcsrb.com\\\/drustvo\\\/vujovic-crna-gora-dosljedno-afirmise-politiku-mira-alhantuli-tragedija-palestinskog-naroda-rana-citavog-covjecanstva\\\/#breadcrumb\"},\"inLanguage\":\"en-GB\",\"potentialAction\":[{\"@type\":\"ReadAction\",\"target\":[\"https:\\\/\\\/dmcsrb.com\\\/drustvo\\\/vujovic-crna-gora-dosljedno-afirmise-politiku-mira-alhantuli-tragedija-palestinskog-naroda-rana-citavog-covjecanstva\\\/\"]}]},{\"@type\":\"ImageObject\",\"inLanguage\":\"en-GB\",\"@id\":\"https:\\\/\\\/dmcsrb.com\\\/drustvo\\\/vujovic-crna-gora-dosljedno-afirmise-politiku-mira-alhantuli-tragedija-palestinskog-naroda-rana-citavog-covjecanstva\\\/#primaryimage\",\"url\":\"https:\\\/\\\/dmcsrb.com\\\/wp-content\\\/uploads\\\/2026\\\/01\\\/1-9-1000x555-1.webp\",\"contentUrl\":\"https:\\\/\\\/dmcsrb.com\\\/wp-content\\\/uploads\\\/2026\\\/01\\\/1-9-1000x555-1.webp\",\"width\":1000,\"height\":555},{\"@type\":\"BreadcrumbList\",\"@id\":\"https:\\\/\\\/dmcsrb.com\\\/drustvo\\\/vujovic-crna-gora-dosljedno-afirmise-politiku-mira-alhantuli-tragedija-palestinskog-naroda-rana-citavog-covjecanstva\\\/#breadcrumb\",\"itemListElement\":[{\"@type\":\"ListItem\",\"position\":1,\"name\":\"Home\",\"item\":\"https:\\\/\\\/dmcsrb.com\\\/\"},{\"@type\":\"ListItem\",\"position\":2,\"name\":\"Vujovi\u0107: Crna Gora dosljedno afirmi\u0161e politiku mira; Alhantuli: Tragedija palestinskog naroda rana \u010ditavog \u010dovje\u010danstva\"}]},{\"@type\":\"WebSite\",\"@id\":\"https:\\\/\\\/dmcsrb.com\\\/#website\",\"url\":\"https:\\\/\\\/dmcsrb.com\\\/\",\"name\":\"dmcsrb.com\",\"description\":\"\",\"potentialAction\":[{\"@type\":\"SearchAction\",\"target\":{\"@type\":\"EntryPoint\",\"urlTemplate\":\"https:\\\/\\\/dmcsrb.com\\\/?s={search_term_string}\"},\"query-input\":{\"@type\":\"PropertyValueSpecification\",\"valueRequired\":true,\"valueName\":\"search_term_string\"}}],\"inLanguage\":\"en-GB\"},{\"@type\":\"Person\",\"@id\":\"https:\\\/\\\/dmcsrb.com\\\/#\\\/schema\\\/person\\\/5c39170f12db1b8b457732d0b5c854e2\",\"name\":\"dmcsrbija.com@gmail.com\",\"image\":{\"@type\":\"ImageObject\",\"inLanguage\":\"en-GB\",\"@id\":\"https:\\\/\\\/secure.gravatar.com\\\/avatar\\\/68592660ad6347fad0fb587f8d5d8f1a7b44961362f56e4f2cd524feb87e9069?s=96&d=mm&r=g\",\"url\":\"https:\\\/\\\/secure.gravatar.com\\\/avatar\\\/68592660ad6347fad0fb587f8d5d8f1a7b44961362f56e4f2cd524feb87e9069?s=96&d=mm&r=g\",\"contentUrl\":\"https:\\\/\\\/secure.gravatar.com\\\/avatar\\\/68592660ad6347fad0fb587f8d5d8f1a7b44961362f56e4f2cd524feb87e9069?s=96&d=mm&r=g\",\"caption\":\"dmcsrbija.com@gmail.com\"},\"sameAs\":[\"https:\\\/\\\/dmcsrb.com\"],\"url\":\"https:\\\/\\\/dmcsrb.com\\\/en\\\/author\\\/dmcsrbija-comgmail-com\\\/\"}]}<\/script>\n<!-- \/ Yoast SEO plugin. -->","yoast_head_json":{"title":"Vujovi\u0107: Crna Gora dosljedno afirmi\u0161e politiku mira; Alhantuli: Tragedija palestinskog naroda rana \u010ditavog \u010dovje\u010danstva - dmcsrb.com","robots":{"index":"index","follow":"follow","max-snippet":"max-snippet:-1","max-image-preview":"max-image-preview:large","max-video-preview":"max-video-preview:-1"},"canonical":"https:\/\/dmcsrb.com\/en\/drustvo\/vujovic-crna-gora-dosljedno-afirmise-politiku-mira-alhantuli-tragedija-palestinskog-naroda-rana-citavog-covjecanstva\/","og_locale":"en_GB","og_type":"article","og_title":"Vujovi\u0107: Crna Gora dosljedno afirmi\u0161e politiku mira; Alhantuli: Tragedija palestinskog naroda rana \u010ditavog \u010dovje\u010danstva - dmcsrb.com","og_description":"Solidarnost je univerzalna vrijednost koja nadilazi granice, a kultura ima klju\u010dnu ulogu u razumijevanju patnje i snova naroda \u0161irom svijeta, a Crna Gora dosljedno afirmi\u0161e politiku mira, dijaloga i po\u0161tovanja ljudskog dostojanstva.","og_url":"https:\/\/dmcsrb.com\/en\/drustvo\/vujovic-crna-gora-dosljedno-afirmise-politiku-mira-alhantuli-tragedija-palestinskog-naroda-rana-citavog-covjecanstva\/","og_site_name":"dmcsrb.com","article_published_time":"2025-11-29T19:49:00+00:00","og_image":[{"width":1000,"height":555,"url":"https:\/\/dmcsrb.com\/wp-content\/uploads\/2026\/01\/1-9-1000x555-1.webp","type":"image\/jpeg"}],"author":"dmcsrbija.com@gmail.com","twitter_card":"summary_large_image","twitter_misc":{"Written by":"dmcsrbija.com@gmail.com","Estimated reading time":"4 minutes"},"schema":{"@context":"https:\/\/schema.org","@graph":[{"@type":"Article","@id":"https:\/\/dmcsrb.com\/drustvo\/vujovic-crna-gora-dosljedno-afirmise-politiku-mira-alhantuli-tragedija-palestinskog-naroda-rana-citavog-covjecanstva\/#article","isPartOf":{"@id":"https:\/\/dmcsrb.com\/drustvo\/vujovic-crna-gora-dosljedno-afirmise-politiku-mira-alhantuli-tragedija-palestinskog-naroda-rana-citavog-covjecanstva\/"},"author":{"name":"dmcsrbija.com@gmail.com","@id":"https:\/\/dmcsrb.com\/#\/schema\/person\/5c39170f12db1b8b457732d0b5c854e2"},"headline":"Vujovi\u0107: Crna Gora dosljedno afirmi\u0161e politiku mira; Alhantuli: Tragedija palestinskog naroda rana \u010ditavog \u010dovje\u010danstva","datePublished":"2025-11-29T19:49:00+00:00","mainEntityOfPage":{"@id":"https:\/\/dmcsrb.com\/drustvo\/vujovic-crna-gora-dosljedno-afirmise-politiku-mira-alhantuli-tragedija-palestinskog-naroda-rana-citavog-covjecanstva\/"},"wordCount":822,"commentCount":0,"image":{"@id":"https:\/\/dmcsrb.com\/drustvo\/vujovic-crna-gora-dosljedno-afirmise-politiku-mira-alhantuli-tragedija-palestinskog-naroda-rana-citavog-covjecanstva\/#primaryimage"},"thumbnailUrl":"https:\/\/dmcsrb.com\/wp-content\/uploads\/2026\/01\/1-9-1000x555-1.webp","keywords":["MKM","Tamara Vujovi\u0107"],"articleSection":["Dru\u0161tvo"],"inLanguage":"en-GB","potentialAction":[{"@type":"CommentAction","name":"Comment","target":["https:\/\/dmcsrb.com\/drustvo\/vujovic-crna-gora-dosljedno-afirmise-politiku-mira-alhantuli-tragedija-palestinskog-naroda-rana-citavog-covjecanstva\/#respond"]}]},{"@type":"WebPage","@id":"https:\/\/dmcsrb.com\/drustvo\/vujovic-crna-gora-dosljedno-afirmise-politiku-mira-alhantuli-tragedija-palestinskog-naroda-rana-citavog-covjecanstva\/","url":"https:\/\/dmcsrb.com\/drustvo\/vujovic-crna-gora-dosljedno-afirmise-politiku-mira-alhantuli-tragedija-palestinskog-naroda-rana-citavog-covjecanstva\/","name":"Vujovi\u0107: Crna Gora dosljedno afirmi\u0161e politiku mira; Alhantuli: Tragedija palestinskog naroda rana \u010ditavog \u010dovje\u010danstva - dmcsrb.com","isPartOf":{"@id":"https:\/\/dmcsrb.com\/#website"},"primaryImageOfPage":{"@id":"https:\/\/dmcsrb.com\/drustvo\/vujovic-crna-gora-dosljedno-afirmise-politiku-mira-alhantuli-tragedija-palestinskog-naroda-rana-citavog-covjecanstva\/#primaryimage"},"image":{"@id":"https:\/\/dmcsrb.com\/drustvo\/vujovic-crna-gora-dosljedno-afirmise-politiku-mira-alhantuli-tragedija-palestinskog-naroda-rana-citavog-covjecanstva\/#primaryimage"},"thumbnailUrl":"https:\/\/dmcsrb.com\/wp-content\/uploads\/2026\/01\/1-9-1000x555-1.webp","datePublished":"2025-11-29T19:49:00+00:00","author":{"@id":"https:\/\/dmcsrb.com\/#\/schema\/person\/5c39170f12db1b8b457732d0b5c854e2"},"breadcrumb":{"@id":"https:\/\/dmcsrb.com\/drustvo\/vujovic-crna-gora-dosljedno-afirmise-politiku-mira-alhantuli-tragedija-palestinskog-naroda-rana-citavog-covjecanstva\/#breadcrumb"},"inLanguage":"en-GB","potentialAction":[{"@type":"ReadAction","target":["https:\/\/dmcsrb.com\/drustvo\/vujovic-crna-gora-dosljedno-afirmise-politiku-mira-alhantuli-tragedija-palestinskog-naroda-rana-citavog-covjecanstva\/"]}]},{"@type":"ImageObject","inLanguage":"en-GB","@id":"https:\/\/dmcsrb.com\/drustvo\/vujovic-crna-gora-dosljedno-afirmise-politiku-mira-alhantuli-tragedija-palestinskog-naroda-rana-citavog-covjecanstva\/#primaryimage","url":"https:\/\/dmcsrb.com\/wp-content\/uploads\/2026\/01\/1-9-1000x555-1.webp","contentUrl":"https:\/\/dmcsrb.com\/wp-content\/uploads\/2026\/01\/1-9-1000x555-1.webp","width":1000,"height":555},{"@type":"BreadcrumbList","@id":"https:\/\/dmcsrb.com\/drustvo\/vujovic-crna-gora-dosljedno-afirmise-politiku-mira-alhantuli-tragedija-palestinskog-naroda-rana-citavog-covjecanstva\/#breadcrumb","itemListElement":[{"@type":"ListItem","position":1,"name":"Home","item":"https:\/\/dmcsrb.com\/"},{"@type":"ListItem","position":2,"name":"Vujovi\u0107: Crna Gora dosljedno afirmi\u0161e politiku mira; Alhantuli: Tragedija palestinskog naroda rana \u010ditavog \u010dovje\u010danstva"}]},{"@type":"WebSite","@id":"https:\/\/dmcsrb.com\/#website","url":"https:\/\/dmcsrb.com\/","name":"dmcsrb.com","description":"","potentialAction":[{"@type":"SearchAction","target":{"@type":"EntryPoint","urlTemplate":"https:\/\/dmcsrb.com\/?s={search_term_string}"},"query-input":{"@type":"PropertyValueSpecification","valueRequired":true,"valueName":"search_term_string"}}],"inLanguage":"en-GB"},{"@type":"Person","@id":"https:\/\/dmcsrb.com\/#\/schema\/person\/5c39170f12db1b8b457732d0b5c854e2","name":"dmcsrbija.com@gmail.com","image":{"@type":"ImageObject","inLanguage":"en-GB","@id":"https:\/\/secure.gravatar.com\/avatar\/68592660ad6347fad0fb587f8d5d8f1a7b44961362f56e4f2cd524feb87e9069?s=96&d=mm&r=g","url":"https:\/\/secure.gravatar.com\/avatar\/68592660ad6347fad0fb587f8d5d8f1a7b44961362f56e4f2cd524feb87e9069?s=96&d=mm&r=g","contentUrl":"https:\/\/secure.gravatar.com\/avatar\/68592660ad6347fad0fb587f8d5d8f1a7b44961362f56e4f2cd524feb87e9069?s=96&d=mm&r=g","caption":"dmcsrbija.com@gmail.com"},"sameAs":["https:\/\/dmcsrb.com"],"url":"https:\/\/dmcsrb.com\/en\/author\/dmcsrbija-comgmail-com\/"}]}},"_links":{"self":[{"href":"https:\/\/dmcsrb.com\/en\/wp-json\/wp\/v2\/posts\/966456","targetHints":{"allow":["GET"]}}],"collection":[{"href":"https:\/\/dmcsrb.com\/en\/wp-json\/wp\/v2\/posts"}],"about":[{"href":"https:\/\/dmcsrb.com\/en\/wp-json\/wp\/v2\/types\/post"}],"author":[{"embeddable":true,"href":"https:\/\/dmcsrb.com\/en\/wp-json\/wp\/v2\/users\/1"}],"replies":[{"embeddable":true,"href":"https:\/\/dmcsrb.com\/en\/wp-json\/wp\/v2\/comments?post=966456"}],"version-history":[{"count":0,"href":"https:\/\/dmcsrb.com\/en\/wp-json\/wp\/v2\/posts\/966456\/revisions"}],"wp:featuredmedia":[{"embeddable":true,"href":"https:\/\/dmcsrb.com\/en\/wp-json\/wp\/v2\/media\/966457"}],"wp:attachment":[{"href":"https:\/\/dmcsrb.com\/en\/wp-json\/wp\/v2\/media?parent=966456"}],"wp:term":[{"taxonomy":"category","embeddable":true,"href":"https:\/\/dmcsrb.com\/en\/wp-json\/wp\/v2\/categories?post=966456"},{"taxonomy":"post_tag","embeddable":true,"href":"https:\/\/dmcsrb.com\/en\/wp-json\/wp\/v2\/tags?post=966456"},{"taxonomy":"naslovna","embeddable":true,"href":"https:\/\/dmcsrb.com\/en\/wp-json\/wp\/v2\/naslovna?post=966456"}],"curies":[{"name":"wp","href":"https:\/\/api.w.org\/{rel}","templated":true}]}}