{"id":966445,"date":"2025-11-29T18:53:00","date_gmt":"2025-11-29T17:53:00","guid":{"rendered":"https:\/\/dmcsrb.com\/uncategorized\/andjusic-titula-je-najvece-priznanje-nasoj-posvecenosti-u-naredne-tri-godine-moramo-pokazati-rad-i-inovativnost\/"},"modified":"2025-11-29T18:53:00","modified_gmt":"2025-11-29T17:53:00","slug":"andjusic-titula-je-najvece-priznanje-nasoj-posvecenosti-u-naredne-tri-godine-moramo-pokazati-rad-i-inovativnost","status":"publish","type":"post","link":"https:\/\/dmcsrb.com\/en\/podgorica\/andjusic-titula-je-najvece-priznanje-nasoj-posvecenosti-u-naredne-tri-godine-moramo-pokazati-rad-i-inovativnost\/","title":{"rendered":"An\u0111u\u0161i\u0107: Titula je najve\u0107e priznanje na\u0161oj posve\u0107enosti, u naredne tri godine moramo pokazati rad i inovativnost"},"content":{"rendered":"<p><\/p>\n\n\n\n<p>Ona obja\u0161njava da je Evropski omladinski forum organizacija koja predstavlja glas Evrope i koja okuplja stotinu omladinskih organizacija i nacionalnih savjeta, i ovu presti\u017enu titulu dodjeljuje jednom godi\u0161nje gradu koji je prepoznat po posve\u0107enosti mladima, njihovom razvoju i uklju\u010divanju mladih u klju\u010dne odluke.<\/p>\n\n\n\n<p>&#8220;Odmah nakon usvajanja bud\u017eeta, o\u010dekuje nas formiranje izvr\u0161nog odbora, kao i implementacionih timova koji \u0107e sprovoditi \u010detiri programske oblasti, koje su prioritetne u na\u0161oj aplikaciji. To su inovacije i digitalizacija, zelena agenda, odnosno odr\u017eivost, fizi\u010dka i metalna dobrobit mladih i gra\u0111anska participacija. Nakon strukturiranja \u010ditavog tima, u 2026. godini, kroz lokalni i akcioni plan za 2026. godinu, kao i kroz program Sekretarijata, imamo aktivnosti i projekte koji su ve\u0107 planirani i koji su kompatibilni sa na\u0161om kandidaturom&#8221;, navela je An\u0111u\u0161i\u0107.<\/p>\n\n\n\n<p>Prema njenim rije\u010dima, novac je veoma va\u017ean u svemu ovome.<\/p>\n\n\n\n<p>&#8220;Pravila kandidature su takva da smo mi ve\u0107 morali prilo\u017eiti finansijski okvir, koji iznosi 5,5 miliona eura, a ve\u0107inu sredstava, odnosno oko \u010detiri miliona, da\u0107e Glavni grad, milion eura Vlada Crne Gore, a ostatak sredstava od privrede i me\u0111unarodnih fondova&#8221;, istakla je An\u0111u\u0161i\u0107.<\/p>\n\n\n\n<p>Ona je navela da je Glavni grad upravo dobio me\u0111unarodnu konsultantkinju iz programa Erasmus plus, \u010diji je bud\u017eet za 2026. godinu 5,2 milijardi eura.<\/p>\n\n\n\n<p>&#8220;\u017delimo i posve\u0107eni smo cilju da se finansiramo u programima koji su kompatibilni sa na\u0161om kandidaturom, a to je omladinska politika, digitalizacija i zelena politika. Tako\u0111e, Sekretarijat kojim rukovodim je pokrenuo inicijativu kod Vlade Crne Gore da na\u0161a zemlja postane programska zemlja kada je Erasmus plus u pitanju, jer sada u\u017eivamo status pridru\u017eenog \u010dlana, a kada bismo bili programska zemlja, bili bi nam otvoreni svi fondovi mogli bismo mnogo vi\u0161e&#8221;, kazala je An\u0111u\u0161i\u0107.<\/p>\n\n\n\n<p>Kandidatura, kako ka\u017ee, ima za cilj i koncept svakog mladog \u010dovjeka koji ima prebivali\u0161te ili se trenutno nalazi u Podgorici.<\/p>\n\n\n\n<p>&#8220;Koncept nudi brojne projekte koji \u0107e biti utr\u0111eni prema potrebama mladih. Formira\u0107emo dva participativna bud\u017eetska fonda na osnovu kojih \u0107e mladi po njihovom predlogu inicirati i sprovoditi projekte. Podr\u017ea\u0107emo ve\u0107inu startapova mladih, formira\u0107emo bud\u017eet za preduzetni\u010dke aktivnosti mladih. Radi\u0107emo i na omladinskoj infrastrukturi, u planu je izgradnja multifunkcionalnog omladinskog centra. Tako\u0111e, inicira\u0107emo kod svih srednjih \u0161kola formiranje omladinskih klubova&#8230;&#8221;, istakla je An\u0111u\u0161i\u0107.<\/p>\n\n\n\n<p>Ona je navela da je od 2009. godine sprovedeno preko 10.000 programa i aktivnosti od strane gradova koji su ve\u0107 nosili ovu presti\u017enu titulu, a pri \u010demu su, kako ka\u017ee, privukli vi\u0161e desetina miliona eura kroz odre\u0111ene projekte i aktivnosti.<\/p>\n\n\n\n<p>&#8220;Ovo podrazumijeva i aktivno u\u010de\u0161\u0107e mladih i \u0161irok front kada je u pitanju civilni sektor. Ima mjesta za sve, otvori\u0107emo vrata novim idejama i konceptima, a o\u010dekujemo da jedna \u0161ira zajednica &#8211; me\u0111unarodni parnteri, dr\u017eavne institucije, organi lokalne uprave uzmu u\u010de\u0161\u0107e u sprovo\u0111enju kandidature kako bi ona bila uspje\u0161na&#8221;, kazala je An\u0111u\u0161i\u0107.<\/p>","protected":false},"excerpt":{"rendered":"<p>Titula Evropske prijestonice mladih za 2028. godinu je najve\u0107e priznanje na\u0161oj posve\u0107enosti, kreiranju i sprovo\u0111enju omladinske politike. Pripala nam je \u010dast, ali i povjerenje da u naredne tri godine, koliko traje projekat, poka\u017eemo na\u0161 rad i inovativne ideje, kazala je u Dnevniku RTV Podgorica sekretarka za lokalnu samoupravu i saradnju sa civilnim dru\u0161tvom u Glavnom gradu, Sla\u0111ana An\u0111u\u0161i\u0107.<\/p>","protected":false},"author":1,"featured_media":966446,"comment_status":"open","ping_status":"open","sticky":false,"template":"","format":"standard","meta":{"_acf_changed":false,"footnotes":""},"categories":[56],"tags":[15818,15816],"naslovna":[],"class_list":["post-966445","post","type-post","status-publish","format-standard","has-post-thumbnail","hentry","category-podgorica","tag-evropska-prijestonica-mladih","tag-sladjana-andjusic"],"acf":[],"yoast_head":"<!-- This site is optimized with the Yoast SEO plugin v27.4 - https:\/\/yoast.com\/product\/yoast-seo-wordpress\/ -->\n<title>An\u0111u\u0161i\u0107: Titula je najve\u0107e priznanje na\u0161oj posve\u0107enosti, u naredne tri godine moramo pokazati rad i inovativnost - dmcsrb.com<\/title>\n<meta name=\"robots\" content=\"index, follow, max-snippet:-1, max-image-preview:large, max-video-preview:-1\" \/>\n<link rel=\"canonical\" href=\"https:\/\/dmcsrb.com\/en\/podgorica\/andjusic-titula-je-najvece-priznanje-nasoj-posvecenosti-u-naredne-tri-godine-moramo-pokazati-rad-i-inovativnost\/\" \/>\n<meta property=\"og:locale\" content=\"en_GB\" \/>\n<meta property=\"og:type\" content=\"article\" \/>\n<meta property=\"og:title\" content=\"An\u0111u\u0161i\u0107: Titula je najve\u0107e priznanje na\u0161oj posve\u0107enosti, u naredne tri godine moramo pokazati rad i inovativnost - dmcsrb.com\" \/>\n<meta property=\"og:description\" content=\"Titula Evropske prijestonice mladih za 2028. godinu je najve\u0107e priznanje na\u0161oj posve\u0107enosti, kreiranju i sprovo\u0111enju omladinske politike. Pripala nam je \u010dast, ali i povjerenje da u naredne tri godine, koliko traje projekat, poka\u017eemo na\u0161 rad i inovativne ideje, kazala je u Dnevniku RTV Podgorica sekretarka za lokalnu samoupravu i saradnju sa civilnim dru\u0161tvom u Glavnom gradu, Sla\u0111ana An\u0111u\u0161i\u0107.\" \/>\n<meta property=\"og:url\" content=\"https:\/\/dmcsrb.com\/en\/podgorica\/andjusic-titula-je-najvece-priznanje-nasoj-posvecenosti-u-naredne-tri-godine-moramo-pokazati-rad-i-inovativnost\/\" \/>\n<meta property=\"og:site_name\" content=\"dmcsrb.com\" \/>\n<meta property=\"article:published_time\" content=\"2025-11-29T17:53:00+00:00\" \/>\n<meta property=\"og:image\" content=\"https:\/\/dmcsrb.com\/wp-content\/uploads\/2026\/01\/Sladjana-Andjusic-foto-rtv-podgorica.webp\" \/>\n\t<meta property=\"og:image:width\" content=\"987\" \/>\n\t<meta property=\"og:image:height\" content=\"604\" \/>\n\t<meta property=\"og:image:type\" content=\"image\/jpeg\" \/>\n<meta name=\"author\" content=\"dmcsrbija.com@gmail.com\" \/>\n<meta name=\"twitter:card\" content=\"summary_large_image\" \/>\n<meta name=\"twitter:label1\" content=\"Written by\" \/>\n\t<meta name=\"twitter:data1\" content=\"dmcsrbija.com@gmail.com\" \/>\n\t<meta name=\"twitter:label2\" content=\"Estimated reading time\" \/>\n\t<meta name=\"twitter:data2\" content=\"3 minutes\" \/>\n<script type=\"application\/ld+json\" class=\"yoast-schema-graph\">{\"@context\":\"https:\\\/\\\/schema.org\",\"@graph\":[{\"@type\":\"Article\",\"@id\":\"https:\\\/\\\/dmcsrb.com\\\/en\\\/podgorica\\\/andjusic-titula-je-najvece-priznanje-nasoj-posvecenosti-u-naredne-tri-godine-moramo-pokazati-rad-i-inovativnost\\\/#article\",\"isPartOf\":{\"@id\":\"https:\\\/\\\/dmcsrb.com\\\/en\\\/podgorica\\\/andjusic-titula-je-najvece-priznanje-nasoj-posvecenosti-u-naredne-tri-godine-moramo-pokazati-rad-i-inovativnost\\\/\"},\"author\":{\"name\":\"dmcsrbija.com@gmail.com\",\"@id\":\"https:\\\/\\\/dmcsrb.com\\\/#\\\/schema\\\/person\\\/5c39170f12db1b8b457732d0b5c854e2\"},\"headline\":\"An\u0111u\u0161i\u0107: Titula je najve\u0107e priznanje na\u0161oj posve\u0107enosti, u naredne tri godine moramo pokazati rad i inovativnost\",\"datePublished\":\"2025-11-29T17:53:00+00:00\",\"mainEntityOfPage\":{\"@id\":\"https:\\\/\\\/dmcsrb.com\\\/en\\\/podgorica\\\/andjusic-titula-je-najvece-priznanje-nasoj-posvecenosti-u-naredne-tri-godine-moramo-pokazati-rad-i-inovativnost\\\/\"},\"wordCount\":528,\"commentCount\":0,\"image\":{\"@id\":\"https:\\\/\\\/dmcsrb.com\\\/en\\\/podgorica\\\/andjusic-titula-je-najvece-priznanje-nasoj-posvecenosti-u-naredne-tri-godine-moramo-pokazati-rad-i-inovativnost\\\/#primaryimage\"},\"thumbnailUrl\":\"https:\\\/\\\/dmcsrb.com\\\/wp-content\\\/uploads\\\/2026\\\/01\\\/Sladjana-Andjusic-foto-rtv-podgorica.webp\",\"keywords\":[\"Evropska prijestonica mladih\",\"Sla\u0111ana An\u0111u\u0161i\u0107\"],\"articleSection\":[\"Podgorica\"],\"inLanguage\":\"en-GB\",\"potentialAction\":[{\"@type\":\"CommentAction\",\"name\":\"Comment\",\"target\":[\"https:\\\/\\\/dmcsrb.com\\\/en\\\/podgorica\\\/andjusic-titula-je-najvece-priznanje-nasoj-posvecenosti-u-naredne-tri-godine-moramo-pokazati-rad-i-inovativnost\\\/#respond\"]}]},{\"@type\":\"WebPage\",\"@id\":\"https:\\\/\\\/dmcsrb.com\\\/en\\\/podgorica\\\/andjusic-titula-je-najvece-priznanje-nasoj-posvecenosti-u-naredne-tri-godine-moramo-pokazati-rad-i-inovativnost\\\/\",\"url\":\"https:\\\/\\\/dmcsrb.com\\\/en\\\/podgorica\\\/andjusic-titula-je-najvece-priznanje-nasoj-posvecenosti-u-naredne-tri-godine-moramo-pokazati-rad-i-inovativnost\\\/\",\"name\":\"An\u0111u\u0161i\u0107: Titula je najve\u0107e priznanje na\u0161oj posve\u0107enosti, u naredne tri godine moramo pokazati rad i inovativnost - dmcsrb.com\",\"isPartOf\":{\"@id\":\"https:\\\/\\\/dmcsrb.com\\\/#website\"},\"primaryImageOfPage\":{\"@id\":\"https:\\\/\\\/dmcsrb.com\\\/en\\\/podgorica\\\/andjusic-titula-je-najvece-priznanje-nasoj-posvecenosti-u-naredne-tri-godine-moramo-pokazati-rad-i-inovativnost\\\/#primaryimage\"},\"image\":{\"@id\":\"https:\\\/\\\/dmcsrb.com\\\/en\\\/podgorica\\\/andjusic-titula-je-najvece-priznanje-nasoj-posvecenosti-u-naredne-tri-godine-moramo-pokazati-rad-i-inovativnost\\\/#primaryimage\"},\"thumbnailUrl\":\"https:\\\/\\\/dmcsrb.com\\\/wp-content\\\/uploads\\\/2026\\\/01\\\/Sladjana-Andjusic-foto-rtv-podgorica.webp\",\"datePublished\":\"2025-11-29T17:53:00+00:00\",\"author\":{\"@id\":\"https:\\\/\\\/dmcsrb.com\\\/#\\\/schema\\\/person\\\/5c39170f12db1b8b457732d0b5c854e2\"},\"breadcrumb\":{\"@id\":\"https:\\\/\\\/dmcsrb.com\\\/en\\\/podgorica\\\/andjusic-titula-je-najvece-priznanje-nasoj-posvecenosti-u-naredne-tri-godine-moramo-pokazati-rad-i-inovativnost\\\/#breadcrumb\"},\"inLanguage\":\"en-GB\",\"potentialAction\":[{\"@type\":\"ReadAction\",\"target\":[\"https:\\\/\\\/dmcsrb.com\\\/en\\\/podgorica\\\/andjusic-titula-je-najvece-priznanje-nasoj-posvecenosti-u-naredne-tri-godine-moramo-pokazati-rad-i-inovativnost\\\/\"]}]},{\"@type\":\"ImageObject\",\"inLanguage\":\"en-GB\",\"@id\":\"https:\\\/\\\/dmcsrb.com\\\/en\\\/podgorica\\\/andjusic-titula-je-najvece-priznanje-nasoj-posvecenosti-u-naredne-tri-godine-moramo-pokazati-rad-i-inovativnost\\\/#primaryimage\",\"url\":\"https:\\\/\\\/dmcsrb.com\\\/wp-content\\\/uploads\\\/2026\\\/01\\\/Sladjana-Andjusic-foto-rtv-podgorica.webp\",\"contentUrl\":\"https:\\\/\\\/dmcsrb.com\\\/wp-content\\\/uploads\\\/2026\\\/01\\\/Sladjana-Andjusic-foto-rtv-podgorica.webp\",\"width\":987,\"height\":604},{\"@type\":\"BreadcrumbList\",\"@id\":\"https:\\\/\\\/dmcsrb.com\\\/en\\\/podgorica\\\/andjusic-titula-je-najvece-priznanje-nasoj-posvecenosti-u-naredne-tri-godine-moramo-pokazati-rad-i-inovativnost\\\/#breadcrumb\",\"itemListElement\":[{\"@type\":\"ListItem\",\"position\":1,\"name\":\"Home\",\"item\":\"https:\\\/\\\/dmcsrb.com\\\/\"},{\"@type\":\"ListItem\",\"position\":2,\"name\":\"An\u0111u\u0161i\u0107: Titula je najve\u0107e priznanje na\u0161oj posve\u0107enosti, u naredne tri godine moramo pokazati rad i inovativnost\"}]},{\"@type\":\"WebSite\",\"@id\":\"https:\\\/\\\/dmcsrb.com\\\/#website\",\"url\":\"https:\\\/\\\/dmcsrb.com\\\/\",\"name\":\"dmcsrb.com\",\"description\":\"\",\"potentialAction\":[{\"@type\":\"SearchAction\",\"target\":{\"@type\":\"EntryPoint\",\"urlTemplate\":\"https:\\\/\\\/dmcsrb.com\\\/?s={search_term_string}\"},\"query-input\":{\"@type\":\"PropertyValueSpecification\",\"valueRequired\":true,\"valueName\":\"search_term_string\"}}],\"inLanguage\":\"en-GB\"},{\"@type\":\"Person\",\"@id\":\"https:\\\/\\\/dmcsrb.com\\\/#\\\/schema\\\/person\\\/5c39170f12db1b8b457732d0b5c854e2\",\"name\":\"dmcsrbija.com@gmail.com\",\"image\":{\"@type\":\"ImageObject\",\"inLanguage\":\"en-GB\",\"@id\":\"https:\\\/\\\/secure.gravatar.com\\\/avatar\\\/68592660ad6347fad0fb587f8d5d8f1a7b44961362f56e4f2cd524feb87e9069?s=96&d=mm&r=g\",\"url\":\"https:\\\/\\\/secure.gravatar.com\\\/avatar\\\/68592660ad6347fad0fb587f8d5d8f1a7b44961362f56e4f2cd524feb87e9069?s=96&d=mm&r=g\",\"contentUrl\":\"https:\\\/\\\/secure.gravatar.com\\\/avatar\\\/68592660ad6347fad0fb587f8d5d8f1a7b44961362f56e4f2cd524feb87e9069?s=96&d=mm&r=g\",\"caption\":\"dmcsrbija.com@gmail.com\"},\"sameAs\":[\"https:\\\/\\\/dmcsrb.com\"],\"url\":\"https:\\\/\\\/dmcsrb.com\\\/en\\\/author\\\/dmcsrbija-comgmail-com\\\/\"}]}<\/script>\n<!-- \/ Yoast SEO plugin. -->","yoast_head_json":{"title":"An\u0111u\u0161i\u0107: Titula je najve\u0107e priznanje na\u0161oj posve\u0107enosti, u naredne tri godine moramo pokazati rad i inovativnost - dmcsrb.com","robots":{"index":"index","follow":"follow","max-snippet":"max-snippet:-1","max-image-preview":"max-image-preview:large","max-video-preview":"max-video-preview:-1"},"canonical":"https:\/\/dmcsrb.com\/en\/podgorica\/andjusic-titula-je-najvece-priznanje-nasoj-posvecenosti-u-naredne-tri-godine-moramo-pokazati-rad-i-inovativnost\/","og_locale":"en_GB","og_type":"article","og_title":"An\u0111u\u0161i\u0107: Titula je najve\u0107e priznanje na\u0161oj posve\u0107enosti, u naredne tri godine moramo pokazati rad i inovativnost - dmcsrb.com","og_description":"Titula Evropske prijestonice mladih za 2028. godinu je najve\u0107e priznanje na\u0161oj posve\u0107enosti, kreiranju i sprovo\u0111enju omladinske politike. Pripala nam je \u010dast, ali i povjerenje da u naredne tri godine, koliko traje projekat, poka\u017eemo na\u0161 rad i inovativne ideje, kazala je u Dnevniku RTV Podgorica sekretarka za lokalnu samoupravu i saradnju sa civilnim dru\u0161tvom u Glavnom gradu, Sla\u0111ana An\u0111u\u0161i\u0107.","og_url":"https:\/\/dmcsrb.com\/en\/podgorica\/andjusic-titula-je-najvece-priznanje-nasoj-posvecenosti-u-naredne-tri-godine-moramo-pokazati-rad-i-inovativnost\/","og_site_name":"dmcsrb.com","article_published_time":"2025-11-29T17:53:00+00:00","og_image":[{"width":987,"height":604,"url":"https:\/\/dmcsrb.com\/wp-content\/uploads\/2026\/01\/Sladjana-Andjusic-foto-rtv-podgorica.webp","type":"image\/jpeg"}],"author":"dmcsrbija.com@gmail.com","twitter_card":"summary_large_image","twitter_misc":{"Written by":"dmcsrbija.com@gmail.com","Estimated reading time":"3 minutes"},"schema":{"@context":"https:\/\/schema.org","@graph":[{"@type":"Article","@id":"https:\/\/dmcsrb.com\/en\/podgorica\/andjusic-titula-je-najvece-priznanje-nasoj-posvecenosti-u-naredne-tri-godine-moramo-pokazati-rad-i-inovativnost\/#article","isPartOf":{"@id":"https:\/\/dmcsrb.com\/en\/podgorica\/andjusic-titula-je-najvece-priznanje-nasoj-posvecenosti-u-naredne-tri-godine-moramo-pokazati-rad-i-inovativnost\/"},"author":{"name":"dmcsrbija.com@gmail.com","@id":"https:\/\/dmcsrb.com\/#\/schema\/person\/5c39170f12db1b8b457732d0b5c854e2"},"headline":"An\u0111u\u0161i\u0107: Titula je najve\u0107e priznanje na\u0161oj posve\u0107enosti, u naredne tri godine moramo pokazati rad i inovativnost","datePublished":"2025-11-29T17:53:00+00:00","mainEntityOfPage":{"@id":"https:\/\/dmcsrb.com\/en\/podgorica\/andjusic-titula-je-najvece-priznanje-nasoj-posvecenosti-u-naredne-tri-godine-moramo-pokazati-rad-i-inovativnost\/"},"wordCount":528,"commentCount":0,"image":{"@id":"https:\/\/dmcsrb.com\/en\/podgorica\/andjusic-titula-je-najvece-priznanje-nasoj-posvecenosti-u-naredne-tri-godine-moramo-pokazati-rad-i-inovativnost\/#primaryimage"},"thumbnailUrl":"https:\/\/dmcsrb.com\/wp-content\/uploads\/2026\/01\/Sladjana-Andjusic-foto-rtv-podgorica.webp","keywords":["Evropska prijestonica mladih","Sla\u0111ana An\u0111u\u0161i\u0107"],"articleSection":["Podgorica"],"inLanguage":"en-GB","potentialAction":[{"@type":"CommentAction","name":"Comment","target":["https:\/\/dmcsrb.com\/en\/podgorica\/andjusic-titula-je-najvece-priznanje-nasoj-posvecenosti-u-naredne-tri-godine-moramo-pokazati-rad-i-inovativnost\/#respond"]}]},{"@type":"WebPage","@id":"https:\/\/dmcsrb.com\/en\/podgorica\/andjusic-titula-je-najvece-priznanje-nasoj-posvecenosti-u-naredne-tri-godine-moramo-pokazati-rad-i-inovativnost\/","url":"https:\/\/dmcsrb.com\/en\/podgorica\/andjusic-titula-je-najvece-priznanje-nasoj-posvecenosti-u-naredne-tri-godine-moramo-pokazati-rad-i-inovativnost\/","name":"An\u0111u\u0161i\u0107: Titula je najve\u0107e priznanje na\u0161oj posve\u0107enosti, u naredne tri godine moramo pokazati rad i inovativnost - dmcsrb.com","isPartOf":{"@id":"https:\/\/dmcsrb.com\/#website"},"primaryImageOfPage":{"@id":"https:\/\/dmcsrb.com\/en\/podgorica\/andjusic-titula-je-najvece-priznanje-nasoj-posvecenosti-u-naredne-tri-godine-moramo-pokazati-rad-i-inovativnost\/#primaryimage"},"image":{"@id":"https:\/\/dmcsrb.com\/en\/podgorica\/andjusic-titula-je-najvece-priznanje-nasoj-posvecenosti-u-naredne-tri-godine-moramo-pokazati-rad-i-inovativnost\/#primaryimage"},"thumbnailUrl":"https:\/\/dmcsrb.com\/wp-content\/uploads\/2026\/01\/Sladjana-Andjusic-foto-rtv-podgorica.webp","datePublished":"2025-11-29T17:53:00+00:00","author":{"@id":"https:\/\/dmcsrb.com\/#\/schema\/person\/5c39170f12db1b8b457732d0b5c854e2"},"breadcrumb":{"@id":"https:\/\/dmcsrb.com\/en\/podgorica\/andjusic-titula-je-najvece-priznanje-nasoj-posvecenosti-u-naredne-tri-godine-moramo-pokazati-rad-i-inovativnost\/#breadcrumb"},"inLanguage":"en-GB","potentialAction":[{"@type":"ReadAction","target":["https:\/\/dmcsrb.com\/en\/podgorica\/andjusic-titula-je-najvece-priznanje-nasoj-posvecenosti-u-naredne-tri-godine-moramo-pokazati-rad-i-inovativnost\/"]}]},{"@type":"ImageObject","inLanguage":"en-GB","@id":"https:\/\/dmcsrb.com\/en\/podgorica\/andjusic-titula-je-najvece-priznanje-nasoj-posvecenosti-u-naredne-tri-godine-moramo-pokazati-rad-i-inovativnost\/#primaryimage","url":"https:\/\/dmcsrb.com\/wp-content\/uploads\/2026\/01\/Sladjana-Andjusic-foto-rtv-podgorica.webp","contentUrl":"https:\/\/dmcsrb.com\/wp-content\/uploads\/2026\/01\/Sladjana-Andjusic-foto-rtv-podgorica.webp","width":987,"height":604},{"@type":"BreadcrumbList","@id":"https:\/\/dmcsrb.com\/en\/podgorica\/andjusic-titula-je-najvece-priznanje-nasoj-posvecenosti-u-naredne-tri-godine-moramo-pokazati-rad-i-inovativnost\/#breadcrumb","itemListElement":[{"@type":"ListItem","position":1,"name":"Home","item":"https:\/\/dmcsrb.com\/"},{"@type":"ListItem","position":2,"name":"An\u0111u\u0161i\u0107: Titula je najve\u0107e priznanje na\u0161oj posve\u0107enosti, u naredne tri godine moramo pokazati rad i inovativnost"}]},{"@type":"WebSite","@id":"https:\/\/dmcsrb.com\/#website","url":"https:\/\/dmcsrb.com\/","name":"dmcsrb.com","description":"","potentialAction":[{"@type":"SearchAction","target":{"@type":"EntryPoint","urlTemplate":"https:\/\/dmcsrb.com\/?s={search_term_string}"},"query-input":{"@type":"PropertyValueSpecification","valueRequired":true,"valueName":"search_term_string"}}],"inLanguage":"en-GB"},{"@type":"Person","@id":"https:\/\/dmcsrb.com\/#\/schema\/person\/5c39170f12db1b8b457732d0b5c854e2","name":"dmcsrbija.com@gmail.com","image":{"@type":"ImageObject","inLanguage":"en-GB","@id":"https:\/\/secure.gravatar.com\/avatar\/68592660ad6347fad0fb587f8d5d8f1a7b44961362f56e4f2cd524feb87e9069?s=96&d=mm&r=g","url":"https:\/\/secure.gravatar.com\/avatar\/68592660ad6347fad0fb587f8d5d8f1a7b44961362f56e4f2cd524feb87e9069?s=96&d=mm&r=g","contentUrl":"https:\/\/secure.gravatar.com\/avatar\/68592660ad6347fad0fb587f8d5d8f1a7b44961362f56e4f2cd524feb87e9069?s=96&d=mm&r=g","caption":"dmcsrbija.com@gmail.com"},"sameAs":["https:\/\/dmcsrb.com"],"url":"https:\/\/dmcsrb.com\/en\/author\/dmcsrbija-comgmail-com\/"}]}},"_links":{"self":[{"href":"https:\/\/dmcsrb.com\/en\/wp-json\/wp\/v2\/posts\/966445","targetHints":{"allow":["GET"]}}],"collection":[{"href":"https:\/\/dmcsrb.com\/en\/wp-json\/wp\/v2\/posts"}],"about":[{"href":"https:\/\/dmcsrb.com\/en\/wp-json\/wp\/v2\/types\/post"}],"author":[{"embeddable":true,"href":"https:\/\/dmcsrb.com\/en\/wp-json\/wp\/v2\/users\/1"}],"replies":[{"embeddable":true,"href":"https:\/\/dmcsrb.com\/en\/wp-json\/wp\/v2\/comments?post=966445"}],"version-history":[{"count":0,"href":"https:\/\/dmcsrb.com\/en\/wp-json\/wp\/v2\/posts\/966445\/revisions"}],"wp:featuredmedia":[{"embeddable":true,"href":"https:\/\/dmcsrb.com\/en\/wp-json\/wp\/v2\/media\/966446"}],"wp:attachment":[{"href":"https:\/\/dmcsrb.com\/en\/wp-json\/wp\/v2\/media?parent=966445"}],"wp:term":[{"taxonomy":"category","embeddable":true,"href":"https:\/\/dmcsrb.com\/en\/wp-json\/wp\/v2\/categories?post=966445"},{"taxonomy":"post_tag","embeddable":true,"href":"https:\/\/dmcsrb.com\/en\/wp-json\/wp\/v2\/tags?post=966445"},{"taxonomy":"naslovna","embeddable":true,"href":"https:\/\/dmcsrb.com\/en\/wp-json\/wp\/v2\/naslovna?post=966445"}],"curies":[{"name":"wp","href":"https:\/\/api.w.org\/{rel}","templated":true}]}}