{"id":966442,"date":"2025-11-29T19:17:00","date_gmt":"2025-11-29T18:17:00","guid":{"rendered":"https:\/\/dmcsrb.com\/uncategorized\/popovic-smijesni-napori-carapica-da-nanese-stetu-dps-u\/"},"modified":"2025-11-29T19:17:00","modified_gmt":"2025-11-29T18:17:00","slug":"popovic-smijesni-napori-carapica-da-nanese-stetu-dps-u","status":"publish","type":"post","link":"https:\/\/dmcsrb.com\/en\/politika\/popovic-smijesni-napori-carapica-da-nanese-stetu-dps-u\/","title":{"rendered":"Popovi\u0107: Smije\u0161ni napori \u010carapi\u0107a da nanese \u0161tetu DPS-u"},"content":{"rendered":"<p><\/p>\n\n\n\n<p>Naime, \u010carapi\u0107 je ju\u010de napisao na mre\u017ei X da \u201cnakon \u0161to se nije udostojio da do\u0111e na glasanje za sudije Ustavnog suda i time izazvao kolaps podr\u0161ke kandidatu Milatovi\u0107a, Danijel \u017divkovi\u0107 je danas svratio u Skup\u0161tinu da poru\u010di penzionerima da bi im DPS, slijede\u0107i savjet jednog poslanika austrijskog parlamenta, po povratku na vlast smanjio penzije\u201d.<\/p>\n\n\n\n<p>\u201cTako ne\u0161to ne\u0107emo dopustiti\u201d, naveo je \u010carapi\u0107.<\/p>\n\n\n\n<p>Popovi\u0107 je rekla da razumiju&nbsp;prestravljenost rastu\u0107im rejtingom DPS-a.<\/p>\n\n\n\n<p>\u201cOtuda i potreba \u0161efa Kluba ra\u0161timovanog orkestra da slobodno interpretira rije\u010di predsjednika \u017divkovi\u0107a u nadi da \u0107e ubrati kakav sitni, jadni i bijedni politi\u010dki poen i zaustaviti nezaustavljivo \u2013 strmoglav pad podr\u0161ke gra\u0111ana u paf-paf politiku PES-a. Umjesto \u0161to se histerijom unaprijed opra\u0161ta od fotelje i brojnih funkcionerskih privilegija koje u\u017eiva, znaju\u0107i da \u0107e poslije narednih parlamentarnih izbora od njegove stranke ostati samo dugmi\u0107i, \u010carapi\u0107u bi bolje bilo da objasni za\u0161to je dio poslani\u010dkog kluba na \u010dijem je \u010delu blokirao izbor sudije Ustavnog suda\u201d, navela je Popovi\u0107.<\/p>\n\n\n\n<p>Prema njenim rije\u010dima, tog je dana ogoljena istina da \u010carapi\u0107 ne u\u017eiva aposlutno nikakav autoritet, ne samo u vladaju\u0107oj ve\u0107ini, ve\u0107 i u Klubu poslanika \u010dijim radom rukovodi.<\/p>\n\n\n\n<p>\u201cDalje, \u010carapi\u0107 je i sam doprinio tome da se ne izabere kandidatkinja predsjednika dr\u017eave i pokazao da mu ispunjenje obaveza iz evropske agende, iako su mu puna usta pri\u010de o istoj, i nije na vrhu liste prioriteta onda kad propadne neka njihova politi\u010dka trgovina kao \u0161to je propala u slu\u010daju predmetnog glasanja. Na kraju, poru\u010dujemo \u010carapi\u0107u da se mane politi\u010dkih manipulacija, kojima je sklon, kao u slu\u010daju zaka\u0161njelog odgovora na izlaganje predsjednika Demokratske partije socijalista, koji je kad je rekao \u2013 da na\u010din na koji PES vodi finansije ugro\u017eava dr\u017eavu, te da bilbord ekonomija gra\u0111ane skupo ko\u0161ta, rekao istinu. Neka uzalud ne tro\u0161i vrijeme na politikantsku pisaniju, jer svi znamo da javnost ne do\u017eivljava ozbiljno poslanika koji je slu\u017ebenim kolima prevozio du\u0161ek\u201d, zaklju\u010dila je Popovi\u0107.<\/p>","protected":false},"excerpt":{"rendered":"<p>Portparolka Demokratske partije socijalista (DPS) i poslanica\u00a0Sonja Popovi\u0107\u00a0saop\u0161tila je da su smije\u0161ni napori poslanika Pokreta Evropa sad\u00a0Vasilija \u010carapi\u0107a\u00a0kojima poku\u0161ava da nanese politi\u010dku \u0161tetu DPS-u.<\/p>","protected":false},"author":1,"featured_media":915772,"comment_status":"open","ping_status":"open","sticky":false,"template":"","format":"standard","meta":{"_acf_changed":false,"footnotes":""},"categories":[12],"tags":[63,984,780,2500],"naslovna":[],"class_list":["post-966442","post","type-post","status-publish","format-standard","has-post-thumbnail","hentry","category-politika","tag-dps","tag-pes","tag-sonja-popovic","tag-vasilije-carapic"],"acf":[],"yoast_head":"<!-- This site is optimized with the Yoast SEO plugin v27.4 - https:\/\/yoast.com\/product\/yoast-seo-wordpress\/ -->\n<title>Popovi\u0107: Smije\u0161ni napori \u010carapi\u0107a da nanese \u0161tetu DPS-u - dmcsrb.com<\/title>\n<meta name=\"robots\" content=\"index, follow, max-snippet:-1, max-image-preview:large, max-video-preview:-1\" \/>\n<link rel=\"canonical\" href=\"https:\/\/dmcsrb.com\/en\/politika\/popovic-smijesni-napori-carapica-da-nanese-stetu-dps-u\/\" \/>\n<meta property=\"og:locale\" content=\"en_GB\" \/>\n<meta property=\"og:type\" content=\"article\" \/>\n<meta property=\"og:title\" content=\"Popovi\u0107: Smije\u0161ni napori \u010carapi\u0107a da nanese \u0161tetu DPS-u - dmcsrb.com\" \/>\n<meta property=\"og:description\" content=\"Portparolka Demokratske partije socijalista (DPS) i poslanica\u00a0Sonja Popovi\u0107\u00a0saop\u0161tila je da su smije\u0161ni napori poslanika Pokreta Evropa sad\u00a0Vasilija \u010carapi\u0107a\u00a0kojima poku\u0161ava da nanese politi\u010dku \u0161tetu DPS-u.\" \/>\n<meta property=\"og:url\" content=\"https:\/\/dmcsrb.com\/en\/politika\/popovic-smijesni-napori-carapica-da-nanese-stetu-dps-u\/\" \/>\n<meta property=\"og:site_name\" content=\"dmcsrb.com\" \/>\n<meta property=\"article:published_time\" content=\"2025-11-29T18:17:00+00:00\" \/>\n<meta property=\"og:image\" content=\"https:\/\/dmcsrb.com\/wp-content\/uploads\/2026\/01\/Sonja-Popovic.jpg\" \/>\n\t<meta property=\"og:image:width\" content=\"1024\" \/>\n\t<meta property=\"og:image:height\" content=\"682\" \/>\n\t<meta property=\"og:image:type\" content=\"image\/jpeg\" \/>\n<meta name=\"author\" content=\"dmcsrbija.com@gmail.com\" \/>\n<meta name=\"twitter:card\" content=\"summary_large_image\" \/>\n<meta name=\"twitter:label1\" content=\"Written by\" \/>\n\t<meta name=\"twitter:data1\" content=\"dmcsrbija.com@gmail.com\" \/>\n\t<meta name=\"twitter:label2\" content=\"Estimated reading time\" \/>\n\t<meta name=\"twitter:data2\" content=\"2 minutes\" \/>\n<script type=\"application\/ld+json\" class=\"yoast-schema-graph\">{\"@context\":\"https:\\\/\\\/schema.org\",\"@graph\":[{\"@type\":\"Article\",\"@id\":\"https:\\\/\\\/dmcsrb.com\\\/politika\\\/popovic-smijesni-napori-carapica-da-nanese-stetu-dps-u\\\/#article\",\"isPartOf\":{\"@id\":\"https:\\\/\\\/dmcsrb.com\\\/politika\\\/popovic-smijesni-napori-carapica-da-nanese-stetu-dps-u\\\/\"},\"author\":{\"name\":\"dmcsrbija.com@gmail.com\",\"@id\":\"https:\\\/\\\/dmcsrb.com\\\/#\\\/schema\\\/person\\\/5c39170f12db1b8b457732d0b5c854e2\"},\"headline\":\"Popovi\u0107: Smije\u0161ni napori \u010carapi\u0107a da nanese \u0161tetu DPS-u\",\"datePublished\":\"2025-11-29T18:17:00+00:00\",\"mainEntityOfPage\":{\"@id\":\"https:\\\/\\\/dmcsrb.com\\\/politika\\\/popovic-smijesni-napori-carapica-da-nanese-stetu-dps-u\\\/\"},\"wordCount\":367,\"commentCount\":0,\"image\":{\"@id\":\"https:\\\/\\\/dmcsrb.com\\\/politika\\\/popovic-smijesni-napori-carapica-da-nanese-stetu-dps-u\\\/#primaryimage\"},\"thumbnailUrl\":\"https:\\\/\\\/dmcsrb.com\\\/wp-content\\\/uploads\\\/2026\\\/01\\\/Sonja-Popovic.jpg\",\"keywords\":[\"DPS\",\"PES\",\"Sonja Popovi\u0107\",\"Vasilije \u010carapi\u0107\"],\"articleSection\":[\"Politika\"],\"inLanguage\":\"en-GB\",\"potentialAction\":[{\"@type\":\"CommentAction\",\"name\":\"Comment\",\"target\":[\"https:\\\/\\\/dmcsrb.com\\\/politika\\\/popovic-smijesni-napori-carapica-da-nanese-stetu-dps-u\\\/#respond\"]}]},{\"@type\":\"WebPage\",\"@id\":\"https:\\\/\\\/dmcsrb.com\\\/politika\\\/popovic-smijesni-napori-carapica-da-nanese-stetu-dps-u\\\/\",\"url\":\"https:\\\/\\\/dmcsrb.com\\\/politika\\\/popovic-smijesni-napori-carapica-da-nanese-stetu-dps-u\\\/\",\"name\":\"Popovi\u0107: Smije\u0161ni napori \u010carapi\u0107a da nanese \u0161tetu DPS-u - dmcsrb.com\",\"isPartOf\":{\"@id\":\"https:\\\/\\\/dmcsrb.com\\\/#website\"},\"primaryImageOfPage\":{\"@id\":\"https:\\\/\\\/dmcsrb.com\\\/politika\\\/popovic-smijesni-napori-carapica-da-nanese-stetu-dps-u\\\/#primaryimage\"},\"image\":{\"@id\":\"https:\\\/\\\/dmcsrb.com\\\/politika\\\/popovic-smijesni-napori-carapica-da-nanese-stetu-dps-u\\\/#primaryimage\"},\"thumbnailUrl\":\"https:\\\/\\\/dmcsrb.com\\\/wp-content\\\/uploads\\\/2026\\\/01\\\/Sonja-Popovic.jpg\",\"datePublished\":\"2025-11-29T18:17:00+00:00\",\"author\":{\"@id\":\"https:\\\/\\\/dmcsrb.com\\\/#\\\/schema\\\/person\\\/5c39170f12db1b8b457732d0b5c854e2\"},\"breadcrumb\":{\"@id\":\"https:\\\/\\\/dmcsrb.com\\\/politika\\\/popovic-smijesni-napori-carapica-da-nanese-stetu-dps-u\\\/#breadcrumb\"},\"inLanguage\":\"en-GB\",\"potentialAction\":[{\"@type\":\"ReadAction\",\"target\":[\"https:\\\/\\\/dmcsrb.com\\\/politika\\\/popovic-smijesni-napori-carapica-da-nanese-stetu-dps-u\\\/\"]}]},{\"@type\":\"ImageObject\",\"inLanguage\":\"en-GB\",\"@id\":\"https:\\\/\\\/dmcsrb.com\\\/politika\\\/popovic-smijesni-napori-carapica-da-nanese-stetu-dps-u\\\/#primaryimage\",\"url\":\"https:\\\/\\\/dmcsrb.com\\\/wp-content\\\/uploads\\\/2026\\\/01\\\/Sonja-Popovic.jpg\",\"contentUrl\":\"https:\\\/\\\/dmcsrb.com\\\/wp-content\\\/uploads\\\/2026\\\/01\\\/Sonja-Popovic.jpg\",\"width\":1024,\"height\":682},{\"@type\":\"BreadcrumbList\",\"@id\":\"https:\\\/\\\/dmcsrb.com\\\/politika\\\/popovic-smijesni-napori-carapica-da-nanese-stetu-dps-u\\\/#breadcrumb\",\"itemListElement\":[{\"@type\":\"ListItem\",\"position\":1,\"name\":\"Home\",\"item\":\"https:\\\/\\\/dmcsrb.com\\\/\"},{\"@type\":\"ListItem\",\"position\":2,\"name\":\"Popovi\u0107: Smije\u0161ni napori \u010carapi\u0107a da nanese \u0161tetu DPS-u\"}]},{\"@type\":\"WebSite\",\"@id\":\"https:\\\/\\\/dmcsrb.com\\\/#website\",\"url\":\"https:\\\/\\\/dmcsrb.com\\\/\",\"name\":\"dmcsrb.com\",\"description\":\"\",\"potentialAction\":[{\"@type\":\"SearchAction\",\"target\":{\"@type\":\"EntryPoint\",\"urlTemplate\":\"https:\\\/\\\/dmcsrb.com\\\/?s={search_term_string}\"},\"query-input\":{\"@type\":\"PropertyValueSpecification\",\"valueRequired\":true,\"valueName\":\"search_term_string\"}}],\"inLanguage\":\"en-GB\"},{\"@type\":\"Person\",\"@id\":\"https:\\\/\\\/dmcsrb.com\\\/#\\\/schema\\\/person\\\/5c39170f12db1b8b457732d0b5c854e2\",\"name\":\"dmcsrbija.com@gmail.com\",\"image\":{\"@type\":\"ImageObject\",\"inLanguage\":\"en-GB\",\"@id\":\"https:\\\/\\\/secure.gravatar.com\\\/avatar\\\/68592660ad6347fad0fb587f8d5d8f1a7b44961362f56e4f2cd524feb87e9069?s=96&d=mm&r=g\",\"url\":\"https:\\\/\\\/secure.gravatar.com\\\/avatar\\\/68592660ad6347fad0fb587f8d5d8f1a7b44961362f56e4f2cd524feb87e9069?s=96&d=mm&r=g\",\"contentUrl\":\"https:\\\/\\\/secure.gravatar.com\\\/avatar\\\/68592660ad6347fad0fb587f8d5d8f1a7b44961362f56e4f2cd524feb87e9069?s=96&d=mm&r=g\",\"caption\":\"dmcsrbija.com@gmail.com\"},\"sameAs\":[\"https:\\\/\\\/dmcsrb.com\"],\"url\":\"https:\\\/\\\/dmcsrb.com\\\/en\\\/author\\\/dmcsrbija-comgmail-com\\\/\"}]}<\/script>\n<!-- \/ Yoast SEO plugin. -->","yoast_head_json":{"title":"Popovi\u0107: Smije\u0161ni napori \u010carapi\u0107a da nanese \u0161tetu DPS-u - dmcsrb.com","robots":{"index":"index","follow":"follow","max-snippet":"max-snippet:-1","max-image-preview":"max-image-preview:large","max-video-preview":"max-video-preview:-1"},"canonical":"https:\/\/dmcsrb.com\/en\/politika\/popovic-smijesni-napori-carapica-da-nanese-stetu-dps-u\/","og_locale":"en_GB","og_type":"article","og_title":"Popovi\u0107: Smije\u0161ni napori \u010carapi\u0107a da nanese \u0161tetu DPS-u - dmcsrb.com","og_description":"Portparolka Demokratske partije socijalista (DPS) i poslanica\u00a0Sonja Popovi\u0107\u00a0saop\u0161tila je da su smije\u0161ni napori poslanika Pokreta Evropa sad\u00a0Vasilija \u010carapi\u0107a\u00a0kojima poku\u0161ava da nanese politi\u010dku \u0161tetu DPS-u.","og_url":"https:\/\/dmcsrb.com\/en\/politika\/popovic-smijesni-napori-carapica-da-nanese-stetu-dps-u\/","og_site_name":"dmcsrb.com","article_published_time":"2025-11-29T18:17:00+00:00","og_image":[{"width":1024,"height":682,"url":"https:\/\/dmcsrb.com\/wp-content\/uploads\/2026\/01\/Sonja-Popovic.jpg","type":"image\/jpeg"}],"author":"dmcsrbija.com@gmail.com","twitter_card":"summary_large_image","twitter_misc":{"Written by":"dmcsrbija.com@gmail.com","Estimated reading time":"2 minutes"},"schema":{"@context":"https:\/\/schema.org","@graph":[{"@type":"Article","@id":"https:\/\/dmcsrb.com\/politika\/popovic-smijesni-napori-carapica-da-nanese-stetu-dps-u\/#article","isPartOf":{"@id":"https:\/\/dmcsrb.com\/politika\/popovic-smijesni-napori-carapica-da-nanese-stetu-dps-u\/"},"author":{"name":"dmcsrbija.com@gmail.com","@id":"https:\/\/dmcsrb.com\/#\/schema\/person\/5c39170f12db1b8b457732d0b5c854e2"},"headline":"Popovi\u0107: Smije\u0161ni napori \u010carapi\u0107a da nanese \u0161tetu DPS-u","datePublished":"2025-11-29T18:17:00+00:00","mainEntityOfPage":{"@id":"https:\/\/dmcsrb.com\/politika\/popovic-smijesni-napori-carapica-da-nanese-stetu-dps-u\/"},"wordCount":367,"commentCount":0,"image":{"@id":"https:\/\/dmcsrb.com\/politika\/popovic-smijesni-napori-carapica-da-nanese-stetu-dps-u\/#primaryimage"},"thumbnailUrl":"https:\/\/dmcsrb.com\/wp-content\/uploads\/2026\/01\/Sonja-Popovic.jpg","keywords":["DPS","PES","Sonja Popovi\u0107","Vasilije \u010carapi\u0107"],"articleSection":["Politika"],"inLanguage":"en-GB","potentialAction":[{"@type":"CommentAction","name":"Comment","target":["https:\/\/dmcsrb.com\/politika\/popovic-smijesni-napori-carapica-da-nanese-stetu-dps-u\/#respond"]}]},{"@type":"WebPage","@id":"https:\/\/dmcsrb.com\/politika\/popovic-smijesni-napori-carapica-da-nanese-stetu-dps-u\/","url":"https:\/\/dmcsrb.com\/politika\/popovic-smijesni-napori-carapica-da-nanese-stetu-dps-u\/","name":"Popovi\u0107: Smije\u0161ni napori \u010carapi\u0107a da nanese \u0161tetu DPS-u - dmcsrb.com","isPartOf":{"@id":"https:\/\/dmcsrb.com\/#website"},"primaryImageOfPage":{"@id":"https:\/\/dmcsrb.com\/politika\/popovic-smijesni-napori-carapica-da-nanese-stetu-dps-u\/#primaryimage"},"image":{"@id":"https:\/\/dmcsrb.com\/politika\/popovic-smijesni-napori-carapica-da-nanese-stetu-dps-u\/#primaryimage"},"thumbnailUrl":"https:\/\/dmcsrb.com\/wp-content\/uploads\/2026\/01\/Sonja-Popovic.jpg","datePublished":"2025-11-29T18:17:00+00:00","author":{"@id":"https:\/\/dmcsrb.com\/#\/schema\/person\/5c39170f12db1b8b457732d0b5c854e2"},"breadcrumb":{"@id":"https:\/\/dmcsrb.com\/politika\/popovic-smijesni-napori-carapica-da-nanese-stetu-dps-u\/#breadcrumb"},"inLanguage":"en-GB","potentialAction":[{"@type":"ReadAction","target":["https:\/\/dmcsrb.com\/politika\/popovic-smijesni-napori-carapica-da-nanese-stetu-dps-u\/"]}]},{"@type":"ImageObject","inLanguage":"en-GB","@id":"https:\/\/dmcsrb.com\/politika\/popovic-smijesni-napori-carapica-da-nanese-stetu-dps-u\/#primaryimage","url":"https:\/\/dmcsrb.com\/wp-content\/uploads\/2026\/01\/Sonja-Popovic.jpg","contentUrl":"https:\/\/dmcsrb.com\/wp-content\/uploads\/2026\/01\/Sonja-Popovic.jpg","width":1024,"height":682},{"@type":"BreadcrumbList","@id":"https:\/\/dmcsrb.com\/politika\/popovic-smijesni-napori-carapica-da-nanese-stetu-dps-u\/#breadcrumb","itemListElement":[{"@type":"ListItem","position":1,"name":"Home","item":"https:\/\/dmcsrb.com\/"},{"@type":"ListItem","position":2,"name":"Popovi\u0107: Smije\u0161ni napori \u010carapi\u0107a da nanese \u0161tetu DPS-u"}]},{"@type":"WebSite","@id":"https:\/\/dmcsrb.com\/#website","url":"https:\/\/dmcsrb.com\/","name":"dmcsrb.com","description":"","potentialAction":[{"@type":"SearchAction","target":{"@type":"EntryPoint","urlTemplate":"https:\/\/dmcsrb.com\/?s={search_term_string}"},"query-input":{"@type":"PropertyValueSpecification","valueRequired":true,"valueName":"search_term_string"}}],"inLanguage":"en-GB"},{"@type":"Person","@id":"https:\/\/dmcsrb.com\/#\/schema\/person\/5c39170f12db1b8b457732d0b5c854e2","name":"dmcsrbija.com@gmail.com","image":{"@type":"ImageObject","inLanguage":"en-GB","@id":"https:\/\/secure.gravatar.com\/avatar\/68592660ad6347fad0fb587f8d5d8f1a7b44961362f56e4f2cd524feb87e9069?s=96&d=mm&r=g","url":"https:\/\/secure.gravatar.com\/avatar\/68592660ad6347fad0fb587f8d5d8f1a7b44961362f56e4f2cd524feb87e9069?s=96&d=mm&r=g","contentUrl":"https:\/\/secure.gravatar.com\/avatar\/68592660ad6347fad0fb587f8d5d8f1a7b44961362f56e4f2cd524feb87e9069?s=96&d=mm&r=g","caption":"dmcsrbija.com@gmail.com"},"sameAs":["https:\/\/dmcsrb.com"],"url":"https:\/\/dmcsrb.com\/en\/author\/dmcsrbija-comgmail-com\/"}]}},"_links":{"self":[{"href":"https:\/\/dmcsrb.com\/en\/wp-json\/wp\/v2\/posts\/966442","targetHints":{"allow":["GET"]}}],"collection":[{"href":"https:\/\/dmcsrb.com\/en\/wp-json\/wp\/v2\/posts"}],"about":[{"href":"https:\/\/dmcsrb.com\/en\/wp-json\/wp\/v2\/types\/post"}],"author":[{"embeddable":true,"href":"https:\/\/dmcsrb.com\/en\/wp-json\/wp\/v2\/users\/1"}],"replies":[{"embeddable":true,"href":"https:\/\/dmcsrb.com\/en\/wp-json\/wp\/v2\/comments?post=966442"}],"version-history":[{"count":0,"href":"https:\/\/dmcsrb.com\/en\/wp-json\/wp\/v2\/posts\/966442\/revisions"}],"wp:featuredmedia":[{"embeddable":true,"href":"https:\/\/dmcsrb.com\/en\/wp-json\/wp\/v2\/media\/915772"}],"wp:attachment":[{"href":"https:\/\/dmcsrb.com\/en\/wp-json\/wp\/v2\/media?parent=966442"}],"wp:term":[{"taxonomy":"category","embeddable":true,"href":"https:\/\/dmcsrb.com\/en\/wp-json\/wp\/v2\/categories?post=966442"},{"taxonomy":"post_tag","embeddable":true,"href":"https:\/\/dmcsrb.com\/en\/wp-json\/wp\/v2\/tags?post=966442"},{"taxonomy":"naslovna","embeddable":true,"href":"https:\/\/dmcsrb.com\/en\/wp-json\/wp\/v2\/naslovna?post=966442"}],"curies":[{"name":"wp","href":"https:\/\/api.w.org\/{rel}","templated":true}]}}