{"id":966431,"date":"2025-11-29T18:07:00","date_gmt":"2025-11-29T17:07:00","guid":{"rendered":"https:\/\/dmcsrb.com\/uncategorized\/video-na-bulevaru-vojislavljevica-problemi-na-vodovodnoj-mrezi-radi-se-na-kompletnoj-komunalnoj-infrastrukturi\/"},"modified":"2025-11-29T18:07:00","modified_gmt":"2025-11-29T17:07:00","slug":"video-na-bulevaru-vojislavljevica-problemi-na-vodovodnoj-mrezi-radi-se-na-kompletnoj-komunalnoj-infrastrukturi","status":"publish","type":"post","link":"https:\/\/dmcsrb.com\/en\/podgorica\/video-na-bulevaru-vojislavljevica-problemi-na-vodovodnoj-mrezi-radi-se-na-kompletnoj-komunalnoj-infrastrukturi\/","title":{"rendered":"(VIDEO) Na Bulevaru Vojislavljevi\u0107a problemi na vodovodnoj mre\u017ei, radi se na kompletnoj komunalnoj infrastrukturi"},"content":{"rendered":"<p><\/p>\n\n\n\n<p>Na bulevaru se izvodi kompletna komunalna infrastruktura, zbog \u010dega je dinamika radova usporena, obja\u0161njavaju iz Uprave za saobra\u0107aj.<\/p>\n\n\n\n<p>&#8220;U ovom trenutku se \u010deka da se zavr\u0161i spajanje, odnosno takozvani baj-pas vodovod tih vodovodnih cijevi kako potro\u0161a\u010di u Ulici kralja Nikole i Ulici Radosava Buri\u0107a ne bi ostali bez snadbijevanja vodom. Znamo da gra\u0111anima nije prijatno da gledaju gradili\u0161te ispred ku\u0107e ali mi moramo da radimo i radi\u0107e se jedna moderna saobra\u0107ajnica, koja \u0107e podi\u0107i kvalitet \u017eivota gra\u0111ana koji \u017eive u ovom dijelu grada i samim tim \u0107e se pove\u0107ati bezbjednost saobra\u0107aja&#8221;, kazala je Ivana Vu\u010dini\u0107 iz Uprave za saobra\u0107aj.<\/p>\n\n\n\n<p>Projekat spada me\u0111u najzna\u010dajnijim ulaganjima u ovom dijelu Podgorice, navodi Vu\u010dini\u0107.<\/p>\n\n\n\n<p>&#8220;Mi smo potpisali ugovor o sufinansiranju gdje je na\u0161a obaveza izgradnja saobra\u0107ajnice, dok je komunalna infrastuktura u nadle\u017enosti Glavnog grada, Ovaj projekat vrijedan je oko 15 miliona eura a ve\u0107a vrijednost je \u0161ta \u0107e gra\u0111ani Zabjela dobiti kada bude sve gotovo. Daleko smo od toga kako \u0107e na kraju izgledati, ali \u0107e imati savremenu saobra\u0107ajnicu, koja \u0107e imati trotoare, rasvjetu, komunalnu infrastrukturu, sve u svemu ovaj kraj \u0107e druga\u010dije izgledati&#8221;, istakla je Vu\u010dini\u0107.<\/p>\n\n\n\n<p>Iako su radovi na rekonstukciji Bulevara Vojislavljevi\u0107a na Zabjelu po\u010deli u maju, do sada se, tvrde mje\u0161tani nije uradilo ni\u0161ta posebno.<\/p>\n\n\n\n<p>Zbog svega ovoga najvi\u0161e trpe mje\u0161tani koji do svojih stanova dolaze ote\u017eano, kao i prodavci u okolnim lokalima \u2013 promet im je naglo pao jer kupci sve rje\u0111e dolaze u ovaj dio grada.<\/p>\n\n\n\n<figure class=\"wp-block-embed is-type-video is-provider-youtube wp-block-embed-youtube wp-embed-aspect-16-9 wp-has-aspect-ratio\"><div class=\"wp-block-embed__wrapper\">\n<iframe loading=\"lazy\" title=\"Na Bulevaru Vojislavljevi\u0107a problemi na vodovodu, radi se na kompletnoj komunalnoj infrastrukturi\" width=\"500\" height=\"281\" src=\"https:\/\/www.youtube.com\/embed\/IhVJ0cU00cM?feature=oembed\" frameborder=\"0\" allow=\"accelerometer; autoplay; clipboard-write; encrypted-media; gyroscope; picture-in-picture; web-share\" referrerpolicy=\"strict-origin-when-cross-origin\" allowfullscreen><\/iframe>\n<\/div><\/figure>\n\n\n\n<p>Podsje\u0107amo, predvi\u0111eni radovi na Bulevaru Vojislavljevi\u0107a traja\u0107e 18 mjeseci, odnosno do kraja 2026. godine.<\/p>","protected":false},"excerpt":{"rendered":"<p>Rekonstrukcija Bulevara Vojislavljevi\u0107a na Zabjelu traje ve\u0107 mjesecima, ali stanovnici ovog dijela Podgorice tvrde da se na terenu ne vide zna\u010dajniji pomaci. Dok se suo\u010davaju sa ote\u017eanim prilazom svojim domovima i lokalima, mje\u0161tani poru\u010duju da svakodnevno trpe zbog radova. Nadle\u017eni, me\u0111utim, isti\u010du da je rije\u010d o slo\u017eenom projektu koji zahtijeva kompletno ure\u0111enje komunalne infrastrukture.<\/p>","protected":false},"author":1,"featured_media":966432,"comment_status":"open","ping_status":"open","sticky":false,"template":"","format":"standard","meta":{"_acf_changed":false,"footnotes":""},"categories":[56],"tags":[14280,15850,2736],"naslovna":[],"class_list":["post-966431","post","type-post","status-publish","format-standard","has-post-thumbnail","hentry","category-podgorica","tag-bulevar-vojislavljevica","tag-ivana-vucinic","tag-uprava-za-saobracaj"],"acf":[],"yoast_head":"<!-- This site is optimized with the Yoast SEO plugin v27.4 - https:\/\/yoast.com\/product\/yoast-seo-wordpress\/ -->\n<title>(VIDEO) Na Bulevaru Vojislavljevi\u0107a problemi na vodovodnoj mre\u017ei, radi se na kompletnoj komunalnoj infrastrukturi - dmcsrb.com<\/title>\n<meta name=\"robots\" content=\"index, follow, max-snippet:-1, max-image-preview:large, max-video-preview:-1\" \/>\n<link rel=\"canonical\" href=\"https:\/\/dmcsrb.com\/en\/podgorica\/video-na-bulevaru-vojislavljevica-problemi-na-vodovodnoj-mrezi-radi-se-na-kompletnoj-komunalnoj-infrastrukturi\/\" \/>\n<meta property=\"og:locale\" content=\"en_GB\" \/>\n<meta property=\"og:type\" content=\"article\" \/>\n<meta property=\"og:title\" content=\"(VIDEO) Na Bulevaru Vojislavljevi\u0107a problemi na vodovodnoj mre\u017ei, radi se na kompletnoj komunalnoj infrastrukturi - dmcsrb.com\" \/>\n<meta property=\"og:description\" content=\"Rekonstrukcija Bulevara Vojislavljevi\u0107a na Zabjelu traje ve\u0107 mjesecima, ali stanovnici ovog dijela Podgorice tvrde da se na terenu ne vide zna\u010dajniji pomaci. Dok se suo\u010davaju sa ote\u017eanim prilazom svojim domovima i lokalima, mje\u0161tani poru\u010duju da svakodnevno trpe zbog radova. Nadle\u017eni, me\u0111utim, isti\u010du da je rije\u010d o slo\u017eenom projektu koji zahtijeva kompletno ure\u0111enje komunalne infrastrukture.\" \/>\n<meta property=\"og:url\" content=\"https:\/\/dmcsrb.com\/en\/podgorica\/video-na-bulevaru-vojislavljevica-problemi-na-vodovodnoj-mrezi-radi-se-na-kompletnoj-komunalnoj-infrastrukturi\/\" \/>\n<meta property=\"og:site_name\" content=\"dmcsrb.com\" \/>\n<meta property=\"article:published_time\" content=\"2025-11-29T17:07:00+00:00\" \/>\n<meta property=\"og:image\" content=\"https:\/\/dmcsrb.com\/wp-content\/uploads\/2026\/01\/Bulevar-Vojislavljevica-radovi-novembar-2025.-foto-rtv-podgorica.webp\" \/>\n\t<meta property=\"og:image:width\" content=\"1557\" \/>\n\t<meta property=\"og:image:height\" content=\"752\" \/>\n\t<meta property=\"og:image:type\" content=\"image\/jpeg\" \/>\n<meta name=\"author\" content=\"dmcsrbija.com@gmail.com\" \/>\n<meta name=\"twitter:card\" content=\"summary_large_image\" \/>\n<meta name=\"twitter:label1\" content=\"Written by\" \/>\n\t<meta name=\"twitter:data1\" content=\"dmcsrbija.com@gmail.com\" \/>\n\t<meta name=\"twitter:label2\" content=\"Estimated reading time\" \/>\n\t<meta name=\"twitter:data2\" content=\"1 minute\" \/>\n<script type=\"application\/ld+json\" class=\"yoast-schema-graph\">{\"@context\":\"https:\\\/\\\/schema.org\",\"@graph\":[{\"@type\":\"Article\",\"@id\":\"https:\\\/\\\/dmcsrb.com\\\/podgorica\\\/video-na-bulevaru-vojislavljevica-problemi-na-vodovodnoj-mrezi-radi-se-na-kompletnoj-komunalnoj-infrastrukturi\\\/#article\",\"isPartOf\":{\"@id\":\"https:\\\/\\\/dmcsrb.com\\\/podgorica\\\/video-na-bulevaru-vojislavljevica-problemi-na-vodovodnoj-mrezi-radi-se-na-kompletnoj-komunalnoj-infrastrukturi\\\/\"},\"author\":{\"name\":\"dmcsrbija.com@gmail.com\",\"@id\":\"https:\\\/\\\/dmcsrb.com\\\/#\\\/schema\\\/person\\\/5c39170f12db1b8b457732d0b5c854e2\"},\"headline\":\"(VIDEO) Na Bulevaru Vojislavljevi\u0107a problemi na vodovodnoj mre\u017ei, radi se na kompletnoj komunalnoj infrastrukturi\",\"datePublished\":\"2025-11-29T17:07:00+00:00\",\"mainEntityOfPage\":{\"@id\":\"https:\\\/\\\/dmcsrb.com\\\/podgorica\\\/video-na-bulevaru-vojislavljevica-problemi-na-vodovodnoj-mrezi-radi-se-na-kompletnoj-komunalnoj-infrastrukturi\\\/\"},\"wordCount\":312,\"commentCount\":0,\"image\":{\"@id\":\"https:\\\/\\\/dmcsrb.com\\\/podgorica\\\/video-na-bulevaru-vojislavljevica-problemi-na-vodovodnoj-mrezi-radi-se-na-kompletnoj-komunalnoj-infrastrukturi\\\/#primaryimage\"},\"thumbnailUrl\":\"https:\\\/\\\/dmcsrb.com\\\/wp-content\\\/uploads\\\/2026\\\/01\\\/Bulevar-Vojislavljevica-radovi-novembar-2025.-foto-rtv-podgorica.webp\",\"keywords\":[\"Bulevar Vojislavljevi\u0107a\",\"Ivana Vu\u010dini\u0107\",\"uprava za saobra\u0107aj\"],\"articleSection\":[\"Podgorica\"],\"inLanguage\":\"en-GB\",\"potentialAction\":[{\"@type\":\"CommentAction\",\"name\":\"Comment\",\"target\":[\"https:\\\/\\\/dmcsrb.com\\\/podgorica\\\/video-na-bulevaru-vojislavljevica-problemi-na-vodovodnoj-mrezi-radi-se-na-kompletnoj-komunalnoj-infrastrukturi\\\/#respond\"]}]},{\"@type\":\"WebPage\",\"@id\":\"https:\\\/\\\/dmcsrb.com\\\/podgorica\\\/video-na-bulevaru-vojislavljevica-problemi-na-vodovodnoj-mrezi-radi-se-na-kompletnoj-komunalnoj-infrastrukturi\\\/\",\"url\":\"https:\\\/\\\/dmcsrb.com\\\/podgorica\\\/video-na-bulevaru-vojislavljevica-problemi-na-vodovodnoj-mrezi-radi-se-na-kompletnoj-komunalnoj-infrastrukturi\\\/\",\"name\":\"(VIDEO) Na Bulevaru Vojislavljevi\u0107a problemi na vodovodnoj mre\u017ei, radi se na kompletnoj komunalnoj infrastrukturi - dmcsrb.com\",\"isPartOf\":{\"@id\":\"https:\\\/\\\/dmcsrb.com\\\/#website\"},\"primaryImageOfPage\":{\"@id\":\"https:\\\/\\\/dmcsrb.com\\\/podgorica\\\/video-na-bulevaru-vojislavljevica-problemi-na-vodovodnoj-mrezi-radi-se-na-kompletnoj-komunalnoj-infrastrukturi\\\/#primaryimage\"},\"image\":{\"@id\":\"https:\\\/\\\/dmcsrb.com\\\/podgorica\\\/video-na-bulevaru-vojislavljevica-problemi-na-vodovodnoj-mrezi-radi-se-na-kompletnoj-komunalnoj-infrastrukturi\\\/#primaryimage\"},\"thumbnailUrl\":\"https:\\\/\\\/dmcsrb.com\\\/wp-content\\\/uploads\\\/2026\\\/01\\\/Bulevar-Vojislavljevica-radovi-novembar-2025.-foto-rtv-podgorica.webp\",\"datePublished\":\"2025-11-29T17:07:00+00:00\",\"author\":{\"@id\":\"https:\\\/\\\/dmcsrb.com\\\/#\\\/schema\\\/person\\\/5c39170f12db1b8b457732d0b5c854e2\"},\"breadcrumb\":{\"@id\":\"https:\\\/\\\/dmcsrb.com\\\/podgorica\\\/video-na-bulevaru-vojislavljevica-problemi-na-vodovodnoj-mrezi-radi-se-na-kompletnoj-komunalnoj-infrastrukturi\\\/#breadcrumb\"},\"inLanguage\":\"en-GB\",\"potentialAction\":[{\"@type\":\"ReadAction\",\"target\":[\"https:\\\/\\\/dmcsrb.com\\\/podgorica\\\/video-na-bulevaru-vojislavljevica-problemi-na-vodovodnoj-mrezi-radi-se-na-kompletnoj-komunalnoj-infrastrukturi\\\/\"]}]},{\"@type\":\"ImageObject\",\"inLanguage\":\"en-GB\",\"@id\":\"https:\\\/\\\/dmcsrb.com\\\/podgorica\\\/video-na-bulevaru-vojislavljevica-problemi-na-vodovodnoj-mrezi-radi-se-na-kompletnoj-komunalnoj-infrastrukturi\\\/#primaryimage\",\"url\":\"https:\\\/\\\/dmcsrb.com\\\/wp-content\\\/uploads\\\/2026\\\/01\\\/Bulevar-Vojislavljevica-radovi-novembar-2025.-foto-rtv-podgorica.webp\",\"contentUrl\":\"https:\\\/\\\/dmcsrb.com\\\/wp-content\\\/uploads\\\/2026\\\/01\\\/Bulevar-Vojislavljevica-radovi-novembar-2025.-foto-rtv-podgorica.webp\",\"width\":1557,\"height\":752},{\"@type\":\"BreadcrumbList\",\"@id\":\"https:\\\/\\\/dmcsrb.com\\\/podgorica\\\/video-na-bulevaru-vojislavljevica-problemi-na-vodovodnoj-mrezi-radi-se-na-kompletnoj-komunalnoj-infrastrukturi\\\/#breadcrumb\",\"itemListElement\":[{\"@type\":\"ListItem\",\"position\":1,\"name\":\"Home\",\"item\":\"https:\\\/\\\/dmcsrb.com\\\/\"},{\"@type\":\"ListItem\",\"position\":2,\"name\":\"(VIDEO) Na Bulevaru Vojislavljevi\u0107a problemi na vodovodnoj mre\u017ei, radi se na kompletnoj komunalnoj infrastrukturi\"}]},{\"@type\":\"WebSite\",\"@id\":\"https:\\\/\\\/dmcsrb.com\\\/#website\",\"url\":\"https:\\\/\\\/dmcsrb.com\\\/\",\"name\":\"dmcsrb.com\",\"description\":\"\",\"potentialAction\":[{\"@type\":\"SearchAction\",\"target\":{\"@type\":\"EntryPoint\",\"urlTemplate\":\"https:\\\/\\\/dmcsrb.com\\\/?s={search_term_string}\"},\"query-input\":{\"@type\":\"PropertyValueSpecification\",\"valueRequired\":true,\"valueName\":\"search_term_string\"}}],\"inLanguage\":\"en-GB\"},{\"@type\":\"Person\",\"@id\":\"https:\\\/\\\/dmcsrb.com\\\/#\\\/schema\\\/person\\\/5c39170f12db1b8b457732d0b5c854e2\",\"name\":\"dmcsrbija.com@gmail.com\",\"image\":{\"@type\":\"ImageObject\",\"inLanguage\":\"en-GB\",\"@id\":\"https:\\\/\\\/secure.gravatar.com\\\/avatar\\\/68592660ad6347fad0fb587f8d5d8f1a7b44961362f56e4f2cd524feb87e9069?s=96&d=mm&r=g\",\"url\":\"https:\\\/\\\/secure.gravatar.com\\\/avatar\\\/68592660ad6347fad0fb587f8d5d8f1a7b44961362f56e4f2cd524feb87e9069?s=96&d=mm&r=g\",\"contentUrl\":\"https:\\\/\\\/secure.gravatar.com\\\/avatar\\\/68592660ad6347fad0fb587f8d5d8f1a7b44961362f56e4f2cd524feb87e9069?s=96&d=mm&r=g\",\"caption\":\"dmcsrbija.com@gmail.com\"},\"sameAs\":[\"https:\\\/\\\/dmcsrb.com\"],\"url\":\"https:\\\/\\\/dmcsrb.com\\\/en\\\/author\\\/dmcsrbija-comgmail-com\\\/\"}]}<\/script>\n<!-- \/ Yoast SEO plugin. -->","yoast_head_json":{"title":"(VIDEO) Na Bulevaru Vojislavljevi\u0107a problemi na vodovodnoj mre\u017ei, radi se na kompletnoj komunalnoj infrastrukturi - dmcsrb.com","robots":{"index":"index","follow":"follow","max-snippet":"max-snippet:-1","max-image-preview":"max-image-preview:large","max-video-preview":"max-video-preview:-1"},"canonical":"https:\/\/dmcsrb.com\/en\/podgorica\/video-na-bulevaru-vojislavljevica-problemi-na-vodovodnoj-mrezi-radi-se-na-kompletnoj-komunalnoj-infrastrukturi\/","og_locale":"en_GB","og_type":"article","og_title":"(VIDEO) Na Bulevaru Vojislavljevi\u0107a problemi na vodovodnoj mre\u017ei, radi se na kompletnoj komunalnoj infrastrukturi - dmcsrb.com","og_description":"Rekonstrukcija Bulevara Vojislavljevi\u0107a na Zabjelu traje ve\u0107 mjesecima, ali stanovnici ovog dijela Podgorice tvrde da se na terenu ne vide zna\u010dajniji pomaci. Dok se suo\u010davaju sa ote\u017eanim prilazom svojim domovima i lokalima, mje\u0161tani poru\u010duju da svakodnevno trpe zbog radova. Nadle\u017eni, me\u0111utim, isti\u010du da je rije\u010d o slo\u017eenom projektu koji zahtijeva kompletno ure\u0111enje komunalne infrastrukture.","og_url":"https:\/\/dmcsrb.com\/en\/podgorica\/video-na-bulevaru-vojislavljevica-problemi-na-vodovodnoj-mrezi-radi-se-na-kompletnoj-komunalnoj-infrastrukturi\/","og_site_name":"dmcsrb.com","article_published_time":"2025-11-29T17:07:00+00:00","og_image":[{"width":1557,"height":752,"url":"https:\/\/dmcsrb.com\/wp-content\/uploads\/2026\/01\/Bulevar-Vojislavljevica-radovi-novembar-2025.-foto-rtv-podgorica.webp","type":"image\/jpeg"}],"author":"dmcsrbija.com@gmail.com","twitter_card":"summary_large_image","twitter_misc":{"Written by":"dmcsrbija.com@gmail.com","Estimated reading time":"1 minute"},"schema":{"@context":"https:\/\/schema.org","@graph":[{"@type":"Article","@id":"https:\/\/dmcsrb.com\/podgorica\/video-na-bulevaru-vojislavljevica-problemi-na-vodovodnoj-mrezi-radi-se-na-kompletnoj-komunalnoj-infrastrukturi\/#article","isPartOf":{"@id":"https:\/\/dmcsrb.com\/podgorica\/video-na-bulevaru-vojislavljevica-problemi-na-vodovodnoj-mrezi-radi-se-na-kompletnoj-komunalnoj-infrastrukturi\/"},"author":{"name":"dmcsrbija.com@gmail.com","@id":"https:\/\/dmcsrb.com\/#\/schema\/person\/5c39170f12db1b8b457732d0b5c854e2"},"headline":"(VIDEO) Na Bulevaru Vojislavljevi\u0107a problemi na vodovodnoj mre\u017ei, radi se na kompletnoj komunalnoj infrastrukturi","datePublished":"2025-11-29T17:07:00+00:00","mainEntityOfPage":{"@id":"https:\/\/dmcsrb.com\/podgorica\/video-na-bulevaru-vojislavljevica-problemi-na-vodovodnoj-mrezi-radi-se-na-kompletnoj-komunalnoj-infrastrukturi\/"},"wordCount":312,"commentCount":0,"image":{"@id":"https:\/\/dmcsrb.com\/podgorica\/video-na-bulevaru-vojislavljevica-problemi-na-vodovodnoj-mrezi-radi-se-na-kompletnoj-komunalnoj-infrastrukturi\/#primaryimage"},"thumbnailUrl":"https:\/\/dmcsrb.com\/wp-content\/uploads\/2026\/01\/Bulevar-Vojislavljevica-radovi-novembar-2025.-foto-rtv-podgorica.webp","keywords":["Bulevar Vojislavljevi\u0107a","Ivana Vu\u010dini\u0107","uprava za saobra\u0107aj"],"articleSection":["Podgorica"],"inLanguage":"en-GB","potentialAction":[{"@type":"CommentAction","name":"Comment","target":["https:\/\/dmcsrb.com\/podgorica\/video-na-bulevaru-vojislavljevica-problemi-na-vodovodnoj-mrezi-radi-se-na-kompletnoj-komunalnoj-infrastrukturi\/#respond"]}]},{"@type":"WebPage","@id":"https:\/\/dmcsrb.com\/podgorica\/video-na-bulevaru-vojislavljevica-problemi-na-vodovodnoj-mrezi-radi-se-na-kompletnoj-komunalnoj-infrastrukturi\/","url":"https:\/\/dmcsrb.com\/podgorica\/video-na-bulevaru-vojislavljevica-problemi-na-vodovodnoj-mrezi-radi-se-na-kompletnoj-komunalnoj-infrastrukturi\/","name":"(VIDEO) Na Bulevaru Vojislavljevi\u0107a problemi na vodovodnoj mre\u017ei, radi se na kompletnoj komunalnoj infrastrukturi - dmcsrb.com","isPartOf":{"@id":"https:\/\/dmcsrb.com\/#website"},"primaryImageOfPage":{"@id":"https:\/\/dmcsrb.com\/podgorica\/video-na-bulevaru-vojislavljevica-problemi-na-vodovodnoj-mrezi-radi-se-na-kompletnoj-komunalnoj-infrastrukturi\/#primaryimage"},"image":{"@id":"https:\/\/dmcsrb.com\/podgorica\/video-na-bulevaru-vojislavljevica-problemi-na-vodovodnoj-mrezi-radi-se-na-kompletnoj-komunalnoj-infrastrukturi\/#primaryimage"},"thumbnailUrl":"https:\/\/dmcsrb.com\/wp-content\/uploads\/2026\/01\/Bulevar-Vojislavljevica-radovi-novembar-2025.-foto-rtv-podgorica.webp","datePublished":"2025-11-29T17:07:00+00:00","author":{"@id":"https:\/\/dmcsrb.com\/#\/schema\/person\/5c39170f12db1b8b457732d0b5c854e2"},"breadcrumb":{"@id":"https:\/\/dmcsrb.com\/podgorica\/video-na-bulevaru-vojislavljevica-problemi-na-vodovodnoj-mrezi-radi-se-na-kompletnoj-komunalnoj-infrastrukturi\/#breadcrumb"},"inLanguage":"en-GB","potentialAction":[{"@type":"ReadAction","target":["https:\/\/dmcsrb.com\/podgorica\/video-na-bulevaru-vojislavljevica-problemi-na-vodovodnoj-mrezi-radi-se-na-kompletnoj-komunalnoj-infrastrukturi\/"]}]},{"@type":"ImageObject","inLanguage":"en-GB","@id":"https:\/\/dmcsrb.com\/podgorica\/video-na-bulevaru-vojislavljevica-problemi-na-vodovodnoj-mrezi-radi-se-na-kompletnoj-komunalnoj-infrastrukturi\/#primaryimage","url":"https:\/\/dmcsrb.com\/wp-content\/uploads\/2026\/01\/Bulevar-Vojislavljevica-radovi-novembar-2025.-foto-rtv-podgorica.webp","contentUrl":"https:\/\/dmcsrb.com\/wp-content\/uploads\/2026\/01\/Bulevar-Vojislavljevica-radovi-novembar-2025.-foto-rtv-podgorica.webp","width":1557,"height":752},{"@type":"BreadcrumbList","@id":"https:\/\/dmcsrb.com\/podgorica\/video-na-bulevaru-vojislavljevica-problemi-na-vodovodnoj-mrezi-radi-se-na-kompletnoj-komunalnoj-infrastrukturi\/#breadcrumb","itemListElement":[{"@type":"ListItem","position":1,"name":"Home","item":"https:\/\/dmcsrb.com\/"},{"@type":"ListItem","position":2,"name":"(VIDEO) Na Bulevaru Vojislavljevi\u0107a problemi na vodovodnoj mre\u017ei, radi se na kompletnoj komunalnoj infrastrukturi"}]},{"@type":"WebSite","@id":"https:\/\/dmcsrb.com\/#website","url":"https:\/\/dmcsrb.com\/","name":"dmcsrb.com","description":"","potentialAction":[{"@type":"SearchAction","target":{"@type":"EntryPoint","urlTemplate":"https:\/\/dmcsrb.com\/?s={search_term_string}"},"query-input":{"@type":"PropertyValueSpecification","valueRequired":true,"valueName":"search_term_string"}}],"inLanguage":"en-GB"},{"@type":"Person","@id":"https:\/\/dmcsrb.com\/#\/schema\/person\/5c39170f12db1b8b457732d0b5c854e2","name":"dmcsrbija.com@gmail.com","image":{"@type":"ImageObject","inLanguage":"en-GB","@id":"https:\/\/secure.gravatar.com\/avatar\/68592660ad6347fad0fb587f8d5d8f1a7b44961362f56e4f2cd524feb87e9069?s=96&d=mm&r=g","url":"https:\/\/secure.gravatar.com\/avatar\/68592660ad6347fad0fb587f8d5d8f1a7b44961362f56e4f2cd524feb87e9069?s=96&d=mm&r=g","contentUrl":"https:\/\/secure.gravatar.com\/avatar\/68592660ad6347fad0fb587f8d5d8f1a7b44961362f56e4f2cd524feb87e9069?s=96&d=mm&r=g","caption":"dmcsrbija.com@gmail.com"},"sameAs":["https:\/\/dmcsrb.com"],"url":"https:\/\/dmcsrb.com\/en\/author\/dmcsrbija-comgmail-com\/"}]}},"_links":{"self":[{"href":"https:\/\/dmcsrb.com\/en\/wp-json\/wp\/v2\/posts\/966431","targetHints":{"allow":["GET"]}}],"collection":[{"href":"https:\/\/dmcsrb.com\/en\/wp-json\/wp\/v2\/posts"}],"about":[{"href":"https:\/\/dmcsrb.com\/en\/wp-json\/wp\/v2\/types\/post"}],"author":[{"embeddable":true,"href":"https:\/\/dmcsrb.com\/en\/wp-json\/wp\/v2\/users\/1"}],"replies":[{"embeddable":true,"href":"https:\/\/dmcsrb.com\/en\/wp-json\/wp\/v2\/comments?post=966431"}],"version-history":[{"count":0,"href":"https:\/\/dmcsrb.com\/en\/wp-json\/wp\/v2\/posts\/966431\/revisions"}],"wp:featuredmedia":[{"embeddable":true,"href":"https:\/\/dmcsrb.com\/en\/wp-json\/wp\/v2\/media\/966432"}],"wp:attachment":[{"href":"https:\/\/dmcsrb.com\/en\/wp-json\/wp\/v2\/media?parent=966431"}],"wp:term":[{"taxonomy":"category","embeddable":true,"href":"https:\/\/dmcsrb.com\/en\/wp-json\/wp\/v2\/categories?post=966431"},{"taxonomy":"post_tag","embeddable":true,"href":"https:\/\/dmcsrb.com\/en\/wp-json\/wp\/v2\/tags?post=966431"},{"taxonomy":"naslovna","embeddable":true,"href":"https:\/\/dmcsrb.com\/en\/wp-json\/wp\/v2\/naslovna?post=966431"}],"curies":[{"name":"wp","href":"https:\/\/api.w.org\/{rel}","templated":true}]}}