{"id":966426,"date":"2025-11-29T16:22:00","date_gmt":"2025-11-29T15:22:00","guid":{"rendered":"https:\/\/dmcsrb.com\/uncategorized\/paunovic-titula-evropske-prijestonice-mladih-priznanje-ali-i-velika-obaveza\/"},"modified":"2025-11-29T16:22:00","modified_gmt":"2025-11-29T15:22:00","slug":"paunovic-titula-evropske-prijestonice-mladih-priznanje-ali-i-velika-obaveza","status":"publish","type":"post","link":"https:\/\/dmcsrb.com\/en\/podgorica\/paunovic-titula-evropske-prijestonice-mladih-priznanje-ali-i-velika-obaveza\/","title":{"rendered":"Paunovi\u0107: Titula Evropske prijestonice mladih priznanje, ali i velika obaveza"},"content":{"rendered":"<p><\/p>\n\n\n\n<p>Ova titula, kako je rekao, osim \u0161to je priznanje, predstavlja i veliku obavezu.<\/p>\n\n\n\n<p>\u201cU naredne dvije godine moramo stvoriti sve potrebne uslove da 2028. do\u010dekamo spremni i potpuno posve\u0107eni mladima. Poseban je ponos biti najmla\u0111i odbornik aktuelnog saziva Skup\u0161tine Glavnog grada upravo u trenutku kada Podgorica posti\u017ee ovakve rezultate: od ove istorijske titule, preko dugo o\u010dekivanih izmjena Zakona o visokom obrazovanju na dr\u017eavnom nivou, pa do uvo\u0111enja besplatnog gradskog prevoza za u\u010denike osnovnih i srednjih \u0161kola, pove\u0107anje studentskih stipendija i projekta \u201eGradski stan\u201c namijenjenog mladima koji godinama ne mogu rije\u0161iti stambeno pitanje\u201d, naveo je Paunovi\u0107.<\/p>\n\n\n\n<p>Sve su to, ka\u017ee, konkretni koraci koji mijenjaju \u017eivot mladih u na\u0161em gradu.<\/p>\n\n\n\n<p>\u201cGodina 2028. bi\u0107e godina u kojoj \u0107e Podgorica biti Evropska prijestonica mladih, a Crna Gora nova \u010dlanica Evropske unije. To \u0107e biti jedna od najzna\u010dajnijih godina u novijoj istoriji na\u0161e dr\u017eave\u201d, zaklju\u010dio je Paunovi\u0107.<\/p>","protected":false},"excerpt":{"rendered":"<p>\u010cinjenica da je Podgorica sino\u0107, u sna\u017enoj konkurenciji, osvojila titulu Evropske prijestonice mladih za 2028. godinu, na ceremoniji odr\u017eanoj u Lavovu, \u0161alje jasnu poruku da je dana\u0161nja uprava Glavnog grada, zajedno sa omladinskim organizacijama i civilnim sektorom, spremna da planira, odbrani i zaslu\u017ei projekte od evropskog zna\u010daja, saop\u0161tio je predsjednik Kluba odbornika Demokrata i predsjednik Mladih Demokrata,\u00a0Mitar Paunovi\u0107.<\/p>","protected":false},"author":1,"featured_media":914287,"comment_status":"open","ping_status":"open","sticky":false,"template":"","format":"standard","meta":{"_acf_changed":false,"footnotes":""},"categories":[56],"tags":[2475,15817],"naslovna":[],"class_list":["post-966426","post","type-post","status-publish","format-standard","has-post-thumbnail","hentry","category-podgorica","tag-mitar-paunovic","tag-podgorica-evropska-prijestonica-mladih"],"acf":[],"yoast_head":"<!-- This site is optimized with the Yoast SEO plugin v27.4 - https:\/\/yoast.com\/product\/yoast-seo-wordpress\/ -->\n<title>Paunovi\u0107: Titula Evropske prijestonice mladih priznanje, ali i velika obaveza - dmcsrb.com<\/title>\n<meta name=\"robots\" content=\"index, follow, max-snippet:-1, max-image-preview:large, max-video-preview:-1\" \/>\n<link rel=\"canonical\" href=\"https:\/\/dmcsrb.com\/en\/podgorica\/paunovic-titula-evropske-prijestonice-mladih-priznanje-ali-i-velika-obaveza\/\" \/>\n<meta property=\"og:locale\" content=\"en_GB\" \/>\n<meta property=\"og:type\" content=\"article\" \/>\n<meta property=\"og:title\" content=\"Paunovi\u0107: Titula Evropske prijestonice mladih priznanje, ali i velika obaveza - dmcsrb.com\" \/>\n<meta property=\"og:description\" content=\"\u010cinjenica da je Podgorica sino\u0107, u sna\u017enoj konkurenciji, osvojila titulu Evropske prijestonice mladih za 2028. godinu, na ceremoniji odr\u017eanoj u Lavovu, \u0161alje jasnu poruku da je dana\u0161nja uprava Glavnog grada, zajedno sa omladinskim organizacijama i civilnim sektorom, spremna da planira, odbrani i zaslu\u017ei projekte od evropskog zna\u010daja, saop\u0161tio je predsjednik Kluba odbornika Demokrata i predsjednik Mladih Demokrata,\u00a0Mitar Paunovi\u0107.\" \/>\n<meta property=\"og:url\" content=\"https:\/\/dmcsrb.com\/en\/podgorica\/paunovic-titula-evropske-prijestonice-mladih-priznanje-ali-i-velika-obaveza\/\" \/>\n<meta property=\"og:site_name\" content=\"dmcsrb.com\" \/>\n<meta property=\"article:published_time\" content=\"2025-11-29T15:22:00+00:00\" \/>\n<meta property=\"og:image\" content=\"https:\/\/dmcsrb.com\/wp-content\/uploads\/2026\/01\/paunovic-1.jpg\" \/>\n\t<meta property=\"og:image:width\" content=\"1579\" \/>\n\t<meta property=\"og:image:height\" content=\"893\" \/>\n\t<meta property=\"og:image:type\" content=\"image\/jpeg\" \/>\n<meta name=\"author\" content=\"dmcsrbija.com@gmail.com\" \/>\n<meta name=\"twitter:card\" content=\"summary_large_image\" \/>\n<meta name=\"twitter:label1\" content=\"Written by\" \/>\n\t<meta name=\"twitter:data1\" content=\"dmcsrbija.com@gmail.com\" \/>\n\t<meta name=\"twitter:label2\" content=\"Estimated reading time\" \/>\n\t<meta name=\"twitter:data2\" content=\"1 minute\" \/>\n<script type=\"application\/ld+json\" class=\"yoast-schema-graph\">{\"@context\":\"https:\\\/\\\/schema.org\",\"@graph\":[{\"@type\":\"Article\",\"@id\":\"https:\\\/\\\/dmcsrb.com\\\/en\\\/podgorica\\\/paunovic-titula-evropske-prijestonice-mladih-priznanje-ali-i-velika-obaveza\\\/#article\",\"isPartOf\":{\"@id\":\"https:\\\/\\\/dmcsrb.com\\\/en\\\/podgorica\\\/paunovic-titula-evropske-prijestonice-mladih-priznanje-ali-i-velika-obaveza\\\/\"},\"author\":{\"name\":\"dmcsrbija.com@gmail.com\",\"@id\":\"https:\\\/\\\/dmcsrb.com\\\/#\\\/schema\\\/person\\\/5c39170f12db1b8b457732d0b5c854e2\"},\"headline\":\"Paunovi\u0107: Titula Evropske prijestonice mladih priznanje, ali i velika obaveza\",\"datePublished\":\"2025-11-29T15:22:00+00:00\",\"mainEntityOfPage\":{\"@id\":\"https:\\\/\\\/dmcsrb.com\\\/en\\\/podgorica\\\/paunovic-titula-evropske-prijestonice-mladih-priznanje-ali-i-velika-obaveza\\\/\"},\"wordCount\":168,\"commentCount\":0,\"image\":{\"@id\":\"https:\\\/\\\/dmcsrb.com\\\/en\\\/podgorica\\\/paunovic-titula-evropske-prijestonice-mladih-priznanje-ali-i-velika-obaveza\\\/#primaryimage\"},\"thumbnailUrl\":\"https:\\\/\\\/dmcsrb.com\\\/wp-content\\\/uploads\\\/2026\\\/01\\\/paunovic-1.jpg\",\"keywords\":[\"Mitar Paunovi\u0107\",\"Podgorica Evropska prijestonica mladih\"],\"articleSection\":[\"Podgorica\"],\"inLanguage\":\"en-GB\",\"potentialAction\":[{\"@type\":\"CommentAction\",\"name\":\"Comment\",\"target\":[\"https:\\\/\\\/dmcsrb.com\\\/en\\\/podgorica\\\/paunovic-titula-evropske-prijestonice-mladih-priznanje-ali-i-velika-obaveza\\\/#respond\"]}]},{\"@type\":\"WebPage\",\"@id\":\"https:\\\/\\\/dmcsrb.com\\\/en\\\/podgorica\\\/paunovic-titula-evropske-prijestonice-mladih-priznanje-ali-i-velika-obaveza\\\/\",\"url\":\"https:\\\/\\\/dmcsrb.com\\\/en\\\/podgorica\\\/paunovic-titula-evropske-prijestonice-mladih-priznanje-ali-i-velika-obaveza\\\/\",\"name\":\"Paunovi\u0107: Titula Evropske prijestonice mladih priznanje, ali i velika obaveza - dmcsrb.com\",\"isPartOf\":{\"@id\":\"https:\\\/\\\/dmcsrb.com\\\/#website\"},\"primaryImageOfPage\":{\"@id\":\"https:\\\/\\\/dmcsrb.com\\\/en\\\/podgorica\\\/paunovic-titula-evropske-prijestonice-mladih-priznanje-ali-i-velika-obaveza\\\/#primaryimage\"},\"image\":{\"@id\":\"https:\\\/\\\/dmcsrb.com\\\/en\\\/podgorica\\\/paunovic-titula-evropske-prijestonice-mladih-priznanje-ali-i-velika-obaveza\\\/#primaryimage\"},\"thumbnailUrl\":\"https:\\\/\\\/dmcsrb.com\\\/wp-content\\\/uploads\\\/2026\\\/01\\\/paunovic-1.jpg\",\"datePublished\":\"2025-11-29T15:22:00+00:00\",\"author\":{\"@id\":\"https:\\\/\\\/dmcsrb.com\\\/#\\\/schema\\\/person\\\/5c39170f12db1b8b457732d0b5c854e2\"},\"breadcrumb\":{\"@id\":\"https:\\\/\\\/dmcsrb.com\\\/en\\\/podgorica\\\/paunovic-titula-evropske-prijestonice-mladih-priznanje-ali-i-velika-obaveza\\\/#breadcrumb\"},\"inLanguage\":\"en-GB\",\"potentialAction\":[{\"@type\":\"ReadAction\",\"target\":[\"https:\\\/\\\/dmcsrb.com\\\/en\\\/podgorica\\\/paunovic-titula-evropske-prijestonice-mladih-priznanje-ali-i-velika-obaveza\\\/\"]}]},{\"@type\":\"ImageObject\",\"inLanguage\":\"en-GB\",\"@id\":\"https:\\\/\\\/dmcsrb.com\\\/en\\\/podgorica\\\/paunovic-titula-evropske-prijestonice-mladih-priznanje-ali-i-velika-obaveza\\\/#primaryimage\",\"url\":\"https:\\\/\\\/dmcsrb.com\\\/wp-content\\\/uploads\\\/2026\\\/01\\\/paunovic-1.jpg\",\"contentUrl\":\"https:\\\/\\\/dmcsrb.com\\\/wp-content\\\/uploads\\\/2026\\\/01\\\/paunovic-1.jpg\",\"width\":1579,\"height\":893},{\"@type\":\"BreadcrumbList\",\"@id\":\"https:\\\/\\\/dmcsrb.com\\\/en\\\/podgorica\\\/paunovic-titula-evropske-prijestonice-mladih-priznanje-ali-i-velika-obaveza\\\/#breadcrumb\",\"itemListElement\":[{\"@type\":\"ListItem\",\"position\":1,\"name\":\"Home\",\"item\":\"https:\\\/\\\/dmcsrb.com\\\/\"},{\"@type\":\"ListItem\",\"position\":2,\"name\":\"Paunovi\u0107: Titula Evropske prijestonice mladih priznanje, ali i velika obaveza\"}]},{\"@type\":\"WebSite\",\"@id\":\"https:\\\/\\\/dmcsrb.com\\\/#website\",\"url\":\"https:\\\/\\\/dmcsrb.com\\\/\",\"name\":\"dmcsrb.com\",\"description\":\"\",\"potentialAction\":[{\"@type\":\"SearchAction\",\"target\":{\"@type\":\"EntryPoint\",\"urlTemplate\":\"https:\\\/\\\/dmcsrb.com\\\/?s={search_term_string}\"},\"query-input\":{\"@type\":\"PropertyValueSpecification\",\"valueRequired\":true,\"valueName\":\"search_term_string\"}}],\"inLanguage\":\"en-GB\"},{\"@type\":\"Person\",\"@id\":\"https:\\\/\\\/dmcsrb.com\\\/#\\\/schema\\\/person\\\/5c39170f12db1b8b457732d0b5c854e2\",\"name\":\"dmcsrbija.com@gmail.com\",\"image\":{\"@type\":\"ImageObject\",\"inLanguage\":\"en-GB\",\"@id\":\"https:\\\/\\\/secure.gravatar.com\\\/avatar\\\/68592660ad6347fad0fb587f8d5d8f1a7b44961362f56e4f2cd524feb87e9069?s=96&d=mm&r=g\",\"url\":\"https:\\\/\\\/secure.gravatar.com\\\/avatar\\\/68592660ad6347fad0fb587f8d5d8f1a7b44961362f56e4f2cd524feb87e9069?s=96&d=mm&r=g\",\"contentUrl\":\"https:\\\/\\\/secure.gravatar.com\\\/avatar\\\/68592660ad6347fad0fb587f8d5d8f1a7b44961362f56e4f2cd524feb87e9069?s=96&d=mm&r=g\",\"caption\":\"dmcsrbija.com@gmail.com\"},\"sameAs\":[\"https:\\\/\\\/dmcsrb.com\"],\"url\":\"https:\\\/\\\/dmcsrb.com\\\/en\\\/author\\\/dmcsrbija-comgmail-com\\\/\"}]}<\/script>\n<!-- \/ Yoast SEO plugin. -->","yoast_head_json":{"title":"Paunovi\u0107: Titula Evropske prijestonice mladih priznanje, ali i velika obaveza - dmcsrb.com","robots":{"index":"index","follow":"follow","max-snippet":"max-snippet:-1","max-image-preview":"max-image-preview:large","max-video-preview":"max-video-preview:-1"},"canonical":"https:\/\/dmcsrb.com\/en\/podgorica\/paunovic-titula-evropske-prijestonice-mladih-priznanje-ali-i-velika-obaveza\/","og_locale":"en_GB","og_type":"article","og_title":"Paunovi\u0107: Titula Evropske prijestonice mladih priznanje, ali i velika obaveza - dmcsrb.com","og_description":"\u010cinjenica da je Podgorica sino\u0107, u sna\u017enoj konkurenciji, osvojila titulu Evropske prijestonice mladih za 2028. godinu, na ceremoniji odr\u017eanoj u Lavovu, \u0161alje jasnu poruku da je dana\u0161nja uprava Glavnog grada, zajedno sa omladinskim organizacijama i civilnim sektorom, spremna da planira, odbrani i zaslu\u017ei projekte od evropskog zna\u010daja, saop\u0161tio je predsjednik Kluba odbornika Demokrata i predsjednik Mladih Demokrata,\u00a0Mitar Paunovi\u0107.","og_url":"https:\/\/dmcsrb.com\/en\/podgorica\/paunovic-titula-evropske-prijestonice-mladih-priznanje-ali-i-velika-obaveza\/","og_site_name":"dmcsrb.com","article_published_time":"2025-11-29T15:22:00+00:00","og_image":[{"width":1579,"height":893,"url":"https:\/\/dmcsrb.com\/wp-content\/uploads\/2026\/01\/paunovic-1.jpg","type":"image\/jpeg"}],"author":"dmcsrbija.com@gmail.com","twitter_card":"summary_large_image","twitter_misc":{"Written by":"dmcsrbija.com@gmail.com","Estimated reading time":"1 minute"},"schema":{"@context":"https:\/\/schema.org","@graph":[{"@type":"Article","@id":"https:\/\/dmcsrb.com\/en\/podgorica\/paunovic-titula-evropske-prijestonice-mladih-priznanje-ali-i-velika-obaveza\/#article","isPartOf":{"@id":"https:\/\/dmcsrb.com\/en\/podgorica\/paunovic-titula-evropske-prijestonice-mladih-priznanje-ali-i-velika-obaveza\/"},"author":{"name":"dmcsrbija.com@gmail.com","@id":"https:\/\/dmcsrb.com\/#\/schema\/person\/5c39170f12db1b8b457732d0b5c854e2"},"headline":"Paunovi\u0107: Titula Evropske prijestonice mladih priznanje, ali i velika obaveza","datePublished":"2025-11-29T15:22:00+00:00","mainEntityOfPage":{"@id":"https:\/\/dmcsrb.com\/en\/podgorica\/paunovic-titula-evropske-prijestonice-mladih-priznanje-ali-i-velika-obaveza\/"},"wordCount":168,"commentCount":0,"image":{"@id":"https:\/\/dmcsrb.com\/en\/podgorica\/paunovic-titula-evropske-prijestonice-mladih-priznanje-ali-i-velika-obaveza\/#primaryimage"},"thumbnailUrl":"https:\/\/dmcsrb.com\/wp-content\/uploads\/2026\/01\/paunovic-1.jpg","keywords":["Mitar Paunovi\u0107","Podgorica Evropska prijestonica mladih"],"articleSection":["Podgorica"],"inLanguage":"en-GB","potentialAction":[{"@type":"CommentAction","name":"Comment","target":["https:\/\/dmcsrb.com\/en\/podgorica\/paunovic-titula-evropske-prijestonice-mladih-priznanje-ali-i-velika-obaveza\/#respond"]}]},{"@type":"WebPage","@id":"https:\/\/dmcsrb.com\/en\/podgorica\/paunovic-titula-evropske-prijestonice-mladih-priznanje-ali-i-velika-obaveza\/","url":"https:\/\/dmcsrb.com\/en\/podgorica\/paunovic-titula-evropske-prijestonice-mladih-priznanje-ali-i-velika-obaveza\/","name":"Paunovi\u0107: Titula Evropske prijestonice mladih priznanje, ali i velika obaveza - dmcsrb.com","isPartOf":{"@id":"https:\/\/dmcsrb.com\/#website"},"primaryImageOfPage":{"@id":"https:\/\/dmcsrb.com\/en\/podgorica\/paunovic-titula-evropske-prijestonice-mladih-priznanje-ali-i-velika-obaveza\/#primaryimage"},"image":{"@id":"https:\/\/dmcsrb.com\/en\/podgorica\/paunovic-titula-evropske-prijestonice-mladih-priznanje-ali-i-velika-obaveza\/#primaryimage"},"thumbnailUrl":"https:\/\/dmcsrb.com\/wp-content\/uploads\/2026\/01\/paunovic-1.jpg","datePublished":"2025-11-29T15:22:00+00:00","author":{"@id":"https:\/\/dmcsrb.com\/#\/schema\/person\/5c39170f12db1b8b457732d0b5c854e2"},"breadcrumb":{"@id":"https:\/\/dmcsrb.com\/en\/podgorica\/paunovic-titula-evropske-prijestonice-mladih-priznanje-ali-i-velika-obaveza\/#breadcrumb"},"inLanguage":"en-GB","potentialAction":[{"@type":"ReadAction","target":["https:\/\/dmcsrb.com\/en\/podgorica\/paunovic-titula-evropske-prijestonice-mladih-priznanje-ali-i-velika-obaveza\/"]}]},{"@type":"ImageObject","inLanguage":"en-GB","@id":"https:\/\/dmcsrb.com\/en\/podgorica\/paunovic-titula-evropske-prijestonice-mladih-priznanje-ali-i-velika-obaveza\/#primaryimage","url":"https:\/\/dmcsrb.com\/wp-content\/uploads\/2026\/01\/paunovic-1.jpg","contentUrl":"https:\/\/dmcsrb.com\/wp-content\/uploads\/2026\/01\/paunovic-1.jpg","width":1579,"height":893},{"@type":"BreadcrumbList","@id":"https:\/\/dmcsrb.com\/en\/podgorica\/paunovic-titula-evropske-prijestonice-mladih-priznanje-ali-i-velika-obaveza\/#breadcrumb","itemListElement":[{"@type":"ListItem","position":1,"name":"Home","item":"https:\/\/dmcsrb.com\/"},{"@type":"ListItem","position":2,"name":"Paunovi\u0107: Titula Evropske prijestonice mladih priznanje, ali i velika obaveza"}]},{"@type":"WebSite","@id":"https:\/\/dmcsrb.com\/#website","url":"https:\/\/dmcsrb.com\/","name":"dmcsrb.com","description":"","potentialAction":[{"@type":"SearchAction","target":{"@type":"EntryPoint","urlTemplate":"https:\/\/dmcsrb.com\/?s={search_term_string}"},"query-input":{"@type":"PropertyValueSpecification","valueRequired":true,"valueName":"search_term_string"}}],"inLanguage":"en-GB"},{"@type":"Person","@id":"https:\/\/dmcsrb.com\/#\/schema\/person\/5c39170f12db1b8b457732d0b5c854e2","name":"dmcsrbija.com@gmail.com","image":{"@type":"ImageObject","inLanguage":"en-GB","@id":"https:\/\/secure.gravatar.com\/avatar\/68592660ad6347fad0fb587f8d5d8f1a7b44961362f56e4f2cd524feb87e9069?s=96&d=mm&r=g","url":"https:\/\/secure.gravatar.com\/avatar\/68592660ad6347fad0fb587f8d5d8f1a7b44961362f56e4f2cd524feb87e9069?s=96&d=mm&r=g","contentUrl":"https:\/\/secure.gravatar.com\/avatar\/68592660ad6347fad0fb587f8d5d8f1a7b44961362f56e4f2cd524feb87e9069?s=96&d=mm&r=g","caption":"dmcsrbija.com@gmail.com"},"sameAs":["https:\/\/dmcsrb.com"],"url":"https:\/\/dmcsrb.com\/en\/author\/dmcsrbija-comgmail-com\/"}]}},"_links":{"self":[{"href":"https:\/\/dmcsrb.com\/en\/wp-json\/wp\/v2\/posts\/966426","targetHints":{"allow":["GET"]}}],"collection":[{"href":"https:\/\/dmcsrb.com\/en\/wp-json\/wp\/v2\/posts"}],"about":[{"href":"https:\/\/dmcsrb.com\/en\/wp-json\/wp\/v2\/types\/post"}],"author":[{"embeddable":true,"href":"https:\/\/dmcsrb.com\/en\/wp-json\/wp\/v2\/users\/1"}],"replies":[{"embeddable":true,"href":"https:\/\/dmcsrb.com\/en\/wp-json\/wp\/v2\/comments?post=966426"}],"version-history":[{"count":0,"href":"https:\/\/dmcsrb.com\/en\/wp-json\/wp\/v2\/posts\/966426\/revisions"}],"wp:featuredmedia":[{"embeddable":true,"href":"https:\/\/dmcsrb.com\/en\/wp-json\/wp\/v2\/media\/914287"}],"wp:attachment":[{"href":"https:\/\/dmcsrb.com\/en\/wp-json\/wp\/v2\/media?parent=966426"}],"wp:term":[{"taxonomy":"category","embeddable":true,"href":"https:\/\/dmcsrb.com\/en\/wp-json\/wp\/v2\/categories?post=966426"},{"taxonomy":"post_tag","embeddable":true,"href":"https:\/\/dmcsrb.com\/en\/wp-json\/wp\/v2\/tags?post=966426"},{"taxonomy":"naslovna","embeddable":true,"href":"https:\/\/dmcsrb.com\/en\/wp-json\/wp\/v2\/naslovna?post=966426"}],"curies":[{"name":"wp","href":"https:\/\/api.w.org\/{rel}","templated":true}]}}