{"id":966373,"date":"2025-11-29T12:55:00","date_gmt":"2025-11-29T11:55:00","guid":{"rendered":"https:\/\/dmcsrb.com\/uncategorized\/ivan-boskovic-ucestvovao-na-bjelopoljskom-sportskom-forumu\/"},"modified":"2025-11-29T12:55:00","modified_gmt":"2025-11-29T11:55:00","slug":"ivan-boskovic-ucestvovao-na-bjelopoljskom-sportskom-forumu","status":"publish","type":"post","link":"https:\/\/dmcsrb.com\/en\/sport\/ivan-boskovic-ucestvovao-na-bjelopoljskom-sportskom-forumu\/","title":{"rendered":"Ivan Bo\u0161kovi\u0107 u\u010destvovao na Bjelopoljskom sportskom forumu"},"content":{"rendered":"<p>Generalni sekretar Odbojka\u0161kog saveza Crne Gore,&nbsp;<strong>Ivan Bo\u0161kovi\u0107<\/strong>, bio je panelista na temu \u201cPlaniranje i organizacija sportskih doga\u0111aja\u201d, u okviru koje je prisutnima prenio svoja iskustva organizacije najve\u0107ih takmi\u010denja koje je Odbojka\u0161ki savez Crne Gore organizovao u prethodnom periodu. Bo\u0161kovi\u0107 je tokom panela podijelio i planove OSCG da aplicira za organizaciju Evropskog prvenstva 2028. godine, kao i izazove koji na\u0161 savez o\u010dekuju u slu\u010daju dobijanja organizacije najve\u0107eg doga\u0111aja u istoriji crnogorske odbojke i jednog od najve\u0107ih takmi\u010denja u Crnoj Gori generalno.<\/p>\n\n\n\n<p>Zajedno sa generalnim sekretarom OSCG, govornici na ovom panelu bili su i proslavljena rukometa\u0161ica i osvaja\u010dica olimpijske medalje\u00a0<strong>Milena Rai\u010devi\u0107<\/strong>,\u00a0<strong>Igor Majer<\/strong>\u00a0ispred \u201cMultisport Akademije Majer\u201d i\u00a0<strong>Petar Mati\u0107<\/strong>, menad\u017eer logistike \u201cBeogradskog maratona\u201d.<\/p>\n\n\n\n<p>Direktor JU Centar za sport i rekreaciju,&nbsp;<strong>Marko Maslovari\u0107<\/strong>, otvorio je forum i zahvalio se Op\u0161tini Bijelo Polje i Crnogorskom olimpijskom komitetu na podr\u0161ci.<\/p>\n\n\n\n<p>Zamjenica generalnog sekretara Crnogorskog olimpijskog komiteta,&nbsp;<strong>Maja Pekovi\u0107<\/strong>, kazala je da joj je \u010dast jer je u gradu koji cijeni sport i sportiste.<\/p>\n\n\n\n<p>Nakon uvodnih obra\u0107anja, odr\u017eao se panel ,,Izazovi u organizaciji MOSI\u201c na kojem su govorili u\u010desnik i osvaja\u010d medalja na MOSI&nbsp;<strong>Milovan Novovi\u0107<\/strong>, novinar dnevnog lista DAN, predstavnik MOSI U\u017eice 2024,&nbsp;<strong>Dragi\u0161a Kuzmanovi\u0107<\/strong>, i predstavnik MOSI Pljevlja 2017,&nbsp;<strong>Borjan D\u017eogaz<\/strong>.<\/p>\n\n\n\n<p>Forumu je prisustvovao i&nbsp;<strong>Ivan Je\u010dmenica<\/strong>, direktor mu\u0161kih reprezentacija OSCG, kao i predstavnici OK \u201cJedinstvo\u201d, dok su na otvaranju bili i&nbsp;<strong>Petar Smolovi\u0107<\/strong>, predsjednik op\u0161tine Bijelo Polje i&nbsp;<strong>Selma Omerovi\u0107<\/strong>, predsjednica Skup\u0161tine op\u0161tine Bijelo Polje.<\/p>","protected":false},"excerpt":{"rendered":"<p>Bjelopoljski sportski forum, \u0161esti po redu, odr\u017eao se ju\u010de i danas u Event centru \u201cZoe\u201d i teretani JU Centra za sport i rekreaciju u Bijelom Polju, u prisustvu brojnih imena iz svijeta sporta. U okviru ovogodi\u0161njeg foruma, prisutni su imali priliku da slu\u0161aju predavanja i prate panel diskusije, a sve u cilju popularizacije sporta.<\/p>","protected":false},"author":1,"featured_media":966374,"comment_status":"open","ping_status":"open","sticky":false,"template":"","format":"standard","meta":{"_acf_changed":false,"footnotes":""},"categories":[148],"tags":[15829,2374],"naslovna":[],"class_list":["post-966373","post","type-post","status-publish","format-standard","has-post-thumbnail","hentry","category-sport","tag-bjelopoljski-sportski-forum","tag-ivan-boskovic"],"acf":[],"yoast_head":"<!-- This site is optimized with the Yoast SEO plugin v27.4 - https:\/\/yoast.com\/product\/yoast-seo-wordpress\/ -->\n<title>Ivan Bo\u0161kovi\u0107 u\u010destvovao na Bjelopoljskom sportskom forumu - dmcsrb.com<\/title>\n<meta name=\"robots\" content=\"index, follow, max-snippet:-1, max-image-preview:large, max-video-preview:-1\" \/>\n<link rel=\"canonical\" href=\"https:\/\/dmcsrb.com\/en\/sport\/ivan-boskovic-ucestvovao-na-bjelopoljskom-sportskom-forumu\/\" \/>\n<meta property=\"og:locale\" content=\"en_GB\" \/>\n<meta property=\"og:type\" content=\"article\" \/>\n<meta property=\"og:title\" content=\"Ivan Bo\u0161kovi\u0107 u\u010destvovao na Bjelopoljskom sportskom forumu - dmcsrb.com\" \/>\n<meta property=\"og:description\" content=\"Bjelopoljski sportski forum, \u0161esti po redu, odr\u017eao se ju\u010de i danas u Event centru \u201cZoe\u201d i teretani JU Centra za sport i rekreaciju u Bijelom Polju, u prisustvu brojnih imena iz svijeta sporta. U okviru ovogodi\u0161njeg foruma, prisutni su imali priliku da slu\u0161aju predavanja i prate panel diskusije, a sve u cilju popularizacije sporta.\" \/>\n<meta property=\"og:url\" content=\"https:\/\/dmcsrb.com\/en\/sport\/ivan-boskovic-ucestvovao-na-bjelopoljskom-sportskom-forumu\/\" \/>\n<meta property=\"og:site_name\" content=\"dmcsrb.com\" \/>\n<meta property=\"article:published_time\" content=\"2025-11-29T11:55:00+00:00\" \/>\n<meta property=\"og:image\" content=\"https:\/\/dmcsrb.com\/wp-content\/uploads\/2026\/01\/Boskovic-JU-Centar-za-sport-i-rekreaciju-Bijelo-Polje.webp\" \/>\n\t<meta property=\"og:image:width\" content=\"2000\" \/>\n\t<meta property=\"og:image:height\" content=\"1451\" \/>\n\t<meta property=\"og:image:type\" content=\"image\/jpeg\" \/>\n<meta name=\"author\" content=\"dmcsrbija.com@gmail.com\" \/>\n<meta name=\"twitter:card\" content=\"summary_large_image\" \/>\n<meta name=\"twitter:label1\" content=\"Written by\" \/>\n\t<meta name=\"twitter:data1\" content=\"dmcsrbija.com@gmail.com\" \/>\n\t<meta name=\"twitter:label2\" content=\"Estimated reading time\" \/>\n\t<meta name=\"twitter:data2\" content=\"1 minute\" \/>\n<script type=\"application\/ld+json\" class=\"yoast-schema-graph\">{\"@context\":\"https:\\\/\\\/schema.org\",\"@graph\":[{\"@type\":\"Article\",\"@id\":\"https:\\\/\\\/dmcsrb.com\\\/sport\\\/ivan-boskovic-ucestvovao-na-bjelopoljskom-sportskom-forumu\\\/#article\",\"isPartOf\":{\"@id\":\"https:\\\/\\\/dmcsrb.com\\\/sport\\\/ivan-boskovic-ucestvovao-na-bjelopoljskom-sportskom-forumu\\\/\"},\"author\":{\"name\":\"dmcsrbija.com@gmail.com\",\"@id\":\"https:\\\/\\\/dmcsrb.com\\\/#\\\/schema\\\/person\\\/5c39170f12db1b8b457732d0b5c854e2\"},\"headline\":\"Ivan Bo\u0161kovi\u0107 u\u010destvovao na Bjelopoljskom sportskom forumu\",\"datePublished\":\"2025-11-29T11:55:00+00:00\",\"mainEntityOfPage\":{\"@id\":\"https:\\\/\\\/dmcsrb.com\\\/sport\\\/ivan-boskovic-ucestvovao-na-bjelopoljskom-sportskom-forumu\\\/\"},\"wordCount\":280,\"commentCount\":0,\"image\":{\"@id\":\"https:\\\/\\\/dmcsrb.com\\\/sport\\\/ivan-boskovic-ucestvovao-na-bjelopoljskom-sportskom-forumu\\\/#primaryimage\"},\"thumbnailUrl\":\"https:\\\/\\\/dmcsrb.com\\\/wp-content\\\/uploads\\\/2026\\\/01\\\/Boskovic-JU-Centar-za-sport-i-rekreaciju-Bijelo-Polje.webp\",\"keywords\":[\"Bjelopoljski sportski forum\",\"Ivan Bo\u0161kovi\u0107\"],\"articleSection\":[\"Sport\"],\"inLanguage\":\"en-GB\",\"potentialAction\":[{\"@type\":\"CommentAction\",\"name\":\"Comment\",\"target\":[\"https:\\\/\\\/dmcsrb.com\\\/sport\\\/ivan-boskovic-ucestvovao-na-bjelopoljskom-sportskom-forumu\\\/#respond\"]}]},{\"@type\":\"WebPage\",\"@id\":\"https:\\\/\\\/dmcsrb.com\\\/sport\\\/ivan-boskovic-ucestvovao-na-bjelopoljskom-sportskom-forumu\\\/\",\"url\":\"https:\\\/\\\/dmcsrb.com\\\/sport\\\/ivan-boskovic-ucestvovao-na-bjelopoljskom-sportskom-forumu\\\/\",\"name\":\"Ivan Bo\u0161kovi\u0107 u\u010destvovao na Bjelopoljskom sportskom forumu - dmcsrb.com\",\"isPartOf\":{\"@id\":\"https:\\\/\\\/dmcsrb.com\\\/#website\"},\"primaryImageOfPage\":{\"@id\":\"https:\\\/\\\/dmcsrb.com\\\/sport\\\/ivan-boskovic-ucestvovao-na-bjelopoljskom-sportskom-forumu\\\/#primaryimage\"},\"image\":{\"@id\":\"https:\\\/\\\/dmcsrb.com\\\/sport\\\/ivan-boskovic-ucestvovao-na-bjelopoljskom-sportskom-forumu\\\/#primaryimage\"},\"thumbnailUrl\":\"https:\\\/\\\/dmcsrb.com\\\/wp-content\\\/uploads\\\/2026\\\/01\\\/Boskovic-JU-Centar-za-sport-i-rekreaciju-Bijelo-Polje.webp\",\"datePublished\":\"2025-11-29T11:55:00+00:00\",\"author\":{\"@id\":\"https:\\\/\\\/dmcsrb.com\\\/#\\\/schema\\\/person\\\/5c39170f12db1b8b457732d0b5c854e2\"},\"breadcrumb\":{\"@id\":\"https:\\\/\\\/dmcsrb.com\\\/sport\\\/ivan-boskovic-ucestvovao-na-bjelopoljskom-sportskom-forumu\\\/#breadcrumb\"},\"inLanguage\":\"en-GB\",\"potentialAction\":[{\"@type\":\"ReadAction\",\"target\":[\"https:\\\/\\\/dmcsrb.com\\\/sport\\\/ivan-boskovic-ucestvovao-na-bjelopoljskom-sportskom-forumu\\\/\"]}]},{\"@type\":\"ImageObject\",\"inLanguage\":\"en-GB\",\"@id\":\"https:\\\/\\\/dmcsrb.com\\\/sport\\\/ivan-boskovic-ucestvovao-na-bjelopoljskom-sportskom-forumu\\\/#primaryimage\",\"url\":\"https:\\\/\\\/dmcsrb.com\\\/wp-content\\\/uploads\\\/2026\\\/01\\\/Boskovic-JU-Centar-za-sport-i-rekreaciju-Bijelo-Polje.webp\",\"contentUrl\":\"https:\\\/\\\/dmcsrb.com\\\/wp-content\\\/uploads\\\/2026\\\/01\\\/Boskovic-JU-Centar-za-sport-i-rekreaciju-Bijelo-Polje.webp\",\"width\":2000,\"height\":1451},{\"@type\":\"BreadcrumbList\",\"@id\":\"https:\\\/\\\/dmcsrb.com\\\/sport\\\/ivan-boskovic-ucestvovao-na-bjelopoljskom-sportskom-forumu\\\/#breadcrumb\",\"itemListElement\":[{\"@type\":\"ListItem\",\"position\":1,\"name\":\"Home\",\"item\":\"https:\\\/\\\/dmcsrb.com\\\/\"},{\"@type\":\"ListItem\",\"position\":2,\"name\":\"Ivan Bo\u0161kovi\u0107 u\u010destvovao na Bjelopoljskom sportskom forumu\"}]},{\"@type\":\"WebSite\",\"@id\":\"https:\\\/\\\/dmcsrb.com\\\/#website\",\"url\":\"https:\\\/\\\/dmcsrb.com\\\/\",\"name\":\"dmcsrb.com\",\"description\":\"\",\"potentialAction\":[{\"@type\":\"SearchAction\",\"target\":{\"@type\":\"EntryPoint\",\"urlTemplate\":\"https:\\\/\\\/dmcsrb.com\\\/?s={search_term_string}\"},\"query-input\":{\"@type\":\"PropertyValueSpecification\",\"valueRequired\":true,\"valueName\":\"search_term_string\"}}],\"inLanguage\":\"en-GB\"},{\"@type\":\"Person\",\"@id\":\"https:\\\/\\\/dmcsrb.com\\\/#\\\/schema\\\/person\\\/5c39170f12db1b8b457732d0b5c854e2\",\"name\":\"dmcsrbija.com@gmail.com\",\"image\":{\"@type\":\"ImageObject\",\"inLanguage\":\"en-GB\",\"@id\":\"https:\\\/\\\/secure.gravatar.com\\\/avatar\\\/68592660ad6347fad0fb587f8d5d8f1a7b44961362f56e4f2cd524feb87e9069?s=96&d=mm&r=g\",\"url\":\"https:\\\/\\\/secure.gravatar.com\\\/avatar\\\/68592660ad6347fad0fb587f8d5d8f1a7b44961362f56e4f2cd524feb87e9069?s=96&d=mm&r=g\",\"contentUrl\":\"https:\\\/\\\/secure.gravatar.com\\\/avatar\\\/68592660ad6347fad0fb587f8d5d8f1a7b44961362f56e4f2cd524feb87e9069?s=96&d=mm&r=g\",\"caption\":\"dmcsrbija.com@gmail.com\"},\"sameAs\":[\"https:\\\/\\\/dmcsrb.com\"],\"url\":\"https:\\\/\\\/dmcsrb.com\\\/en\\\/author\\\/dmcsrbija-comgmail-com\\\/\"}]}<\/script>\n<!-- \/ Yoast SEO plugin. -->","yoast_head_json":{"title":"Ivan Bo\u0161kovi\u0107 u\u010destvovao na Bjelopoljskom sportskom forumu - dmcsrb.com","robots":{"index":"index","follow":"follow","max-snippet":"max-snippet:-1","max-image-preview":"max-image-preview:large","max-video-preview":"max-video-preview:-1"},"canonical":"https:\/\/dmcsrb.com\/en\/sport\/ivan-boskovic-ucestvovao-na-bjelopoljskom-sportskom-forumu\/","og_locale":"en_GB","og_type":"article","og_title":"Ivan Bo\u0161kovi\u0107 u\u010destvovao na Bjelopoljskom sportskom forumu - dmcsrb.com","og_description":"Bjelopoljski sportski forum, \u0161esti po redu, odr\u017eao se ju\u010de i danas u Event centru \u201cZoe\u201d i teretani JU Centra za sport i rekreaciju u Bijelom Polju, u prisustvu brojnih imena iz svijeta sporta. U okviru ovogodi\u0161njeg foruma, prisutni su imali priliku da slu\u0161aju predavanja i prate panel diskusije, a sve u cilju popularizacije sporta.","og_url":"https:\/\/dmcsrb.com\/en\/sport\/ivan-boskovic-ucestvovao-na-bjelopoljskom-sportskom-forumu\/","og_site_name":"dmcsrb.com","article_published_time":"2025-11-29T11:55:00+00:00","og_image":[{"width":2000,"height":1451,"url":"https:\/\/dmcsrb.com\/wp-content\/uploads\/2026\/01\/Boskovic-JU-Centar-za-sport-i-rekreaciju-Bijelo-Polje.webp","type":"image\/jpeg"}],"author":"dmcsrbija.com@gmail.com","twitter_card":"summary_large_image","twitter_misc":{"Written by":"dmcsrbija.com@gmail.com","Estimated reading time":"1 minute"},"schema":{"@context":"https:\/\/schema.org","@graph":[{"@type":"Article","@id":"https:\/\/dmcsrb.com\/sport\/ivan-boskovic-ucestvovao-na-bjelopoljskom-sportskom-forumu\/#article","isPartOf":{"@id":"https:\/\/dmcsrb.com\/sport\/ivan-boskovic-ucestvovao-na-bjelopoljskom-sportskom-forumu\/"},"author":{"name":"dmcsrbija.com@gmail.com","@id":"https:\/\/dmcsrb.com\/#\/schema\/person\/5c39170f12db1b8b457732d0b5c854e2"},"headline":"Ivan Bo\u0161kovi\u0107 u\u010destvovao na Bjelopoljskom sportskom forumu","datePublished":"2025-11-29T11:55:00+00:00","mainEntityOfPage":{"@id":"https:\/\/dmcsrb.com\/sport\/ivan-boskovic-ucestvovao-na-bjelopoljskom-sportskom-forumu\/"},"wordCount":280,"commentCount":0,"image":{"@id":"https:\/\/dmcsrb.com\/sport\/ivan-boskovic-ucestvovao-na-bjelopoljskom-sportskom-forumu\/#primaryimage"},"thumbnailUrl":"https:\/\/dmcsrb.com\/wp-content\/uploads\/2026\/01\/Boskovic-JU-Centar-za-sport-i-rekreaciju-Bijelo-Polje.webp","keywords":["Bjelopoljski sportski forum","Ivan Bo\u0161kovi\u0107"],"articleSection":["Sport"],"inLanguage":"en-GB","potentialAction":[{"@type":"CommentAction","name":"Comment","target":["https:\/\/dmcsrb.com\/sport\/ivan-boskovic-ucestvovao-na-bjelopoljskom-sportskom-forumu\/#respond"]}]},{"@type":"WebPage","@id":"https:\/\/dmcsrb.com\/sport\/ivan-boskovic-ucestvovao-na-bjelopoljskom-sportskom-forumu\/","url":"https:\/\/dmcsrb.com\/sport\/ivan-boskovic-ucestvovao-na-bjelopoljskom-sportskom-forumu\/","name":"Ivan Bo\u0161kovi\u0107 u\u010destvovao na Bjelopoljskom sportskom forumu - dmcsrb.com","isPartOf":{"@id":"https:\/\/dmcsrb.com\/#website"},"primaryImageOfPage":{"@id":"https:\/\/dmcsrb.com\/sport\/ivan-boskovic-ucestvovao-na-bjelopoljskom-sportskom-forumu\/#primaryimage"},"image":{"@id":"https:\/\/dmcsrb.com\/sport\/ivan-boskovic-ucestvovao-na-bjelopoljskom-sportskom-forumu\/#primaryimage"},"thumbnailUrl":"https:\/\/dmcsrb.com\/wp-content\/uploads\/2026\/01\/Boskovic-JU-Centar-za-sport-i-rekreaciju-Bijelo-Polje.webp","datePublished":"2025-11-29T11:55:00+00:00","author":{"@id":"https:\/\/dmcsrb.com\/#\/schema\/person\/5c39170f12db1b8b457732d0b5c854e2"},"breadcrumb":{"@id":"https:\/\/dmcsrb.com\/sport\/ivan-boskovic-ucestvovao-na-bjelopoljskom-sportskom-forumu\/#breadcrumb"},"inLanguage":"en-GB","potentialAction":[{"@type":"ReadAction","target":["https:\/\/dmcsrb.com\/sport\/ivan-boskovic-ucestvovao-na-bjelopoljskom-sportskom-forumu\/"]}]},{"@type":"ImageObject","inLanguage":"en-GB","@id":"https:\/\/dmcsrb.com\/sport\/ivan-boskovic-ucestvovao-na-bjelopoljskom-sportskom-forumu\/#primaryimage","url":"https:\/\/dmcsrb.com\/wp-content\/uploads\/2026\/01\/Boskovic-JU-Centar-za-sport-i-rekreaciju-Bijelo-Polje.webp","contentUrl":"https:\/\/dmcsrb.com\/wp-content\/uploads\/2026\/01\/Boskovic-JU-Centar-za-sport-i-rekreaciju-Bijelo-Polje.webp","width":2000,"height":1451},{"@type":"BreadcrumbList","@id":"https:\/\/dmcsrb.com\/sport\/ivan-boskovic-ucestvovao-na-bjelopoljskom-sportskom-forumu\/#breadcrumb","itemListElement":[{"@type":"ListItem","position":1,"name":"Home","item":"https:\/\/dmcsrb.com\/"},{"@type":"ListItem","position":2,"name":"Ivan Bo\u0161kovi\u0107 u\u010destvovao na Bjelopoljskom sportskom forumu"}]},{"@type":"WebSite","@id":"https:\/\/dmcsrb.com\/#website","url":"https:\/\/dmcsrb.com\/","name":"dmcsrb.com","description":"","potentialAction":[{"@type":"SearchAction","target":{"@type":"EntryPoint","urlTemplate":"https:\/\/dmcsrb.com\/?s={search_term_string}"},"query-input":{"@type":"PropertyValueSpecification","valueRequired":true,"valueName":"search_term_string"}}],"inLanguage":"en-GB"},{"@type":"Person","@id":"https:\/\/dmcsrb.com\/#\/schema\/person\/5c39170f12db1b8b457732d0b5c854e2","name":"dmcsrbija.com@gmail.com","image":{"@type":"ImageObject","inLanguage":"en-GB","@id":"https:\/\/secure.gravatar.com\/avatar\/68592660ad6347fad0fb587f8d5d8f1a7b44961362f56e4f2cd524feb87e9069?s=96&d=mm&r=g","url":"https:\/\/secure.gravatar.com\/avatar\/68592660ad6347fad0fb587f8d5d8f1a7b44961362f56e4f2cd524feb87e9069?s=96&d=mm&r=g","contentUrl":"https:\/\/secure.gravatar.com\/avatar\/68592660ad6347fad0fb587f8d5d8f1a7b44961362f56e4f2cd524feb87e9069?s=96&d=mm&r=g","caption":"dmcsrbija.com@gmail.com"},"sameAs":["https:\/\/dmcsrb.com"],"url":"https:\/\/dmcsrb.com\/en\/author\/dmcsrbija-comgmail-com\/"}]}},"_links":{"self":[{"href":"https:\/\/dmcsrb.com\/en\/wp-json\/wp\/v2\/posts\/966373","targetHints":{"allow":["GET"]}}],"collection":[{"href":"https:\/\/dmcsrb.com\/en\/wp-json\/wp\/v2\/posts"}],"about":[{"href":"https:\/\/dmcsrb.com\/en\/wp-json\/wp\/v2\/types\/post"}],"author":[{"embeddable":true,"href":"https:\/\/dmcsrb.com\/en\/wp-json\/wp\/v2\/users\/1"}],"replies":[{"embeddable":true,"href":"https:\/\/dmcsrb.com\/en\/wp-json\/wp\/v2\/comments?post=966373"}],"version-history":[{"count":0,"href":"https:\/\/dmcsrb.com\/en\/wp-json\/wp\/v2\/posts\/966373\/revisions"}],"wp:featuredmedia":[{"embeddable":true,"href":"https:\/\/dmcsrb.com\/en\/wp-json\/wp\/v2\/media\/966374"}],"wp:attachment":[{"href":"https:\/\/dmcsrb.com\/en\/wp-json\/wp\/v2\/media?parent=966373"}],"wp:term":[{"taxonomy":"category","embeddable":true,"href":"https:\/\/dmcsrb.com\/en\/wp-json\/wp\/v2\/categories?post=966373"},{"taxonomy":"post_tag","embeddable":true,"href":"https:\/\/dmcsrb.com\/en\/wp-json\/wp\/v2\/tags?post=966373"},{"taxonomy":"naslovna","embeddable":true,"href":"https:\/\/dmcsrb.com\/en\/wp-json\/wp\/v2\/naslovna?post=966373"}],"curies":[{"name":"wp","href":"https:\/\/api.w.org\/{rel}","templated":true}]}}