{"id":966359,"date":"2025-11-29T12:19:11","date_gmt":"2025-11-29T11:19:11","guid":{"rendered":"https:\/\/dmcsrb.com\/uncategorized\/u-udesu-na-auto-putu-povrijedjene-dvije-osobe-uhapsen-jedan-od-vozaca\/"},"modified":"2025-11-29T12:19:11","modified_gmt":"2025-11-29T11:19:11","slug":"u-udesu-na-auto-putu-povrijedjene-dvije-osobe-uhapsen-jedan-od-vozaca","status":"publish","type":"post","link":"https:\/\/dmcsrb.com\/en\/hronika\/u-udesu-na-auto-putu-povrijedjene-dvije-osobe-uhapsen-jedan-od-vozaca\/","title":{"rendered":"U udesu na auto \u2013 putu povrije\u0111ene dvije osobe, uhap\u0161en jedan od voza\u010da"},"content":{"rendered":"<p><\/p>\n\n\n\n<p>U nesre\u0107i je u\u010destvovalo i drugo vozilo marke \u201eAudi\u201c, kojim je upravljao <strong>\u0160.N.<\/strong> (38), kre\u0107u\u0107i se iz pravca Kola\u0161ina ka Podgorici.<\/p>\n\n\n\n<p>Rukovoditeljka ODT-a u Kola\u0161inu <strong>Maja \u0160\u0107epanovi\u0107 <\/strong>saop\u0161tila je Pobjedi da je nakon uvi\u0111aja izdata naredba za hap\u0161enje \u0160.N. On se sumnji\u010di za te\u0161ko djelo protiv bezbjednosti saobra\u0107aja.<\/p>\n\n\n\n<p>Istraga o uzrocima nesre\u0107e je u toku.<\/p>","protected":false},"excerpt":{"rendered":"<p>Na auto-putu \u201ePrinceza Ksenija\u201c sino\u0107oko 21.30 \u010dasova dogodila se saobra\u0107ajna nezgoda u kojoj je povrije\u0111en L.M. (32) iz Podgoricei njegova saputnica R.J. On je upravljao vozilom marke \u201eAudi\u201c i kretao se iz pravca Podgorice ka Kola\u0161inu, saop\u0161teno je CdM-u iz policije.<\/p>","protected":false},"author":1,"featured_media":908982,"comment_status":"open","ping_status":"open","sticky":false,"template":"","format":"standard","meta":{"_acf_changed":false,"footnotes":""},"categories":[17],"tags":[3296,156],"naslovna":[],"class_list":["post-966359","post","type-post","status-publish","format-standard","has-post-thumbnail","hentry","category-hronika","tag-auto-put-2","tag-udes"],"acf":[],"yoast_head":"<!-- This site is optimized with the Yoast SEO plugin v27.4 - https:\/\/yoast.com\/product\/yoast-seo-wordpress\/ -->\n<title>U udesu na auto \u2013 putu povrije\u0111ene dvije osobe, uhap\u0161en jedan od voza\u010da - dmcsrb.com<\/title>\n<meta name=\"robots\" content=\"index, follow, max-snippet:-1, max-image-preview:large, max-video-preview:-1\" \/>\n<link rel=\"canonical\" href=\"https:\/\/dmcsrb.com\/en\/hronika\/u-udesu-na-auto-putu-povrijedjene-dvije-osobe-uhapsen-jedan-od-vozaca\/\" \/>\n<meta property=\"og:locale\" content=\"en_GB\" \/>\n<meta property=\"og:type\" content=\"article\" \/>\n<meta property=\"og:title\" content=\"U udesu na auto \u2013 putu povrije\u0111ene dvije osobe, uhap\u0161en jedan od voza\u010da - dmcsrb.com\" \/>\n<meta property=\"og:description\" content=\"Na auto-putu \u201ePrinceza Ksenija\u201c sino\u0107oko 21.30 \u010dasova dogodila se saobra\u0107ajna nezgoda u kojoj je povrije\u0111en L.M. (32) iz Podgoricei njegova saputnica R.J. On je upravljao vozilom marke \u201eAudi\u201c i kretao se iz pravca Podgorice ka Kola\u0161inu, saop\u0161teno je CdM-u iz policije.\" \/>\n<meta property=\"og:url\" content=\"https:\/\/dmcsrb.com\/en\/hronika\/u-udesu-na-auto-putu-povrijedjene-dvije-osobe-uhapsen-jedan-od-vozaca\/\" \/>\n<meta property=\"og:site_name\" content=\"dmcsrb.com\" \/>\n<meta property=\"article:published_time\" content=\"2025-11-29T11:19:11+00:00\" \/>\n<meta property=\"og:image\" content=\"https:\/\/dmcsrb.com\/wp-content\/uploads\/2026\/01\/policija-pg.jpg\" \/>\n\t<meta property=\"og:image:width\" content=\"1779\" \/>\n\t<meta property=\"og:image:height\" content=\"864\" \/>\n\t<meta property=\"og:image:type\" content=\"image\/jpeg\" \/>\n<meta name=\"author\" content=\"dmcsrbija.com@gmail.com\" \/>\n<meta name=\"twitter:card\" content=\"summary_large_image\" \/>\n<meta name=\"twitter:label1\" content=\"Written by\" \/>\n\t<meta name=\"twitter:data1\" content=\"dmcsrbija.com@gmail.com\" \/>\n<script type=\"application\/ld+json\" class=\"yoast-schema-graph\">{\"@context\":\"https:\\\/\\\/schema.org\",\"@graph\":[{\"@type\":\"Article\",\"@id\":\"https:\\\/\\\/dmcsrb.com\\\/hronika\\\/u-udesu-na-auto-putu-povrijedjene-dvije-osobe-uhapsen-jedan-od-vozaca\\\/#article\",\"isPartOf\":{\"@id\":\"https:\\\/\\\/dmcsrb.com\\\/hronika\\\/u-udesu-na-auto-putu-povrijedjene-dvije-osobe-uhapsen-jedan-od-vozaca\\\/\"},\"author\":{\"name\":\"dmcsrbija.com@gmail.com\",\"@id\":\"https:\\\/\\\/dmcsrb.com\\\/#\\\/schema\\\/person\\\/5c39170f12db1b8b457732d0b5c854e2\"},\"headline\":\"U udesu na auto \u2013 putu povrije\u0111ene dvije osobe, uhap\u0161en jedan od voza\u010da\",\"datePublished\":\"2025-11-29T11:19:11+00:00\",\"mainEntityOfPage\":{\"@id\":\"https:\\\/\\\/dmcsrb.com\\\/hronika\\\/u-udesu-na-auto-putu-povrijedjene-dvije-osobe-uhapsen-jedan-od-vozaca\\\/\"},\"wordCount\":82,\"commentCount\":0,\"image\":{\"@id\":\"https:\\\/\\\/dmcsrb.com\\\/hronika\\\/u-udesu-na-auto-putu-povrijedjene-dvije-osobe-uhapsen-jedan-od-vozaca\\\/#primaryimage\"},\"thumbnailUrl\":\"https:\\\/\\\/dmcsrb.com\\\/wp-content\\\/uploads\\\/2026\\\/01\\\/policija-pg.jpg\",\"keywords\":[\"auto-put\",\"udes\"],\"articleSection\":[\"Hronika\"],\"inLanguage\":\"en-GB\",\"potentialAction\":[{\"@type\":\"CommentAction\",\"name\":\"Comment\",\"target\":[\"https:\\\/\\\/dmcsrb.com\\\/hronika\\\/u-udesu-na-auto-putu-povrijedjene-dvije-osobe-uhapsen-jedan-od-vozaca\\\/#respond\"]}]},{\"@type\":\"WebPage\",\"@id\":\"https:\\\/\\\/dmcsrb.com\\\/hronika\\\/u-udesu-na-auto-putu-povrijedjene-dvije-osobe-uhapsen-jedan-od-vozaca\\\/\",\"url\":\"https:\\\/\\\/dmcsrb.com\\\/hronika\\\/u-udesu-na-auto-putu-povrijedjene-dvije-osobe-uhapsen-jedan-od-vozaca\\\/\",\"name\":\"U udesu na auto \u2013 putu povrije\u0111ene dvije osobe, uhap\u0161en jedan od voza\u010da - dmcsrb.com\",\"isPartOf\":{\"@id\":\"https:\\\/\\\/dmcsrb.com\\\/#website\"},\"primaryImageOfPage\":{\"@id\":\"https:\\\/\\\/dmcsrb.com\\\/hronika\\\/u-udesu-na-auto-putu-povrijedjene-dvije-osobe-uhapsen-jedan-od-vozaca\\\/#primaryimage\"},\"image\":{\"@id\":\"https:\\\/\\\/dmcsrb.com\\\/hronika\\\/u-udesu-na-auto-putu-povrijedjene-dvije-osobe-uhapsen-jedan-od-vozaca\\\/#primaryimage\"},\"thumbnailUrl\":\"https:\\\/\\\/dmcsrb.com\\\/wp-content\\\/uploads\\\/2026\\\/01\\\/policija-pg.jpg\",\"datePublished\":\"2025-11-29T11:19:11+00:00\",\"author\":{\"@id\":\"https:\\\/\\\/dmcsrb.com\\\/#\\\/schema\\\/person\\\/5c39170f12db1b8b457732d0b5c854e2\"},\"breadcrumb\":{\"@id\":\"https:\\\/\\\/dmcsrb.com\\\/hronika\\\/u-udesu-na-auto-putu-povrijedjene-dvije-osobe-uhapsen-jedan-od-vozaca\\\/#breadcrumb\"},\"inLanguage\":\"en-GB\",\"potentialAction\":[{\"@type\":\"ReadAction\",\"target\":[\"https:\\\/\\\/dmcsrb.com\\\/hronika\\\/u-udesu-na-auto-putu-povrijedjene-dvije-osobe-uhapsen-jedan-od-vozaca\\\/\"]}]},{\"@type\":\"ImageObject\",\"inLanguage\":\"en-GB\",\"@id\":\"https:\\\/\\\/dmcsrb.com\\\/hronika\\\/u-udesu-na-auto-putu-povrijedjene-dvije-osobe-uhapsen-jedan-od-vozaca\\\/#primaryimage\",\"url\":\"https:\\\/\\\/dmcsrb.com\\\/wp-content\\\/uploads\\\/2026\\\/01\\\/policija-pg.jpg\",\"contentUrl\":\"https:\\\/\\\/dmcsrb.com\\\/wp-content\\\/uploads\\\/2026\\\/01\\\/policija-pg.jpg\",\"width\":1779,\"height\":864},{\"@type\":\"BreadcrumbList\",\"@id\":\"https:\\\/\\\/dmcsrb.com\\\/hronika\\\/u-udesu-na-auto-putu-povrijedjene-dvije-osobe-uhapsen-jedan-od-vozaca\\\/#breadcrumb\",\"itemListElement\":[{\"@type\":\"ListItem\",\"position\":1,\"name\":\"Home\",\"item\":\"https:\\\/\\\/dmcsrb.com\\\/\"},{\"@type\":\"ListItem\",\"position\":2,\"name\":\"U udesu na auto \u2013 putu povrije\u0111ene dvije osobe, uhap\u0161en jedan od voza\u010da\"}]},{\"@type\":\"WebSite\",\"@id\":\"https:\\\/\\\/dmcsrb.com\\\/#website\",\"url\":\"https:\\\/\\\/dmcsrb.com\\\/\",\"name\":\"dmcsrb.com\",\"description\":\"\",\"potentialAction\":[{\"@type\":\"SearchAction\",\"target\":{\"@type\":\"EntryPoint\",\"urlTemplate\":\"https:\\\/\\\/dmcsrb.com\\\/?s={search_term_string}\"},\"query-input\":{\"@type\":\"PropertyValueSpecification\",\"valueRequired\":true,\"valueName\":\"search_term_string\"}}],\"inLanguage\":\"en-GB\"},{\"@type\":\"Person\",\"@id\":\"https:\\\/\\\/dmcsrb.com\\\/#\\\/schema\\\/person\\\/5c39170f12db1b8b457732d0b5c854e2\",\"name\":\"dmcsrbija.com@gmail.com\",\"image\":{\"@type\":\"ImageObject\",\"inLanguage\":\"en-GB\",\"@id\":\"https:\\\/\\\/secure.gravatar.com\\\/avatar\\\/68592660ad6347fad0fb587f8d5d8f1a7b44961362f56e4f2cd524feb87e9069?s=96&d=mm&r=g\",\"url\":\"https:\\\/\\\/secure.gravatar.com\\\/avatar\\\/68592660ad6347fad0fb587f8d5d8f1a7b44961362f56e4f2cd524feb87e9069?s=96&d=mm&r=g\",\"contentUrl\":\"https:\\\/\\\/secure.gravatar.com\\\/avatar\\\/68592660ad6347fad0fb587f8d5d8f1a7b44961362f56e4f2cd524feb87e9069?s=96&d=mm&r=g\",\"caption\":\"dmcsrbija.com@gmail.com\"},\"sameAs\":[\"https:\\\/\\\/dmcsrb.com\"],\"url\":\"https:\\\/\\\/dmcsrb.com\\\/en\\\/author\\\/dmcsrbija-comgmail-com\\\/\"}]}<\/script>\n<!-- \/ Yoast SEO plugin. -->","yoast_head_json":{"title":"U udesu na auto \u2013 putu povrije\u0111ene dvije osobe, uhap\u0161en jedan od voza\u010da - dmcsrb.com","robots":{"index":"index","follow":"follow","max-snippet":"max-snippet:-1","max-image-preview":"max-image-preview:large","max-video-preview":"max-video-preview:-1"},"canonical":"https:\/\/dmcsrb.com\/en\/hronika\/u-udesu-na-auto-putu-povrijedjene-dvije-osobe-uhapsen-jedan-od-vozaca\/","og_locale":"en_GB","og_type":"article","og_title":"U udesu na auto \u2013 putu povrije\u0111ene dvije osobe, uhap\u0161en jedan od voza\u010da - dmcsrb.com","og_description":"Na auto-putu \u201ePrinceza Ksenija\u201c sino\u0107oko 21.30 \u010dasova dogodila se saobra\u0107ajna nezgoda u kojoj je povrije\u0111en L.M. (32) iz Podgoricei njegova saputnica R.J. On je upravljao vozilom marke \u201eAudi\u201c i kretao se iz pravca Podgorice ka Kola\u0161inu, saop\u0161teno je CdM-u iz policije.","og_url":"https:\/\/dmcsrb.com\/en\/hronika\/u-udesu-na-auto-putu-povrijedjene-dvije-osobe-uhapsen-jedan-od-vozaca\/","og_site_name":"dmcsrb.com","article_published_time":"2025-11-29T11:19:11+00:00","og_image":[{"width":1779,"height":864,"url":"https:\/\/dmcsrb.com\/wp-content\/uploads\/2026\/01\/policija-pg.jpg","type":"image\/jpeg"}],"author":"dmcsrbija.com@gmail.com","twitter_card":"summary_large_image","twitter_misc":{"Written by":"dmcsrbija.com@gmail.com"},"schema":{"@context":"https:\/\/schema.org","@graph":[{"@type":"Article","@id":"https:\/\/dmcsrb.com\/hronika\/u-udesu-na-auto-putu-povrijedjene-dvije-osobe-uhapsen-jedan-od-vozaca\/#article","isPartOf":{"@id":"https:\/\/dmcsrb.com\/hronika\/u-udesu-na-auto-putu-povrijedjene-dvije-osobe-uhapsen-jedan-od-vozaca\/"},"author":{"name":"dmcsrbija.com@gmail.com","@id":"https:\/\/dmcsrb.com\/#\/schema\/person\/5c39170f12db1b8b457732d0b5c854e2"},"headline":"U udesu na auto \u2013 putu povrije\u0111ene dvije osobe, uhap\u0161en jedan od voza\u010da","datePublished":"2025-11-29T11:19:11+00:00","mainEntityOfPage":{"@id":"https:\/\/dmcsrb.com\/hronika\/u-udesu-na-auto-putu-povrijedjene-dvije-osobe-uhapsen-jedan-od-vozaca\/"},"wordCount":82,"commentCount":0,"image":{"@id":"https:\/\/dmcsrb.com\/hronika\/u-udesu-na-auto-putu-povrijedjene-dvije-osobe-uhapsen-jedan-od-vozaca\/#primaryimage"},"thumbnailUrl":"https:\/\/dmcsrb.com\/wp-content\/uploads\/2026\/01\/policija-pg.jpg","keywords":["auto-put","udes"],"articleSection":["Hronika"],"inLanguage":"en-GB","potentialAction":[{"@type":"CommentAction","name":"Comment","target":["https:\/\/dmcsrb.com\/hronika\/u-udesu-na-auto-putu-povrijedjene-dvije-osobe-uhapsen-jedan-od-vozaca\/#respond"]}]},{"@type":"WebPage","@id":"https:\/\/dmcsrb.com\/hronika\/u-udesu-na-auto-putu-povrijedjene-dvije-osobe-uhapsen-jedan-od-vozaca\/","url":"https:\/\/dmcsrb.com\/hronika\/u-udesu-na-auto-putu-povrijedjene-dvije-osobe-uhapsen-jedan-od-vozaca\/","name":"U udesu na auto \u2013 putu povrije\u0111ene dvije osobe, uhap\u0161en jedan od voza\u010da - dmcsrb.com","isPartOf":{"@id":"https:\/\/dmcsrb.com\/#website"},"primaryImageOfPage":{"@id":"https:\/\/dmcsrb.com\/hronika\/u-udesu-na-auto-putu-povrijedjene-dvije-osobe-uhapsen-jedan-od-vozaca\/#primaryimage"},"image":{"@id":"https:\/\/dmcsrb.com\/hronika\/u-udesu-na-auto-putu-povrijedjene-dvije-osobe-uhapsen-jedan-od-vozaca\/#primaryimage"},"thumbnailUrl":"https:\/\/dmcsrb.com\/wp-content\/uploads\/2026\/01\/policija-pg.jpg","datePublished":"2025-11-29T11:19:11+00:00","author":{"@id":"https:\/\/dmcsrb.com\/#\/schema\/person\/5c39170f12db1b8b457732d0b5c854e2"},"breadcrumb":{"@id":"https:\/\/dmcsrb.com\/hronika\/u-udesu-na-auto-putu-povrijedjene-dvije-osobe-uhapsen-jedan-od-vozaca\/#breadcrumb"},"inLanguage":"en-GB","potentialAction":[{"@type":"ReadAction","target":["https:\/\/dmcsrb.com\/hronika\/u-udesu-na-auto-putu-povrijedjene-dvije-osobe-uhapsen-jedan-od-vozaca\/"]}]},{"@type":"ImageObject","inLanguage":"en-GB","@id":"https:\/\/dmcsrb.com\/hronika\/u-udesu-na-auto-putu-povrijedjene-dvije-osobe-uhapsen-jedan-od-vozaca\/#primaryimage","url":"https:\/\/dmcsrb.com\/wp-content\/uploads\/2026\/01\/policija-pg.jpg","contentUrl":"https:\/\/dmcsrb.com\/wp-content\/uploads\/2026\/01\/policija-pg.jpg","width":1779,"height":864},{"@type":"BreadcrumbList","@id":"https:\/\/dmcsrb.com\/hronika\/u-udesu-na-auto-putu-povrijedjene-dvije-osobe-uhapsen-jedan-od-vozaca\/#breadcrumb","itemListElement":[{"@type":"ListItem","position":1,"name":"Home","item":"https:\/\/dmcsrb.com\/"},{"@type":"ListItem","position":2,"name":"U udesu na auto \u2013 putu povrije\u0111ene dvije osobe, uhap\u0161en jedan od voza\u010da"}]},{"@type":"WebSite","@id":"https:\/\/dmcsrb.com\/#website","url":"https:\/\/dmcsrb.com\/","name":"dmcsrb.com","description":"","potentialAction":[{"@type":"SearchAction","target":{"@type":"EntryPoint","urlTemplate":"https:\/\/dmcsrb.com\/?s={search_term_string}"},"query-input":{"@type":"PropertyValueSpecification","valueRequired":true,"valueName":"search_term_string"}}],"inLanguage":"en-GB"},{"@type":"Person","@id":"https:\/\/dmcsrb.com\/#\/schema\/person\/5c39170f12db1b8b457732d0b5c854e2","name":"dmcsrbija.com@gmail.com","image":{"@type":"ImageObject","inLanguage":"en-GB","@id":"https:\/\/secure.gravatar.com\/avatar\/68592660ad6347fad0fb587f8d5d8f1a7b44961362f56e4f2cd524feb87e9069?s=96&d=mm&r=g","url":"https:\/\/secure.gravatar.com\/avatar\/68592660ad6347fad0fb587f8d5d8f1a7b44961362f56e4f2cd524feb87e9069?s=96&d=mm&r=g","contentUrl":"https:\/\/secure.gravatar.com\/avatar\/68592660ad6347fad0fb587f8d5d8f1a7b44961362f56e4f2cd524feb87e9069?s=96&d=mm&r=g","caption":"dmcsrbija.com@gmail.com"},"sameAs":["https:\/\/dmcsrb.com"],"url":"https:\/\/dmcsrb.com\/en\/author\/dmcsrbija-comgmail-com\/"}]}},"_links":{"self":[{"href":"https:\/\/dmcsrb.com\/en\/wp-json\/wp\/v2\/posts\/966359","targetHints":{"allow":["GET"]}}],"collection":[{"href":"https:\/\/dmcsrb.com\/en\/wp-json\/wp\/v2\/posts"}],"about":[{"href":"https:\/\/dmcsrb.com\/en\/wp-json\/wp\/v2\/types\/post"}],"author":[{"embeddable":true,"href":"https:\/\/dmcsrb.com\/en\/wp-json\/wp\/v2\/users\/1"}],"replies":[{"embeddable":true,"href":"https:\/\/dmcsrb.com\/en\/wp-json\/wp\/v2\/comments?post=966359"}],"version-history":[{"count":0,"href":"https:\/\/dmcsrb.com\/en\/wp-json\/wp\/v2\/posts\/966359\/revisions"}],"wp:featuredmedia":[{"embeddable":true,"href":"https:\/\/dmcsrb.com\/en\/wp-json\/wp\/v2\/media\/908982"}],"wp:attachment":[{"href":"https:\/\/dmcsrb.com\/en\/wp-json\/wp\/v2\/media?parent=966359"}],"wp:term":[{"taxonomy":"category","embeddable":true,"href":"https:\/\/dmcsrb.com\/en\/wp-json\/wp\/v2\/categories?post=966359"},{"taxonomy":"post_tag","embeddable":true,"href":"https:\/\/dmcsrb.com\/en\/wp-json\/wp\/v2\/tags?post=966359"},{"taxonomy":"naslovna","embeddable":true,"href":"https:\/\/dmcsrb.com\/en\/wp-json\/wp\/v2\/naslovna?post=966359"}],"curies":[{"name":"wp","href":"https:\/\/api.w.org\/{rel}","templated":true}]}}