{"id":966350,"date":"2025-11-29T09:32:50","date_gmt":"2025-11-29T08:32:50","guid":{"rendered":"https:\/\/dmcsrb.com\/uncategorized\/sladjana-andjusic-gosca-vecerasnjeg-dnevnika-na-tv-podgorica\/"},"modified":"2025-11-29T09:32:50","modified_gmt":"2025-11-29T08:32:50","slug":"sladjana-andjusic-gosca-vecerasnjeg-dnevnika-na-tv-podgorica","status":"publish","type":"post","link":"https:\/\/dmcsrb.com\/en\/podgorica\/sladjana-andjusic-gosca-vecerasnjeg-dnevnika-na-tv-podgorica\/","title":{"rendered":"Sla\u0111ana An\u0111u\u0161i\u0107 go\u0161\u0107a ve\u010dera\u0161njeg dnevnika na TV Podgorica"},"content":{"rendered":"<p>Tema razgovora \u0107e biti dobitak priznanja Podgorica &#8211; Evropska prijestonica mladih 2028.<\/p>\n\n\n\n<p><\/p>\n\n\n\n<p><\/p>","protected":false},"excerpt":{"rendered":"<p>Go\u0161\u0107a ve\u010dera\u0161njeg Dnevnika na TV Podgorica bi\u0107e Sla\u0111ana An\u0111u\u0161i\u0107, sekretarka za lokalnu samoupravu i saradnju sa civilnim dru\u0161tvom.\u00a0<\/p>","protected":false},"author":1,"featured_media":966351,"comment_status":"open","ping_status":"open","sticky":false,"template":"","format":"standard","meta":{"_acf_changed":false,"footnotes":""},"categories":[56],"tags":[208,15816],"naslovna":[],"class_list":["post-966350","post","type-post","status-publish","format-standard","has-post-thumbnail","hentry","category-podgorica","tag-podgorica-evropska-prijestonica-mladih-2028","tag-sladjana-andjusic"],"acf":[],"yoast_head":"<!-- This site is optimized with the Yoast SEO plugin v27.4 - https:\/\/yoast.com\/product\/yoast-seo-wordpress\/ -->\n<title>Sla\u0111ana An\u0111u\u0161i\u0107 go\u0161\u0107a ve\u010dera\u0161njeg dnevnika na TV Podgorica - dmcsrb.com<\/title>\n<meta name=\"robots\" content=\"index, follow, max-snippet:-1, max-image-preview:large, max-video-preview:-1\" \/>\n<link rel=\"canonical\" href=\"https:\/\/dmcsrb.com\/en\/podgorica\/sladjana-andjusic-gosca-vecerasnjeg-dnevnika-na-tv-podgorica\/\" \/>\n<meta property=\"og:locale\" content=\"en_GB\" \/>\n<meta property=\"og:type\" content=\"article\" \/>\n<meta property=\"og:title\" content=\"Sla\u0111ana An\u0111u\u0161i\u0107 go\u0161\u0107a ve\u010dera\u0161njeg dnevnika na TV Podgorica - dmcsrb.com\" \/>\n<meta property=\"og:description\" content=\"Go\u0161\u0107a ve\u010dera\u0161njeg Dnevnika na TV Podgorica bi\u0107e Sla\u0111ana An\u0111u\u0161i\u0107, sekretarka za lokalnu samoupravu i saradnju sa civilnim dru\u0161tvom.\u00a0\" \/>\n<meta property=\"og:url\" content=\"https:\/\/dmcsrb.com\/en\/podgorica\/sladjana-andjusic-gosca-vecerasnjeg-dnevnika-na-tv-podgorica\/\" \/>\n<meta property=\"og:site_name\" content=\"dmcsrb.com\" \/>\n<meta property=\"article:published_time\" content=\"2025-11-29T08:32:50+00:00\" \/>\n<meta property=\"og:image\" content=\"https:\/\/dmcsrb.com\/wp-content\/uploads\/2026\/01\/Sladjana-Andjusic-foto-gradski-me.webp\" \/>\n\t<meta property=\"og:image:width\" content=\"1023\" \/>\n\t<meta property=\"og:image:height\" content=\"641\" \/>\n\t<meta property=\"og:image:type\" content=\"image\/jpeg\" \/>\n<meta name=\"author\" content=\"dmcsrbija.com@gmail.com\" \/>\n<meta name=\"twitter:card\" content=\"summary_large_image\" \/>\n<meta name=\"twitter:label1\" content=\"Written by\" \/>\n\t<meta name=\"twitter:data1\" content=\"dmcsrbija.com@gmail.com\" \/>\n<script type=\"application\/ld+json\" class=\"yoast-schema-graph\">{\"@context\":\"https:\\\/\\\/schema.org\",\"@graph\":[{\"@type\":\"Article\",\"@id\":\"https:\\\/\\\/dmcsrb.com\\\/podgorica\\\/sladjana-andjusic-gosca-vecerasnjeg-dnevnika-na-tv-podgorica\\\/#article\",\"isPartOf\":{\"@id\":\"https:\\\/\\\/dmcsrb.com\\\/podgorica\\\/sladjana-andjusic-gosca-vecerasnjeg-dnevnika-na-tv-podgorica\\\/\"},\"author\":{\"name\":\"dmcsrbija.com@gmail.com\",\"@id\":\"https:\\\/\\\/dmcsrb.com\\\/#\\\/schema\\\/person\\\/5c39170f12db1b8b457732d0b5c854e2\"},\"headline\":\"Sla\u0111ana An\u0111u\u0161i\u0107 go\u0161\u0107a ve\u010dera\u0161njeg dnevnika na TV Podgorica\",\"datePublished\":\"2025-11-29T08:32:50+00:00\",\"mainEntityOfPage\":{\"@id\":\"https:\\\/\\\/dmcsrb.com\\\/podgorica\\\/sladjana-andjusic-gosca-vecerasnjeg-dnevnika-na-tv-podgorica\\\/\"},\"wordCount\":25,\"commentCount\":0,\"image\":{\"@id\":\"https:\\\/\\\/dmcsrb.com\\\/podgorica\\\/sladjana-andjusic-gosca-vecerasnjeg-dnevnika-na-tv-podgorica\\\/#primaryimage\"},\"thumbnailUrl\":\"https:\\\/\\\/dmcsrb.com\\\/wp-content\\\/uploads\\\/2026\\\/01\\\/Sladjana-Andjusic-foto-gradski-me.webp\",\"keywords\":[\"Podgorica evropska prijestonica mladih 2028\",\"Sla\u0111ana An\u0111u\u0161i\u0107\"],\"articleSection\":[\"Podgorica\"],\"inLanguage\":\"en-GB\",\"potentialAction\":[{\"@type\":\"CommentAction\",\"name\":\"Comment\",\"target\":[\"https:\\\/\\\/dmcsrb.com\\\/podgorica\\\/sladjana-andjusic-gosca-vecerasnjeg-dnevnika-na-tv-podgorica\\\/#respond\"]}]},{\"@type\":\"WebPage\",\"@id\":\"https:\\\/\\\/dmcsrb.com\\\/podgorica\\\/sladjana-andjusic-gosca-vecerasnjeg-dnevnika-na-tv-podgorica\\\/\",\"url\":\"https:\\\/\\\/dmcsrb.com\\\/podgorica\\\/sladjana-andjusic-gosca-vecerasnjeg-dnevnika-na-tv-podgorica\\\/\",\"name\":\"Sla\u0111ana An\u0111u\u0161i\u0107 go\u0161\u0107a ve\u010dera\u0161njeg dnevnika na TV Podgorica - dmcsrb.com\",\"isPartOf\":{\"@id\":\"https:\\\/\\\/dmcsrb.com\\\/#website\"},\"primaryImageOfPage\":{\"@id\":\"https:\\\/\\\/dmcsrb.com\\\/podgorica\\\/sladjana-andjusic-gosca-vecerasnjeg-dnevnika-na-tv-podgorica\\\/#primaryimage\"},\"image\":{\"@id\":\"https:\\\/\\\/dmcsrb.com\\\/podgorica\\\/sladjana-andjusic-gosca-vecerasnjeg-dnevnika-na-tv-podgorica\\\/#primaryimage\"},\"thumbnailUrl\":\"https:\\\/\\\/dmcsrb.com\\\/wp-content\\\/uploads\\\/2026\\\/01\\\/Sladjana-Andjusic-foto-gradski-me.webp\",\"datePublished\":\"2025-11-29T08:32:50+00:00\",\"author\":{\"@id\":\"https:\\\/\\\/dmcsrb.com\\\/#\\\/schema\\\/person\\\/5c39170f12db1b8b457732d0b5c854e2\"},\"breadcrumb\":{\"@id\":\"https:\\\/\\\/dmcsrb.com\\\/podgorica\\\/sladjana-andjusic-gosca-vecerasnjeg-dnevnika-na-tv-podgorica\\\/#breadcrumb\"},\"inLanguage\":\"en-GB\",\"potentialAction\":[{\"@type\":\"ReadAction\",\"target\":[\"https:\\\/\\\/dmcsrb.com\\\/podgorica\\\/sladjana-andjusic-gosca-vecerasnjeg-dnevnika-na-tv-podgorica\\\/\"]}]},{\"@type\":\"ImageObject\",\"inLanguage\":\"en-GB\",\"@id\":\"https:\\\/\\\/dmcsrb.com\\\/podgorica\\\/sladjana-andjusic-gosca-vecerasnjeg-dnevnika-na-tv-podgorica\\\/#primaryimage\",\"url\":\"https:\\\/\\\/dmcsrb.com\\\/wp-content\\\/uploads\\\/2026\\\/01\\\/Sladjana-Andjusic-foto-gradski-me.webp\",\"contentUrl\":\"https:\\\/\\\/dmcsrb.com\\\/wp-content\\\/uploads\\\/2026\\\/01\\\/Sladjana-Andjusic-foto-gradski-me.webp\",\"width\":1023,\"height\":641},{\"@type\":\"BreadcrumbList\",\"@id\":\"https:\\\/\\\/dmcsrb.com\\\/podgorica\\\/sladjana-andjusic-gosca-vecerasnjeg-dnevnika-na-tv-podgorica\\\/#breadcrumb\",\"itemListElement\":[{\"@type\":\"ListItem\",\"position\":1,\"name\":\"Home\",\"item\":\"https:\\\/\\\/dmcsrb.com\\\/\"},{\"@type\":\"ListItem\",\"position\":2,\"name\":\"Sla\u0111ana An\u0111u\u0161i\u0107 go\u0161\u0107a ve\u010dera\u0161njeg dnevnika na TV Podgorica\"}]},{\"@type\":\"WebSite\",\"@id\":\"https:\\\/\\\/dmcsrb.com\\\/#website\",\"url\":\"https:\\\/\\\/dmcsrb.com\\\/\",\"name\":\"dmcsrb.com\",\"description\":\"\",\"potentialAction\":[{\"@type\":\"SearchAction\",\"target\":{\"@type\":\"EntryPoint\",\"urlTemplate\":\"https:\\\/\\\/dmcsrb.com\\\/?s={search_term_string}\"},\"query-input\":{\"@type\":\"PropertyValueSpecification\",\"valueRequired\":true,\"valueName\":\"search_term_string\"}}],\"inLanguage\":\"en-GB\"},{\"@type\":\"Person\",\"@id\":\"https:\\\/\\\/dmcsrb.com\\\/#\\\/schema\\\/person\\\/5c39170f12db1b8b457732d0b5c854e2\",\"name\":\"dmcsrbija.com@gmail.com\",\"image\":{\"@type\":\"ImageObject\",\"inLanguage\":\"en-GB\",\"@id\":\"https:\\\/\\\/secure.gravatar.com\\\/avatar\\\/68592660ad6347fad0fb587f8d5d8f1a7b44961362f56e4f2cd524feb87e9069?s=96&d=mm&r=g\",\"url\":\"https:\\\/\\\/secure.gravatar.com\\\/avatar\\\/68592660ad6347fad0fb587f8d5d8f1a7b44961362f56e4f2cd524feb87e9069?s=96&d=mm&r=g\",\"contentUrl\":\"https:\\\/\\\/secure.gravatar.com\\\/avatar\\\/68592660ad6347fad0fb587f8d5d8f1a7b44961362f56e4f2cd524feb87e9069?s=96&d=mm&r=g\",\"caption\":\"dmcsrbija.com@gmail.com\"},\"sameAs\":[\"https:\\\/\\\/dmcsrb.com\"],\"url\":\"https:\\\/\\\/dmcsrb.com\\\/en\\\/author\\\/dmcsrbija-comgmail-com\\\/\"}]}<\/script>\n<!-- \/ Yoast SEO plugin. -->","yoast_head_json":{"title":"Sla\u0111ana An\u0111u\u0161i\u0107 go\u0161\u0107a ve\u010dera\u0161njeg dnevnika na TV Podgorica - dmcsrb.com","robots":{"index":"index","follow":"follow","max-snippet":"max-snippet:-1","max-image-preview":"max-image-preview:large","max-video-preview":"max-video-preview:-1"},"canonical":"https:\/\/dmcsrb.com\/en\/podgorica\/sladjana-andjusic-gosca-vecerasnjeg-dnevnika-na-tv-podgorica\/","og_locale":"en_GB","og_type":"article","og_title":"Sla\u0111ana An\u0111u\u0161i\u0107 go\u0161\u0107a ve\u010dera\u0161njeg dnevnika na TV Podgorica - dmcsrb.com","og_description":"Go\u0161\u0107a ve\u010dera\u0161njeg Dnevnika na TV Podgorica bi\u0107e Sla\u0111ana An\u0111u\u0161i\u0107, sekretarka za lokalnu samoupravu i saradnju sa civilnim dru\u0161tvom.\u00a0","og_url":"https:\/\/dmcsrb.com\/en\/podgorica\/sladjana-andjusic-gosca-vecerasnjeg-dnevnika-na-tv-podgorica\/","og_site_name":"dmcsrb.com","article_published_time":"2025-11-29T08:32:50+00:00","og_image":[{"width":1023,"height":641,"url":"https:\/\/dmcsrb.com\/wp-content\/uploads\/2026\/01\/Sladjana-Andjusic-foto-gradski-me.webp","type":"image\/jpeg"}],"author":"dmcsrbija.com@gmail.com","twitter_card":"summary_large_image","twitter_misc":{"Written by":"dmcsrbija.com@gmail.com"},"schema":{"@context":"https:\/\/schema.org","@graph":[{"@type":"Article","@id":"https:\/\/dmcsrb.com\/podgorica\/sladjana-andjusic-gosca-vecerasnjeg-dnevnika-na-tv-podgorica\/#article","isPartOf":{"@id":"https:\/\/dmcsrb.com\/podgorica\/sladjana-andjusic-gosca-vecerasnjeg-dnevnika-na-tv-podgorica\/"},"author":{"name":"dmcsrbija.com@gmail.com","@id":"https:\/\/dmcsrb.com\/#\/schema\/person\/5c39170f12db1b8b457732d0b5c854e2"},"headline":"Sla\u0111ana An\u0111u\u0161i\u0107 go\u0161\u0107a ve\u010dera\u0161njeg dnevnika na TV Podgorica","datePublished":"2025-11-29T08:32:50+00:00","mainEntityOfPage":{"@id":"https:\/\/dmcsrb.com\/podgorica\/sladjana-andjusic-gosca-vecerasnjeg-dnevnika-na-tv-podgorica\/"},"wordCount":25,"commentCount":0,"image":{"@id":"https:\/\/dmcsrb.com\/podgorica\/sladjana-andjusic-gosca-vecerasnjeg-dnevnika-na-tv-podgorica\/#primaryimage"},"thumbnailUrl":"https:\/\/dmcsrb.com\/wp-content\/uploads\/2026\/01\/Sladjana-Andjusic-foto-gradski-me.webp","keywords":["Podgorica evropska prijestonica mladih 2028","Sla\u0111ana An\u0111u\u0161i\u0107"],"articleSection":["Podgorica"],"inLanguage":"en-GB","potentialAction":[{"@type":"CommentAction","name":"Comment","target":["https:\/\/dmcsrb.com\/podgorica\/sladjana-andjusic-gosca-vecerasnjeg-dnevnika-na-tv-podgorica\/#respond"]}]},{"@type":"WebPage","@id":"https:\/\/dmcsrb.com\/podgorica\/sladjana-andjusic-gosca-vecerasnjeg-dnevnika-na-tv-podgorica\/","url":"https:\/\/dmcsrb.com\/podgorica\/sladjana-andjusic-gosca-vecerasnjeg-dnevnika-na-tv-podgorica\/","name":"Sla\u0111ana An\u0111u\u0161i\u0107 go\u0161\u0107a ve\u010dera\u0161njeg dnevnika na TV Podgorica - dmcsrb.com","isPartOf":{"@id":"https:\/\/dmcsrb.com\/#website"},"primaryImageOfPage":{"@id":"https:\/\/dmcsrb.com\/podgorica\/sladjana-andjusic-gosca-vecerasnjeg-dnevnika-na-tv-podgorica\/#primaryimage"},"image":{"@id":"https:\/\/dmcsrb.com\/podgorica\/sladjana-andjusic-gosca-vecerasnjeg-dnevnika-na-tv-podgorica\/#primaryimage"},"thumbnailUrl":"https:\/\/dmcsrb.com\/wp-content\/uploads\/2026\/01\/Sladjana-Andjusic-foto-gradski-me.webp","datePublished":"2025-11-29T08:32:50+00:00","author":{"@id":"https:\/\/dmcsrb.com\/#\/schema\/person\/5c39170f12db1b8b457732d0b5c854e2"},"breadcrumb":{"@id":"https:\/\/dmcsrb.com\/podgorica\/sladjana-andjusic-gosca-vecerasnjeg-dnevnika-na-tv-podgorica\/#breadcrumb"},"inLanguage":"en-GB","potentialAction":[{"@type":"ReadAction","target":["https:\/\/dmcsrb.com\/podgorica\/sladjana-andjusic-gosca-vecerasnjeg-dnevnika-na-tv-podgorica\/"]}]},{"@type":"ImageObject","inLanguage":"en-GB","@id":"https:\/\/dmcsrb.com\/podgorica\/sladjana-andjusic-gosca-vecerasnjeg-dnevnika-na-tv-podgorica\/#primaryimage","url":"https:\/\/dmcsrb.com\/wp-content\/uploads\/2026\/01\/Sladjana-Andjusic-foto-gradski-me.webp","contentUrl":"https:\/\/dmcsrb.com\/wp-content\/uploads\/2026\/01\/Sladjana-Andjusic-foto-gradski-me.webp","width":1023,"height":641},{"@type":"BreadcrumbList","@id":"https:\/\/dmcsrb.com\/podgorica\/sladjana-andjusic-gosca-vecerasnjeg-dnevnika-na-tv-podgorica\/#breadcrumb","itemListElement":[{"@type":"ListItem","position":1,"name":"Home","item":"https:\/\/dmcsrb.com\/"},{"@type":"ListItem","position":2,"name":"Sla\u0111ana An\u0111u\u0161i\u0107 go\u0161\u0107a ve\u010dera\u0161njeg dnevnika na TV Podgorica"}]},{"@type":"WebSite","@id":"https:\/\/dmcsrb.com\/#website","url":"https:\/\/dmcsrb.com\/","name":"dmcsrb.com","description":"","potentialAction":[{"@type":"SearchAction","target":{"@type":"EntryPoint","urlTemplate":"https:\/\/dmcsrb.com\/?s={search_term_string}"},"query-input":{"@type":"PropertyValueSpecification","valueRequired":true,"valueName":"search_term_string"}}],"inLanguage":"en-GB"},{"@type":"Person","@id":"https:\/\/dmcsrb.com\/#\/schema\/person\/5c39170f12db1b8b457732d0b5c854e2","name":"dmcsrbija.com@gmail.com","image":{"@type":"ImageObject","inLanguage":"en-GB","@id":"https:\/\/secure.gravatar.com\/avatar\/68592660ad6347fad0fb587f8d5d8f1a7b44961362f56e4f2cd524feb87e9069?s=96&d=mm&r=g","url":"https:\/\/secure.gravatar.com\/avatar\/68592660ad6347fad0fb587f8d5d8f1a7b44961362f56e4f2cd524feb87e9069?s=96&d=mm&r=g","contentUrl":"https:\/\/secure.gravatar.com\/avatar\/68592660ad6347fad0fb587f8d5d8f1a7b44961362f56e4f2cd524feb87e9069?s=96&d=mm&r=g","caption":"dmcsrbija.com@gmail.com"},"sameAs":["https:\/\/dmcsrb.com"],"url":"https:\/\/dmcsrb.com\/en\/author\/dmcsrbija-comgmail-com\/"}]}},"_links":{"self":[{"href":"https:\/\/dmcsrb.com\/en\/wp-json\/wp\/v2\/posts\/966350","targetHints":{"allow":["GET"]}}],"collection":[{"href":"https:\/\/dmcsrb.com\/en\/wp-json\/wp\/v2\/posts"}],"about":[{"href":"https:\/\/dmcsrb.com\/en\/wp-json\/wp\/v2\/types\/post"}],"author":[{"embeddable":true,"href":"https:\/\/dmcsrb.com\/en\/wp-json\/wp\/v2\/users\/1"}],"replies":[{"embeddable":true,"href":"https:\/\/dmcsrb.com\/en\/wp-json\/wp\/v2\/comments?post=966350"}],"version-history":[{"count":0,"href":"https:\/\/dmcsrb.com\/en\/wp-json\/wp\/v2\/posts\/966350\/revisions"}],"wp:featuredmedia":[{"embeddable":true,"href":"https:\/\/dmcsrb.com\/en\/wp-json\/wp\/v2\/media\/966351"}],"wp:attachment":[{"href":"https:\/\/dmcsrb.com\/en\/wp-json\/wp\/v2\/media?parent=966350"}],"wp:term":[{"taxonomy":"category","embeddable":true,"href":"https:\/\/dmcsrb.com\/en\/wp-json\/wp\/v2\/categories?post=966350"},{"taxonomy":"post_tag","embeddable":true,"href":"https:\/\/dmcsrb.com\/en\/wp-json\/wp\/v2\/tags?post=966350"},{"taxonomy":"naslovna","embeddable":true,"href":"https:\/\/dmcsrb.com\/en\/wp-json\/wp\/v2\/naslovna?post=966350"}],"curies":[{"name":"wp","href":"https:\/\/api.w.org\/{rel}","templated":true}]}}