{"id":966341,"date":"2025-11-29T11:34:00","date_gmt":"2025-11-29T10:34:00","guid":{"rendered":"https:\/\/dmcsrb.com\/uncategorized\/lisicic-antifasizam-nije-mrtva-ideologija-vec-pulsirajuca-potreba-u-crnoj-gori-2025-godine\/"},"modified":"2025-11-29T11:34:00","modified_gmt":"2025-11-29T10:34:00","slug":"lisicic-antifasizam-nije-mrtva-ideologija-vec-pulsirajuca-potreba-u-crnoj-gori-2025-godine","status":"publish","type":"post","link":"https:\/\/dmcsrb.com\/en\/politika\/lisicic-antifasizam-nije-mrtva-ideologija-vec-pulsirajuca-potreba-u-crnoj-gori-2025-godine\/","title":{"rendered":"Lisi\u010di\u0107: Antifa\u0161izam nije mrtva ideologija, ve\u0107 pulsiraju\u0107a potreba u Crnoj Gori 2025. godine"},"content":{"rendered":"<p><\/p>\n\n\n\n<p><\/p>\n\n\n\n<p>\u200bOvo, isti\u010de, nije samo istorijski datum.&nbsp;<\/p>\n\n\n\n<p>\u201cZa moju generaciju, koja danas poku\u0161ava da pre\u017eivi i radi u ovom nestabilnom regionu, 29. novembar je lakmus papir odnosno test na\u0161e kolektivne savjesti i spremnosti za otpor. S pravom je 29. novembar bio najve\u0107i dr\u017eavni praznik. On je simbolizovao onu viziju \u0111e su narodi, umesto da se glo\u0111u, sjeli za sto i dogovorili da budu ravnopravni. U Jajcu 1943. mi smo, kao Crnogorci, priznati kao konstitutivna nacija, formalno u\u0161li u porodicu antifa\u0161isti\u010dkih pobjednika. To nije bila samo administrativna odluka, ve\u0107 pe\u010dat da je Crna Gora izabrala svijetlo nad mrakom, slobodu nad diktaturom, i humanizam nad fa\u0161isti\u010dkom mr\u017enjom, naveo je Lisi\u010di\u0107.&nbsp;<\/p>\n\n\n\n<p>\u200bDanas, kako dodaje, dok gleda kako se dru\u0161tvo sve dublje uvla\u010di u mulj klerikalizacije i fa\u0161izacije, dok se agresivno sprovodi istorijski revizionizam i dok se kida sve \u0161to je sekularno i antifa\u0161isti\u010dko, osje\u0107a kao da nam otimaju i poslednji komad dostojanstva.<\/p>\n\n\n\n<p>\u200b<\/p>\n\n\n\n<p>\u201cMoju generaciju, koja je stasala u tranziciji, u\u010de da je borba protiv fa\u0161izma bila gre\u0161ka, da su na\u0161i \u0111edovi i bake pogre\u0161no birali. To je la\u017e! To je cini\u010dni poku\u0161aj da se opravdaju ne\u010dije sada\u0161nje politi\u010dke ambicije, koje su obu\u010dene u mantiju nacionalizma i netrpeljivosti. Ne\u0107u \u0107utati dok se relativizuje \u017ertva onih koji su dali \u017eivot da bismo mi imali dr\u017eavu. Ne\u0107u pristati na narativ da je 29. novembar irelevantan\u201d naglasio je Lisi\u010di\u0107.&nbsp;<\/p>\n\n\n\n<p>Prema njegovim rije\u010dima, ovaj datum nije samo dan sje\u0107anja na Jugoslaviju, ve\u0107 je i dan sje\u0107anja na hrabrost da se ka\u017ee &#8216;NE&#8217; tiraniji. Ta hrabrost je, napominje, temelj moderne Crne Gore.<\/p>\n\n\n\n<p>\u200b<\/p>\n\n\n\n<p>\u201cPozivam sve one koji su zgro\u017eeni pravcem kojim ovo dru\u0161tvo ide, da ovaj datum do\u017eive kao li\u010dni poziv na akciju. Opiranje zaboravu i relativizaciji je na\u0161 emotivni i moralni dug. Ako mi dozvolimo da nam ukradu ovo sje\u0107anje, ukrali su nam i budu\u0107nost. Budimo svjedoci i borci. Antifa\u0161izam nije mrtva ideologija, ve\u0107 pulsiraju\u0107a potreba u Crnoj Gori 2025. godine. Smrt fa\u0161izmu, sloboda narodu\u201d, zaklju\u010dio je Lisi\u010di\u0107.&nbsp;<\/p>","protected":false},"excerpt":{"rendered":"<p>Kao neko ko je stasao u sijenci uru\u0161avanja jedne velike ideje, osje\u0107am dvostruki teret: bol zbog sloma i goru\u0107u du\u017enost da ne zaboravim tekovine koje su nam ostavljene. Sje\u0107anje na ne\u0161to \u0161to nijesam do\u017eivio, a \u010dije posljedice bolno pro\u017eivljavam. Danas, 29. novembra, kada obilje\u017eavamo 82 godina od Drugog zasjedanja AVNOJ-a u Jajcu, ose\u0107am ne samo po\u0161tovanje, ve\u0107 i duboku, goru\u0107u tugu i revolt, naveo je\u00a0\u010dlan Glavnog odbora SDP i predstavnik Evropskog saveza \u0106azim Lisi\u010di\u0107.<\/p>","protected":false},"author":1,"featured_media":909201,"comment_status":"open","ping_status":"open","sticky":false,"template":"","format":"standard","meta":{"_acf_changed":false,"footnotes":""},"categories":[12],"tags":[522,95,1000],"naslovna":[],"class_list":["post-966341","post","type-post","status-publish","format-standard","has-post-thumbnail","hentry","category-politika","tag-cazim-lisicic","tag-crna-gora","tag-es"],"acf":[],"yoast_head":"<!-- This site is optimized with the Yoast SEO plugin v27.4 - https:\/\/yoast.com\/product\/yoast-seo-wordpress\/ -->\n<title>Lisi\u010di\u0107: Antifa\u0161izam nije mrtva ideologija, ve\u0107 pulsiraju\u0107a potreba u Crnoj Gori 2025. godine - dmcsrb.com<\/title>\n<meta name=\"robots\" content=\"index, follow, max-snippet:-1, max-image-preview:large, max-video-preview:-1\" \/>\n<link rel=\"canonical\" href=\"https:\/\/dmcsrb.com\/en\/politika\/lisicic-antifasizam-nije-mrtva-ideologija-vec-pulsirajuca-potreba-u-crnoj-gori-2025-godine\/\" \/>\n<meta property=\"og:locale\" content=\"en_GB\" \/>\n<meta property=\"og:type\" content=\"article\" \/>\n<meta property=\"og:title\" content=\"Lisi\u010di\u0107: Antifa\u0161izam nije mrtva ideologija, ve\u0107 pulsiraju\u0107a potreba u Crnoj Gori 2025. godine - dmcsrb.com\" \/>\n<meta property=\"og:description\" content=\"Kao neko ko je stasao u sijenci uru\u0161avanja jedne velike ideje, osje\u0107am dvostruki teret: bol zbog sloma i goru\u0107u du\u017enost da ne zaboravim tekovine koje su nam ostavljene. Sje\u0107anje na ne\u0161to \u0161to nijesam do\u017eivio, a \u010dije posljedice bolno pro\u017eivljavam. Danas, 29. novembra, kada obilje\u017eavamo 82 godina od Drugog zasjedanja AVNOJ-a u Jajcu, ose\u0107am ne samo po\u0161tovanje, ve\u0107 i duboku, goru\u0107u tugu i revolt, naveo je\u00a0\u010dlan Glavnog odbora SDP i predstavnik Evropskog saveza \u0106azim Lisi\u010di\u0107.\" \/>\n<meta property=\"og:url\" content=\"https:\/\/dmcsrb.com\/en\/politika\/lisicic-antifasizam-nije-mrtva-ideologija-vec-pulsirajuca-potreba-u-crnoj-gori-2025-godine\/\" \/>\n<meta property=\"og:site_name\" content=\"dmcsrb.com\" \/>\n<meta property=\"article:published_time\" content=\"2025-11-29T10:34:00+00:00\" \/>\n<meta property=\"og:image\" content=\"https:\/\/dmcsrb.com\/wp-content\/uploads\/2026\/01\/Cazim-Lisicic-Foto-sdp-930x556-1.jpg\" \/>\n\t<meta property=\"og:image:width\" content=\"930\" \/>\n\t<meta property=\"og:image:height\" content=\"556\" \/>\n\t<meta property=\"og:image:type\" content=\"image\/jpeg\" \/>\n<meta name=\"author\" content=\"dmcsrbija.com@gmail.com\" \/>\n<meta name=\"twitter:card\" content=\"summary_large_image\" \/>\n<meta name=\"twitter:label1\" content=\"Written by\" \/>\n\t<meta name=\"twitter:data1\" content=\"dmcsrbija.com@gmail.com\" \/>\n\t<meta name=\"twitter:label2\" content=\"Estimated reading time\" \/>\n\t<meta name=\"twitter:data2\" content=\"2 minutes\" \/>\n<script type=\"application\/ld+json\" class=\"yoast-schema-graph\">{\"@context\":\"https:\\\/\\\/schema.org\",\"@graph\":[{\"@type\":\"Article\",\"@id\":\"https:\\\/\\\/dmcsrb.com\\\/politika\\\/lisicic-antifasizam-nije-mrtva-ideologija-vec-pulsirajuca-potreba-u-crnoj-gori-2025-godine\\\/#article\",\"isPartOf\":{\"@id\":\"https:\\\/\\\/dmcsrb.com\\\/politika\\\/lisicic-antifasizam-nije-mrtva-ideologija-vec-pulsirajuca-potreba-u-crnoj-gori-2025-godine\\\/\"},\"author\":{\"name\":\"dmcsrbija.com@gmail.com\",\"@id\":\"https:\\\/\\\/dmcsrb.com\\\/#\\\/schema\\\/person\\\/5c39170f12db1b8b457732d0b5c854e2\"},\"headline\":\"Lisi\u010di\u0107: Antifa\u0161izam nije mrtva ideologija, ve\u0107 pulsiraju\u0107a potreba u Crnoj Gori 2025. godine\",\"datePublished\":\"2025-11-29T10:34:00+00:00\",\"mainEntityOfPage\":{\"@id\":\"https:\\\/\\\/dmcsrb.com\\\/politika\\\/lisicic-antifasizam-nije-mrtva-ideologija-vec-pulsirajuca-potreba-u-crnoj-gori-2025-godine\\\/\"},\"wordCount\":383,\"commentCount\":0,\"image\":{\"@id\":\"https:\\\/\\\/dmcsrb.com\\\/politika\\\/lisicic-antifasizam-nije-mrtva-ideologija-vec-pulsirajuca-potreba-u-crnoj-gori-2025-godine\\\/#primaryimage\"},\"thumbnailUrl\":\"https:\\\/\\\/dmcsrb.com\\\/wp-content\\\/uploads\\\/2026\\\/01\\\/Cazim-Lisicic-Foto-sdp-930x556-1.jpg\",\"keywords\":[\"\u0106azim Lisi\u010di\u0107\",\"Crna Gora\",\"ES\"],\"articleSection\":[\"Politika\"],\"inLanguage\":\"en-GB\",\"potentialAction\":[{\"@type\":\"CommentAction\",\"name\":\"Comment\",\"target\":[\"https:\\\/\\\/dmcsrb.com\\\/politika\\\/lisicic-antifasizam-nije-mrtva-ideologija-vec-pulsirajuca-potreba-u-crnoj-gori-2025-godine\\\/#respond\"]}]},{\"@type\":\"WebPage\",\"@id\":\"https:\\\/\\\/dmcsrb.com\\\/politika\\\/lisicic-antifasizam-nije-mrtva-ideologija-vec-pulsirajuca-potreba-u-crnoj-gori-2025-godine\\\/\",\"url\":\"https:\\\/\\\/dmcsrb.com\\\/politika\\\/lisicic-antifasizam-nije-mrtva-ideologija-vec-pulsirajuca-potreba-u-crnoj-gori-2025-godine\\\/\",\"name\":\"Lisi\u010di\u0107: Antifa\u0161izam nije mrtva ideologija, ve\u0107 pulsiraju\u0107a potreba u Crnoj Gori 2025. godine - dmcsrb.com\",\"isPartOf\":{\"@id\":\"https:\\\/\\\/dmcsrb.com\\\/#website\"},\"primaryImageOfPage\":{\"@id\":\"https:\\\/\\\/dmcsrb.com\\\/politika\\\/lisicic-antifasizam-nije-mrtva-ideologija-vec-pulsirajuca-potreba-u-crnoj-gori-2025-godine\\\/#primaryimage\"},\"image\":{\"@id\":\"https:\\\/\\\/dmcsrb.com\\\/politika\\\/lisicic-antifasizam-nije-mrtva-ideologija-vec-pulsirajuca-potreba-u-crnoj-gori-2025-godine\\\/#primaryimage\"},\"thumbnailUrl\":\"https:\\\/\\\/dmcsrb.com\\\/wp-content\\\/uploads\\\/2026\\\/01\\\/Cazim-Lisicic-Foto-sdp-930x556-1.jpg\",\"datePublished\":\"2025-11-29T10:34:00+00:00\",\"author\":{\"@id\":\"https:\\\/\\\/dmcsrb.com\\\/#\\\/schema\\\/person\\\/5c39170f12db1b8b457732d0b5c854e2\"},\"breadcrumb\":{\"@id\":\"https:\\\/\\\/dmcsrb.com\\\/politika\\\/lisicic-antifasizam-nije-mrtva-ideologija-vec-pulsirajuca-potreba-u-crnoj-gori-2025-godine\\\/#breadcrumb\"},\"inLanguage\":\"en-GB\",\"potentialAction\":[{\"@type\":\"ReadAction\",\"target\":[\"https:\\\/\\\/dmcsrb.com\\\/politika\\\/lisicic-antifasizam-nije-mrtva-ideologija-vec-pulsirajuca-potreba-u-crnoj-gori-2025-godine\\\/\"]}]},{\"@type\":\"ImageObject\",\"inLanguage\":\"en-GB\",\"@id\":\"https:\\\/\\\/dmcsrb.com\\\/politika\\\/lisicic-antifasizam-nije-mrtva-ideologija-vec-pulsirajuca-potreba-u-crnoj-gori-2025-godine\\\/#primaryimage\",\"url\":\"https:\\\/\\\/dmcsrb.com\\\/wp-content\\\/uploads\\\/2026\\\/01\\\/Cazim-Lisicic-Foto-sdp-930x556-1.jpg\",\"contentUrl\":\"https:\\\/\\\/dmcsrb.com\\\/wp-content\\\/uploads\\\/2026\\\/01\\\/Cazim-Lisicic-Foto-sdp-930x556-1.jpg\",\"width\":930,\"height\":556},{\"@type\":\"BreadcrumbList\",\"@id\":\"https:\\\/\\\/dmcsrb.com\\\/politika\\\/lisicic-antifasizam-nije-mrtva-ideologija-vec-pulsirajuca-potreba-u-crnoj-gori-2025-godine\\\/#breadcrumb\",\"itemListElement\":[{\"@type\":\"ListItem\",\"position\":1,\"name\":\"Home\",\"item\":\"https:\\\/\\\/dmcsrb.com\\\/\"},{\"@type\":\"ListItem\",\"position\":2,\"name\":\"Lisi\u010di\u0107: Antifa\u0161izam nije mrtva ideologija, ve\u0107 pulsiraju\u0107a potreba u Crnoj Gori 2025. godine\"}]},{\"@type\":\"WebSite\",\"@id\":\"https:\\\/\\\/dmcsrb.com\\\/#website\",\"url\":\"https:\\\/\\\/dmcsrb.com\\\/\",\"name\":\"dmcsrb.com\",\"description\":\"\",\"potentialAction\":[{\"@type\":\"SearchAction\",\"target\":{\"@type\":\"EntryPoint\",\"urlTemplate\":\"https:\\\/\\\/dmcsrb.com\\\/?s={search_term_string}\"},\"query-input\":{\"@type\":\"PropertyValueSpecification\",\"valueRequired\":true,\"valueName\":\"search_term_string\"}}],\"inLanguage\":\"en-GB\"},{\"@type\":\"Person\",\"@id\":\"https:\\\/\\\/dmcsrb.com\\\/#\\\/schema\\\/person\\\/5c39170f12db1b8b457732d0b5c854e2\",\"name\":\"dmcsrbija.com@gmail.com\",\"image\":{\"@type\":\"ImageObject\",\"inLanguage\":\"en-GB\",\"@id\":\"https:\\\/\\\/secure.gravatar.com\\\/avatar\\\/68592660ad6347fad0fb587f8d5d8f1a7b44961362f56e4f2cd524feb87e9069?s=96&d=mm&r=g\",\"url\":\"https:\\\/\\\/secure.gravatar.com\\\/avatar\\\/68592660ad6347fad0fb587f8d5d8f1a7b44961362f56e4f2cd524feb87e9069?s=96&d=mm&r=g\",\"contentUrl\":\"https:\\\/\\\/secure.gravatar.com\\\/avatar\\\/68592660ad6347fad0fb587f8d5d8f1a7b44961362f56e4f2cd524feb87e9069?s=96&d=mm&r=g\",\"caption\":\"dmcsrbija.com@gmail.com\"},\"sameAs\":[\"https:\\\/\\\/dmcsrb.com\"],\"url\":\"https:\\\/\\\/dmcsrb.com\\\/en\\\/author\\\/dmcsrbija-comgmail-com\\\/\"}]}<\/script>\n<!-- \/ Yoast SEO plugin. -->","yoast_head_json":{"title":"Lisi\u010di\u0107: Antifa\u0161izam nije mrtva ideologija, ve\u0107 pulsiraju\u0107a potreba u Crnoj Gori 2025. godine - dmcsrb.com","robots":{"index":"index","follow":"follow","max-snippet":"max-snippet:-1","max-image-preview":"max-image-preview:large","max-video-preview":"max-video-preview:-1"},"canonical":"https:\/\/dmcsrb.com\/en\/politika\/lisicic-antifasizam-nije-mrtva-ideologija-vec-pulsirajuca-potreba-u-crnoj-gori-2025-godine\/","og_locale":"en_GB","og_type":"article","og_title":"Lisi\u010di\u0107: Antifa\u0161izam nije mrtva ideologija, ve\u0107 pulsiraju\u0107a potreba u Crnoj Gori 2025. godine - dmcsrb.com","og_description":"Kao neko ko je stasao u sijenci uru\u0161avanja jedne velike ideje, osje\u0107am dvostruki teret: bol zbog sloma i goru\u0107u du\u017enost da ne zaboravim tekovine koje su nam ostavljene. Sje\u0107anje na ne\u0161to \u0161to nijesam do\u017eivio, a \u010dije posljedice bolno pro\u017eivljavam. Danas, 29. novembra, kada obilje\u017eavamo 82 godina od Drugog zasjedanja AVNOJ-a u Jajcu, ose\u0107am ne samo po\u0161tovanje, ve\u0107 i duboku, goru\u0107u tugu i revolt, naveo je\u00a0\u010dlan Glavnog odbora SDP i predstavnik Evropskog saveza \u0106azim Lisi\u010di\u0107.","og_url":"https:\/\/dmcsrb.com\/en\/politika\/lisicic-antifasizam-nije-mrtva-ideologija-vec-pulsirajuca-potreba-u-crnoj-gori-2025-godine\/","og_site_name":"dmcsrb.com","article_published_time":"2025-11-29T10:34:00+00:00","og_image":[{"width":930,"height":556,"url":"https:\/\/dmcsrb.com\/wp-content\/uploads\/2026\/01\/Cazim-Lisicic-Foto-sdp-930x556-1.jpg","type":"image\/jpeg"}],"author":"dmcsrbija.com@gmail.com","twitter_card":"summary_large_image","twitter_misc":{"Written by":"dmcsrbija.com@gmail.com","Estimated reading time":"2 minutes"},"schema":{"@context":"https:\/\/schema.org","@graph":[{"@type":"Article","@id":"https:\/\/dmcsrb.com\/politika\/lisicic-antifasizam-nije-mrtva-ideologija-vec-pulsirajuca-potreba-u-crnoj-gori-2025-godine\/#article","isPartOf":{"@id":"https:\/\/dmcsrb.com\/politika\/lisicic-antifasizam-nije-mrtva-ideologija-vec-pulsirajuca-potreba-u-crnoj-gori-2025-godine\/"},"author":{"name":"dmcsrbija.com@gmail.com","@id":"https:\/\/dmcsrb.com\/#\/schema\/person\/5c39170f12db1b8b457732d0b5c854e2"},"headline":"Lisi\u010di\u0107: Antifa\u0161izam nije mrtva ideologija, ve\u0107 pulsiraju\u0107a potreba u Crnoj Gori 2025. godine","datePublished":"2025-11-29T10:34:00+00:00","mainEntityOfPage":{"@id":"https:\/\/dmcsrb.com\/politika\/lisicic-antifasizam-nije-mrtva-ideologija-vec-pulsirajuca-potreba-u-crnoj-gori-2025-godine\/"},"wordCount":383,"commentCount":0,"image":{"@id":"https:\/\/dmcsrb.com\/politika\/lisicic-antifasizam-nije-mrtva-ideologija-vec-pulsirajuca-potreba-u-crnoj-gori-2025-godine\/#primaryimage"},"thumbnailUrl":"https:\/\/dmcsrb.com\/wp-content\/uploads\/2026\/01\/Cazim-Lisicic-Foto-sdp-930x556-1.jpg","keywords":["\u0106azim Lisi\u010di\u0107","Crna Gora","ES"],"articleSection":["Politika"],"inLanguage":"en-GB","potentialAction":[{"@type":"CommentAction","name":"Comment","target":["https:\/\/dmcsrb.com\/politika\/lisicic-antifasizam-nije-mrtva-ideologija-vec-pulsirajuca-potreba-u-crnoj-gori-2025-godine\/#respond"]}]},{"@type":"WebPage","@id":"https:\/\/dmcsrb.com\/politika\/lisicic-antifasizam-nije-mrtva-ideologija-vec-pulsirajuca-potreba-u-crnoj-gori-2025-godine\/","url":"https:\/\/dmcsrb.com\/politika\/lisicic-antifasizam-nije-mrtva-ideologija-vec-pulsirajuca-potreba-u-crnoj-gori-2025-godine\/","name":"Lisi\u010di\u0107: Antifa\u0161izam nije mrtva ideologija, ve\u0107 pulsiraju\u0107a potreba u Crnoj Gori 2025. godine - dmcsrb.com","isPartOf":{"@id":"https:\/\/dmcsrb.com\/#website"},"primaryImageOfPage":{"@id":"https:\/\/dmcsrb.com\/politika\/lisicic-antifasizam-nije-mrtva-ideologija-vec-pulsirajuca-potreba-u-crnoj-gori-2025-godine\/#primaryimage"},"image":{"@id":"https:\/\/dmcsrb.com\/politika\/lisicic-antifasizam-nije-mrtva-ideologija-vec-pulsirajuca-potreba-u-crnoj-gori-2025-godine\/#primaryimage"},"thumbnailUrl":"https:\/\/dmcsrb.com\/wp-content\/uploads\/2026\/01\/Cazim-Lisicic-Foto-sdp-930x556-1.jpg","datePublished":"2025-11-29T10:34:00+00:00","author":{"@id":"https:\/\/dmcsrb.com\/#\/schema\/person\/5c39170f12db1b8b457732d0b5c854e2"},"breadcrumb":{"@id":"https:\/\/dmcsrb.com\/politika\/lisicic-antifasizam-nije-mrtva-ideologija-vec-pulsirajuca-potreba-u-crnoj-gori-2025-godine\/#breadcrumb"},"inLanguage":"en-GB","potentialAction":[{"@type":"ReadAction","target":["https:\/\/dmcsrb.com\/politika\/lisicic-antifasizam-nije-mrtva-ideologija-vec-pulsirajuca-potreba-u-crnoj-gori-2025-godine\/"]}]},{"@type":"ImageObject","inLanguage":"en-GB","@id":"https:\/\/dmcsrb.com\/politika\/lisicic-antifasizam-nije-mrtva-ideologija-vec-pulsirajuca-potreba-u-crnoj-gori-2025-godine\/#primaryimage","url":"https:\/\/dmcsrb.com\/wp-content\/uploads\/2026\/01\/Cazim-Lisicic-Foto-sdp-930x556-1.jpg","contentUrl":"https:\/\/dmcsrb.com\/wp-content\/uploads\/2026\/01\/Cazim-Lisicic-Foto-sdp-930x556-1.jpg","width":930,"height":556},{"@type":"BreadcrumbList","@id":"https:\/\/dmcsrb.com\/politika\/lisicic-antifasizam-nije-mrtva-ideologija-vec-pulsirajuca-potreba-u-crnoj-gori-2025-godine\/#breadcrumb","itemListElement":[{"@type":"ListItem","position":1,"name":"Home","item":"https:\/\/dmcsrb.com\/"},{"@type":"ListItem","position":2,"name":"Lisi\u010di\u0107: Antifa\u0161izam nije mrtva ideologija, ve\u0107 pulsiraju\u0107a potreba u Crnoj Gori 2025. godine"}]},{"@type":"WebSite","@id":"https:\/\/dmcsrb.com\/#website","url":"https:\/\/dmcsrb.com\/","name":"dmcsrb.com","description":"","potentialAction":[{"@type":"SearchAction","target":{"@type":"EntryPoint","urlTemplate":"https:\/\/dmcsrb.com\/?s={search_term_string}"},"query-input":{"@type":"PropertyValueSpecification","valueRequired":true,"valueName":"search_term_string"}}],"inLanguage":"en-GB"},{"@type":"Person","@id":"https:\/\/dmcsrb.com\/#\/schema\/person\/5c39170f12db1b8b457732d0b5c854e2","name":"dmcsrbija.com@gmail.com","image":{"@type":"ImageObject","inLanguage":"en-GB","@id":"https:\/\/secure.gravatar.com\/avatar\/68592660ad6347fad0fb587f8d5d8f1a7b44961362f56e4f2cd524feb87e9069?s=96&d=mm&r=g","url":"https:\/\/secure.gravatar.com\/avatar\/68592660ad6347fad0fb587f8d5d8f1a7b44961362f56e4f2cd524feb87e9069?s=96&d=mm&r=g","contentUrl":"https:\/\/secure.gravatar.com\/avatar\/68592660ad6347fad0fb587f8d5d8f1a7b44961362f56e4f2cd524feb87e9069?s=96&d=mm&r=g","caption":"dmcsrbija.com@gmail.com"},"sameAs":["https:\/\/dmcsrb.com"],"url":"https:\/\/dmcsrb.com\/en\/author\/dmcsrbija-comgmail-com\/"}]}},"_links":{"self":[{"href":"https:\/\/dmcsrb.com\/en\/wp-json\/wp\/v2\/posts\/966341","targetHints":{"allow":["GET"]}}],"collection":[{"href":"https:\/\/dmcsrb.com\/en\/wp-json\/wp\/v2\/posts"}],"about":[{"href":"https:\/\/dmcsrb.com\/en\/wp-json\/wp\/v2\/types\/post"}],"author":[{"embeddable":true,"href":"https:\/\/dmcsrb.com\/en\/wp-json\/wp\/v2\/users\/1"}],"replies":[{"embeddable":true,"href":"https:\/\/dmcsrb.com\/en\/wp-json\/wp\/v2\/comments?post=966341"}],"version-history":[{"count":0,"href":"https:\/\/dmcsrb.com\/en\/wp-json\/wp\/v2\/posts\/966341\/revisions"}],"wp:featuredmedia":[{"embeddable":true,"href":"https:\/\/dmcsrb.com\/en\/wp-json\/wp\/v2\/media\/909201"}],"wp:attachment":[{"href":"https:\/\/dmcsrb.com\/en\/wp-json\/wp\/v2\/media?parent=966341"}],"wp:term":[{"taxonomy":"category","embeddable":true,"href":"https:\/\/dmcsrb.com\/en\/wp-json\/wp\/v2\/categories?post=966341"},{"taxonomy":"post_tag","embeddable":true,"href":"https:\/\/dmcsrb.com\/en\/wp-json\/wp\/v2\/tags?post=966341"},{"taxonomy":"naslovna","embeddable":true,"href":"https:\/\/dmcsrb.com\/en\/wp-json\/wp\/v2\/naslovna?post=966341"}],"curies":[{"name":"wp","href":"https:\/\/api.w.org\/{rel}","templated":true}]}}