{"id":966337,"date":"2025-11-29T14:28:00","date_gmt":"2025-11-29T13:28:00","guid":{"rendered":"https:\/\/dmcsrb.com\/uncategorized\/knezevicu-i-zizicu-odredjeno-zadrzavanje\/"},"modified":"2025-11-29T14:28:00","modified_gmt":"2025-11-29T13:28:00","slug":"knezevicu-i-zizicu-odredjeno-zadrzavanje","status":"publish","type":"post","link":"https:\/\/dmcsrb.com\/en\/hronika\/knezevicu-i-zizicu-odredjeno-zadrzavanje\/","title":{"rendered":"Kne\u017eevi\u0107u i \u017di\u017ei\u0107u odre\u0111eno zadr\u017eavanje"},"content":{"rendered":"<p>Oni su jutros, zajedno sa Miloradom \u017di\u017ei\u0107em, sprovedeni u SDT na saslu\u0161anje. Oni su ju\u010de uhap\u0161eni zbog sumnje da su, kako je saop\u0161teno, dio kriminalne organizacije i da su po\u010dinili druga krivi\u010dna djela.<\/p>\n\n\n\n<p>&#8220;Specijalno policijsko odjeljenje li\u0161ilo je slobode D.K., biv\u0161eg vr\u0161ioca du\u017enosti pomo\u0107nika direktora Uprave policije, i M.\u017d., biv\u0161eg rukovodioca tada\u0161njeg Odsjeka za suzbijanje te\u0161kih krivi\u010dnih djela u Sektoru za borbu protiv organizovanog kriminala i korupcije, zbog postojanja osnova sumnje da su u\u010dinili krivi\u010dno djelo stvaranje kriminalne organizacije i druga krivi\u010dna djela&#8221;, saop\u0161tio je SDT.<\/p>\n\n\n\n<p>Ju\u010de je policija pretresala na nekoliko lokacija.&nbsp;<\/p>\n\n\n\n<p>&#8220;Pretresaju se stanovi i druge prostorije koje koriste lica li\u0161ena slobode, a nakon \u0161to se prikupe svi dokazi i predmeti od zna\u010daja za postupak, oni \u0107e, uz krivi\u010dnu prijavu, u zakonskom roku biti sprovedeni u Specijalno dr\u017eavno tu\u017eila\u0161tvo radi saslu\u0161anja kao osumnji\u010deni&#8221;, ka\u017eali su iz policije ju\u010de.<\/p>\n\n\n\n<p>Iz SDT-a podsje\u0107aju medije i javnost na ustavne garancije.<\/p>\n\n\n\n<p>&#8220;Ukazujemo svim korisnicima koji prenose informacije da imaju u vidu pretpostavku nevinosti, predvi\u0111enu Ustavom Crne Gore i Zakonikom o krivi\u010dnom postupku \u2014 svako se smatra nevinim dok se njegova krivica ne utvrdi pravosna\u017enom odlukom suda&#8221;, zaklju\u010dili su u saop\u0161tenju.<\/p>","protected":false},"excerpt":{"rendered":"<p>Biv\u0161em pomo\u0107niku direktora Uprave policije Dejanu Kne\u017eevi\u0107u i nekada\u0161njem \u0161efu Odsjeka za suzbijanje te\u0161kih krivi\u010dnih djela Miloradu \u017di\u017ei\u0107u, nakon saslu\u0161anja u Specijalnom dr\u017eavnom tu\u017eila\u0161tvu, odre\u0111eno je zadr\u017eavanje do 72 sata.<\/p>","protected":false},"author":1,"featured_media":914535,"comment_status":"open","ping_status":"open","sticky":false,"template":"","format":"standard","meta":{"_acf_changed":false,"footnotes":""},"categories":[17],"tags":[1281,779,14782],"naslovna":[],"class_list":["post-966337","post","type-post","status-publish","format-standard","has-post-thumbnail","hentry","category-hronika","tag-knezevic","tag-sdt","tag-zizic"],"acf":[],"yoast_head":"<!-- This site is optimized with the Yoast SEO plugin v27.4 - https:\/\/yoast.com\/product\/yoast-seo-wordpress\/ -->\n<title>Kne\u017eevi\u0107u i \u017di\u017ei\u0107u odre\u0111eno zadr\u017eavanje - dmcsrb.com<\/title>\n<meta name=\"robots\" content=\"index, follow, max-snippet:-1, max-image-preview:large, max-video-preview:-1\" \/>\n<link rel=\"canonical\" href=\"https:\/\/dmcsrb.com\/en\/hronika\/knezevicu-i-zizicu-odredjeno-zadrzavanje\/\" \/>\n<meta property=\"og:locale\" content=\"en_GB\" \/>\n<meta property=\"og:type\" content=\"article\" \/>\n<meta property=\"og:title\" content=\"Kne\u017eevi\u0107u i \u017di\u017ei\u0107u odre\u0111eno zadr\u017eavanje - dmcsrb.com\" \/>\n<meta property=\"og:description\" content=\"Biv\u0161em pomo\u0107niku direktora Uprave policije Dejanu Kne\u017eevi\u0107u i nekada\u0161njem \u0161efu Odsjeka za suzbijanje te\u0161kih krivi\u010dnih djela Miloradu \u017di\u017ei\u0107u, nakon saslu\u0161anja u Specijalnom dr\u017eavnom tu\u017eila\u0161tvu, odre\u0111eno je zadr\u017eavanje do 72 sata.\" \/>\n<meta property=\"og:url\" content=\"https:\/\/dmcsrb.com\/en\/hronika\/knezevicu-i-zizicu-odredjeno-zadrzavanje\/\" \/>\n<meta property=\"og:site_name\" content=\"dmcsrb.com\" \/>\n<meta property=\"article:published_time\" content=\"2025-11-29T13:28:00+00:00\" \/>\n<meta property=\"og:image\" content=\"https:\/\/dmcsrb.com\/wp-content\/uploads\/2026\/01\/sdt.jpg\" \/>\n\t<meta property=\"og:image:width\" content=\"900\" \/>\n\t<meta property=\"og:image:height\" content=\"600\" \/>\n\t<meta property=\"og:image:type\" content=\"image\/jpeg\" \/>\n<meta name=\"author\" content=\"dmcsrbija.com@gmail.com\" \/>\n<meta name=\"twitter:card\" content=\"summary_large_image\" \/>\n<meta name=\"twitter:label1\" content=\"Written by\" \/>\n\t<meta name=\"twitter:data1\" content=\"dmcsrbija.com@gmail.com\" \/>\n\t<meta name=\"twitter:label2\" content=\"Estimated reading time\" \/>\n\t<meta name=\"twitter:data2\" content=\"1 minute\" \/>\n<script type=\"application\/ld+json\" class=\"yoast-schema-graph\">{\"@context\":\"https:\\\/\\\/schema.org\",\"@graph\":[{\"@type\":\"Article\",\"@id\":\"https:\\\/\\\/dmcsrb.com\\\/hronika\\\/knezevicu-i-zizicu-odredjeno-zadrzavanje\\\/#article\",\"isPartOf\":{\"@id\":\"https:\\\/\\\/dmcsrb.com\\\/hronika\\\/knezevicu-i-zizicu-odredjeno-zadrzavanje\\\/\"},\"author\":{\"name\":\"dmcsrbija.com@gmail.com\",\"@id\":\"https:\\\/\\\/dmcsrb.com\\\/#\\\/schema\\\/person\\\/5c39170f12db1b8b457732d0b5c854e2\"},\"headline\":\"Kne\u017eevi\u0107u i \u017di\u017ei\u0107u odre\u0111eno zadr\u017eavanje\",\"datePublished\":\"2025-11-29T13:28:00+00:00\",\"mainEntityOfPage\":{\"@id\":\"https:\\\/\\\/dmcsrb.com\\\/hronika\\\/knezevicu-i-zizicu-odredjeno-zadrzavanje\\\/\"},\"wordCount\":238,\"commentCount\":0,\"image\":{\"@id\":\"https:\\\/\\\/dmcsrb.com\\\/hronika\\\/knezevicu-i-zizicu-odredjeno-zadrzavanje\\\/#primaryimage\"},\"thumbnailUrl\":\"https:\\\/\\\/dmcsrb.com\\\/wp-content\\\/uploads\\\/2026\\\/01\\\/sdt.jpg\",\"keywords\":[\"Kne\u017eevi\u0107\",\"SDT\",\"\u017di\u017ei\u0107\"],\"articleSection\":[\"Hronika\"],\"inLanguage\":\"en-GB\",\"potentialAction\":[{\"@type\":\"CommentAction\",\"name\":\"Comment\",\"target\":[\"https:\\\/\\\/dmcsrb.com\\\/hronika\\\/knezevicu-i-zizicu-odredjeno-zadrzavanje\\\/#respond\"]}]},{\"@type\":\"WebPage\",\"@id\":\"https:\\\/\\\/dmcsrb.com\\\/hronika\\\/knezevicu-i-zizicu-odredjeno-zadrzavanje\\\/\",\"url\":\"https:\\\/\\\/dmcsrb.com\\\/hronika\\\/knezevicu-i-zizicu-odredjeno-zadrzavanje\\\/\",\"name\":\"Kne\u017eevi\u0107u i \u017di\u017ei\u0107u odre\u0111eno zadr\u017eavanje - dmcsrb.com\",\"isPartOf\":{\"@id\":\"https:\\\/\\\/dmcsrb.com\\\/#website\"},\"primaryImageOfPage\":{\"@id\":\"https:\\\/\\\/dmcsrb.com\\\/hronika\\\/knezevicu-i-zizicu-odredjeno-zadrzavanje\\\/#primaryimage\"},\"image\":{\"@id\":\"https:\\\/\\\/dmcsrb.com\\\/hronika\\\/knezevicu-i-zizicu-odredjeno-zadrzavanje\\\/#primaryimage\"},\"thumbnailUrl\":\"https:\\\/\\\/dmcsrb.com\\\/wp-content\\\/uploads\\\/2026\\\/01\\\/sdt.jpg\",\"datePublished\":\"2025-11-29T13:28:00+00:00\",\"author\":{\"@id\":\"https:\\\/\\\/dmcsrb.com\\\/#\\\/schema\\\/person\\\/5c39170f12db1b8b457732d0b5c854e2\"},\"breadcrumb\":{\"@id\":\"https:\\\/\\\/dmcsrb.com\\\/hronika\\\/knezevicu-i-zizicu-odredjeno-zadrzavanje\\\/#breadcrumb\"},\"inLanguage\":\"en-GB\",\"potentialAction\":[{\"@type\":\"ReadAction\",\"target\":[\"https:\\\/\\\/dmcsrb.com\\\/hronika\\\/knezevicu-i-zizicu-odredjeno-zadrzavanje\\\/\"]}]},{\"@type\":\"ImageObject\",\"inLanguage\":\"en-GB\",\"@id\":\"https:\\\/\\\/dmcsrb.com\\\/hronika\\\/knezevicu-i-zizicu-odredjeno-zadrzavanje\\\/#primaryimage\",\"url\":\"https:\\\/\\\/dmcsrb.com\\\/wp-content\\\/uploads\\\/2026\\\/01\\\/sdt.jpg\",\"contentUrl\":\"https:\\\/\\\/dmcsrb.com\\\/wp-content\\\/uploads\\\/2026\\\/01\\\/sdt.jpg\",\"width\":900,\"height\":600},{\"@type\":\"BreadcrumbList\",\"@id\":\"https:\\\/\\\/dmcsrb.com\\\/hronika\\\/knezevicu-i-zizicu-odredjeno-zadrzavanje\\\/#breadcrumb\",\"itemListElement\":[{\"@type\":\"ListItem\",\"position\":1,\"name\":\"Home\",\"item\":\"https:\\\/\\\/dmcsrb.com\\\/\"},{\"@type\":\"ListItem\",\"position\":2,\"name\":\"Kne\u017eevi\u0107u i \u017di\u017ei\u0107u odre\u0111eno zadr\u017eavanje\"}]},{\"@type\":\"WebSite\",\"@id\":\"https:\\\/\\\/dmcsrb.com\\\/#website\",\"url\":\"https:\\\/\\\/dmcsrb.com\\\/\",\"name\":\"dmcsrb.com\",\"description\":\"\",\"potentialAction\":[{\"@type\":\"SearchAction\",\"target\":{\"@type\":\"EntryPoint\",\"urlTemplate\":\"https:\\\/\\\/dmcsrb.com\\\/?s={search_term_string}\"},\"query-input\":{\"@type\":\"PropertyValueSpecification\",\"valueRequired\":true,\"valueName\":\"search_term_string\"}}],\"inLanguage\":\"en-GB\"},{\"@type\":\"Person\",\"@id\":\"https:\\\/\\\/dmcsrb.com\\\/#\\\/schema\\\/person\\\/5c39170f12db1b8b457732d0b5c854e2\",\"name\":\"dmcsrbija.com@gmail.com\",\"image\":{\"@type\":\"ImageObject\",\"inLanguage\":\"en-GB\",\"@id\":\"https:\\\/\\\/secure.gravatar.com\\\/avatar\\\/68592660ad6347fad0fb587f8d5d8f1a7b44961362f56e4f2cd524feb87e9069?s=96&d=mm&r=g\",\"url\":\"https:\\\/\\\/secure.gravatar.com\\\/avatar\\\/68592660ad6347fad0fb587f8d5d8f1a7b44961362f56e4f2cd524feb87e9069?s=96&d=mm&r=g\",\"contentUrl\":\"https:\\\/\\\/secure.gravatar.com\\\/avatar\\\/68592660ad6347fad0fb587f8d5d8f1a7b44961362f56e4f2cd524feb87e9069?s=96&d=mm&r=g\",\"caption\":\"dmcsrbija.com@gmail.com\"},\"sameAs\":[\"https:\\\/\\\/dmcsrb.com\"],\"url\":\"https:\\\/\\\/dmcsrb.com\\\/en\\\/author\\\/dmcsrbija-comgmail-com\\\/\"}]}<\/script>\n<!-- \/ Yoast SEO plugin. -->","yoast_head_json":{"title":"Kne\u017eevi\u0107u i \u017di\u017ei\u0107u odre\u0111eno zadr\u017eavanje - dmcsrb.com","robots":{"index":"index","follow":"follow","max-snippet":"max-snippet:-1","max-image-preview":"max-image-preview:large","max-video-preview":"max-video-preview:-1"},"canonical":"https:\/\/dmcsrb.com\/en\/hronika\/knezevicu-i-zizicu-odredjeno-zadrzavanje\/","og_locale":"en_GB","og_type":"article","og_title":"Kne\u017eevi\u0107u i \u017di\u017ei\u0107u odre\u0111eno zadr\u017eavanje - dmcsrb.com","og_description":"Biv\u0161em pomo\u0107niku direktora Uprave policije Dejanu Kne\u017eevi\u0107u i nekada\u0161njem \u0161efu Odsjeka za suzbijanje te\u0161kih krivi\u010dnih djela Miloradu \u017di\u017ei\u0107u, nakon saslu\u0161anja u Specijalnom dr\u017eavnom tu\u017eila\u0161tvu, odre\u0111eno je zadr\u017eavanje do 72 sata.","og_url":"https:\/\/dmcsrb.com\/en\/hronika\/knezevicu-i-zizicu-odredjeno-zadrzavanje\/","og_site_name":"dmcsrb.com","article_published_time":"2025-11-29T13:28:00+00:00","og_image":[{"width":900,"height":600,"url":"https:\/\/dmcsrb.com\/wp-content\/uploads\/2026\/01\/sdt.jpg","type":"image\/jpeg"}],"author":"dmcsrbija.com@gmail.com","twitter_card":"summary_large_image","twitter_misc":{"Written by":"dmcsrbija.com@gmail.com","Estimated reading time":"1 minute"},"schema":{"@context":"https:\/\/schema.org","@graph":[{"@type":"Article","@id":"https:\/\/dmcsrb.com\/hronika\/knezevicu-i-zizicu-odredjeno-zadrzavanje\/#article","isPartOf":{"@id":"https:\/\/dmcsrb.com\/hronika\/knezevicu-i-zizicu-odredjeno-zadrzavanje\/"},"author":{"name":"dmcsrbija.com@gmail.com","@id":"https:\/\/dmcsrb.com\/#\/schema\/person\/5c39170f12db1b8b457732d0b5c854e2"},"headline":"Kne\u017eevi\u0107u i \u017di\u017ei\u0107u odre\u0111eno zadr\u017eavanje","datePublished":"2025-11-29T13:28:00+00:00","mainEntityOfPage":{"@id":"https:\/\/dmcsrb.com\/hronika\/knezevicu-i-zizicu-odredjeno-zadrzavanje\/"},"wordCount":238,"commentCount":0,"image":{"@id":"https:\/\/dmcsrb.com\/hronika\/knezevicu-i-zizicu-odredjeno-zadrzavanje\/#primaryimage"},"thumbnailUrl":"https:\/\/dmcsrb.com\/wp-content\/uploads\/2026\/01\/sdt.jpg","keywords":["Kne\u017eevi\u0107","SDT","\u017di\u017ei\u0107"],"articleSection":["Hronika"],"inLanguage":"en-GB","potentialAction":[{"@type":"CommentAction","name":"Comment","target":["https:\/\/dmcsrb.com\/hronika\/knezevicu-i-zizicu-odredjeno-zadrzavanje\/#respond"]}]},{"@type":"WebPage","@id":"https:\/\/dmcsrb.com\/hronika\/knezevicu-i-zizicu-odredjeno-zadrzavanje\/","url":"https:\/\/dmcsrb.com\/hronika\/knezevicu-i-zizicu-odredjeno-zadrzavanje\/","name":"Kne\u017eevi\u0107u i \u017di\u017ei\u0107u odre\u0111eno zadr\u017eavanje - dmcsrb.com","isPartOf":{"@id":"https:\/\/dmcsrb.com\/#website"},"primaryImageOfPage":{"@id":"https:\/\/dmcsrb.com\/hronika\/knezevicu-i-zizicu-odredjeno-zadrzavanje\/#primaryimage"},"image":{"@id":"https:\/\/dmcsrb.com\/hronika\/knezevicu-i-zizicu-odredjeno-zadrzavanje\/#primaryimage"},"thumbnailUrl":"https:\/\/dmcsrb.com\/wp-content\/uploads\/2026\/01\/sdt.jpg","datePublished":"2025-11-29T13:28:00+00:00","author":{"@id":"https:\/\/dmcsrb.com\/#\/schema\/person\/5c39170f12db1b8b457732d0b5c854e2"},"breadcrumb":{"@id":"https:\/\/dmcsrb.com\/hronika\/knezevicu-i-zizicu-odredjeno-zadrzavanje\/#breadcrumb"},"inLanguage":"en-GB","potentialAction":[{"@type":"ReadAction","target":["https:\/\/dmcsrb.com\/hronika\/knezevicu-i-zizicu-odredjeno-zadrzavanje\/"]}]},{"@type":"ImageObject","inLanguage":"en-GB","@id":"https:\/\/dmcsrb.com\/hronika\/knezevicu-i-zizicu-odredjeno-zadrzavanje\/#primaryimage","url":"https:\/\/dmcsrb.com\/wp-content\/uploads\/2026\/01\/sdt.jpg","contentUrl":"https:\/\/dmcsrb.com\/wp-content\/uploads\/2026\/01\/sdt.jpg","width":900,"height":600},{"@type":"BreadcrumbList","@id":"https:\/\/dmcsrb.com\/hronika\/knezevicu-i-zizicu-odredjeno-zadrzavanje\/#breadcrumb","itemListElement":[{"@type":"ListItem","position":1,"name":"Home","item":"https:\/\/dmcsrb.com\/"},{"@type":"ListItem","position":2,"name":"Kne\u017eevi\u0107u i \u017di\u017ei\u0107u odre\u0111eno zadr\u017eavanje"}]},{"@type":"WebSite","@id":"https:\/\/dmcsrb.com\/#website","url":"https:\/\/dmcsrb.com\/","name":"dmcsrb.com","description":"","potentialAction":[{"@type":"SearchAction","target":{"@type":"EntryPoint","urlTemplate":"https:\/\/dmcsrb.com\/?s={search_term_string}"},"query-input":{"@type":"PropertyValueSpecification","valueRequired":true,"valueName":"search_term_string"}}],"inLanguage":"en-GB"},{"@type":"Person","@id":"https:\/\/dmcsrb.com\/#\/schema\/person\/5c39170f12db1b8b457732d0b5c854e2","name":"dmcsrbija.com@gmail.com","image":{"@type":"ImageObject","inLanguage":"en-GB","@id":"https:\/\/secure.gravatar.com\/avatar\/68592660ad6347fad0fb587f8d5d8f1a7b44961362f56e4f2cd524feb87e9069?s=96&d=mm&r=g","url":"https:\/\/secure.gravatar.com\/avatar\/68592660ad6347fad0fb587f8d5d8f1a7b44961362f56e4f2cd524feb87e9069?s=96&d=mm&r=g","contentUrl":"https:\/\/secure.gravatar.com\/avatar\/68592660ad6347fad0fb587f8d5d8f1a7b44961362f56e4f2cd524feb87e9069?s=96&d=mm&r=g","caption":"dmcsrbija.com@gmail.com"},"sameAs":["https:\/\/dmcsrb.com"],"url":"https:\/\/dmcsrb.com\/en\/author\/dmcsrbija-comgmail-com\/"}]}},"_links":{"self":[{"href":"https:\/\/dmcsrb.com\/en\/wp-json\/wp\/v2\/posts\/966337","targetHints":{"allow":["GET"]}}],"collection":[{"href":"https:\/\/dmcsrb.com\/en\/wp-json\/wp\/v2\/posts"}],"about":[{"href":"https:\/\/dmcsrb.com\/en\/wp-json\/wp\/v2\/types\/post"}],"author":[{"embeddable":true,"href":"https:\/\/dmcsrb.com\/en\/wp-json\/wp\/v2\/users\/1"}],"replies":[{"embeddable":true,"href":"https:\/\/dmcsrb.com\/en\/wp-json\/wp\/v2\/comments?post=966337"}],"version-history":[{"count":0,"href":"https:\/\/dmcsrb.com\/en\/wp-json\/wp\/v2\/posts\/966337\/revisions"}],"wp:featuredmedia":[{"embeddable":true,"href":"https:\/\/dmcsrb.com\/en\/wp-json\/wp\/v2\/media\/914535"}],"wp:attachment":[{"href":"https:\/\/dmcsrb.com\/en\/wp-json\/wp\/v2\/media?parent=966337"}],"wp:term":[{"taxonomy":"category","embeddable":true,"href":"https:\/\/dmcsrb.com\/en\/wp-json\/wp\/v2\/categories?post=966337"},{"taxonomy":"post_tag","embeddable":true,"href":"https:\/\/dmcsrb.com\/en\/wp-json\/wp\/v2\/tags?post=966337"},{"taxonomy":"naslovna","embeddable":true,"href":"https:\/\/dmcsrb.com\/en\/wp-json\/wp\/v2\/naslovna?post=966337"}],"curies":[{"name":"wp","href":"https:\/\/api.w.org\/{rel}","templated":true}]}}