{"id":966330,"date":"2025-11-29T06:56:00","date_gmt":"2025-11-29T05:56:00","guid":{"rendered":"https:\/\/dmcsrb.com\/uncategorized\/uticaj-kriminala-na-medije-kad-biznismeni-oblikuju-vijesti\/"},"modified":"2025-11-29T06:56:00","modified_gmt":"2025-11-29T05:56:00","slug":"uticaj-kriminala-na-medije-kad-biznismeni-oblikuju-vijesti","status":"publish","type":"post","link":"https:\/\/dmcsrb.com\/en\/hronika\/uticaj-kriminala-na-medije-kad-biznismeni-oblikuju-vijesti\/","title":{"rendered":"Uticaj kriminala na medije: Kad &#8220;biznismeni&#8221; oblikuju vijesti"},"content":{"rendered":"<p>Slu\u010daj uhap\u0161enog biznismena Aleksandra-Aca Mijajlovi\u0107a, prema tu\u017eilla\u010dkim spisima, ilustrativno pokazuje kako je u Crnoj Gori okrivljena kriminalna grupa kanalisala informacije koje su im bile va\u017ene za sopstvene kriminalnne, poslovne ili politi\u010dke potrebe, u sprezi sa urednicima pojedinih medija.<\/p>\n\n\n\n<p>Stariji \u010ditaoci sjeti\u0107e se lista &#8220;Identitet&#8221; u Beogradu, koji se direktno povezivan sa tada\u0161njim &#8220;zemunskim klanom&#8221;, ozna\u010denim kao vode\u0107a organizovana kriminalna grupa u regionu prije 25 godina.&nbsp;Nijedan kontinent pa niti dr\u017eava nijesu po\u0161te\u0111eni organizovanog kriminala. Ali kada organizovani kriminal diktira medijske sadr\u017eaje, to je poraz i novinarstva, i slobode izra\u017eavanja, i na kraju, vrijednosti na kojima po\u010diva dana\u0161nja Evropa.&nbsp;<\/p>\n\n\n\n<p><img decoding=\"async\" width=\"100%\" alt=\"Aleksandar Mijajlovi\u0107\" src=\"https:\/\/rtcg.me\/upload\/\/media\/2024\/1\/20\/15\/0\/170\/1621753\/resize\/2348576\/viber_image_2024-02-20_15-36-58-361_599x900\">Aleksandar Mijajlovi\u0107 (Foto: Filip Filipovi\u0107\/Adria TV)<\/p>\n\n\n\n<p>Prema spisima crnogorskog tu\u017eila\u0161tva, biznismen Aleksandar Mijajlovi\u0107 godinama je navodno kreirao mre\u017eu medija isklju\u010divo kako bi se, preko lojalnih novinara i medijskih struktura obra\u010dunavao sa neistomi\u0161ljenicima iz politi\u010dkog i bezbjednosnog vrha i crkve, ali i uticao na politi\u010dko-bezbjednosne prilike u dr\u017eavi.<\/p>\n\n\n\n<p>Specijalno tu\u017eila\u0161tvo navidi da su Mijajlovi\u0107u u tome direktno pomagali osumnji\u010deni istaknuti policijski i funkcioner tajne slu\u017ebe Drago Spi\u010danovi\u0107, Milovan Pavi\u0107evi\u0107 i Vladan Lazovi\u0107, kao i njegova sestra od strica, tu\u017eiteljka Andrijana Nasti\u0107, odavaju\u0107i mu obavje\u0161tajne i podatke ozna\u010dene stepenom tajnosti. Po SDT-u, Mijajlovi\u0107 je od 2018. do 2024. godine,&nbsp; kreirao ure\u0111iva\u010dku politiku brojnih medija u dr\u017eavi, poput &#8220;Antene M&#8221;, \u201cMportala\u201d, \u201cStandarda\u201d, \u201cPobjede\u201d, \u201cCDM-a\u201d, ali i \u201cPortala ETV\u201d i \u201cPortala Analitika\u201d. O legitimnim vezama novinara i izvora ovdje rije\u010di biti ne mo\u017ee, imaju\u0107i u vidu da je Mijajlovi\u0107 u ranijem postupku optu\u017een da je vo\u0111a &#8220;duvanskog kartela&#8221;, koji je organizovao milionski \u0161verc.&nbsp;<\/p>\n\n\n\n<p>Vi\u0161i sud u Podgorici je nedavno Mijajlovi\u0107u produ\u017eio pritvor za jo\u0161 dva mjeseca.\u00a0<a href=\"https:\/\/rtcg.me\/hronika\/765235\/sdt-kako-je-mijajlovic-dogovarao-tekstove-sa-urednicima-vazi-objavicemo-brzo-.html\"><\/a><\/p>\n\n\n\n<p>Ministarka kulture i medija Tamara Vujovi\u0107 poru\u010dila je za TVCG da slu\u010daj hap\u0161enjaMijajlovi\u0107a otvara ozbiljna pitanja o potencijalnom uticaju kriminalnih struktura na medije, te da se, kako isti\u010de, nije radilo o hajci niti o tome da je tu\u017eila\u0161tvo postalo bi\u010d u rukama vlasti.<\/p>\n\n\n\n<p>Ipak, pojedini urednici koji su ozna\u010deni u spisima SDT-a ovaj postupak ozna\u010dili su kao &#8220;flagrantno kr\u0161enje medijskih sloboda&#8221;, te su pismom premijeru tra\u017eili smjenu ministarke, uz tvrdnju opozicije da je tu\u017eila\u0161tvo postalo bi\u010d u rukama aktuelne vlasti.&nbsp;<\/p>\n\n\n\n<p>Ministarka Tamara Vujovi\u0107 odbacila je takve tvrdnje.&nbsp;<\/p>\n\n\n\n<p>&#8220;Moja prva reakcija je bila i to sam tada i rekla i sada \u0107u ponoviti da se tu nije radilo o tome da je tu\u017eila\u0161tvo postalo bi\u010d u rukama vladaju\u0107ih stranaka ili da se radilo o bilo kakvoj hajci&#8221;, rekla je Vujovi\u0107.<\/p>\n\n\n\n<p>Vujovi\u0107 je naglasila da je Specijalno tu\u017eila\u0161tvo saop\u0161tilo da posjeduje materijalne dokaze koji ukazuju na navodni uticaj Mijajlovi\u0107a na ure\u0111iva\u010dku politiku odre\u0111enih medija.<\/p>\n\n\n\n<p>&#8220;Specijalno dr\u017eavno tu\u017eila\u0161tvo iza\u0161lo je i saop\u0161tilo i njihov portparol da oni imaju materijalne dokaz da je gospodin Mihajlovi\u0107 bio uticao na ure\u0111iva\u010dku politiku odre\u0111enih medija, da je prakti\u010dno krojio ure\u0111iva\u010dku politiku medija&#8221;, kazala je Vujovi\u0107.<\/p>\n\n\n\n<p>Dodala je da nijedan novinar ili urednik nije optu\u017een, ali da se mora ispitati uloga svih koji budu pozvani na saslu\u0161anje:<\/p>\n\n\n\n<p>&#8220;Svako mora ko bude pozvan od tu\u017eila\u0161tva da jasno objasni svoju ulogu u tome&#8221;, rekla je ona.<\/p>\n\n\n\n<p><img decoding=\"async\" width=\"100%\" alt=\"Darko \u0160ukovi\u0107\" src=\"https:\/\/rtcg.me\/upload\/\/media\/2025\/10\/28\/20\/50\/273\/2348564\/resize\/2348567\/Untitled_407x900_407x900\">Darko \u0160ukovi\u0107 (Foto: Sreenshot Youtube PGTV)<\/p>\n\n\n\n<p>Posebno je zanimljiv slu\u010daj &#8220;Anrtene M&#8221;, jer se prema tu\u017eila\u010dkim spisima navodi da iz komunikacija organizatora kriminalne organizacije, okrivljenog Mijajlovi\u0107a i lica koje je u njegovom mobilnom telefonu memorisano kao \u201cANTENA SUKOVI\u0106 DARKO\u201d proizilazi da ovo lice kontinuirano \u0161alje upite u vezi sa objavljivanjem medijskog sadr\u017eaja.<a href=\"https:\/\/rtcg.me\/vijesti\/politika\/764785\/radonjic-urednici-nekih-medija-i-politicari-bice-saslusani-u-slucaju-protiv-mijajlovica.html\"><\/a><\/p>\n\n\n\n<p>&#8220;Pa tako ovo lice dana 23. aprila 2021. godine, ovo lice \u0161alje okrivljenom poruku: \u201cObjavili Pipuna\u201d. Dana 13. avgusta 2021. godine: \u201cDa objavim inf bez imena i dokumenta&#8221; a 21. avgusta 2021. godine &#8220;Lomim se kad je je pametnije objaviti ono, danas ili sjutra ujutru. Sad, ra\u010dunam, bolje sjutra ujutru, jer ko ho\u0107e da do\u0111e sa sjevera, taj je ve\u0107 prelomio. A na ove koji su u krugu sat vo\u017enje mo\u017ee da uti\u010de da u posljednjem trenutku prelome i do\u0111u&#8230;\u0160ta misli\u0161 ti&#8221;, pi\u0161e u dokumentu SDT-a, gdje se citiraju poruke koje je Mijajlovi\u0107 dobijao.<\/p>\n\n\n\n<p>Navodi se i poruka dana 23. februara 2022. godine: \u201cO\u0107e\u0161 da objavimo?\u201d, dana 6. novembra 2022. godine: \u201cAko ho\u0107e, da to fino spakujemo i objavimo\u201d, dana 8. novembra 2022. godine: \u201cObjavili smo ga uz fin komentar\u201d.<\/p>\n\n\n\n<p>&#8220;Iz navedenih djelova komunikacija se mo\u017ee zaklju\u010diti da lice memorisano pod imenom \u201cANTENA SUKOVI\u0106 DARKO\u201d, a nakon komentarisanja razli\u010ditih dru\u0161tvenih doga\u0111aja pita organizatora kriminalne organizacije da li da odre\u0111ene sadr\u017eaje objavi i kada&#8221;, naveli su specijalni tu\u017eioci.<\/p>\n\n\n\n<p><img decoding=\"async\" width=\"100%\" alt=\"Tamara Vujovi\u0107 (Foto: TVCG)\" src=\"https:\/\/rtcg.me\/upload\/\/media\/2025\/10\/28\/11\/26\/712\/2347923\/resize\/2347926\/2_621x900\">Tamara Vujovi\u0107 (Foto: TVCG)<\/p>\n\n\n\n<p>Intersantno je i da se \u0160ukovi\u0107 pominje u Skaj prepiskama vo\u0111e &#8220;kava\u010dkog klana&#8221; Radoja Zviceram, koji je analizirao politi\u010dku scenu dva dana nakon izbora na kojima je DPS izgubio vlast 2020. godine.&nbsp;<\/p>\n\n\n\n<p>&#8220;Moraju da paze na ljude koji vole i poma\u017eu za dr\u017eavu, Staroga (Slobodana K\u0161\u0107elana) su satirali i stavili da le\u017ei neke gluposti. On vi\u0161e valja od Brana (Mi\u0107unovi\u0107a) 1.000 puta. Nikakve finansije ne tra\u017ei niko od nas. Ja bi Darka \u0160ukovi\u0107a za predsjednika predlo\u017eio, jer CG je sad gora nego 90-ih. Skupili smo dosta ljudi da idu na miting, jako su bezvoljni i utu\u010deni. One zastave me ubi\u0161e. Ja ti ka\u017eem, niko bolje to nece od Ramu\u0161a (Haradinaja), ali niko&#8221;, napisao je Zivicer svojevremeno na Skaj aplikaciji, \u0161to su prenijele &#8220;Vijesti&#8221;.&nbsp;<\/p>\n\n\n\n<p>Tokom jugoslovenskih ratova 1990-ih, ure\u0111ivanje medija je \u010desto bilo pod dominacijom politi\u010dke propagande, sa medijima podijeljenim etni\u010dki i malo dokumentovanog direktnog u\u010de\u0161\u0107a mafije. Poslje ratova, kako su kriminalni klanovi rasli zbog sankcija i sukoba (na primjer, \u0161verc duvana i droge), njihov uticaj na ure\u0111ivanje se poja\u010dao, prepli\u0107u\u0107i se vrlo \u010desto sa politikom.<\/p>\n\n\n\n<p>Posebno je pitanje kanalisanja novca ste\u010denog kriminalom u ogla\u0161avanje preko &#8220;po\u017eeljnih medija&#8221;, na \u0161ta su ranije upozoravale pojedine organizacije za slobodu medija.&nbsp;&nbsp;<\/p>\n\n\n\n<p>Dugogodi\u0161nja novinarka Du\u0161ica Tomovi\u0107 navodi da ne mo\u017eemo mije\u0161ati&nbsp;novinarstvo sa organizovanim i pla\u0107enim mre\u017eama trol i bot naloga napravljenim da disredituju nestomi\u0161ljenike i politi\u010dke, biznis i druge protivnike.<\/p>\n\n\n\n<p>&#8220;Namjerno pi\u0161em &#8216;mre\u017eama&#8217; u mno\u017eini jer ova koja je predmet istrage SDT (za koju svi koji imaju mozak znaju godinama) nije jedina u Crnoj Gori. Pojednostavljeno jer postoji mnogo me\u0111unarodnih propisa i standarda koji to obra\u0111uju.&nbsp;Novinari i mediji mogu bez ikakih sankcija da objavljuju tajne podatke pod uslovom da postoji i mo\u017ee se dokazati nesporan javni interes, posebno ako otkrivaju zloupotrebe i kriminal u dr\u017eavnom aparatu. Me\u0111utim, novinari ne mogu i ne smiju da budu dio kriminalnih i\/ili organizovanih i pla\u0107enih mre\u017ea trol i bot naloga napravljenim da disredituje nestomi\u0161ljenike zato \u0161to to zabranjuju medijski propis, novinarski standardii i eti\u010dki kodeks&#8221;, rekla je Tomovi\u0107.&nbsp;<\/p>\n\n\n\n<p><img decoding=\"async\" style=\"\" src=\"https:\/\/rtcg.me\/upload\/\/media\/2025\/10\/28\/11\/24\/424\/2347929\/resize\/2347932\/3_459x900\" alt=\"Tomovi\u0107 (Foto: arhiva RTCG)\">Tomovi\u0107 (Foto: arhiva RTCG)<\/p>\n\n\n\n<p>Kako je navela, objavljivanje tajnih podataka u javnom interesu u medijima je novinarstvo a okrivanje tajnih podataka da bi se kroz kriminalne ili tajne bot i trol mre\u017ee disreditovali nestomi\u0161ljenici ili institucije sistema nije novinarstvo ve\u0107 ozbiljno krivi\u010dno djelo.<\/p>\n\n\n\n<p>&#8220;Novinari i kad objavljuju povjerljive podatke u javnom interesu rade to na transparentan na\u010din, ne kriju autorstvo, za svoj rad u javnom interesu su pla\u0107eni transparentno i u skladu sa propisima. Pla\u0107anje bot i trol mre\u017ea novcem iz dr\u017cavnih bud\u017ceta ili kriminalnih aktivnosti da bi se diskreditovali nestomi\u0161ljenici ili protivnici nije novinarstvo ve\u0107 ozbiljno krivi\u010dno djelo&#8221;, zaklju\u010dila je Tomovi\u0107.&nbsp;<\/p>\n\n\n\n<p><\/p>","protected":false},"excerpt":{"rendered":"<p>Potencijalne veze izme\u0111u medija i organizovanog kriminala na prostoru biv\u0161e SFRJ nijesu novost, ali u Crnoj Gori \u010dini se, ta pri\u010da u posljednje vrijeme dobija na zna\u010daju. Organizovane kriminalne grupe su istorijski preuzimale ili uticale na medije, posebno tabloide, kako bi oblikovale ure\u0111iva\u010dke politike i \u0161irile povoljne narative. To im omogu\u0107ava da kontroli\u0161u \u0161ta se objavljuje, uklone kriti\u010dke pri\u010de ili koriste medije kao sredstvo za prikrivene prijetnje i propagandu. Pri\u010du je ponovo aktuelizovala ministarka kulture i medija Tamara Vujovi\u0107 koja je poru\u010dila da slu\u010daj hap\u0161enja biznismena Aleksandra-Aca Mijajlovi\u0107a otvara ozbiljna pitanja o potencijalnom uticaju kriminalnih struktura na medije, te da se, kako isti\u010de, nije radilo o hajci niti o tome da je tu\u017eila\u0161tvo postalo bi\u010d u rukama vlasti.<\/p>","protected":false},"author":1,"featured_media":913888,"comment_status":"open","ping_status":"open","sticky":false,"template":"","format":"standard","meta":{"_acf_changed":false,"footnotes":""},"categories":[17],"tags":[471,503,1486],"naslovna":[],"class_list":["post-966330","post","type-post","status-publish","format-standard","has-post-thumbnail","hentry","category-hronika","tag-kriminal","tag-mediji","tag-novinari"],"acf":[],"yoast_head":"<!-- This site is optimized with the Yoast SEO plugin v27.4 - https:\/\/yoast.com\/product\/yoast-seo-wordpress\/ -->\n<title>Uticaj kriminala na medije: Kad &quot;biznismeni&quot; oblikuju vijesti - dmcsrb.com<\/title>\n<meta name=\"robots\" content=\"index, follow, max-snippet:-1, max-image-preview:large, max-video-preview:-1\" \/>\n<link rel=\"canonical\" href=\"https:\/\/dmcsrb.com\/en\/hronika\/uticaj-kriminala-na-medije-kad-biznismeni-oblikuju-vijesti\/\" \/>\n<meta property=\"og:locale\" content=\"en_GB\" \/>\n<meta property=\"og:type\" content=\"article\" \/>\n<meta property=\"og:title\" content=\"Uticaj kriminala na medije: Kad &quot;biznismeni&quot; oblikuju vijesti - dmcsrb.com\" \/>\n<meta property=\"og:description\" content=\"Potencijalne veze izme\u0111u medija i organizovanog kriminala na prostoru biv\u0161e SFRJ nijesu novost, ali u Crnoj Gori \u010dini se, ta pri\u010da u posljednje vrijeme dobija na zna\u010daju. Organizovane kriminalne grupe su istorijski preuzimale ili uticale na medije, posebno tabloide, kako bi oblikovale ure\u0111iva\u010dke politike i \u0161irile povoljne narative. To im omogu\u0107ava da kontroli\u0161u \u0161ta se objavljuje, uklone kriti\u010dke pri\u010de ili koriste medije kao sredstvo za prikrivene prijetnje i propagandu. Pri\u010du je ponovo aktuelizovala ministarka kulture i medija Tamara Vujovi\u0107 koja je poru\u010dila da slu\u010daj hap\u0161enja biznismena Aleksandra-Aca Mijajlovi\u0107a otvara ozbiljna pitanja o potencijalnom uticaju kriminalnih struktura na medije, te da se, kako isti\u010de, nije radilo o hajci niti o tome da je tu\u017eila\u0161tvo postalo bi\u010d u rukama vlasti.\" \/>\n<meta property=\"og:url\" content=\"https:\/\/dmcsrb.com\/en\/hronika\/uticaj-kriminala-na-medije-kad-biznismeni-oblikuju-vijesti\/\" \/>\n<meta property=\"og:site_name\" content=\"dmcsrb.com\" \/>\n<meta property=\"article:published_time\" content=\"2025-11-29T05:56:00+00:00\" \/>\n<meta property=\"og:image\" content=\"https:\/\/dmcsrb.com\/wp-content\/uploads\/2026\/01\/novinari-pixabay-ilustracija.jpg\" \/>\n\t<meta property=\"og:image:width\" content=\"640\" \/>\n\t<meta property=\"og:image:height\" content=\"426\" \/>\n\t<meta property=\"og:image:type\" content=\"image\/jpeg\" \/>\n<meta name=\"author\" content=\"dmcsrbija.com@gmail.com\" \/>\n<meta name=\"twitter:card\" content=\"summary_large_image\" \/>\n<meta name=\"twitter:label1\" content=\"Written by\" \/>\n\t<meta name=\"twitter:data1\" content=\"dmcsrbija.com@gmail.com\" \/>\n\t<meta name=\"twitter:label2\" content=\"Estimated reading time\" \/>\n\t<meta name=\"twitter:data2\" content=\"7 minutes\" \/>\n<script type=\"application\/ld+json\" class=\"yoast-schema-graph\">{\"@context\":\"https:\\\/\\\/schema.org\",\"@graph\":[{\"@type\":\"Article\",\"@id\":\"https:\\\/\\\/dmcsrb.com\\\/hronika\\\/uticaj-kriminala-na-medije-kad-biznismeni-oblikuju-vijesti\\\/#article\",\"isPartOf\":{\"@id\":\"https:\\\/\\\/dmcsrb.com\\\/hronika\\\/uticaj-kriminala-na-medije-kad-biznismeni-oblikuju-vijesti\\\/\"},\"author\":{\"name\":\"dmcsrbija.com@gmail.com\",\"@id\":\"https:\\\/\\\/dmcsrb.com\\\/#\\\/schema\\\/person\\\/5c39170f12db1b8b457732d0b5c854e2\"},\"headline\":\"Uticaj kriminala na medije: Kad &#8220;biznismeni&#8221; oblikuju vijesti\",\"datePublished\":\"2025-11-29T05:56:00+00:00\",\"mainEntityOfPage\":{\"@id\":\"https:\\\/\\\/dmcsrb.com\\\/hronika\\\/uticaj-kriminala-na-medije-kad-biznismeni-oblikuju-vijesti\\\/\"},\"wordCount\":1321,\"commentCount\":0,\"image\":{\"@id\":\"https:\\\/\\\/dmcsrb.com\\\/hronika\\\/uticaj-kriminala-na-medije-kad-biznismeni-oblikuju-vijesti\\\/#primaryimage\"},\"thumbnailUrl\":\"https:\\\/\\\/dmcsrb.com\\\/wp-content\\\/uploads\\\/2026\\\/01\\\/novinari-pixabay-ilustracija.jpg\",\"keywords\":[\"kriminal\",\"mediji\",\"novinari\"],\"articleSection\":[\"Hronika\"],\"inLanguage\":\"en-GB\",\"potentialAction\":[{\"@type\":\"CommentAction\",\"name\":\"Comment\",\"target\":[\"https:\\\/\\\/dmcsrb.com\\\/hronika\\\/uticaj-kriminala-na-medije-kad-biznismeni-oblikuju-vijesti\\\/#respond\"]}]},{\"@type\":\"WebPage\",\"@id\":\"https:\\\/\\\/dmcsrb.com\\\/hronika\\\/uticaj-kriminala-na-medije-kad-biznismeni-oblikuju-vijesti\\\/\",\"url\":\"https:\\\/\\\/dmcsrb.com\\\/hronika\\\/uticaj-kriminala-na-medije-kad-biznismeni-oblikuju-vijesti\\\/\",\"name\":\"Uticaj kriminala na medije: Kad \\\"biznismeni\\\" oblikuju vijesti - dmcsrb.com\",\"isPartOf\":{\"@id\":\"https:\\\/\\\/dmcsrb.com\\\/#website\"},\"primaryImageOfPage\":{\"@id\":\"https:\\\/\\\/dmcsrb.com\\\/hronika\\\/uticaj-kriminala-na-medije-kad-biznismeni-oblikuju-vijesti\\\/#primaryimage\"},\"image\":{\"@id\":\"https:\\\/\\\/dmcsrb.com\\\/hronika\\\/uticaj-kriminala-na-medije-kad-biznismeni-oblikuju-vijesti\\\/#primaryimage\"},\"thumbnailUrl\":\"https:\\\/\\\/dmcsrb.com\\\/wp-content\\\/uploads\\\/2026\\\/01\\\/novinari-pixabay-ilustracija.jpg\",\"datePublished\":\"2025-11-29T05:56:00+00:00\",\"author\":{\"@id\":\"https:\\\/\\\/dmcsrb.com\\\/#\\\/schema\\\/person\\\/5c39170f12db1b8b457732d0b5c854e2\"},\"breadcrumb\":{\"@id\":\"https:\\\/\\\/dmcsrb.com\\\/hronika\\\/uticaj-kriminala-na-medije-kad-biznismeni-oblikuju-vijesti\\\/#breadcrumb\"},\"inLanguage\":\"en-GB\",\"potentialAction\":[{\"@type\":\"ReadAction\",\"target\":[\"https:\\\/\\\/dmcsrb.com\\\/hronika\\\/uticaj-kriminala-na-medije-kad-biznismeni-oblikuju-vijesti\\\/\"]}]},{\"@type\":\"ImageObject\",\"inLanguage\":\"en-GB\",\"@id\":\"https:\\\/\\\/dmcsrb.com\\\/hronika\\\/uticaj-kriminala-na-medije-kad-biznismeni-oblikuju-vijesti\\\/#primaryimage\",\"url\":\"https:\\\/\\\/dmcsrb.com\\\/wp-content\\\/uploads\\\/2026\\\/01\\\/novinari-pixabay-ilustracija.jpg\",\"contentUrl\":\"https:\\\/\\\/dmcsrb.com\\\/wp-content\\\/uploads\\\/2026\\\/01\\\/novinari-pixabay-ilustracija.jpg\",\"width\":640,\"height\":426},{\"@type\":\"BreadcrumbList\",\"@id\":\"https:\\\/\\\/dmcsrb.com\\\/hronika\\\/uticaj-kriminala-na-medije-kad-biznismeni-oblikuju-vijesti\\\/#breadcrumb\",\"itemListElement\":[{\"@type\":\"ListItem\",\"position\":1,\"name\":\"Home\",\"item\":\"https:\\\/\\\/dmcsrb.com\\\/\"},{\"@type\":\"ListItem\",\"position\":2,\"name\":\"Uticaj kriminala na medije: Kad &#8220;biznismeni&#8221; oblikuju vijesti\"}]},{\"@type\":\"WebSite\",\"@id\":\"https:\\\/\\\/dmcsrb.com\\\/#website\",\"url\":\"https:\\\/\\\/dmcsrb.com\\\/\",\"name\":\"dmcsrb.com\",\"description\":\"\",\"potentialAction\":[{\"@type\":\"SearchAction\",\"target\":{\"@type\":\"EntryPoint\",\"urlTemplate\":\"https:\\\/\\\/dmcsrb.com\\\/?s={search_term_string}\"},\"query-input\":{\"@type\":\"PropertyValueSpecification\",\"valueRequired\":true,\"valueName\":\"search_term_string\"}}],\"inLanguage\":\"en-GB\"},{\"@type\":\"Person\",\"@id\":\"https:\\\/\\\/dmcsrb.com\\\/#\\\/schema\\\/person\\\/5c39170f12db1b8b457732d0b5c854e2\",\"name\":\"dmcsrbija.com@gmail.com\",\"image\":{\"@type\":\"ImageObject\",\"inLanguage\":\"en-GB\",\"@id\":\"https:\\\/\\\/secure.gravatar.com\\\/avatar\\\/68592660ad6347fad0fb587f8d5d8f1a7b44961362f56e4f2cd524feb87e9069?s=96&d=mm&r=g\",\"url\":\"https:\\\/\\\/secure.gravatar.com\\\/avatar\\\/68592660ad6347fad0fb587f8d5d8f1a7b44961362f56e4f2cd524feb87e9069?s=96&d=mm&r=g\",\"contentUrl\":\"https:\\\/\\\/secure.gravatar.com\\\/avatar\\\/68592660ad6347fad0fb587f8d5d8f1a7b44961362f56e4f2cd524feb87e9069?s=96&d=mm&r=g\",\"caption\":\"dmcsrbija.com@gmail.com\"},\"sameAs\":[\"https:\\\/\\\/dmcsrb.com\"],\"url\":\"https:\\\/\\\/dmcsrb.com\\\/en\\\/author\\\/dmcsrbija-comgmail-com\\\/\"}]}<\/script>\n<!-- \/ Yoast SEO plugin. -->","yoast_head_json":{"title":"Uticaj kriminala na medije: Kad \"biznismeni\" oblikuju vijesti - dmcsrb.com","robots":{"index":"index","follow":"follow","max-snippet":"max-snippet:-1","max-image-preview":"max-image-preview:large","max-video-preview":"max-video-preview:-1"},"canonical":"https:\/\/dmcsrb.com\/en\/hronika\/uticaj-kriminala-na-medije-kad-biznismeni-oblikuju-vijesti\/","og_locale":"en_GB","og_type":"article","og_title":"Uticaj kriminala na medije: Kad \"biznismeni\" oblikuju vijesti - dmcsrb.com","og_description":"Potencijalne veze izme\u0111u medija i organizovanog kriminala na prostoru biv\u0161e SFRJ nijesu novost, ali u Crnoj Gori \u010dini se, ta pri\u010da u posljednje vrijeme dobija na zna\u010daju. Organizovane kriminalne grupe su istorijski preuzimale ili uticale na medije, posebno tabloide, kako bi oblikovale ure\u0111iva\u010dke politike i \u0161irile povoljne narative. To im omogu\u0107ava da kontroli\u0161u \u0161ta se objavljuje, uklone kriti\u010dke pri\u010de ili koriste medije kao sredstvo za prikrivene prijetnje i propagandu. Pri\u010du je ponovo aktuelizovala ministarka kulture i medija Tamara Vujovi\u0107 koja je poru\u010dila da slu\u010daj hap\u0161enja biznismena Aleksandra-Aca Mijajlovi\u0107a otvara ozbiljna pitanja o potencijalnom uticaju kriminalnih struktura na medije, te da se, kako isti\u010de, nije radilo o hajci niti o tome da je tu\u017eila\u0161tvo postalo bi\u010d u rukama vlasti.","og_url":"https:\/\/dmcsrb.com\/en\/hronika\/uticaj-kriminala-na-medije-kad-biznismeni-oblikuju-vijesti\/","og_site_name":"dmcsrb.com","article_published_time":"2025-11-29T05:56:00+00:00","og_image":[{"width":640,"height":426,"url":"https:\/\/dmcsrb.com\/wp-content\/uploads\/2026\/01\/novinari-pixabay-ilustracija.jpg","type":"image\/jpeg"}],"author":"dmcsrbija.com@gmail.com","twitter_card":"summary_large_image","twitter_misc":{"Written by":"dmcsrbija.com@gmail.com","Estimated reading time":"7 minutes"},"schema":{"@context":"https:\/\/schema.org","@graph":[{"@type":"Article","@id":"https:\/\/dmcsrb.com\/hronika\/uticaj-kriminala-na-medije-kad-biznismeni-oblikuju-vijesti\/#article","isPartOf":{"@id":"https:\/\/dmcsrb.com\/hronika\/uticaj-kriminala-na-medije-kad-biznismeni-oblikuju-vijesti\/"},"author":{"name":"dmcsrbija.com@gmail.com","@id":"https:\/\/dmcsrb.com\/#\/schema\/person\/5c39170f12db1b8b457732d0b5c854e2"},"headline":"Uticaj kriminala na medije: Kad &#8220;biznismeni&#8221; oblikuju vijesti","datePublished":"2025-11-29T05:56:00+00:00","mainEntityOfPage":{"@id":"https:\/\/dmcsrb.com\/hronika\/uticaj-kriminala-na-medije-kad-biznismeni-oblikuju-vijesti\/"},"wordCount":1321,"commentCount":0,"image":{"@id":"https:\/\/dmcsrb.com\/hronika\/uticaj-kriminala-na-medije-kad-biznismeni-oblikuju-vijesti\/#primaryimage"},"thumbnailUrl":"https:\/\/dmcsrb.com\/wp-content\/uploads\/2026\/01\/novinari-pixabay-ilustracija.jpg","keywords":["kriminal","mediji","novinari"],"articleSection":["Hronika"],"inLanguage":"en-GB","potentialAction":[{"@type":"CommentAction","name":"Comment","target":["https:\/\/dmcsrb.com\/hronika\/uticaj-kriminala-na-medije-kad-biznismeni-oblikuju-vijesti\/#respond"]}]},{"@type":"WebPage","@id":"https:\/\/dmcsrb.com\/hronika\/uticaj-kriminala-na-medije-kad-biznismeni-oblikuju-vijesti\/","url":"https:\/\/dmcsrb.com\/hronika\/uticaj-kriminala-na-medije-kad-biznismeni-oblikuju-vijesti\/","name":"Uticaj kriminala na medije: Kad \"biznismeni\" oblikuju vijesti - dmcsrb.com","isPartOf":{"@id":"https:\/\/dmcsrb.com\/#website"},"primaryImageOfPage":{"@id":"https:\/\/dmcsrb.com\/hronika\/uticaj-kriminala-na-medije-kad-biznismeni-oblikuju-vijesti\/#primaryimage"},"image":{"@id":"https:\/\/dmcsrb.com\/hronika\/uticaj-kriminala-na-medije-kad-biznismeni-oblikuju-vijesti\/#primaryimage"},"thumbnailUrl":"https:\/\/dmcsrb.com\/wp-content\/uploads\/2026\/01\/novinari-pixabay-ilustracija.jpg","datePublished":"2025-11-29T05:56:00+00:00","author":{"@id":"https:\/\/dmcsrb.com\/#\/schema\/person\/5c39170f12db1b8b457732d0b5c854e2"},"breadcrumb":{"@id":"https:\/\/dmcsrb.com\/hronika\/uticaj-kriminala-na-medije-kad-biznismeni-oblikuju-vijesti\/#breadcrumb"},"inLanguage":"en-GB","potentialAction":[{"@type":"ReadAction","target":["https:\/\/dmcsrb.com\/hronika\/uticaj-kriminala-na-medije-kad-biznismeni-oblikuju-vijesti\/"]}]},{"@type":"ImageObject","inLanguage":"en-GB","@id":"https:\/\/dmcsrb.com\/hronika\/uticaj-kriminala-na-medije-kad-biznismeni-oblikuju-vijesti\/#primaryimage","url":"https:\/\/dmcsrb.com\/wp-content\/uploads\/2026\/01\/novinari-pixabay-ilustracija.jpg","contentUrl":"https:\/\/dmcsrb.com\/wp-content\/uploads\/2026\/01\/novinari-pixabay-ilustracija.jpg","width":640,"height":426},{"@type":"BreadcrumbList","@id":"https:\/\/dmcsrb.com\/hronika\/uticaj-kriminala-na-medije-kad-biznismeni-oblikuju-vijesti\/#breadcrumb","itemListElement":[{"@type":"ListItem","position":1,"name":"Home","item":"https:\/\/dmcsrb.com\/"},{"@type":"ListItem","position":2,"name":"Uticaj kriminala na medije: Kad &#8220;biznismeni&#8221; oblikuju vijesti"}]},{"@type":"WebSite","@id":"https:\/\/dmcsrb.com\/#website","url":"https:\/\/dmcsrb.com\/","name":"dmcsrb.com","description":"","potentialAction":[{"@type":"SearchAction","target":{"@type":"EntryPoint","urlTemplate":"https:\/\/dmcsrb.com\/?s={search_term_string}"},"query-input":{"@type":"PropertyValueSpecification","valueRequired":true,"valueName":"search_term_string"}}],"inLanguage":"en-GB"},{"@type":"Person","@id":"https:\/\/dmcsrb.com\/#\/schema\/person\/5c39170f12db1b8b457732d0b5c854e2","name":"dmcsrbija.com@gmail.com","image":{"@type":"ImageObject","inLanguage":"en-GB","@id":"https:\/\/secure.gravatar.com\/avatar\/68592660ad6347fad0fb587f8d5d8f1a7b44961362f56e4f2cd524feb87e9069?s=96&d=mm&r=g","url":"https:\/\/secure.gravatar.com\/avatar\/68592660ad6347fad0fb587f8d5d8f1a7b44961362f56e4f2cd524feb87e9069?s=96&d=mm&r=g","contentUrl":"https:\/\/secure.gravatar.com\/avatar\/68592660ad6347fad0fb587f8d5d8f1a7b44961362f56e4f2cd524feb87e9069?s=96&d=mm&r=g","caption":"dmcsrbija.com@gmail.com"},"sameAs":["https:\/\/dmcsrb.com"],"url":"https:\/\/dmcsrb.com\/en\/author\/dmcsrbija-comgmail-com\/"}]}},"_links":{"self":[{"href":"https:\/\/dmcsrb.com\/en\/wp-json\/wp\/v2\/posts\/966330","targetHints":{"allow":["GET"]}}],"collection":[{"href":"https:\/\/dmcsrb.com\/en\/wp-json\/wp\/v2\/posts"}],"about":[{"href":"https:\/\/dmcsrb.com\/en\/wp-json\/wp\/v2\/types\/post"}],"author":[{"embeddable":true,"href":"https:\/\/dmcsrb.com\/en\/wp-json\/wp\/v2\/users\/1"}],"replies":[{"embeddable":true,"href":"https:\/\/dmcsrb.com\/en\/wp-json\/wp\/v2\/comments?post=966330"}],"version-history":[{"count":0,"href":"https:\/\/dmcsrb.com\/en\/wp-json\/wp\/v2\/posts\/966330\/revisions"}],"wp:featuredmedia":[{"embeddable":true,"href":"https:\/\/dmcsrb.com\/en\/wp-json\/wp\/v2\/media\/913888"}],"wp:attachment":[{"href":"https:\/\/dmcsrb.com\/en\/wp-json\/wp\/v2\/media?parent=966330"}],"wp:term":[{"taxonomy":"category","embeddable":true,"href":"https:\/\/dmcsrb.com\/en\/wp-json\/wp\/v2\/categories?post=966330"},{"taxonomy":"post_tag","embeddable":true,"href":"https:\/\/dmcsrb.com\/en\/wp-json\/wp\/v2\/tags?post=966330"},{"taxonomy":"naslovna","embeddable":true,"href":"https:\/\/dmcsrb.com\/en\/wp-json\/wp\/v2\/naslovna?post=966330"}],"curies":[{"name":"wp","href":"https:\/\/api.w.org\/{rel}","templated":true}]}}