{"id":966296,"date":"2025-11-28T20:34:00","date_gmt":"2025-11-28T19:34:00","guid":{"rendered":"https:\/\/dmcsrb.com\/uncategorized\/djeca-iz-jpu-eko-bajka-posjetila-ministarstvo-sporta-i-mladih\/"},"modified":"2025-11-28T20:34:00","modified_gmt":"2025-11-28T19:34:00","slug":"djeca-iz-jpu-eko-bajka-posjetila-ministarstvo-sporta-i-mladih","status":"publish","type":"post","link":"https:\/\/dmcsrb.com\/en\/drustvo\/djeca-iz-jpu-eko-bajka-posjetila-ministarstvo-sporta-i-mladih\/","title":{"rendered":"Djeca iz JPU \u201cEko Bajka\u201d posjetila Ministarstvo sporta i mladih"},"content":{"rendered":"<p><\/p>\n\n\n\n<p>Tokom posjete, \u0160\u0107eki\u0107 razgovarao je sa djecom o zna\u010daju sporta, zdravih navika i igre u prirodi. Mali\u0161ani su rado dijelili svoja iskustva, pri\u010dali o omiljenim sportovima i aktivnostima u vrti\u0107u.<\/p>\n\n\n\n<p>Ministar je istakao da je razvoj sportskog duha kod djece jedan od temelja zdravog odrastanja, te da \u0107e Ministarstvo nastaviti da podr\u017eava programe koji podsti\u010du fizi\u010dku aktivnost&nbsp; najmla\u0111ih.<\/p>\n\n\n\n<p>Na kraju dru\u017eenja, ministar je djeci uru\u010dio paketi\u0107e i lopte, \u0161to je izazvalo posebno odu\u0161evljenje i radost me\u0111u najmla\u0111ima, navode iz Ministarstva.<\/p>\n\n\n\n<p>&#8221;Djeca su se zahvalila na poklonima i toplom prijemu, a posjeta je zavr\u0161ena zajedni\u010dkim fotografisanjem i dobrim raspolo\u017eenjem&#8221;, zaklju\u010duju iz Ministarstva.<\/p>","protected":false},"excerpt":{"rendered":"<p>Ministar sporta i mladih, Dragoslav \u0160\u0107eki\u0107, ugostio je danas djecu iz JPU \u201cEko Bajka\u201d, me\u0111u kojima su bila djeca iz pred\u0161kolske grupe, u pratnji direktorice Jelene Ljiljani\u0107 i u\u010diteljica Vukice An\u0111eli\u0107, Adnane \u0106elebi\u0107, Zlatke Meki\u0107, Marine Vrane\u0161 i Dragane Bo\u017eovi\u0107, saop\u0161teno je iz Ministarstva.<\/p>","protected":false},"author":1,"featured_media":966297,"comment_status":"open","ping_status":"open","sticky":false,"template":"","format":"standard","meta":{"_acf_changed":false,"footnotes":""},"categories":[2],"tags":[623,15796,1088],"naslovna":[],"class_list":["post-966296","post","type-post","status-publish","format-standard","has-post-thumbnail","hentry","category-drustvo","tag-djeca","tag-jpu-eko-bajka","tag-ministarstvo-sporta-i-mladih"],"acf":[],"yoast_head":"<!-- This site is optimized with the Yoast SEO plugin v27.4 - https:\/\/yoast.com\/product\/yoast-seo-wordpress\/ -->\n<title>Djeca iz JPU \u201cEko Bajka\u201d posjetila Ministarstvo sporta i mladih - dmcsrb.com<\/title>\n<meta name=\"robots\" content=\"index, follow, max-snippet:-1, max-image-preview:large, max-video-preview:-1\" \/>\n<link rel=\"canonical\" href=\"https:\/\/dmcsrb.com\/en\/drustvo\/djeca-iz-jpu-eko-bajka-posjetila-ministarstvo-sporta-i-mladih\/\" \/>\n<meta property=\"og:locale\" content=\"en_GB\" \/>\n<meta property=\"og:type\" content=\"article\" \/>\n<meta property=\"og:title\" content=\"Djeca iz JPU \u201cEko Bajka\u201d posjetila Ministarstvo sporta i mladih - dmcsrb.com\" \/>\n<meta property=\"og:description\" content=\"Ministar sporta i mladih, Dragoslav \u0160\u0107eki\u0107, ugostio je danas djecu iz JPU \u201cEko Bajka\u201d, me\u0111u kojima su bila djeca iz pred\u0161kolske grupe, u pratnji direktorice Jelene Ljiljani\u0107 i u\u010diteljica Vukice An\u0111eli\u0107, Adnane \u0106elebi\u0107, Zlatke Meki\u0107, Marine Vrane\u0161 i Dragane Bo\u017eovi\u0107, saop\u0161teno je iz Ministarstva.\" \/>\n<meta property=\"og:url\" content=\"https:\/\/dmcsrb.com\/en\/drustvo\/djeca-iz-jpu-eko-bajka-posjetila-ministarstvo-sporta-i-mladih\/\" \/>\n<meta property=\"og:site_name\" content=\"dmcsrb.com\" \/>\n<meta property=\"article:published_time\" content=\"2025-11-28T19:34:00+00:00\" \/>\n<meta property=\"og:image\" content=\"https:\/\/dmcsrb.com\/wp-content\/uploads\/2026\/01\/IMG_4138-scaled-1.webp\" \/>\n\t<meta property=\"og:image:width\" content=\"2560\" \/>\n\t<meta property=\"og:image:height\" content=\"1920\" \/>\n\t<meta property=\"og:image:type\" content=\"image\/jpeg\" \/>\n<meta name=\"author\" content=\"dmcsrbija.com@gmail.com\" \/>\n<meta name=\"twitter:card\" content=\"summary_large_image\" \/>\n<meta name=\"twitter:label1\" content=\"Written by\" \/>\n\t<meta name=\"twitter:data1\" content=\"dmcsrbija.com@gmail.com\" \/>\n\t<meta name=\"twitter:label2\" content=\"Estimated reading time\" \/>\n\t<meta name=\"twitter:data2\" content=\"1 minute\" \/>\n<script type=\"application\/ld+json\" class=\"yoast-schema-graph\">{\"@context\":\"https:\\\/\\\/schema.org\",\"@graph\":[{\"@type\":\"Article\",\"@id\":\"https:\\\/\\\/dmcsrb.com\\\/drustvo\\\/djeca-iz-jpu-eko-bajka-posjetila-ministarstvo-sporta-i-mladih\\\/#article\",\"isPartOf\":{\"@id\":\"https:\\\/\\\/dmcsrb.com\\\/drustvo\\\/djeca-iz-jpu-eko-bajka-posjetila-ministarstvo-sporta-i-mladih\\\/\"},\"author\":{\"name\":\"dmcsrbija.com@gmail.com\",\"@id\":\"https:\\\/\\\/dmcsrb.com\\\/#\\\/schema\\\/person\\\/5c39170f12db1b8b457732d0b5c854e2\"},\"headline\":\"Djeca iz JPU \u201cEko Bajka\u201d posjetila Ministarstvo sporta i mladih\",\"datePublished\":\"2025-11-28T19:34:00+00:00\",\"mainEntityOfPage\":{\"@id\":\"https:\\\/\\\/dmcsrb.com\\\/drustvo\\\/djeca-iz-jpu-eko-bajka-posjetila-ministarstvo-sporta-i-mladih\\\/\"},\"wordCount\":130,\"commentCount\":0,\"image\":{\"@id\":\"https:\\\/\\\/dmcsrb.com\\\/drustvo\\\/djeca-iz-jpu-eko-bajka-posjetila-ministarstvo-sporta-i-mladih\\\/#primaryimage\"},\"thumbnailUrl\":\"https:\\\/\\\/dmcsrb.com\\\/wp-content\\\/uploads\\\/2026\\\/01\\\/IMG_4138-scaled-1.webp\",\"keywords\":[\"djeca\",\"JPU ''Eko Bajka''\",\"Ministarstvo sporta i mladih\"],\"articleSection\":[\"Dru\u0161tvo\"],\"inLanguage\":\"en-GB\",\"potentialAction\":[{\"@type\":\"CommentAction\",\"name\":\"Comment\",\"target\":[\"https:\\\/\\\/dmcsrb.com\\\/drustvo\\\/djeca-iz-jpu-eko-bajka-posjetila-ministarstvo-sporta-i-mladih\\\/#respond\"]}]},{\"@type\":\"WebPage\",\"@id\":\"https:\\\/\\\/dmcsrb.com\\\/drustvo\\\/djeca-iz-jpu-eko-bajka-posjetila-ministarstvo-sporta-i-mladih\\\/\",\"url\":\"https:\\\/\\\/dmcsrb.com\\\/drustvo\\\/djeca-iz-jpu-eko-bajka-posjetila-ministarstvo-sporta-i-mladih\\\/\",\"name\":\"Djeca iz JPU \u201cEko Bajka\u201d posjetila Ministarstvo sporta i mladih - dmcsrb.com\",\"isPartOf\":{\"@id\":\"https:\\\/\\\/dmcsrb.com\\\/#website\"},\"primaryImageOfPage\":{\"@id\":\"https:\\\/\\\/dmcsrb.com\\\/drustvo\\\/djeca-iz-jpu-eko-bajka-posjetila-ministarstvo-sporta-i-mladih\\\/#primaryimage\"},\"image\":{\"@id\":\"https:\\\/\\\/dmcsrb.com\\\/drustvo\\\/djeca-iz-jpu-eko-bajka-posjetila-ministarstvo-sporta-i-mladih\\\/#primaryimage\"},\"thumbnailUrl\":\"https:\\\/\\\/dmcsrb.com\\\/wp-content\\\/uploads\\\/2026\\\/01\\\/IMG_4138-scaled-1.webp\",\"datePublished\":\"2025-11-28T19:34:00+00:00\",\"author\":{\"@id\":\"https:\\\/\\\/dmcsrb.com\\\/#\\\/schema\\\/person\\\/5c39170f12db1b8b457732d0b5c854e2\"},\"breadcrumb\":{\"@id\":\"https:\\\/\\\/dmcsrb.com\\\/drustvo\\\/djeca-iz-jpu-eko-bajka-posjetila-ministarstvo-sporta-i-mladih\\\/#breadcrumb\"},\"inLanguage\":\"en-GB\",\"potentialAction\":[{\"@type\":\"ReadAction\",\"target\":[\"https:\\\/\\\/dmcsrb.com\\\/drustvo\\\/djeca-iz-jpu-eko-bajka-posjetila-ministarstvo-sporta-i-mladih\\\/\"]}]},{\"@type\":\"ImageObject\",\"inLanguage\":\"en-GB\",\"@id\":\"https:\\\/\\\/dmcsrb.com\\\/drustvo\\\/djeca-iz-jpu-eko-bajka-posjetila-ministarstvo-sporta-i-mladih\\\/#primaryimage\",\"url\":\"https:\\\/\\\/dmcsrb.com\\\/wp-content\\\/uploads\\\/2026\\\/01\\\/IMG_4138-scaled-1.webp\",\"contentUrl\":\"https:\\\/\\\/dmcsrb.com\\\/wp-content\\\/uploads\\\/2026\\\/01\\\/IMG_4138-scaled-1.webp\",\"width\":2560,\"height\":1920},{\"@type\":\"BreadcrumbList\",\"@id\":\"https:\\\/\\\/dmcsrb.com\\\/drustvo\\\/djeca-iz-jpu-eko-bajka-posjetila-ministarstvo-sporta-i-mladih\\\/#breadcrumb\",\"itemListElement\":[{\"@type\":\"ListItem\",\"position\":1,\"name\":\"Home\",\"item\":\"https:\\\/\\\/dmcsrb.com\\\/\"},{\"@type\":\"ListItem\",\"position\":2,\"name\":\"Djeca iz JPU \u201cEko Bajka\u201d posjetila Ministarstvo sporta i mladih\"}]},{\"@type\":\"WebSite\",\"@id\":\"https:\\\/\\\/dmcsrb.com\\\/#website\",\"url\":\"https:\\\/\\\/dmcsrb.com\\\/\",\"name\":\"dmcsrb.com\",\"description\":\"\",\"potentialAction\":[{\"@type\":\"SearchAction\",\"target\":{\"@type\":\"EntryPoint\",\"urlTemplate\":\"https:\\\/\\\/dmcsrb.com\\\/?s={search_term_string}\"},\"query-input\":{\"@type\":\"PropertyValueSpecification\",\"valueRequired\":true,\"valueName\":\"search_term_string\"}}],\"inLanguage\":\"en-GB\"},{\"@type\":\"Person\",\"@id\":\"https:\\\/\\\/dmcsrb.com\\\/#\\\/schema\\\/person\\\/5c39170f12db1b8b457732d0b5c854e2\",\"name\":\"dmcsrbija.com@gmail.com\",\"image\":{\"@type\":\"ImageObject\",\"inLanguage\":\"en-GB\",\"@id\":\"https:\\\/\\\/secure.gravatar.com\\\/avatar\\\/68592660ad6347fad0fb587f8d5d8f1a7b44961362f56e4f2cd524feb87e9069?s=96&d=mm&r=g\",\"url\":\"https:\\\/\\\/secure.gravatar.com\\\/avatar\\\/68592660ad6347fad0fb587f8d5d8f1a7b44961362f56e4f2cd524feb87e9069?s=96&d=mm&r=g\",\"contentUrl\":\"https:\\\/\\\/secure.gravatar.com\\\/avatar\\\/68592660ad6347fad0fb587f8d5d8f1a7b44961362f56e4f2cd524feb87e9069?s=96&d=mm&r=g\",\"caption\":\"dmcsrbija.com@gmail.com\"},\"sameAs\":[\"https:\\\/\\\/dmcsrb.com\"],\"url\":\"https:\\\/\\\/dmcsrb.com\\\/en\\\/author\\\/dmcsrbija-comgmail-com\\\/\"}]}<\/script>\n<!-- \/ Yoast SEO plugin. -->","yoast_head_json":{"title":"Djeca iz JPU \u201cEko Bajka\u201d posjetila Ministarstvo sporta i mladih - dmcsrb.com","robots":{"index":"index","follow":"follow","max-snippet":"max-snippet:-1","max-image-preview":"max-image-preview:large","max-video-preview":"max-video-preview:-1"},"canonical":"https:\/\/dmcsrb.com\/en\/drustvo\/djeca-iz-jpu-eko-bajka-posjetila-ministarstvo-sporta-i-mladih\/","og_locale":"en_GB","og_type":"article","og_title":"Djeca iz JPU \u201cEko Bajka\u201d posjetila Ministarstvo sporta i mladih - dmcsrb.com","og_description":"Ministar sporta i mladih, Dragoslav \u0160\u0107eki\u0107, ugostio je danas djecu iz JPU \u201cEko Bajka\u201d, me\u0111u kojima su bila djeca iz pred\u0161kolske grupe, u pratnji direktorice Jelene Ljiljani\u0107 i u\u010diteljica Vukice An\u0111eli\u0107, Adnane \u0106elebi\u0107, Zlatke Meki\u0107, Marine Vrane\u0161 i Dragane Bo\u017eovi\u0107, saop\u0161teno je iz Ministarstva.","og_url":"https:\/\/dmcsrb.com\/en\/drustvo\/djeca-iz-jpu-eko-bajka-posjetila-ministarstvo-sporta-i-mladih\/","og_site_name":"dmcsrb.com","article_published_time":"2025-11-28T19:34:00+00:00","og_image":[{"width":2560,"height":1920,"url":"https:\/\/dmcsrb.com\/wp-content\/uploads\/2026\/01\/IMG_4138-scaled-1.webp","type":"image\/jpeg"}],"author":"dmcsrbija.com@gmail.com","twitter_card":"summary_large_image","twitter_misc":{"Written by":"dmcsrbija.com@gmail.com","Estimated reading time":"1 minute"},"schema":{"@context":"https:\/\/schema.org","@graph":[{"@type":"Article","@id":"https:\/\/dmcsrb.com\/drustvo\/djeca-iz-jpu-eko-bajka-posjetila-ministarstvo-sporta-i-mladih\/#article","isPartOf":{"@id":"https:\/\/dmcsrb.com\/drustvo\/djeca-iz-jpu-eko-bajka-posjetila-ministarstvo-sporta-i-mladih\/"},"author":{"name":"dmcsrbija.com@gmail.com","@id":"https:\/\/dmcsrb.com\/#\/schema\/person\/5c39170f12db1b8b457732d0b5c854e2"},"headline":"Djeca iz JPU \u201cEko Bajka\u201d posjetila Ministarstvo sporta i mladih","datePublished":"2025-11-28T19:34:00+00:00","mainEntityOfPage":{"@id":"https:\/\/dmcsrb.com\/drustvo\/djeca-iz-jpu-eko-bajka-posjetila-ministarstvo-sporta-i-mladih\/"},"wordCount":130,"commentCount":0,"image":{"@id":"https:\/\/dmcsrb.com\/drustvo\/djeca-iz-jpu-eko-bajka-posjetila-ministarstvo-sporta-i-mladih\/#primaryimage"},"thumbnailUrl":"https:\/\/dmcsrb.com\/wp-content\/uploads\/2026\/01\/IMG_4138-scaled-1.webp","keywords":["djeca","JPU ''Eko Bajka''","Ministarstvo sporta i mladih"],"articleSection":["Dru\u0161tvo"],"inLanguage":"en-GB","potentialAction":[{"@type":"CommentAction","name":"Comment","target":["https:\/\/dmcsrb.com\/drustvo\/djeca-iz-jpu-eko-bajka-posjetila-ministarstvo-sporta-i-mladih\/#respond"]}]},{"@type":"WebPage","@id":"https:\/\/dmcsrb.com\/drustvo\/djeca-iz-jpu-eko-bajka-posjetila-ministarstvo-sporta-i-mladih\/","url":"https:\/\/dmcsrb.com\/drustvo\/djeca-iz-jpu-eko-bajka-posjetila-ministarstvo-sporta-i-mladih\/","name":"Djeca iz JPU \u201cEko Bajka\u201d posjetila Ministarstvo sporta i mladih - dmcsrb.com","isPartOf":{"@id":"https:\/\/dmcsrb.com\/#website"},"primaryImageOfPage":{"@id":"https:\/\/dmcsrb.com\/drustvo\/djeca-iz-jpu-eko-bajka-posjetila-ministarstvo-sporta-i-mladih\/#primaryimage"},"image":{"@id":"https:\/\/dmcsrb.com\/drustvo\/djeca-iz-jpu-eko-bajka-posjetila-ministarstvo-sporta-i-mladih\/#primaryimage"},"thumbnailUrl":"https:\/\/dmcsrb.com\/wp-content\/uploads\/2026\/01\/IMG_4138-scaled-1.webp","datePublished":"2025-11-28T19:34:00+00:00","author":{"@id":"https:\/\/dmcsrb.com\/#\/schema\/person\/5c39170f12db1b8b457732d0b5c854e2"},"breadcrumb":{"@id":"https:\/\/dmcsrb.com\/drustvo\/djeca-iz-jpu-eko-bajka-posjetila-ministarstvo-sporta-i-mladih\/#breadcrumb"},"inLanguage":"en-GB","potentialAction":[{"@type":"ReadAction","target":["https:\/\/dmcsrb.com\/drustvo\/djeca-iz-jpu-eko-bajka-posjetila-ministarstvo-sporta-i-mladih\/"]}]},{"@type":"ImageObject","inLanguage":"en-GB","@id":"https:\/\/dmcsrb.com\/drustvo\/djeca-iz-jpu-eko-bajka-posjetila-ministarstvo-sporta-i-mladih\/#primaryimage","url":"https:\/\/dmcsrb.com\/wp-content\/uploads\/2026\/01\/IMG_4138-scaled-1.webp","contentUrl":"https:\/\/dmcsrb.com\/wp-content\/uploads\/2026\/01\/IMG_4138-scaled-1.webp","width":2560,"height":1920},{"@type":"BreadcrumbList","@id":"https:\/\/dmcsrb.com\/drustvo\/djeca-iz-jpu-eko-bajka-posjetila-ministarstvo-sporta-i-mladih\/#breadcrumb","itemListElement":[{"@type":"ListItem","position":1,"name":"Home","item":"https:\/\/dmcsrb.com\/"},{"@type":"ListItem","position":2,"name":"Djeca iz JPU \u201cEko Bajka\u201d posjetila Ministarstvo sporta i mladih"}]},{"@type":"WebSite","@id":"https:\/\/dmcsrb.com\/#website","url":"https:\/\/dmcsrb.com\/","name":"dmcsrb.com","description":"","potentialAction":[{"@type":"SearchAction","target":{"@type":"EntryPoint","urlTemplate":"https:\/\/dmcsrb.com\/?s={search_term_string}"},"query-input":{"@type":"PropertyValueSpecification","valueRequired":true,"valueName":"search_term_string"}}],"inLanguage":"en-GB"},{"@type":"Person","@id":"https:\/\/dmcsrb.com\/#\/schema\/person\/5c39170f12db1b8b457732d0b5c854e2","name":"dmcsrbija.com@gmail.com","image":{"@type":"ImageObject","inLanguage":"en-GB","@id":"https:\/\/secure.gravatar.com\/avatar\/68592660ad6347fad0fb587f8d5d8f1a7b44961362f56e4f2cd524feb87e9069?s=96&d=mm&r=g","url":"https:\/\/secure.gravatar.com\/avatar\/68592660ad6347fad0fb587f8d5d8f1a7b44961362f56e4f2cd524feb87e9069?s=96&d=mm&r=g","contentUrl":"https:\/\/secure.gravatar.com\/avatar\/68592660ad6347fad0fb587f8d5d8f1a7b44961362f56e4f2cd524feb87e9069?s=96&d=mm&r=g","caption":"dmcsrbija.com@gmail.com"},"sameAs":["https:\/\/dmcsrb.com"],"url":"https:\/\/dmcsrb.com\/en\/author\/dmcsrbija-comgmail-com\/"}]}},"_links":{"self":[{"href":"https:\/\/dmcsrb.com\/en\/wp-json\/wp\/v2\/posts\/966296","targetHints":{"allow":["GET"]}}],"collection":[{"href":"https:\/\/dmcsrb.com\/en\/wp-json\/wp\/v2\/posts"}],"about":[{"href":"https:\/\/dmcsrb.com\/en\/wp-json\/wp\/v2\/types\/post"}],"author":[{"embeddable":true,"href":"https:\/\/dmcsrb.com\/en\/wp-json\/wp\/v2\/users\/1"}],"replies":[{"embeddable":true,"href":"https:\/\/dmcsrb.com\/en\/wp-json\/wp\/v2\/comments?post=966296"}],"version-history":[{"count":0,"href":"https:\/\/dmcsrb.com\/en\/wp-json\/wp\/v2\/posts\/966296\/revisions"}],"wp:featuredmedia":[{"embeddable":true,"href":"https:\/\/dmcsrb.com\/en\/wp-json\/wp\/v2\/media\/966297"}],"wp:attachment":[{"href":"https:\/\/dmcsrb.com\/en\/wp-json\/wp\/v2\/media?parent=966296"}],"wp:term":[{"taxonomy":"category","embeddable":true,"href":"https:\/\/dmcsrb.com\/en\/wp-json\/wp\/v2\/categories?post=966296"},{"taxonomy":"post_tag","embeddable":true,"href":"https:\/\/dmcsrb.com\/en\/wp-json\/wp\/v2\/tags?post=966296"},{"taxonomy":"naslovna","embeddable":true,"href":"https:\/\/dmcsrb.com\/en\/wp-json\/wp\/v2\/naslovna?post=966296"}],"curies":[{"name":"wp","href":"https:\/\/api.w.org\/{rel}","templated":true}]}}