{"id":966288,"date":"2025-11-28T19:24:00","date_gmt":"2025-11-28T18:24:00","guid":{"rendered":"https:\/\/dmcsrb.com\/uncategorized\/reforme-u-vladavini-prava-ostaju-temelj-evropskog-puta\/"},"modified":"2025-11-28T19:24:00","modified_gmt":"2025-11-28T18:24:00","slug":"reforme-u-vladavini-prava-ostaju-temelj-evropskog-puta","status":"publish","type":"post","link":"https:\/\/dmcsrb.com\/en\/politika\/reforme-u-vladavini-prava-ostaju-temelj-evropskog-puta\/","title":{"rendered":"Reforme u vladavini prava ostaju temelj evropskog puta"},"content":{"rendered":"<p><\/p>\n\n\n\n<p>U razgvoru, koji je moderirala <strong>Zvezdana Kova\u010d<\/strong>, direktorka za strategiju i kominikacije&nbsp;CGO-u, ambasador se osvrnuo na neke od najizazovnijih pregovara\u010dkih poglavlja.<\/p>\n\n\n\n<p>\u201cPoglavlja 23 i 24 su klju\u010dni ispit zrelosti svakog kandidata, pa i Crne Gore, jer se kroz reforme u oblasti vladavine prava, pravosu\u0111a, borbe protiv korupcije i za\u0161tite osnovnih prava gradi kredibilitet dr\u017eave koja \u017eeli postati \u010dlanica Unije<em>\u201d, <\/em>naveo je on.<\/p>\n\n\n\n<p>\u0160tajner je naglasio da to nije tehni\u010dko pitanje, ve\u0107 su\u0161tinsko opredjeljenje za dru\u0161tvo zasnovano na pravdi, transparentnosti i evropskim vrijednostima<em>, <\/em>kao i da je va\u017ena volja vlasti i gra\u0111ana da se dru\u0161tvo mijenja.<\/p>\n\n\n\n<p>\u201cDrugi dio je volja Evropske unije da prihvati novu dr\u017eavu \u010dlanicu\u201d, pojasnio je \u0160tajner, poru\u010duju\u0107i da Crna Gora ima sve preduslove da br\u017ee napreduje i u procesu evropskih integracija i u razvoju odr\u017eivog, cjelogodi\u0161njeg turizma zasnovanog na bogatoj kulturi, istoriji i prirodnim resursima.<\/p>\n\n\n\n<p>\u0160tajner je istakao da je aktuelni geopoliti\u010dki kontekst u Evropi donio novo razumijevanje va\u017enosti pro\u0161irenja \u0161to bi Crna Gora trebalo da iskoristi kao svoju \u0161ansu, ali i jasno podsjetio da kriterijumi ostaju nepromijenjeni u dijelu sprovo\u0111enja neophodnih reformi.<\/p>\n\n\n\n<p>\u201cDana\u0161nji Evropski kafe je jedno lijepo iskustvo. Mogli smo \u010duti mnogo toga zanimljivog od ambasadora Austrije. Zadovoljstvo mi je bilo prisustvovati, posebno kao studentkinji Fakulteta politi\u010dkih nauka\u201d, podijelila je svoje utiske <strong>Sara Rai\u010devi\u0107<\/strong>, studentkinja.<\/p>\n\n\n\n<p>\u201cOvo je bila odli\u010dna prilika za povezivanje mladih u prijatnoj, neformalnoj atmosferi, uz razmatranje va\u017enih pitanja za strate\u0161ki razvoj Crne Gore\u201d, kazala je <strong>Elena Mileti\u0107<\/strong> iz Crnogorske organizacije za zdravlje mladih.<\/p>\n\n\n\n<p>\u2018\u201dZahvalni smo na prilici da postavimo ambasadoru pitanja oko procesa EU integracija, razmotrimo klju\u010dne izazove i \u010dujemo njegovu perspektivu o koracima koje zemlja mo\u017ee preduzeti kako bi ubrzala napredak i pribli\u017eila se \u010dlanstvu u Evropskoj uniji\u201d, poru\u010dio je student <strong>Lazar Radevi\u0107<\/strong>.<\/p>\n\n\n\n<p>Evropski kafe\u00a0je organizovan u okviru projekta\u00a0EU Kompas za mlade, kojeg CGO sprovodi uz podr\u0161ku Ministarstva evropskih poslova, sa ciljem pribli\u017eavanja procesa dono\u0161enja odluka u oblasti evropskih integracija mladima. zaklju\u010duju iz Centra za gra\u0111ansko obrazovanje.<\/p>","protected":false},"excerpt":{"rendered":"<p>Svaki korak ka evropskim standardima ja\u010da Crnu Goru i pribli\u017eava je zajednici dr\u017eava koje dijele vrijednosti demokratije i vladavine prava, nagla\u0161eno je danas na Evropskom kafeu, koji je organizovao Centar za gra\u0111ansko obrazovanje (CGO), a \u010diji je gost bio dr Kristijan \u0160tajner, ambasador Austrije u Crnoj Gori, saop\u0161teno je iz Centra za gra\u0111ansko obrazovanje.<\/p>","protected":false},"author":1,"featured_media":966289,"comment_status":"open","ping_status":"open","sticky":false,"template":"","format":"standard","meta":{"_acf_changed":false,"footnotes":""},"categories":[12],"tags":[5211,2928,15788,2877],"naslovna":[],"class_list":["post-966288","post","type-post","status-publish","format-standard","has-post-thumbnail","hentry","category-politika","tag-evropski-put","tag-reforme","tag-temelj","tag-vladavina-prava"],"acf":[],"yoast_head":"<!-- This site is optimized with the Yoast SEO plugin v27.4 - https:\/\/yoast.com\/product\/yoast-seo-wordpress\/ -->\n<title>Reforme u vladavini prava ostaju temelj evropskog puta - dmcsrb.com<\/title>\n<meta name=\"robots\" content=\"index, follow, max-snippet:-1, max-image-preview:large, max-video-preview:-1\" \/>\n<link rel=\"canonical\" href=\"https:\/\/dmcsrb.com\/en\/politika\/reforme-u-vladavini-prava-ostaju-temelj-evropskog-puta\/\" \/>\n<meta property=\"og:locale\" content=\"en_GB\" \/>\n<meta property=\"og:type\" content=\"article\" \/>\n<meta property=\"og:title\" content=\"Reforme u vladavini prava ostaju temelj evropskog puta - dmcsrb.com\" \/>\n<meta property=\"og:description\" content=\"Svaki korak ka evropskim standardima ja\u010da Crnu Goru i pribli\u017eava je zajednici dr\u017eava koje dijele vrijednosti demokratije i vladavine prava, nagla\u0161eno je danas na Evropskom kafeu, koji je organizovao Centar za gra\u0111ansko obrazovanje (CGO), a \u010diji je gost bio dr Kristijan \u0160tajner, ambasador Austrije u Crnoj Gori, saop\u0161teno je iz Centra za gra\u0111ansko obrazovanje.\" \/>\n<meta property=\"og:url\" content=\"https:\/\/dmcsrb.com\/en\/politika\/reforme-u-vladavini-prava-ostaju-temelj-evropskog-puta\/\" \/>\n<meta property=\"og:site_name\" content=\"dmcsrb.com\" \/>\n<meta property=\"article:published_time\" content=\"2025-11-28T18:24:00+00:00\" \/>\n<meta property=\"og:image\" content=\"https:\/\/dmcsrb.com\/wp-content\/uploads\/2026\/01\/IMG_9798-scaled-1.webp\" \/>\n\t<meta property=\"og:image:width\" content=\"2560\" \/>\n\t<meta property=\"og:image:height\" content=\"1920\" \/>\n\t<meta property=\"og:image:type\" content=\"image\/jpeg\" \/>\n<meta name=\"author\" content=\"dmcsrbija.com@gmail.com\" \/>\n<meta name=\"twitter:card\" content=\"summary_large_image\" \/>\n<meta name=\"twitter:label1\" content=\"Written by\" \/>\n\t<meta name=\"twitter:data1\" content=\"dmcsrbija.com@gmail.com\" \/>\n\t<meta name=\"twitter:label2\" content=\"Estimated reading time\" \/>\n\t<meta name=\"twitter:data2\" content=\"2 minutes\" \/>\n<script type=\"application\/ld+json\" class=\"yoast-schema-graph\">{\"@context\":\"https:\\\/\\\/schema.org\",\"@graph\":[{\"@type\":\"Article\",\"@id\":\"https:\\\/\\\/dmcsrb.com\\\/politika\\\/reforme-u-vladavini-prava-ostaju-temelj-evropskog-puta\\\/#article\",\"isPartOf\":{\"@id\":\"https:\\\/\\\/dmcsrb.com\\\/politika\\\/reforme-u-vladavini-prava-ostaju-temelj-evropskog-puta\\\/\"},\"author\":{\"name\":\"dmcsrbija.com@gmail.com\",\"@id\":\"https:\\\/\\\/dmcsrb.com\\\/#\\\/schema\\\/person\\\/5c39170f12db1b8b457732d0b5c854e2\"},\"headline\":\"Reforme u vladavini prava ostaju temelj evropskog puta\",\"datePublished\":\"2025-11-28T18:24:00+00:00\",\"mainEntityOfPage\":{\"@id\":\"https:\\\/\\\/dmcsrb.com\\\/politika\\\/reforme-u-vladavini-prava-ostaju-temelj-evropskog-puta\\\/\"},\"wordCount\":362,\"commentCount\":0,\"image\":{\"@id\":\"https:\\\/\\\/dmcsrb.com\\\/politika\\\/reforme-u-vladavini-prava-ostaju-temelj-evropskog-puta\\\/#primaryimage\"},\"thumbnailUrl\":\"https:\\\/\\\/dmcsrb.com\\\/wp-content\\\/uploads\\\/2026\\\/01\\\/IMG_9798-scaled-1.webp\",\"keywords\":[\"evropski put\",\"reforme\",\"temelj\",\"Vladavina prava\"],\"articleSection\":[\"Politika\"],\"inLanguage\":\"en-GB\",\"potentialAction\":[{\"@type\":\"CommentAction\",\"name\":\"Comment\",\"target\":[\"https:\\\/\\\/dmcsrb.com\\\/politika\\\/reforme-u-vladavini-prava-ostaju-temelj-evropskog-puta\\\/#respond\"]}]},{\"@type\":\"WebPage\",\"@id\":\"https:\\\/\\\/dmcsrb.com\\\/politika\\\/reforme-u-vladavini-prava-ostaju-temelj-evropskog-puta\\\/\",\"url\":\"https:\\\/\\\/dmcsrb.com\\\/politika\\\/reforme-u-vladavini-prava-ostaju-temelj-evropskog-puta\\\/\",\"name\":\"Reforme u vladavini prava ostaju temelj evropskog puta - dmcsrb.com\",\"isPartOf\":{\"@id\":\"https:\\\/\\\/dmcsrb.com\\\/#website\"},\"primaryImageOfPage\":{\"@id\":\"https:\\\/\\\/dmcsrb.com\\\/politika\\\/reforme-u-vladavini-prava-ostaju-temelj-evropskog-puta\\\/#primaryimage\"},\"image\":{\"@id\":\"https:\\\/\\\/dmcsrb.com\\\/politika\\\/reforme-u-vladavini-prava-ostaju-temelj-evropskog-puta\\\/#primaryimage\"},\"thumbnailUrl\":\"https:\\\/\\\/dmcsrb.com\\\/wp-content\\\/uploads\\\/2026\\\/01\\\/IMG_9798-scaled-1.webp\",\"datePublished\":\"2025-11-28T18:24:00+00:00\",\"author\":{\"@id\":\"https:\\\/\\\/dmcsrb.com\\\/#\\\/schema\\\/person\\\/5c39170f12db1b8b457732d0b5c854e2\"},\"breadcrumb\":{\"@id\":\"https:\\\/\\\/dmcsrb.com\\\/politika\\\/reforme-u-vladavini-prava-ostaju-temelj-evropskog-puta\\\/#breadcrumb\"},\"inLanguage\":\"en-GB\",\"potentialAction\":[{\"@type\":\"ReadAction\",\"target\":[\"https:\\\/\\\/dmcsrb.com\\\/politika\\\/reforme-u-vladavini-prava-ostaju-temelj-evropskog-puta\\\/\"]}]},{\"@type\":\"ImageObject\",\"inLanguage\":\"en-GB\",\"@id\":\"https:\\\/\\\/dmcsrb.com\\\/politika\\\/reforme-u-vladavini-prava-ostaju-temelj-evropskog-puta\\\/#primaryimage\",\"url\":\"https:\\\/\\\/dmcsrb.com\\\/wp-content\\\/uploads\\\/2026\\\/01\\\/IMG_9798-scaled-1.webp\",\"contentUrl\":\"https:\\\/\\\/dmcsrb.com\\\/wp-content\\\/uploads\\\/2026\\\/01\\\/IMG_9798-scaled-1.webp\",\"width\":2560,\"height\":1920},{\"@type\":\"BreadcrumbList\",\"@id\":\"https:\\\/\\\/dmcsrb.com\\\/politika\\\/reforme-u-vladavini-prava-ostaju-temelj-evropskog-puta\\\/#breadcrumb\",\"itemListElement\":[{\"@type\":\"ListItem\",\"position\":1,\"name\":\"Home\",\"item\":\"https:\\\/\\\/dmcsrb.com\\\/\"},{\"@type\":\"ListItem\",\"position\":2,\"name\":\"Reforme u vladavini prava ostaju temelj evropskog puta\"}]},{\"@type\":\"WebSite\",\"@id\":\"https:\\\/\\\/dmcsrb.com\\\/#website\",\"url\":\"https:\\\/\\\/dmcsrb.com\\\/\",\"name\":\"dmcsrb.com\",\"description\":\"\",\"potentialAction\":[{\"@type\":\"SearchAction\",\"target\":{\"@type\":\"EntryPoint\",\"urlTemplate\":\"https:\\\/\\\/dmcsrb.com\\\/?s={search_term_string}\"},\"query-input\":{\"@type\":\"PropertyValueSpecification\",\"valueRequired\":true,\"valueName\":\"search_term_string\"}}],\"inLanguage\":\"en-GB\"},{\"@type\":\"Person\",\"@id\":\"https:\\\/\\\/dmcsrb.com\\\/#\\\/schema\\\/person\\\/5c39170f12db1b8b457732d0b5c854e2\",\"name\":\"dmcsrbija.com@gmail.com\",\"image\":{\"@type\":\"ImageObject\",\"inLanguage\":\"en-GB\",\"@id\":\"https:\\\/\\\/secure.gravatar.com\\\/avatar\\\/68592660ad6347fad0fb587f8d5d8f1a7b44961362f56e4f2cd524feb87e9069?s=96&d=mm&r=g\",\"url\":\"https:\\\/\\\/secure.gravatar.com\\\/avatar\\\/68592660ad6347fad0fb587f8d5d8f1a7b44961362f56e4f2cd524feb87e9069?s=96&d=mm&r=g\",\"contentUrl\":\"https:\\\/\\\/secure.gravatar.com\\\/avatar\\\/68592660ad6347fad0fb587f8d5d8f1a7b44961362f56e4f2cd524feb87e9069?s=96&d=mm&r=g\",\"caption\":\"dmcsrbija.com@gmail.com\"},\"sameAs\":[\"https:\\\/\\\/dmcsrb.com\"],\"url\":\"https:\\\/\\\/dmcsrb.com\\\/en\\\/author\\\/dmcsrbija-comgmail-com\\\/\"}]}<\/script>\n<!-- \/ Yoast SEO plugin. -->","yoast_head_json":{"title":"Reforme u vladavini prava ostaju temelj evropskog puta - dmcsrb.com","robots":{"index":"index","follow":"follow","max-snippet":"max-snippet:-1","max-image-preview":"max-image-preview:large","max-video-preview":"max-video-preview:-1"},"canonical":"https:\/\/dmcsrb.com\/en\/politika\/reforme-u-vladavini-prava-ostaju-temelj-evropskog-puta\/","og_locale":"en_GB","og_type":"article","og_title":"Reforme u vladavini prava ostaju temelj evropskog puta - dmcsrb.com","og_description":"Svaki korak ka evropskim standardima ja\u010da Crnu Goru i pribli\u017eava je zajednici dr\u017eava koje dijele vrijednosti demokratije i vladavine prava, nagla\u0161eno je danas na Evropskom kafeu, koji je organizovao Centar za gra\u0111ansko obrazovanje (CGO), a \u010diji je gost bio dr Kristijan \u0160tajner, ambasador Austrije u Crnoj Gori, saop\u0161teno je iz Centra za gra\u0111ansko obrazovanje.","og_url":"https:\/\/dmcsrb.com\/en\/politika\/reforme-u-vladavini-prava-ostaju-temelj-evropskog-puta\/","og_site_name":"dmcsrb.com","article_published_time":"2025-11-28T18:24:00+00:00","og_image":[{"width":2560,"height":1920,"url":"https:\/\/dmcsrb.com\/wp-content\/uploads\/2026\/01\/IMG_9798-scaled-1.webp","type":"image\/jpeg"}],"author":"dmcsrbija.com@gmail.com","twitter_card":"summary_large_image","twitter_misc":{"Written by":"dmcsrbija.com@gmail.com","Estimated reading time":"2 minutes"},"schema":{"@context":"https:\/\/schema.org","@graph":[{"@type":"Article","@id":"https:\/\/dmcsrb.com\/politika\/reforme-u-vladavini-prava-ostaju-temelj-evropskog-puta\/#article","isPartOf":{"@id":"https:\/\/dmcsrb.com\/politika\/reforme-u-vladavini-prava-ostaju-temelj-evropskog-puta\/"},"author":{"name":"dmcsrbija.com@gmail.com","@id":"https:\/\/dmcsrb.com\/#\/schema\/person\/5c39170f12db1b8b457732d0b5c854e2"},"headline":"Reforme u vladavini prava ostaju temelj evropskog puta","datePublished":"2025-11-28T18:24:00+00:00","mainEntityOfPage":{"@id":"https:\/\/dmcsrb.com\/politika\/reforme-u-vladavini-prava-ostaju-temelj-evropskog-puta\/"},"wordCount":362,"commentCount":0,"image":{"@id":"https:\/\/dmcsrb.com\/politika\/reforme-u-vladavini-prava-ostaju-temelj-evropskog-puta\/#primaryimage"},"thumbnailUrl":"https:\/\/dmcsrb.com\/wp-content\/uploads\/2026\/01\/IMG_9798-scaled-1.webp","keywords":["evropski put","reforme","temelj","Vladavina prava"],"articleSection":["Politika"],"inLanguage":"en-GB","potentialAction":[{"@type":"CommentAction","name":"Comment","target":["https:\/\/dmcsrb.com\/politika\/reforme-u-vladavini-prava-ostaju-temelj-evropskog-puta\/#respond"]}]},{"@type":"WebPage","@id":"https:\/\/dmcsrb.com\/politika\/reforme-u-vladavini-prava-ostaju-temelj-evropskog-puta\/","url":"https:\/\/dmcsrb.com\/politika\/reforme-u-vladavini-prava-ostaju-temelj-evropskog-puta\/","name":"Reforme u vladavini prava ostaju temelj evropskog puta - dmcsrb.com","isPartOf":{"@id":"https:\/\/dmcsrb.com\/#website"},"primaryImageOfPage":{"@id":"https:\/\/dmcsrb.com\/politika\/reforme-u-vladavini-prava-ostaju-temelj-evropskog-puta\/#primaryimage"},"image":{"@id":"https:\/\/dmcsrb.com\/politika\/reforme-u-vladavini-prava-ostaju-temelj-evropskog-puta\/#primaryimage"},"thumbnailUrl":"https:\/\/dmcsrb.com\/wp-content\/uploads\/2026\/01\/IMG_9798-scaled-1.webp","datePublished":"2025-11-28T18:24:00+00:00","author":{"@id":"https:\/\/dmcsrb.com\/#\/schema\/person\/5c39170f12db1b8b457732d0b5c854e2"},"breadcrumb":{"@id":"https:\/\/dmcsrb.com\/politika\/reforme-u-vladavini-prava-ostaju-temelj-evropskog-puta\/#breadcrumb"},"inLanguage":"en-GB","potentialAction":[{"@type":"ReadAction","target":["https:\/\/dmcsrb.com\/politika\/reforme-u-vladavini-prava-ostaju-temelj-evropskog-puta\/"]}]},{"@type":"ImageObject","inLanguage":"en-GB","@id":"https:\/\/dmcsrb.com\/politika\/reforme-u-vladavini-prava-ostaju-temelj-evropskog-puta\/#primaryimage","url":"https:\/\/dmcsrb.com\/wp-content\/uploads\/2026\/01\/IMG_9798-scaled-1.webp","contentUrl":"https:\/\/dmcsrb.com\/wp-content\/uploads\/2026\/01\/IMG_9798-scaled-1.webp","width":2560,"height":1920},{"@type":"BreadcrumbList","@id":"https:\/\/dmcsrb.com\/politika\/reforme-u-vladavini-prava-ostaju-temelj-evropskog-puta\/#breadcrumb","itemListElement":[{"@type":"ListItem","position":1,"name":"Home","item":"https:\/\/dmcsrb.com\/"},{"@type":"ListItem","position":2,"name":"Reforme u vladavini prava ostaju temelj evropskog puta"}]},{"@type":"WebSite","@id":"https:\/\/dmcsrb.com\/#website","url":"https:\/\/dmcsrb.com\/","name":"dmcsrb.com","description":"","potentialAction":[{"@type":"SearchAction","target":{"@type":"EntryPoint","urlTemplate":"https:\/\/dmcsrb.com\/?s={search_term_string}"},"query-input":{"@type":"PropertyValueSpecification","valueRequired":true,"valueName":"search_term_string"}}],"inLanguage":"en-GB"},{"@type":"Person","@id":"https:\/\/dmcsrb.com\/#\/schema\/person\/5c39170f12db1b8b457732d0b5c854e2","name":"dmcsrbija.com@gmail.com","image":{"@type":"ImageObject","inLanguage":"en-GB","@id":"https:\/\/secure.gravatar.com\/avatar\/68592660ad6347fad0fb587f8d5d8f1a7b44961362f56e4f2cd524feb87e9069?s=96&d=mm&r=g","url":"https:\/\/secure.gravatar.com\/avatar\/68592660ad6347fad0fb587f8d5d8f1a7b44961362f56e4f2cd524feb87e9069?s=96&d=mm&r=g","contentUrl":"https:\/\/secure.gravatar.com\/avatar\/68592660ad6347fad0fb587f8d5d8f1a7b44961362f56e4f2cd524feb87e9069?s=96&d=mm&r=g","caption":"dmcsrbija.com@gmail.com"},"sameAs":["https:\/\/dmcsrb.com"],"url":"https:\/\/dmcsrb.com\/en\/author\/dmcsrbija-comgmail-com\/"}]}},"_links":{"self":[{"href":"https:\/\/dmcsrb.com\/en\/wp-json\/wp\/v2\/posts\/966288","targetHints":{"allow":["GET"]}}],"collection":[{"href":"https:\/\/dmcsrb.com\/en\/wp-json\/wp\/v2\/posts"}],"about":[{"href":"https:\/\/dmcsrb.com\/en\/wp-json\/wp\/v2\/types\/post"}],"author":[{"embeddable":true,"href":"https:\/\/dmcsrb.com\/en\/wp-json\/wp\/v2\/users\/1"}],"replies":[{"embeddable":true,"href":"https:\/\/dmcsrb.com\/en\/wp-json\/wp\/v2\/comments?post=966288"}],"version-history":[{"count":0,"href":"https:\/\/dmcsrb.com\/en\/wp-json\/wp\/v2\/posts\/966288\/revisions"}],"wp:featuredmedia":[{"embeddable":true,"href":"https:\/\/dmcsrb.com\/en\/wp-json\/wp\/v2\/media\/966289"}],"wp:attachment":[{"href":"https:\/\/dmcsrb.com\/en\/wp-json\/wp\/v2\/media?parent=966288"}],"wp:term":[{"taxonomy":"category","embeddable":true,"href":"https:\/\/dmcsrb.com\/en\/wp-json\/wp\/v2\/categories?post=966288"},{"taxonomy":"post_tag","embeddable":true,"href":"https:\/\/dmcsrb.com\/en\/wp-json\/wp\/v2\/tags?post=966288"},{"taxonomy":"naslovna","embeddable":true,"href":"https:\/\/dmcsrb.com\/en\/wp-json\/wp\/v2\/naslovna?post=966288"}],"curies":[{"name":"wp","href":"https:\/\/api.w.org\/{rel}","templated":true}]}}