{"id":966231,"date":"2025-11-28T19:10:00","date_gmt":"2025-11-28T18:10:00","guid":{"rendered":"https:\/\/dmcsrb.com\/uncategorized\/turkovic-nece-faliti-novca-za-ljekove-i-penzije-u-2026-godini\/"},"modified":"2025-11-28T19:10:00","modified_gmt":"2025-11-28T18:10:00","slug":"turkovic-nece-faliti-novca-za-ljekove-i-penzije-u-2026-godini","status":"publish","type":"post","link":"https:\/\/dmcsrb.com\/en\/ekonomija\/turkovic-nece-faliti-novca-za-ljekove-i-penzije-u-2026-godini\/","title":{"rendered":"Turkovi\u0107: Ne\u0107e faliti novca za ljekove i penzije u 2026. godini"},"content":{"rendered":"<p><\/p>\n\n\n\n<p><\/p>\n\n\n\n<p><\/p>\n\n\n\n<p>Turkovi\u0107 se gostuju\u0107i u emisiji &#8220;Specijal&#8221; RTV Podgorica osvrnuo na ovogodi\u0161nji bud\u017eet.<\/p>\n\n\n\n<p>&#8220;U prvih devet mjeseci ove godine napla\u0107eni su prihodi od 2 milijarde i 99 miliona eura \u0161to je 99 odsto od plana. Ako imate toliku naplatu u odnosu na plan i uve\u0107anje u odnosu na pro\u0161lu godinu od 24 miliona osnovnih priohoda ne mo\u017eemo govoriti o totalnom uni\u0161tenju dr\u017eave, proma\u0161aju turisti\u010dke sezone i sli\u010dno. Podaci koji su direktno vezani za bud\u017eet govore drugo&#8221;, kazao je Turkovi\u0107. <\/p>\n\n\n\n<p>On je komentarisao i navode koji se \u010desto mogu \u010duti u javnosti da bilje\u017eimo deficit Fonda PIO. <\/p>\n\n\n\n<p>&#8220;Fond je 2008. ili 2009. godine prestao da funkcioni\u0161e kao fond. On je pripojen Ministarstvu finansija kao potro\u0161a\u010dka jedinica i finansira se direktno iz bud\u017eeta. Kad \u010dujete u javnom mnenju da Fond PIO ima deficit to je samo ako ga posmatramo kroz doprinose. Ali Fond Pio se finaninsira iz bud\u017eeta \u0161to zna\u010di da je sasvim svejedno da li se penzija isplati od PDV, akciza ili doprinosa. Imamo 839 miliona planiranih sljede\u0107e godine i ljudi nemaju \u0161to razloga da brinu. <\/p>\n\n\n\n<p>&#8220;Bile su pri\u010de da \u0107e se Fond ugasiti. Govorilo se o gr\u010dkom scenariju, o tome da \u0107emo do\u017eivjeti sve najgore. Me\u0111utim \u0161ta se desilo? Bud\u017eet Fonda zdravstva se uve\u0107ao za nekih 150 miliona eura do sada. Naplata doprinosa 2021. bila je na nivou 544 miliona, tu spadaju doprinosi za zdravstvo, u iznosu 180 miliona. Godine 2024. nakon primjene Programa Evropa sad 1 i tri fiskalne godine bez Fonda zdravstva napla\u0107en je iznos od 584 miliona eura, odnosno 30 miliona vi\u0161e u odnosu na ranije godine, a sa onih 180 miliona doprinosa zdravstva to je 210 miliona eura vi\u0161e.<\/p>\n\n\n\n<p>Turkovi\u0107 je istakao da je program Evropa sad 1 revolucuionarna reforma ali da smo u tom vremenskom periodu imali uvoznu inflaciju uzrokovanu Kovidom i ratom u Ukrajini. <\/p>\n\n\n\n<p>Smatra da je revolucionarno to \u0161to je neko prepozano da je \u010dep problema naplata poreza i doprinosa unutar dr\u017eave.<\/p>\n\n\n\n<p>&#8220;Mi kao poslovni ljudi nismo spremni uvijek da pla\u0107amo poreze i doprinose, jednostavno nismo navikli na to. Imate to da od 2006. do  2022. godine nije napla\u0107eno poreza i doprinosa preko milijardu i trista miiliona eura. Imate situacije da se ide pod ste\u010daj, da rade agencije, to je bila navika u dru\u0161tvu. Sada su se smanjili doprinosi ali su se pove\u0107ale plate i to je istorijska reforma&#8221;, kazao je Turkovi\u0107. <\/p>\n\n\n\n<p>Prema rije\u010dima Turkovi\u0107a, ne postoji bojazan da \u0107e nedostajati novca za zaposlene u zdravstvu, kao i da ne\u0107e biti sredstava za isplatu adekvatnih zarada medicinskom osoblju i ljekarima, o \u010demu se, tako\u0111e, spekulisalo u javnosti.<\/p>\n\n\n\n<p>&#8220;Mislimmda \u0107e tu te\u0107i pregovori, da to nije kona\u010dna odluka i da \u0107e se unutar tog sistema sindikata medicinara, Fonda i Ministarstva zdravlja dogovarati. Novca mislim za sve ima ali ostavi\u0107u im da se dogovore me\u0111usobno&#8221;, akzao je Turkovi\u0107. <\/p>\n\n\n\n<p>Kada je rije\u010d o bud\u017eetu Fonda zdravstva Turkovi\u0107 isti\u010de da tu ne mo\u017ee da fali novca.  <\/p>\n\n\n\n<p>&#8221; Ne mo\u017ee da nedostaje novca za ljekove . Bud\u017eet je uve\u0107an za otprilike 30 miliona eura, situacija je slo\u017eena svakodnevno imamo probleme i izazove ali sve uvijek mo\u017ee do\u0107i do dogovora i sasvim suvi\u0161ne su politi\u010dke konotacije  o bankrotu, ga\u0161enju dr\u017eave i sl.&#8221;, kazao je Turkovi\u0107. <\/p>\n\n\n\n<p>Isti\u010de da je bud\u017eet Fonda PIO za narednu godinu uve\u0107an za 60 miliona. <\/p>\n\n\n\n<p>&#8220;Ve\u0107 do 1. januara do\u0107i \u0107e do uskla\u0111ivanja penzija, penzioneri nemaju \u0161ta da brinu, novca ima&#8221;, poru\u010dio je Turkovi\u0107. <\/p>\n\n\n\n<p><strong><em>\u010citavu emisiju pogledajte na linku ispod teksta: <\/em><\/strong><\/p>\n\n\n\n<p><\/p>","protected":false},"excerpt":{"rendered":"<p>U dr\u017eavnoj kasi ne\u0107e faliti novca za najavljeno uskla\u0111ivanje penzija koje \u0107e po\u010deti ve\u0107 od 1. januara predstoje\u0107e godine, kazao je RTV Podgorica dr\u017eavni sekretar u Ministarstvu finansija Tarik Turkovi\u0107.<\/p>","protected":false},"author":1,"featured_media":966232,"comment_status":"open","ping_status":"open","sticky":false,"template":"","format":"standard","meta":{"_acf_changed":false,"footnotes":""},"categories":[27],"tags":[8004,13941],"naslovna":[],"class_list":["post-966231","post","type-post","status-publish","format-standard","has-post-thumbnail","hentry","category-ekonomija","tag-drzavni-sekretar","tag-tarik-turkovic"],"acf":[],"yoast_head":"<!-- This site is optimized with the Yoast SEO plugin v27.0 - https:\/\/yoast.com\/product\/yoast-seo-wordpress\/ -->\n<title>Turkovi\u0107: Ne\u0107e faliti novca za ljekove i penzije u 2026. godini - dmcsrb.com<\/title>\n<meta name=\"robots\" content=\"index, follow, max-snippet:-1, max-image-preview:large, max-video-preview:-1\" \/>\n<link rel=\"canonical\" href=\"https:\/\/dmcsrb.com\/en\/ekonomija\/turkovic-nece-faliti-novca-za-ljekove-i-penzije-u-2026-godini\/\" \/>\n<meta property=\"og:locale\" content=\"en_GB\" \/>\n<meta property=\"og:type\" content=\"article\" \/>\n<meta property=\"og:title\" content=\"Turkovi\u0107: Ne\u0107e faliti novca za ljekove i penzije u 2026. godini - dmcsrb.com\" \/>\n<meta property=\"og:description\" content=\"U dr\u017eavnoj kasi ne\u0107e faliti novca za najavljeno uskla\u0111ivanje penzija koje \u0107e po\u010deti ve\u0107 od 1. januara predstoje\u0107e godine, kazao je RTV Podgorica dr\u017eavni sekretar u Ministarstvu finansija Tarik Turkovi\u0107.\" \/>\n<meta property=\"og:url\" content=\"https:\/\/dmcsrb.com\/en\/ekonomija\/turkovic-nece-faliti-novca-za-ljekove-i-penzije-u-2026-godini\/\" \/>\n<meta property=\"og:site_name\" content=\"dmcsrb.com\" \/>\n<meta property=\"article:published_time\" content=\"2025-11-28T18:10:00+00:00\" \/>\n<meta property=\"og:image\" content=\"https:\/\/dmcsrb.com\/wp-content\/uploads\/2026\/01\/tarik.webp\" \/>\n\t<meta property=\"og:image:width\" content=\"1740\" \/>\n\t<meta property=\"og:image:height\" content=\"867\" \/>\n\t<meta property=\"og:image:type\" content=\"image\/jpeg\" \/>\n<meta name=\"author\" content=\"dmcsrbija.com@gmail.com\" \/>\n<meta name=\"twitter:card\" content=\"summary_large_image\" \/>\n<meta name=\"twitter:label1\" content=\"Written by\" \/>\n\t<meta name=\"twitter:data1\" content=\"dmcsrbija.com@gmail.com\" \/>\n\t<meta name=\"twitter:label2\" content=\"Estimated reading time\" \/>\n\t<meta name=\"twitter:data2\" content=\"3 minutes\" \/>\n<script type=\"application\/ld+json\" class=\"yoast-schema-graph\">{\"@context\":\"https:\/\/schema.org\",\"@graph\":[{\"@type\":\"Article\",\"@id\":\"https:\/\/dmcsrb.com\/ekonomija\/turkovic-nece-faliti-novca-za-ljekove-i-penzije-u-2026-godini\/#article\",\"isPartOf\":{\"@id\":\"https:\/\/dmcsrb.com\/ekonomija\/turkovic-nece-faliti-novca-za-ljekove-i-penzije-u-2026-godini\/\"},\"author\":{\"name\":\"dmcsrbija.com@gmail.com\",\"@id\":\"https:\/\/dmcsrb.com\/#\/schema\/person\/5c39170f12db1b8b457732d0b5c854e2\"},\"headline\":\"Turkovi\u0107: Ne\u0107e faliti novca za ljekove i penzije u 2026. godini\",\"datePublished\":\"2025-11-28T18:10:00+00:00\",\"mainEntityOfPage\":{\"@id\":\"https:\/\/dmcsrb.com\/ekonomija\/turkovic-nece-faliti-novca-za-ljekove-i-penzije-u-2026-godini\/\"},\"wordCount\":613,\"commentCount\":0,\"image\":{\"@id\":\"https:\/\/dmcsrb.com\/ekonomija\/turkovic-nece-faliti-novca-za-ljekove-i-penzije-u-2026-godini\/#primaryimage\"},\"thumbnailUrl\":\"https:\/\/dmcsrb.com\/wp-content\/uploads\/2026\/01\/tarik.webp\",\"keywords\":[\"Dr\u017eavni sekretar\",\"Tarik Turkovi\u0107\"],\"articleSection\":[\"Ekonomija\"],\"inLanguage\":\"en-GB\",\"potentialAction\":[{\"@type\":\"CommentAction\",\"name\":\"Comment\",\"target\":[\"https:\/\/dmcsrb.com\/ekonomija\/turkovic-nece-faliti-novca-za-ljekove-i-penzije-u-2026-godini\/#respond\"]}]},{\"@type\":\"WebPage\",\"@id\":\"https:\/\/dmcsrb.com\/ekonomija\/turkovic-nece-faliti-novca-za-ljekove-i-penzije-u-2026-godini\/\",\"url\":\"https:\/\/dmcsrb.com\/ekonomija\/turkovic-nece-faliti-novca-za-ljekove-i-penzije-u-2026-godini\/\",\"name\":\"Turkovi\u0107: Ne\u0107e faliti novca za ljekove i penzije u 2026. godini - dmcsrb.com\",\"isPartOf\":{\"@id\":\"https:\/\/dmcsrb.com\/#website\"},\"primaryImageOfPage\":{\"@id\":\"https:\/\/dmcsrb.com\/ekonomija\/turkovic-nece-faliti-novca-za-ljekove-i-penzije-u-2026-godini\/#primaryimage\"},\"image\":{\"@id\":\"https:\/\/dmcsrb.com\/ekonomija\/turkovic-nece-faliti-novca-za-ljekove-i-penzije-u-2026-godini\/#primaryimage\"},\"thumbnailUrl\":\"https:\/\/dmcsrb.com\/wp-content\/uploads\/2026\/01\/tarik.webp\",\"datePublished\":\"2025-11-28T18:10:00+00:00\",\"author\":{\"@id\":\"https:\/\/dmcsrb.com\/#\/schema\/person\/5c39170f12db1b8b457732d0b5c854e2\"},\"breadcrumb\":{\"@id\":\"https:\/\/dmcsrb.com\/ekonomija\/turkovic-nece-faliti-novca-za-ljekove-i-penzije-u-2026-godini\/#breadcrumb\"},\"inLanguage\":\"en-GB\",\"potentialAction\":[{\"@type\":\"ReadAction\",\"target\":[\"https:\/\/dmcsrb.com\/ekonomija\/turkovic-nece-faliti-novca-za-ljekove-i-penzije-u-2026-godini\/\"]}]},{\"@type\":\"ImageObject\",\"inLanguage\":\"en-GB\",\"@id\":\"https:\/\/dmcsrb.com\/ekonomija\/turkovic-nece-faliti-novca-za-ljekove-i-penzije-u-2026-godini\/#primaryimage\",\"url\":\"https:\/\/dmcsrb.com\/wp-content\/uploads\/2026\/01\/tarik.webp\",\"contentUrl\":\"https:\/\/dmcsrb.com\/wp-content\/uploads\/2026\/01\/tarik.webp\",\"width\":1740,\"height\":867},{\"@type\":\"BreadcrumbList\",\"@id\":\"https:\/\/dmcsrb.com\/ekonomija\/turkovic-nece-faliti-novca-za-ljekove-i-penzije-u-2026-godini\/#breadcrumb\",\"itemListElement\":[{\"@type\":\"ListItem\",\"position\":1,\"name\":\"Home\",\"item\":\"https:\/\/dmcsrb.com\/\"},{\"@type\":\"ListItem\",\"position\":2,\"name\":\"Turkovi\u0107: Ne\u0107e faliti novca za ljekove i penzije u 2026. godini\"}]},{\"@type\":\"WebSite\",\"@id\":\"https:\/\/dmcsrb.com\/#website\",\"url\":\"https:\/\/dmcsrb.com\/\",\"name\":\"dmcsrb.com\",\"description\":\"\",\"potentialAction\":[{\"@type\":\"SearchAction\",\"target\":{\"@type\":\"EntryPoint\",\"urlTemplate\":\"https:\/\/dmcsrb.com\/?s={search_term_string}\"},\"query-input\":{\"@type\":\"PropertyValueSpecification\",\"valueRequired\":true,\"valueName\":\"search_term_string\"}}],\"inLanguage\":\"en-GB\"},{\"@type\":\"Person\",\"@id\":\"https:\/\/dmcsrb.com\/#\/schema\/person\/5c39170f12db1b8b457732d0b5c854e2\",\"name\":\"dmcsrbija.com@gmail.com\",\"image\":{\"@type\":\"ImageObject\",\"inLanguage\":\"en-GB\",\"@id\":\"https:\/\/dmcsrb.com\/#\/schema\/person\/image\/\",\"url\":\"https:\/\/secure.gravatar.com\/avatar\/68592660ad6347fad0fb587f8d5d8f1a7b44961362f56e4f2cd524feb87e9069?s=96&d=mm&r=g\",\"contentUrl\":\"https:\/\/secure.gravatar.com\/avatar\/68592660ad6347fad0fb587f8d5d8f1a7b44961362f56e4f2cd524feb87e9069?s=96&d=mm&r=g\",\"caption\":\"dmcsrbija.com@gmail.com\"},\"sameAs\":[\"https:\/\/dmcsrb.com\"],\"url\":\"https:\/\/dmcsrb.com\/en\/author\/dmcsrbija-comgmail-com\/\"}]}<\/script>\n<!-- \/ Yoast SEO plugin. -->","yoast_head_json":{"title":"Turkovi\u0107: Ne\u0107e faliti novca za ljekove i penzije u 2026. godini - dmcsrb.com","robots":{"index":"index","follow":"follow","max-snippet":"max-snippet:-1","max-image-preview":"max-image-preview:large","max-video-preview":"max-video-preview:-1"},"canonical":"https:\/\/dmcsrb.com\/en\/ekonomija\/turkovic-nece-faliti-novca-za-ljekove-i-penzije-u-2026-godini\/","og_locale":"en_GB","og_type":"article","og_title":"Turkovi\u0107: Ne\u0107e faliti novca za ljekove i penzije u 2026. godini - dmcsrb.com","og_description":"U dr\u017eavnoj kasi ne\u0107e faliti novca za najavljeno uskla\u0111ivanje penzija koje \u0107e po\u010deti ve\u0107 od 1. januara predstoje\u0107e godine, kazao je RTV Podgorica dr\u017eavni sekretar u Ministarstvu finansija Tarik Turkovi\u0107.","og_url":"https:\/\/dmcsrb.com\/en\/ekonomija\/turkovic-nece-faliti-novca-za-ljekove-i-penzije-u-2026-godini\/","og_site_name":"dmcsrb.com","article_published_time":"2025-11-28T18:10:00+00:00","og_image":[{"width":1740,"height":867,"url":"https:\/\/dmcsrb.com\/wp-content\/uploads\/2026\/01\/tarik.webp","type":"image\/jpeg"}],"author":"dmcsrbija.com@gmail.com","twitter_card":"summary_large_image","twitter_misc":{"Written by":"dmcsrbija.com@gmail.com","Estimated reading time":"3 minutes"},"schema":{"@context":"https:\/\/schema.org","@graph":[{"@type":"Article","@id":"https:\/\/dmcsrb.com\/ekonomija\/turkovic-nece-faliti-novca-za-ljekove-i-penzije-u-2026-godini\/#article","isPartOf":{"@id":"https:\/\/dmcsrb.com\/ekonomija\/turkovic-nece-faliti-novca-za-ljekove-i-penzije-u-2026-godini\/"},"author":{"name":"dmcsrbija.com@gmail.com","@id":"https:\/\/dmcsrb.com\/#\/schema\/person\/5c39170f12db1b8b457732d0b5c854e2"},"headline":"Turkovi\u0107: Ne\u0107e faliti novca za ljekove i penzije u 2026. godini","datePublished":"2025-11-28T18:10:00+00:00","mainEntityOfPage":{"@id":"https:\/\/dmcsrb.com\/ekonomija\/turkovic-nece-faliti-novca-za-ljekove-i-penzije-u-2026-godini\/"},"wordCount":613,"commentCount":0,"image":{"@id":"https:\/\/dmcsrb.com\/ekonomija\/turkovic-nece-faliti-novca-za-ljekove-i-penzije-u-2026-godini\/#primaryimage"},"thumbnailUrl":"https:\/\/dmcsrb.com\/wp-content\/uploads\/2026\/01\/tarik.webp","keywords":["Dr\u017eavni sekretar","Tarik Turkovi\u0107"],"articleSection":["Ekonomija"],"inLanguage":"en-GB","potentialAction":[{"@type":"CommentAction","name":"Comment","target":["https:\/\/dmcsrb.com\/ekonomija\/turkovic-nece-faliti-novca-za-ljekove-i-penzije-u-2026-godini\/#respond"]}]},{"@type":"WebPage","@id":"https:\/\/dmcsrb.com\/ekonomija\/turkovic-nece-faliti-novca-za-ljekove-i-penzije-u-2026-godini\/","url":"https:\/\/dmcsrb.com\/ekonomija\/turkovic-nece-faliti-novca-za-ljekove-i-penzije-u-2026-godini\/","name":"Turkovi\u0107: Ne\u0107e faliti novca za ljekove i penzije u 2026. godini - dmcsrb.com","isPartOf":{"@id":"https:\/\/dmcsrb.com\/#website"},"primaryImageOfPage":{"@id":"https:\/\/dmcsrb.com\/ekonomija\/turkovic-nece-faliti-novca-za-ljekove-i-penzije-u-2026-godini\/#primaryimage"},"image":{"@id":"https:\/\/dmcsrb.com\/ekonomija\/turkovic-nece-faliti-novca-za-ljekove-i-penzije-u-2026-godini\/#primaryimage"},"thumbnailUrl":"https:\/\/dmcsrb.com\/wp-content\/uploads\/2026\/01\/tarik.webp","datePublished":"2025-11-28T18:10:00+00:00","author":{"@id":"https:\/\/dmcsrb.com\/#\/schema\/person\/5c39170f12db1b8b457732d0b5c854e2"},"breadcrumb":{"@id":"https:\/\/dmcsrb.com\/ekonomija\/turkovic-nece-faliti-novca-za-ljekove-i-penzije-u-2026-godini\/#breadcrumb"},"inLanguage":"en-GB","potentialAction":[{"@type":"ReadAction","target":["https:\/\/dmcsrb.com\/ekonomija\/turkovic-nece-faliti-novca-za-ljekove-i-penzije-u-2026-godini\/"]}]},{"@type":"ImageObject","inLanguage":"en-GB","@id":"https:\/\/dmcsrb.com\/ekonomija\/turkovic-nece-faliti-novca-za-ljekove-i-penzije-u-2026-godini\/#primaryimage","url":"https:\/\/dmcsrb.com\/wp-content\/uploads\/2026\/01\/tarik.webp","contentUrl":"https:\/\/dmcsrb.com\/wp-content\/uploads\/2026\/01\/tarik.webp","width":1740,"height":867},{"@type":"BreadcrumbList","@id":"https:\/\/dmcsrb.com\/ekonomija\/turkovic-nece-faliti-novca-za-ljekove-i-penzije-u-2026-godini\/#breadcrumb","itemListElement":[{"@type":"ListItem","position":1,"name":"Home","item":"https:\/\/dmcsrb.com\/"},{"@type":"ListItem","position":2,"name":"Turkovi\u0107: Ne\u0107e faliti novca za ljekove i penzije u 2026. godini"}]},{"@type":"WebSite","@id":"https:\/\/dmcsrb.com\/#website","url":"https:\/\/dmcsrb.com\/","name":"dmcsrb.com","description":"","potentialAction":[{"@type":"SearchAction","target":{"@type":"EntryPoint","urlTemplate":"https:\/\/dmcsrb.com\/?s={search_term_string}"},"query-input":{"@type":"PropertyValueSpecification","valueRequired":true,"valueName":"search_term_string"}}],"inLanguage":"en-GB"},{"@type":"Person","@id":"https:\/\/dmcsrb.com\/#\/schema\/person\/5c39170f12db1b8b457732d0b5c854e2","name":"dmcsrbija.com@gmail.com","image":{"@type":"ImageObject","inLanguage":"en-GB","@id":"https:\/\/dmcsrb.com\/#\/schema\/person\/image\/","url":"https:\/\/secure.gravatar.com\/avatar\/68592660ad6347fad0fb587f8d5d8f1a7b44961362f56e4f2cd524feb87e9069?s=96&d=mm&r=g","contentUrl":"https:\/\/secure.gravatar.com\/avatar\/68592660ad6347fad0fb587f8d5d8f1a7b44961362f56e4f2cd524feb87e9069?s=96&d=mm&r=g","caption":"dmcsrbija.com@gmail.com"},"sameAs":["https:\/\/dmcsrb.com"],"url":"https:\/\/dmcsrb.com\/en\/author\/dmcsrbija-comgmail-com\/"}]}},"_links":{"self":[{"href":"https:\/\/dmcsrb.com\/en\/wp-json\/wp\/v2\/posts\/966231","targetHints":{"allow":["GET"]}}],"collection":[{"href":"https:\/\/dmcsrb.com\/en\/wp-json\/wp\/v2\/posts"}],"about":[{"href":"https:\/\/dmcsrb.com\/en\/wp-json\/wp\/v2\/types\/post"}],"author":[{"embeddable":true,"href":"https:\/\/dmcsrb.com\/en\/wp-json\/wp\/v2\/users\/1"}],"replies":[{"embeddable":true,"href":"https:\/\/dmcsrb.com\/en\/wp-json\/wp\/v2\/comments?post=966231"}],"version-history":[{"count":0,"href":"https:\/\/dmcsrb.com\/en\/wp-json\/wp\/v2\/posts\/966231\/revisions"}],"wp:featuredmedia":[{"embeddable":true,"href":"https:\/\/dmcsrb.com\/en\/wp-json\/wp\/v2\/media\/966232"}],"wp:attachment":[{"href":"https:\/\/dmcsrb.com\/en\/wp-json\/wp\/v2\/media?parent=966231"}],"wp:term":[{"taxonomy":"category","embeddable":true,"href":"https:\/\/dmcsrb.com\/en\/wp-json\/wp\/v2\/categories?post=966231"},{"taxonomy":"post_tag","embeddable":true,"href":"https:\/\/dmcsrb.com\/en\/wp-json\/wp\/v2\/tags?post=966231"},{"taxonomy":"naslovna","embeddable":true,"href":"https:\/\/dmcsrb.com\/en\/wp-json\/wp\/v2\/naslovna?post=966231"}],"curies":[{"name":"wp","href":"https:\/\/api.w.org\/{rel}","templated":true}]}}