{"id":966193,"date":"2025-11-28T10:52:26","date_gmt":"2025-11-28T09:52:26","guid":{"rendered":"https:\/\/dmcsrb.com\/uncategorized\/nepostovanjem-odluka-ustavnog-suda-krsi-se-evropska-konvencija\/"},"modified":"2025-11-28T10:52:26","modified_gmt":"2025-11-28T09:52:26","slug":"nepostovanjem-odluka-ustavnog-suda-krsi-se-evropska-konvencija","status":"publish","type":"post","link":"https:\/\/dmcsrb.com\/en\/drustvo\/nepostovanjem-odluka-ustavnog-suda-krsi-se-evropska-konvencija\/","title":{"rendered":"Nepo\u0161tovanjem odluka Ustavnog suda kr\u0161i se Evropska konvencija"},"content":{"rendered":"<p><\/p>\n\n\n\n<p>U presudi se navodi da su odluke Apelacionog suda, kojima je potvr\u0111ena odluka Privrednog suda o otvaranju ste\u010daja nad kompanijom \u201eLipa doo Cetinje\u201c bile nedovoljno obrazlo\u017eene i proizvoljne. Zbog toga ih je Ustavni sud u vi\u0161e navrata ukidao, uz obavezuju\u0107e naloge kako da se otkloni povreda prava.<\/p>\n\n\n\n<p>Uprkos tim nalozima, Apelacioni sud \u010detiri puta nije postupio po ukidnim odlukama Ustavnog suda,&nbsp;suprotno zakonskoj obavezi da su obavezuju\u0107i stavovi najve\u0107e ustavnosudske instance.<\/p>\n\n\n\n<p>\u201cSud nije na\u0161ao razlog da odstupi od zaklju\u010daka Ustavnog suda da su odluke Apelacionog suda bile nedovoljno obrazlo\u017eene i proizvoljne. Ukupno trajanje postupaka je u najve\u0107oj mjeri uzrokovano time \u0161to Apelacioni sud nije postupio po odlukama Ustavnog suda u \u010detiri navrata, suprotno zakonu. Tek nakon petog razmatranja slu\u010daja, Apelacioni sud je kona\u010dno postupio po odlukama Ustavnog suda, ali je ve\u0107i dio imovine kompanije \u201cLipa\u201d do tada bio prodat\u201d, navodi se u odluci Evropskog suda za ljudska prava.<\/p>\n\n\n\n<p>Iz Ustavnog suda obja\u0161njavaju da je upravo ovakvo, ponavljaju\u0107e nepostupanje Apelacionog suda, zaklju\u010dak je suda u Strazburu, najve\u0107im dijelom je i dovelo do prekomjerne du\u017eine trajanja postupaka, a \u0161to je sve imalo za posljedicu povredu prava na pravi\u010dno su\u0111enje.<\/p>\n\n\n\n<p>Evropski sud je dosudio podnosiocima predstavke 4.680 eura na ime naknade nematerijalne \u0161tete i 9.200 eura na ime tro\u0161kova postupka.<\/p>\n\n\n\n<p>&#8220;U presudi \u201cDa\u0161i\u0107 protiv Crne Gore\u201d, Evropski sud je utvrdio povredu prava na slobodu i sigurnost, jer je zadr\u017eavanje podnosioca predstavke trajalo du\u017ee od zakonom propisanih 72 sata.\u00a0Ustavni sud je u me\u0111uvremenu donio veliki broj odluka u kojima je utvrdio povredu prava na slobodu i sigurnost, u kojima je ispitivao zakonitost li\u0161enja slobode&#8221;, javljaju iz Ustavnog suda.<\/p>\n\n\n\n<p>Ustavni sud podsje\u0107a da je svako du\u017ean da po\u0161tuje njegove odluke, kao i da su stavovi o odre\u0111enim pitanjima izra\u017eeni u odlukama tako\u0111e obavezuju\u0107i za dr\u017eavne organe i da nepo\u0161tovanjem odluka Ustavnog suda, ne samo da se podriva vladavina prava, ve\u0107 se dr\u017eava izla\u017ee i odgovornosti pred me\u0111unarodnim sudovima.\u00a0<\/p>","protected":false},"excerpt":{"rendered":"<p>&#8220;Evropski sud za ljudska prava utvrdio je da je kontinuirano nepostupanje Apelacionog suda po odlukama Ustavnog suda Crne Gore dovelo do kr\u0161enja Evropske konvencije, navodi se u najnovijoj presudi tog suda \u201eVujovi\u0107 i Lipa doo protiv Crne Gore\u201c&#8221;, saop\u0161tili su iz Ustavnog suda.<\/p>","protected":false},"author":1,"featured_media":912572,"comment_status":"open","ping_status":"open","sticky":false,"template":"","format":"standard","meta":{"_acf_changed":false,"footnotes":""},"categories":[2],"tags":[2311,95,129],"naslovna":[],"class_list":["post-966193","post","type-post","status-publish","format-standard","has-post-thumbnail","hentry","category-drustvo","tag-apelacioni-sud","tag-crna-gora","tag-ustavni-sud"],"acf":[],"yoast_head":"<!-- This site is optimized with the Yoast SEO plugin v27.4 - https:\/\/yoast.com\/product\/yoast-seo-wordpress\/ -->\n<title>Nepo\u0161tovanjem odluka Ustavnog suda kr\u0161i se Evropska konvencija - dmcsrb.com<\/title>\n<meta name=\"robots\" content=\"index, follow, max-snippet:-1, max-image-preview:large, max-video-preview:-1\" \/>\n<link rel=\"canonical\" href=\"https:\/\/dmcsrb.com\/en\/drustvo\/nepostovanjem-odluka-ustavnog-suda-krsi-se-evropska-konvencija\/\" \/>\n<meta property=\"og:locale\" content=\"en_GB\" \/>\n<meta property=\"og:type\" content=\"article\" \/>\n<meta property=\"og:title\" content=\"Nepo\u0161tovanjem odluka Ustavnog suda kr\u0161i se Evropska konvencija - dmcsrb.com\" \/>\n<meta property=\"og:description\" content=\"&quot;Evropski sud za ljudska prava utvrdio je da je kontinuirano nepostupanje Apelacionog suda po odlukama Ustavnog suda Crne Gore dovelo do kr\u0161enja Evropske konvencije, navodi se u najnovijoj presudi tog suda \u201eVujovi\u0107 i Lipa doo protiv Crne Gore\u201c&quot;, saop\u0161tili su iz Ustavnog suda.\" \/>\n<meta property=\"og:url\" content=\"https:\/\/dmcsrb.com\/en\/drustvo\/nepostovanjem-odluka-ustavnog-suda-krsi-se-evropska-konvencija\/\" \/>\n<meta property=\"og:site_name\" content=\"dmcsrb.com\" \/>\n<meta property=\"article:published_time\" content=\"2025-11-28T09:52:26+00:00\" \/>\n<meta property=\"og:image\" content=\"https:\/\/dmcsrb.com\/wp-content\/uploads\/2026\/01\/ustavni-sud-1.jpg\" \/>\n\t<meta property=\"og:image:width\" content=\"185\" \/>\n\t<meta property=\"og:image:height\" content=\"126\" \/>\n\t<meta property=\"og:image:type\" content=\"image\/jpeg\" \/>\n<meta name=\"author\" content=\"dmcsrbija.com@gmail.com\" \/>\n<meta name=\"twitter:card\" content=\"summary_large_image\" \/>\n<meta name=\"twitter:label1\" content=\"Written by\" \/>\n\t<meta name=\"twitter:data1\" content=\"dmcsrbija.com@gmail.com\" \/>\n\t<meta name=\"twitter:label2\" content=\"Estimated reading time\" \/>\n\t<meta name=\"twitter:data2\" content=\"2 minutes\" \/>\n<script type=\"application\/ld+json\" class=\"yoast-schema-graph\">{\"@context\":\"https:\\\/\\\/schema.org\",\"@graph\":[{\"@type\":\"Article\",\"@id\":\"https:\\\/\\\/dmcsrb.com\\\/drustvo\\\/nepostovanjem-odluka-ustavnog-suda-krsi-se-evropska-konvencija\\\/#article\",\"isPartOf\":{\"@id\":\"https:\\\/\\\/dmcsrb.com\\\/drustvo\\\/nepostovanjem-odluka-ustavnog-suda-krsi-se-evropska-konvencija\\\/\"},\"author\":{\"name\":\"dmcsrbija.com@gmail.com\",\"@id\":\"https:\\\/\\\/dmcsrb.com\\\/#\\\/schema\\\/person\\\/5c39170f12db1b8b457732d0b5c854e2\"},\"headline\":\"Nepo\u0161tovanjem odluka Ustavnog suda kr\u0161i se Evropska konvencija\",\"datePublished\":\"2025-11-28T09:52:26+00:00\",\"mainEntityOfPage\":{\"@id\":\"https:\\\/\\\/dmcsrb.com\\\/drustvo\\\/nepostovanjem-odluka-ustavnog-suda-krsi-se-evropska-konvencija\\\/\"},\"wordCount\":361,\"commentCount\":0,\"image\":{\"@id\":\"https:\\\/\\\/dmcsrb.com\\\/drustvo\\\/nepostovanjem-odluka-ustavnog-suda-krsi-se-evropska-konvencija\\\/#primaryimage\"},\"thumbnailUrl\":\"https:\\\/\\\/dmcsrb.com\\\/wp-content\\\/uploads\\\/2026\\\/01\\\/ustavni-sud-1.jpg\",\"keywords\":[\"Apelacioni sud\",\"Crna Gora\",\"Ustavni sud\"],\"articleSection\":[\"Dru\u0161tvo\"],\"inLanguage\":\"en-GB\",\"potentialAction\":[{\"@type\":\"CommentAction\",\"name\":\"Comment\",\"target\":[\"https:\\\/\\\/dmcsrb.com\\\/drustvo\\\/nepostovanjem-odluka-ustavnog-suda-krsi-se-evropska-konvencija\\\/#respond\"]}]},{\"@type\":\"WebPage\",\"@id\":\"https:\\\/\\\/dmcsrb.com\\\/drustvo\\\/nepostovanjem-odluka-ustavnog-suda-krsi-se-evropska-konvencija\\\/\",\"url\":\"https:\\\/\\\/dmcsrb.com\\\/drustvo\\\/nepostovanjem-odluka-ustavnog-suda-krsi-se-evropska-konvencija\\\/\",\"name\":\"Nepo\u0161tovanjem odluka Ustavnog suda kr\u0161i se Evropska konvencija - dmcsrb.com\",\"isPartOf\":{\"@id\":\"https:\\\/\\\/dmcsrb.com\\\/#website\"},\"primaryImageOfPage\":{\"@id\":\"https:\\\/\\\/dmcsrb.com\\\/drustvo\\\/nepostovanjem-odluka-ustavnog-suda-krsi-se-evropska-konvencija\\\/#primaryimage\"},\"image\":{\"@id\":\"https:\\\/\\\/dmcsrb.com\\\/drustvo\\\/nepostovanjem-odluka-ustavnog-suda-krsi-se-evropska-konvencija\\\/#primaryimage\"},\"thumbnailUrl\":\"https:\\\/\\\/dmcsrb.com\\\/wp-content\\\/uploads\\\/2026\\\/01\\\/ustavni-sud-1.jpg\",\"datePublished\":\"2025-11-28T09:52:26+00:00\",\"author\":{\"@id\":\"https:\\\/\\\/dmcsrb.com\\\/#\\\/schema\\\/person\\\/5c39170f12db1b8b457732d0b5c854e2\"},\"breadcrumb\":{\"@id\":\"https:\\\/\\\/dmcsrb.com\\\/drustvo\\\/nepostovanjem-odluka-ustavnog-suda-krsi-se-evropska-konvencija\\\/#breadcrumb\"},\"inLanguage\":\"en-GB\",\"potentialAction\":[{\"@type\":\"ReadAction\",\"target\":[\"https:\\\/\\\/dmcsrb.com\\\/drustvo\\\/nepostovanjem-odluka-ustavnog-suda-krsi-se-evropska-konvencija\\\/\"]}]},{\"@type\":\"ImageObject\",\"inLanguage\":\"en-GB\",\"@id\":\"https:\\\/\\\/dmcsrb.com\\\/drustvo\\\/nepostovanjem-odluka-ustavnog-suda-krsi-se-evropska-konvencija\\\/#primaryimage\",\"url\":\"https:\\\/\\\/dmcsrb.com\\\/wp-content\\\/uploads\\\/2026\\\/01\\\/ustavni-sud-1.jpg\",\"contentUrl\":\"https:\\\/\\\/dmcsrb.com\\\/wp-content\\\/uploads\\\/2026\\\/01\\\/ustavni-sud-1.jpg\",\"width\":185,\"height\":126},{\"@type\":\"BreadcrumbList\",\"@id\":\"https:\\\/\\\/dmcsrb.com\\\/drustvo\\\/nepostovanjem-odluka-ustavnog-suda-krsi-se-evropska-konvencija\\\/#breadcrumb\",\"itemListElement\":[{\"@type\":\"ListItem\",\"position\":1,\"name\":\"Home\",\"item\":\"https:\\\/\\\/dmcsrb.com\\\/\"},{\"@type\":\"ListItem\",\"position\":2,\"name\":\"Nepo\u0161tovanjem odluka Ustavnog suda kr\u0161i se Evropska konvencija\"}]},{\"@type\":\"WebSite\",\"@id\":\"https:\\\/\\\/dmcsrb.com\\\/#website\",\"url\":\"https:\\\/\\\/dmcsrb.com\\\/\",\"name\":\"dmcsrb.com\",\"description\":\"\",\"potentialAction\":[{\"@type\":\"SearchAction\",\"target\":{\"@type\":\"EntryPoint\",\"urlTemplate\":\"https:\\\/\\\/dmcsrb.com\\\/?s={search_term_string}\"},\"query-input\":{\"@type\":\"PropertyValueSpecification\",\"valueRequired\":true,\"valueName\":\"search_term_string\"}}],\"inLanguage\":\"en-GB\"},{\"@type\":\"Person\",\"@id\":\"https:\\\/\\\/dmcsrb.com\\\/#\\\/schema\\\/person\\\/5c39170f12db1b8b457732d0b5c854e2\",\"name\":\"dmcsrbija.com@gmail.com\",\"image\":{\"@type\":\"ImageObject\",\"inLanguage\":\"en-GB\",\"@id\":\"https:\\\/\\\/secure.gravatar.com\\\/avatar\\\/68592660ad6347fad0fb587f8d5d8f1a7b44961362f56e4f2cd524feb87e9069?s=96&d=mm&r=g\",\"url\":\"https:\\\/\\\/secure.gravatar.com\\\/avatar\\\/68592660ad6347fad0fb587f8d5d8f1a7b44961362f56e4f2cd524feb87e9069?s=96&d=mm&r=g\",\"contentUrl\":\"https:\\\/\\\/secure.gravatar.com\\\/avatar\\\/68592660ad6347fad0fb587f8d5d8f1a7b44961362f56e4f2cd524feb87e9069?s=96&d=mm&r=g\",\"caption\":\"dmcsrbija.com@gmail.com\"},\"sameAs\":[\"https:\\\/\\\/dmcsrb.com\"],\"url\":\"https:\\\/\\\/dmcsrb.com\\\/en\\\/author\\\/dmcsrbija-comgmail-com\\\/\"}]}<\/script>\n<!-- \/ Yoast SEO plugin. -->","yoast_head_json":{"title":"Nepo\u0161tovanjem odluka Ustavnog suda kr\u0161i se Evropska konvencija - dmcsrb.com","robots":{"index":"index","follow":"follow","max-snippet":"max-snippet:-1","max-image-preview":"max-image-preview:large","max-video-preview":"max-video-preview:-1"},"canonical":"https:\/\/dmcsrb.com\/en\/drustvo\/nepostovanjem-odluka-ustavnog-suda-krsi-se-evropska-konvencija\/","og_locale":"en_GB","og_type":"article","og_title":"Nepo\u0161tovanjem odluka Ustavnog suda kr\u0161i se Evropska konvencija - dmcsrb.com","og_description":"\"Evropski sud za ljudska prava utvrdio je da je kontinuirano nepostupanje Apelacionog suda po odlukama Ustavnog suda Crne Gore dovelo do kr\u0161enja Evropske konvencije, navodi se u najnovijoj presudi tog suda \u201eVujovi\u0107 i Lipa doo protiv Crne Gore\u201c\", saop\u0161tili su iz Ustavnog suda.","og_url":"https:\/\/dmcsrb.com\/en\/drustvo\/nepostovanjem-odluka-ustavnog-suda-krsi-se-evropska-konvencija\/","og_site_name":"dmcsrb.com","article_published_time":"2025-11-28T09:52:26+00:00","og_image":[{"width":185,"height":126,"url":"https:\/\/dmcsrb.com\/wp-content\/uploads\/2026\/01\/ustavni-sud-1.jpg","type":"image\/jpeg"}],"author":"dmcsrbija.com@gmail.com","twitter_card":"summary_large_image","twitter_misc":{"Written by":"dmcsrbija.com@gmail.com","Estimated reading time":"2 minutes"},"schema":{"@context":"https:\/\/schema.org","@graph":[{"@type":"Article","@id":"https:\/\/dmcsrb.com\/drustvo\/nepostovanjem-odluka-ustavnog-suda-krsi-se-evropska-konvencija\/#article","isPartOf":{"@id":"https:\/\/dmcsrb.com\/drustvo\/nepostovanjem-odluka-ustavnog-suda-krsi-se-evropska-konvencija\/"},"author":{"name":"dmcsrbija.com@gmail.com","@id":"https:\/\/dmcsrb.com\/#\/schema\/person\/5c39170f12db1b8b457732d0b5c854e2"},"headline":"Nepo\u0161tovanjem odluka Ustavnog suda kr\u0161i se Evropska konvencija","datePublished":"2025-11-28T09:52:26+00:00","mainEntityOfPage":{"@id":"https:\/\/dmcsrb.com\/drustvo\/nepostovanjem-odluka-ustavnog-suda-krsi-se-evropska-konvencija\/"},"wordCount":361,"commentCount":0,"image":{"@id":"https:\/\/dmcsrb.com\/drustvo\/nepostovanjem-odluka-ustavnog-suda-krsi-se-evropska-konvencija\/#primaryimage"},"thumbnailUrl":"https:\/\/dmcsrb.com\/wp-content\/uploads\/2026\/01\/ustavni-sud-1.jpg","keywords":["Apelacioni sud","Crna Gora","Ustavni sud"],"articleSection":["Dru\u0161tvo"],"inLanguage":"en-GB","potentialAction":[{"@type":"CommentAction","name":"Comment","target":["https:\/\/dmcsrb.com\/drustvo\/nepostovanjem-odluka-ustavnog-suda-krsi-se-evropska-konvencija\/#respond"]}]},{"@type":"WebPage","@id":"https:\/\/dmcsrb.com\/drustvo\/nepostovanjem-odluka-ustavnog-suda-krsi-se-evropska-konvencija\/","url":"https:\/\/dmcsrb.com\/drustvo\/nepostovanjem-odluka-ustavnog-suda-krsi-se-evropska-konvencija\/","name":"Nepo\u0161tovanjem odluka Ustavnog suda kr\u0161i se Evropska konvencija - dmcsrb.com","isPartOf":{"@id":"https:\/\/dmcsrb.com\/#website"},"primaryImageOfPage":{"@id":"https:\/\/dmcsrb.com\/drustvo\/nepostovanjem-odluka-ustavnog-suda-krsi-se-evropska-konvencija\/#primaryimage"},"image":{"@id":"https:\/\/dmcsrb.com\/drustvo\/nepostovanjem-odluka-ustavnog-suda-krsi-se-evropska-konvencija\/#primaryimage"},"thumbnailUrl":"https:\/\/dmcsrb.com\/wp-content\/uploads\/2026\/01\/ustavni-sud-1.jpg","datePublished":"2025-11-28T09:52:26+00:00","author":{"@id":"https:\/\/dmcsrb.com\/#\/schema\/person\/5c39170f12db1b8b457732d0b5c854e2"},"breadcrumb":{"@id":"https:\/\/dmcsrb.com\/drustvo\/nepostovanjem-odluka-ustavnog-suda-krsi-se-evropska-konvencija\/#breadcrumb"},"inLanguage":"en-GB","potentialAction":[{"@type":"ReadAction","target":["https:\/\/dmcsrb.com\/drustvo\/nepostovanjem-odluka-ustavnog-suda-krsi-se-evropska-konvencija\/"]}]},{"@type":"ImageObject","inLanguage":"en-GB","@id":"https:\/\/dmcsrb.com\/drustvo\/nepostovanjem-odluka-ustavnog-suda-krsi-se-evropska-konvencija\/#primaryimage","url":"https:\/\/dmcsrb.com\/wp-content\/uploads\/2026\/01\/ustavni-sud-1.jpg","contentUrl":"https:\/\/dmcsrb.com\/wp-content\/uploads\/2026\/01\/ustavni-sud-1.jpg","width":185,"height":126},{"@type":"BreadcrumbList","@id":"https:\/\/dmcsrb.com\/drustvo\/nepostovanjem-odluka-ustavnog-suda-krsi-se-evropska-konvencija\/#breadcrumb","itemListElement":[{"@type":"ListItem","position":1,"name":"Home","item":"https:\/\/dmcsrb.com\/"},{"@type":"ListItem","position":2,"name":"Nepo\u0161tovanjem odluka Ustavnog suda kr\u0161i se Evropska konvencija"}]},{"@type":"WebSite","@id":"https:\/\/dmcsrb.com\/#website","url":"https:\/\/dmcsrb.com\/","name":"dmcsrb.com","description":"","potentialAction":[{"@type":"SearchAction","target":{"@type":"EntryPoint","urlTemplate":"https:\/\/dmcsrb.com\/?s={search_term_string}"},"query-input":{"@type":"PropertyValueSpecification","valueRequired":true,"valueName":"search_term_string"}}],"inLanguage":"en-GB"},{"@type":"Person","@id":"https:\/\/dmcsrb.com\/#\/schema\/person\/5c39170f12db1b8b457732d0b5c854e2","name":"dmcsrbija.com@gmail.com","image":{"@type":"ImageObject","inLanguage":"en-GB","@id":"https:\/\/secure.gravatar.com\/avatar\/68592660ad6347fad0fb587f8d5d8f1a7b44961362f56e4f2cd524feb87e9069?s=96&d=mm&r=g","url":"https:\/\/secure.gravatar.com\/avatar\/68592660ad6347fad0fb587f8d5d8f1a7b44961362f56e4f2cd524feb87e9069?s=96&d=mm&r=g","contentUrl":"https:\/\/secure.gravatar.com\/avatar\/68592660ad6347fad0fb587f8d5d8f1a7b44961362f56e4f2cd524feb87e9069?s=96&d=mm&r=g","caption":"dmcsrbija.com@gmail.com"},"sameAs":["https:\/\/dmcsrb.com"],"url":"https:\/\/dmcsrb.com\/en\/author\/dmcsrbija-comgmail-com\/"}]}},"_links":{"self":[{"href":"https:\/\/dmcsrb.com\/en\/wp-json\/wp\/v2\/posts\/966193","targetHints":{"allow":["GET"]}}],"collection":[{"href":"https:\/\/dmcsrb.com\/en\/wp-json\/wp\/v2\/posts"}],"about":[{"href":"https:\/\/dmcsrb.com\/en\/wp-json\/wp\/v2\/types\/post"}],"author":[{"embeddable":true,"href":"https:\/\/dmcsrb.com\/en\/wp-json\/wp\/v2\/users\/1"}],"replies":[{"embeddable":true,"href":"https:\/\/dmcsrb.com\/en\/wp-json\/wp\/v2\/comments?post=966193"}],"version-history":[{"count":0,"href":"https:\/\/dmcsrb.com\/en\/wp-json\/wp\/v2\/posts\/966193\/revisions"}],"wp:featuredmedia":[{"embeddable":true,"href":"https:\/\/dmcsrb.com\/en\/wp-json\/wp\/v2\/media\/912572"}],"wp:attachment":[{"href":"https:\/\/dmcsrb.com\/en\/wp-json\/wp\/v2\/media?parent=966193"}],"wp:term":[{"taxonomy":"category","embeddable":true,"href":"https:\/\/dmcsrb.com\/en\/wp-json\/wp\/v2\/categories?post=966193"},{"taxonomy":"post_tag","embeddable":true,"href":"https:\/\/dmcsrb.com\/en\/wp-json\/wp\/v2\/tags?post=966193"},{"taxonomy":"naslovna","embeddable":true,"href":"https:\/\/dmcsrb.com\/en\/wp-json\/wp\/v2\/naslovna?post=966193"}],"curies":[{"name":"wp","href":"https:\/\/api.w.org\/{rel}","templated":true}]}}