{"id":966135,"date":"2025-11-28T07:06:12","date_gmt":"2025-11-28T06:06:12","guid":{"rendered":"https:\/\/dmcsrb.com\/uncategorized\/koordinisana-akcija-drzave-policije-i-eu-nulta-tolerancija-na-ekoloski-kriminal-u-koritu-morace\/"},"modified":"2025-11-28T07:06:12","modified_gmt":"2025-11-28T06:06:12","slug":"koordinisana-akcija-drzave-policije-i-eu-nulta-tolerancija-na-ekoloski-kriminal-u-koritu-morace","status":"publish","type":"post","link":"https:\/\/dmcsrb.com\/en\/drustvo\/koordinisana-akcija-drzave-policije-i-eu-nulta-tolerancija-na-ekoloski-kriminal-u-koritu-morace\/","title":{"rendered":"Koordinisana akcija dr\u017eave, policije i EU: Nulta tolerancija na ekolo\u0161ki kriminal u koritu Mora\u010de"},"content":{"rendered":"<p>T&#8221;akvo pona\u0161anje pokazuje da dio aktera i dalje vjeruje da mo\u017ee ignorisati zakone dr\u017eave i nastaviti sa devastacijom korita Mora\u010de. Podsje\u0107amo da je rije\u010d o podru\u010dju od presudnog zna\u010daja za o\u010duvanje izvori\u0161ta Bolje sestre i stabilno vodosnabdijevanje Crnogorskog primorja. Svaka nelegalna aktivnost u ovom prostoru predstavlja direktan napad na javni interes, ekosistem i vodne resurse Crne Gore&#8221;, stoji u saop\u0161tenju.<\/p>\n\n\n\n<p>Kako ka\u017eu, upravo zbog toga \u017eele posebno da istaknu aktivnosti Ministarstva ekologije, odr\u017eivog razvoja i energetike.<\/p>\n\n\n\n<p>&#8220;Koje je u proteklom periodu pokazalo sna\u017enu institucionalnu volju i odgovornost u borbi protiv nelegalne eksploatacije \u0161ljunka i pijeska. Jednako podr\u017eavamo i odlu\u010dnu politiku Vlade Crne Gore, koja je jasno stavila do znanja da ekolo\u0161ki kriminal vi\u0161e ne\u0107e biti tolerisan niti prikrivan&#8221;, navodi se u saop\u0161tenju.<\/p>\n\n\n\n<p>Isti\u010du da formiranje specijalizovane jedinice policije za borbu protiv ekolo\u0161kog kriminala predstavlja prekretnicu u institucionalnom odgovoru dr\u017eave, kao i da ta profesionalna struktura prvi put omogu\u0107ava sistemati\u010dan i operativno sna\u017ean pristup suzbijanju ekolo\u0161kog kriminala, naro\u010dito u osjetljivim zonama sanitarne za\u0161tite.<\/p>\n\n\n\n<p>&#8220;Zahvalni smo i na podr\u0161ci ambasadora Evropske unije, gospodina Johana Satlera, koji je prepoznao zna\u010daj o\u010duvanja Mora\u010de i izvori\u0161ta Bolje sestre, jasno nagla\u0161avaju\u0107i da je za\u0161tita vodnih resursa temeljna evropska vrijednost i neodvojivi dio evropskog puta Crne Gore. Ovaj vid podr\u0161ke daje dodatnu te\u017einu naporima dr\u017eave i potvr\u0111uje da se Crna Gora kre\u0107e u pravcu savremenih standarda ekolo\u0161ke bezbjednosti&#8221;, ka\u017eu iz Regionalnog vodovoda.<\/p>\n\n\n\n<p>Kako ka\u017eu, Slu\u017eba za\u0161tite imovine i lica Regionalnog vodovoda svakodnevno vr\u0161i strogi monitoring i dokumentuje sve poku\u0161aje nezakonitog djelovanja. <\/p>\n\n\n\n<p>&#8220;Bez obzira na to da li se radi o organizovanim grupama ili manjim subjektima, na\u0161e opredjeljenje ostaje isto, nulta tolerancija na sve oblike nelegalne eksploatacije&#8221;, stoji u saop\u0161tenju.<\/p>\n\n\n\n<p>Nagla\u0161avaju Mora\u010da i izvori\u0161te Bolje sestre nijesu prostor za profit pojedinaca, ve\u0107 za\u0161ti\u0107ena podru\u010dja od nacionalnog zna\u010daja, te da Dr\u017eava mora nastaviti da djeluje brzo i odlu\u010dno, kako bi se eliminisali i posljednji oblici nelegalnih aktivnosti.<\/p>\n\n\n\n<p>&#8220;Regionalni vodovod ostaje potpuno posve\u0107en vi\u0161egodi\u0161njoj borbi protiv nelegalne eksploatacije pijeska i \u0161ljunka stru\u010dno, odgovorno i u saradnji sa dr\u017eavnim organima i me\u0111unarodnim partnerima. Dugoro\u010dna za\u0161tita i o\u010duvanje na\u0161ih vodnih resursa mogu\u0107a je jedino kroz odlu\u010dno i koordinisano djelovanje nadle\u017enih institucija, sa jasnom posve\u0107eno\u0161\u0107u javnom interesu i odr\u017eivom razvoju &#8211; zaklju\u010duje se u saop\u0161tenju Zorana Laku\u0161i\u0107a predsjednika odbora direktora &#8220;Regionalni vodovod Crnogorsko primorje&#8221;, zaklju\u010dak je saop\u0161tenja.<\/p>","protected":false},"excerpt":{"rendered":"<p>Podizanje optu\u017enog predloga Osnovnog dr\u017eavnog tu\u017eila\u0161tva protiv lica N.K., zbog neovla\u0161\u0107ene eksploatacije rije\u010dnog nanosa u koritu Mora\u010de, predstavlja va\u017ean korak ka suzbijanju ekolo\u0161kog kriminala. Iako su koordinisane aktivnosti nadle\u017enih institucija dovele do toga da je velika, organizovana nelegalna eksploatacija u zna\u010dajnoj mjeri zaustavljena, najnovije fotografije i video snimci pokazuju da manje firme i pojedinci i dalje poku\u0161avaju da vr\u0161e protivzakonite radnje u Drugoj zoni sanitarne za\u0161tite, saop\u0161teno je iz Regionalnog vodovoda Crnogorsko primorje.<\/p>","protected":false},"author":1,"featured_media":966136,"comment_status":"open","ping_status":"open","sticky":false,"template":"","format":"standard","meta":{"_acf_changed":false,"footnotes":""},"categories":[2],"tags":[95,10,45,507],"naslovna":[],"class_list":["post-966135","post","type-post","status-publish","format-standard","has-post-thumbnail","hentry","category-drustvo","tag-crna-gora","tag-eu","tag-policija","tag-regionalni-vodovod"],"acf":[],"yoast_head":"<!-- This site is optimized with the Yoast SEO plugin v27.4 - https:\/\/yoast.com\/product\/yoast-seo-wordpress\/ -->\n<title>Koordinisana akcija dr\u017eave, policije i EU: Nulta tolerancija na ekolo\u0161ki kriminal u koritu Mora\u010de - dmcsrb.com<\/title>\n<meta name=\"robots\" content=\"index, follow, max-snippet:-1, max-image-preview:large, max-video-preview:-1\" \/>\n<link rel=\"canonical\" href=\"https:\/\/dmcsrb.com\/en\/drustvo\/koordinisana-akcija-drzave-policije-i-eu-nulta-tolerancija-na-ekoloski-kriminal-u-koritu-morace\/\" \/>\n<meta property=\"og:locale\" content=\"en_GB\" \/>\n<meta property=\"og:type\" content=\"article\" \/>\n<meta property=\"og:title\" content=\"Koordinisana akcija dr\u017eave, policije i EU: Nulta tolerancija na ekolo\u0161ki kriminal u koritu Mora\u010de - dmcsrb.com\" \/>\n<meta property=\"og:description\" content=\"Podizanje optu\u017enog predloga Osnovnog dr\u017eavnog tu\u017eila\u0161tva protiv lica N.K., zbog neovla\u0161\u0107ene eksploatacije rije\u010dnog nanosa u koritu Mora\u010de, predstavlja va\u017ean korak ka suzbijanju ekolo\u0161kog kriminala. Iako su koordinisane aktivnosti nadle\u017enih institucija dovele do toga da je velika, organizovana nelegalna eksploatacija u zna\u010dajnoj mjeri zaustavljena, najnovije fotografije i video snimci pokazuju da manje firme i pojedinci i dalje poku\u0161avaju da vr\u0161e protivzakonite radnje u Drugoj zoni sanitarne za\u0161tite, saop\u0161teno je iz Regionalnog vodovoda Crnogorsko primorje.\" \/>\n<meta property=\"og:url\" content=\"https:\/\/dmcsrb.com\/en\/drustvo\/koordinisana-akcija-drzave-policije-i-eu-nulta-tolerancija-na-ekoloski-kriminal-u-koritu-morace\/\" \/>\n<meta property=\"og:site_name\" content=\"dmcsrb.com\" \/>\n<meta property=\"article:published_time\" content=\"2025-11-28T06:06:12+00:00\" \/>\n<meta property=\"og:image\" content=\"https:\/\/dmcsrb.com\/wp-content\/uploads\/2026\/01\/Regionalni-vodovod.webp\" \/>\n\t<meta property=\"og:image:width\" content=\"1200\" \/>\n\t<meta property=\"og:image:height\" content=\"1551\" \/>\n\t<meta property=\"og:image:type\" content=\"image\/jpeg\" \/>\n<meta name=\"author\" content=\"dmcsrbija.com@gmail.com\" \/>\n<meta name=\"twitter:card\" content=\"summary_large_image\" \/>\n<meta name=\"twitter:label1\" content=\"Written by\" \/>\n\t<meta name=\"twitter:data1\" content=\"dmcsrbija.com@gmail.com\" \/>\n\t<meta name=\"twitter:label2\" content=\"Estimated reading time\" \/>\n\t<meta name=\"twitter:data2\" content=\"2 minutes\" \/>\n<script type=\"application\/ld+json\" class=\"yoast-schema-graph\">{\"@context\":\"https:\\\/\\\/schema.org\",\"@graph\":[{\"@type\":\"Article\",\"@id\":\"https:\\\/\\\/dmcsrb.com\\\/drustvo\\\/koordinisana-akcija-drzave-policije-i-eu-nulta-tolerancija-na-ekoloski-kriminal-u-koritu-morace\\\/#article\",\"isPartOf\":{\"@id\":\"https:\\\/\\\/dmcsrb.com\\\/drustvo\\\/koordinisana-akcija-drzave-policije-i-eu-nulta-tolerancija-na-ekoloski-kriminal-u-koritu-morace\\\/\"},\"author\":{\"name\":\"dmcsrbija.com@gmail.com\",\"@id\":\"https:\\\/\\\/dmcsrb.com\\\/#\\\/schema\\\/person\\\/5c39170f12db1b8b457732d0b5c854e2\"},\"headline\":\"Koordinisana akcija dr\u017eave, policije i EU: Nulta tolerancija na ekolo\u0161ki kriminal u koritu Mora\u010de\",\"datePublished\":\"2025-11-28T06:06:12+00:00\",\"mainEntityOfPage\":{\"@id\":\"https:\\\/\\\/dmcsrb.com\\\/drustvo\\\/koordinisana-akcija-drzave-policije-i-eu-nulta-tolerancija-na-ekoloski-kriminal-u-koritu-morace\\\/\"},\"wordCount\":473,\"commentCount\":0,\"image\":{\"@id\":\"https:\\\/\\\/dmcsrb.com\\\/drustvo\\\/koordinisana-akcija-drzave-policije-i-eu-nulta-tolerancija-na-ekoloski-kriminal-u-koritu-morace\\\/#primaryimage\"},\"thumbnailUrl\":\"https:\\\/\\\/dmcsrb.com\\\/wp-content\\\/uploads\\\/2026\\\/01\\\/Regionalni-vodovod.webp\",\"keywords\":[\"Crna Gora\",\"EU\",\"policija\",\"regionalni vodovod\"],\"articleSection\":[\"Dru\u0161tvo\"],\"inLanguage\":\"en-GB\",\"potentialAction\":[{\"@type\":\"CommentAction\",\"name\":\"Comment\",\"target\":[\"https:\\\/\\\/dmcsrb.com\\\/drustvo\\\/koordinisana-akcija-drzave-policije-i-eu-nulta-tolerancija-na-ekoloski-kriminal-u-koritu-morace\\\/#respond\"]}]},{\"@type\":\"WebPage\",\"@id\":\"https:\\\/\\\/dmcsrb.com\\\/drustvo\\\/koordinisana-akcija-drzave-policije-i-eu-nulta-tolerancija-na-ekoloski-kriminal-u-koritu-morace\\\/\",\"url\":\"https:\\\/\\\/dmcsrb.com\\\/drustvo\\\/koordinisana-akcija-drzave-policije-i-eu-nulta-tolerancija-na-ekoloski-kriminal-u-koritu-morace\\\/\",\"name\":\"Koordinisana akcija dr\u017eave, policije i EU: Nulta tolerancija na ekolo\u0161ki kriminal u koritu Mora\u010de - dmcsrb.com\",\"isPartOf\":{\"@id\":\"https:\\\/\\\/dmcsrb.com\\\/#website\"},\"primaryImageOfPage\":{\"@id\":\"https:\\\/\\\/dmcsrb.com\\\/drustvo\\\/koordinisana-akcija-drzave-policije-i-eu-nulta-tolerancija-na-ekoloski-kriminal-u-koritu-morace\\\/#primaryimage\"},\"image\":{\"@id\":\"https:\\\/\\\/dmcsrb.com\\\/drustvo\\\/koordinisana-akcija-drzave-policije-i-eu-nulta-tolerancija-na-ekoloski-kriminal-u-koritu-morace\\\/#primaryimage\"},\"thumbnailUrl\":\"https:\\\/\\\/dmcsrb.com\\\/wp-content\\\/uploads\\\/2026\\\/01\\\/Regionalni-vodovod.webp\",\"datePublished\":\"2025-11-28T06:06:12+00:00\",\"author\":{\"@id\":\"https:\\\/\\\/dmcsrb.com\\\/#\\\/schema\\\/person\\\/5c39170f12db1b8b457732d0b5c854e2\"},\"breadcrumb\":{\"@id\":\"https:\\\/\\\/dmcsrb.com\\\/drustvo\\\/koordinisana-akcija-drzave-policije-i-eu-nulta-tolerancija-na-ekoloski-kriminal-u-koritu-morace\\\/#breadcrumb\"},\"inLanguage\":\"en-GB\",\"potentialAction\":[{\"@type\":\"ReadAction\",\"target\":[\"https:\\\/\\\/dmcsrb.com\\\/drustvo\\\/koordinisana-akcija-drzave-policije-i-eu-nulta-tolerancija-na-ekoloski-kriminal-u-koritu-morace\\\/\"]}]},{\"@type\":\"ImageObject\",\"inLanguage\":\"en-GB\",\"@id\":\"https:\\\/\\\/dmcsrb.com\\\/drustvo\\\/koordinisana-akcija-drzave-policije-i-eu-nulta-tolerancija-na-ekoloski-kriminal-u-koritu-morace\\\/#primaryimage\",\"url\":\"https:\\\/\\\/dmcsrb.com\\\/wp-content\\\/uploads\\\/2026\\\/01\\\/Regionalni-vodovod.webp\",\"contentUrl\":\"https:\\\/\\\/dmcsrb.com\\\/wp-content\\\/uploads\\\/2026\\\/01\\\/Regionalni-vodovod.webp\",\"width\":1200,\"height\":1551},{\"@type\":\"BreadcrumbList\",\"@id\":\"https:\\\/\\\/dmcsrb.com\\\/drustvo\\\/koordinisana-akcija-drzave-policije-i-eu-nulta-tolerancija-na-ekoloski-kriminal-u-koritu-morace\\\/#breadcrumb\",\"itemListElement\":[{\"@type\":\"ListItem\",\"position\":1,\"name\":\"Home\",\"item\":\"https:\\\/\\\/dmcsrb.com\\\/\"},{\"@type\":\"ListItem\",\"position\":2,\"name\":\"Koordinisana akcija dr\u017eave, policije i EU: Nulta tolerancija na ekolo\u0161ki kriminal u koritu Mora\u010de\"}]},{\"@type\":\"WebSite\",\"@id\":\"https:\\\/\\\/dmcsrb.com\\\/#website\",\"url\":\"https:\\\/\\\/dmcsrb.com\\\/\",\"name\":\"dmcsrb.com\",\"description\":\"\",\"potentialAction\":[{\"@type\":\"SearchAction\",\"target\":{\"@type\":\"EntryPoint\",\"urlTemplate\":\"https:\\\/\\\/dmcsrb.com\\\/?s={search_term_string}\"},\"query-input\":{\"@type\":\"PropertyValueSpecification\",\"valueRequired\":true,\"valueName\":\"search_term_string\"}}],\"inLanguage\":\"en-GB\"},{\"@type\":\"Person\",\"@id\":\"https:\\\/\\\/dmcsrb.com\\\/#\\\/schema\\\/person\\\/5c39170f12db1b8b457732d0b5c854e2\",\"name\":\"dmcsrbija.com@gmail.com\",\"image\":{\"@type\":\"ImageObject\",\"inLanguage\":\"en-GB\",\"@id\":\"https:\\\/\\\/secure.gravatar.com\\\/avatar\\\/68592660ad6347fad0fb587f8d5d8f1a7b44961362f56e4f2cd524feb87e9069?s=96&d=mm&r=g\",\"url\":\"https:\\\/\\\/secure.gravatar.com\\\/avatar\\\/68592660ad6347fad0fb587f8d5d8f1a7b44961362f56e4f2cd524feb87e9069?s=96&d=mm&r=g\",\"contentUrl\":\"https:\\\/\\\/secure.gravatar.com\\\/avatar\\\/68592660ad6347fad0fb587f8d5d8f1a7b44961362f56e4f2cd524feb87e9069?s=96&d=mm&r=g\",\"caption\":\"dmcsrbija.com@gmail.com\"},\"sameAs\":[\"https:\\\/\\\/dmcsrb.com\"],\"url\":\"https:\\\/\\\/dmcsrb.com\\\/en\\\/author\\\/dmcsrbija-comgmail-com\\\/\"}]}<\/script>\n<!-- \/ Yoast SEO plugin. -->","yoast_head_json":{"title":"Koordinisana akcija dr\u017eave, policije i EU: Nulta tolerancija na ekolo\u0161ki kriminal u koritu Mora\u010de - dmcsrb.com","robots":{"index":"index","follow":"follow","max-snippet":"max-snippet:-1","max-image-preview":"max-image-preview:large","max-video-preview":"max-video-preview:-1"},"canonical":"https:\/\/dmcsrb.com\/en\/drustvo\/koordinisana-akcija-drzave-policije-i-eu-nulta-tolerancija-na-ekoloski-kriminal-u-koritu-morace\/","og_locale":"en_GB","og_type":"article","og_title":"Koordinisana akcija dr\u017eave, policije i EU: Nulta tolerancija na ekolo\u0161ki kriminal u koritu Mora\u010de - dmcsrb.com","og_description":"Podizanje optu\u017enog predloga Osnovnog dr\u017eavnog tu\u017eila\u0161tva protiv lica N.K., zbog neovla\u0161\u0107ene eksploatacije rije\u010dnog nanosa u koritu Mora\u010de, predstavlja va\u017ean korak ka suzbijanju ekolo\u0161kog kriminala. Iako su koordinisane aktivnosti nadle\u017enih institucija dovele do toga da je velika, organizovana nelegalna eksploatacija u zna\u010dajnoj mjeri zaustavljena, najnovije fotografije i video snimci pokazuju da manje firme i pojedinci i dalje poku\u0161avaju da vr\u0161e protivzakonite radnje u Drugoj zoni sanitarne za\u0161tite, saop\u0161teno je iz Regionalnog vodovoda Crnogorsko primorje.","og_url":"https:\/\/dmcsrb.com\/en\/drustvo\/koordinisana-akcija-drzave-policije-i-eu-nulta-tolerancija-na-ekoloski-kriminal-u-koritu-morace\/","og_site_name":"dmcsrb.com","article_published_time":"2025-11-28T06:06:12+00:00","og_image":[{"width":1200,"height":1551,"url":"https:\/\/dmcsrb.com\/wp-content\/uploads\/2026\/01\/Regionalni-vodovod.webp","type":"image\/jpeg"}],"author":"dmcsrbija.com@gmail.com","twitter_card":"summary_large_image","twitter_misc":{"Written by":"dmcsrbija.com@gmail.com","Estimated reading time":"2 minutes"},"schema":{"@context":"https:\/\/schema.org","@graph":[{"@type":"Article","@id":"https:\/\/dmcsrb.com\/drustvo\/koordinisana-akcija-drzave-policije-i-eu-nulta-tolerancija-na-ekoloski-kriminal-u-koritu-morace\/#article","isPartOf":{"@id":"https:\/\/dmcsrb.com\/drustvo\/koordinisana-akcija-drzave-policije-i-eu-nulta-tolerancija-na-ekoloski-kriminal-u-koritu-morace\/"},"author":{"name":"dmcsrbija.com@gmail.com","@id":"https:\/\/dmcsrb.com\/#\/schema\/person\/5c39170f12db1b8b457732d0b5c854e2"},"headline":"Koordinisana akcija dr\u017eave, policije i EU: Nulta tolerancija na ekolo\u0161ki kriminal u koritu Mora\u010de","datePublished":"2025-11-28T06:06:12+00:00","mainEntityOfPage":{"@id":"https:\/\/dmcsrb.com\/drustvo\/koordinisana-akcija-drzave-policije-i-eu-nulta-tolerancija-na-ekoloski-kriminal-u-koritu-morace\/"},"wordCount":473,"commentCount":0,"image":{"@id":"https:\/\/dmcsrb.com\/drustvo\/koordinisana-akcija-drzave-policije-i-eu-nulta-tolerancija-na-ekoloski-kriminal-u-koritu-morace\/#primaryimage"},"thumbnailUrl":"https:\/\/dmcsrb.com\/wp-content\/uploads\/2026\/01\/Regionalni-vodovod.webp","keywords":["Crna Gora","EU","policija","regionalni vodovod"],"articleSection":["Dru\u0161tvo"],"inLanguage":"en-GB","potentialAction":[{"@type":"CommentAction","name":"Comment","target":["https:\/\/dmcsrb.com\/drustvo\/koordinisana-akcija-drzave-policije-i-eu-nulta-tolerancija-na-ekoloski-kriminal-u-koritu-morace\/#respond"]}]},{"@type":"WebPage","@id":"https:\/\/dmcsrb.com\/drustvo\/koordinisana-akcija-drzave-policije-i-eu-nulta-tolerancija-na-ekoloski-kriminal-u-koritu-morace\/","url":"https:\/\/dmcsrb.com\/drustvo\/koordinisana-akcija-drzave-policije-i-eu-nulta-tolerancija-na-ekoloski-kriminal-u-koritu-morace\/","name":"Koordinisana akcija dr\u017eave, policije i EU: Nulta tolerancija na ekolo\u0161ki kriminal u koritu Mora\u010de - dmcsrb.com","isPartOf":{"@id":"https:\/\/dmcsrb.com\/#website"},"primaryImageOfPage":{"@id":"https:\/\/dmcsrb.com\/drustvo\/koordinisana-akcija-drzave-policije-i-eu-nulta-tolerancija-na-ekoloski-kriminal-u-koritu-morace\/#primaryimage"},"image":{"@id":"https:\/\/dmcsrb.com\/drustvo\/koordinisana-akcija-drzave-policije-i-eu-nulta-tolerancija-na-ekoloski-kriminal-u-koritu-morace\/#primaryimage"},"thumbnailUrl":"https:\/\/dmcsrb.com\/wp-content\/uploads\/2026\/01\/Regionalni-vodovod.webp","datePublished":"2025-11-28T06:06:12+00:00","author":{"@id":"https:\/\/dmcsrb.com\/#\/schema\/person\/5c39170f12db1b8b457732d0b5c854e2"},"breadcrumb":{"@id":"https:\/\/dmcsrb.com\/drustvo\/koordinisana-akcija-drzave-policije-i-eu-nulta-tolerancija-na-ekoloski-kriminal-u-koritu-morace\/#breadcrumb"},"inLanguage":"en-GB","potentialAction":[{"@type":"ReadAction","target":["https:\/\/dmcsrb.com\/drustvo\/koordinisana-akcija-drzave-policije-i-eu-nulta-tolerancija-na-ekoloski-kriminal-u-koritu-morace\/"]}]},{"@type":"ImageObject","inLanguage":"en-GB","@id":"https:\/\/dmcsrb.com\/drustvo\/koordinisana-akcija-drzave-policije-i-eu-nulta-tolerancija-na-ekoloski-kriminal-u-koritu-morace\/#primaryimage","url":"https:\/\/dmcsrb.com\/wp-content\/uploads\/2026\/01\/Regionalni-vodovod.webp","contentUrl":"https:\/\/dmcsrb.com\/wp-content\/uploads\/2026\/01\/Regionalni-vodovod.webp","width":1200,"height":1551},{"@type":"BreadcrumbList","@id":"https:\/\/dmcsrb.com\/drustvo\/koordinisana-akcija-drzave-policije-i-eu-nulta-tolerancija-na-ekoloski-kriminal-u-koritu-morace\/#breadcrumb","itemListElement":[{"@type":"ListItem","position":1,"name":"Home","item":"https:\/\/dmcsrb.com\/"},{"@type":"ListItem","position":2,"name":"Koordinisana akcija dr\u017eave, policije i EU: Nulta tolerancija na ekolo\u0161ki kriminal u koritu Mora\u010de"}]},{"@type":"WebSite","@id":"https:\/\/dmcsrb.com\/#website","url":"https:\/\/dmcsrb.com\/","name":"dmcsrb.com","description":"","potentialAction":[{"@type":"SearchAction","target":{"@type":"EntryPoint","urlTemplate":"https:\/\/dmcsrb.com\/?s={search_term_string}"},"query-input":{"@type":"PropertyValueSpecification","valueRequired":true,"valueName":"search_term_string"}}],"inLanguage":"en-GB"},{"@type":"Person","@id":"https:\/\/dmcsrb.com\/#\/schema\/person\/5c39170f12db1b8b457732d0b5c854e2","name":"dmcsrbija.com@gmail.com","image":{"@type":"ImageObject","inLanguage":"en-GB","@id":"https:\/\/secure.gravatar.com\/avatar\/68592660ad6347fad0fb587f8d5d8f1a7b44961362f56e4f2cd524feb87e9069?s=96&d=mm&r=g","url":"https:\/\/secure.gravatar.com\/avatar\/68592660ad6347fad0fb587f8d5d8f1a7b44961362f56e4f2cd524feb87e9069?s=96&d=mm&r=g","contentUrl":"https:\/\/secure.gravatar.com\/avatar\/68592660ad6347fad0fb587f8d5d8f1a7b44961362f56e4f2cd524feb87e9069?s=96&d=mm&r=g","caption":"dmcsrbija.com@gmail.com"},"sameAs":["https:\/\/dmcsrb.com"],"url":"https:\/\/dmcsrb.com\/en\/author\/dmcsrbija-comgmail-com\/"}]}},"_links":{"self":[{"href":"https:\/\/dmcsrb.com\/en\/wp-json\/wp\/v2\/posts\/966135","targetHints":{"allow":["GET"]}}],"collection":[{"href":"https:\/\/dmcsrb.com\/en\/wp-json\/wp\/v2\/posts"}],"about":[{"href":"https:\/\/dmcsrb.com\/en\/wp-json\/wp\/v2\/types\/post"}],"author":[{"embeddable":true,"href":"https:\/\/dmcsrb.com\/en\/wp-json\/wp\/v2\/users\/1"}],"replies":[{"embeddable":true,"href":"https:\/\/dmcsrb.com\/en\/wp-json\/wp\/v2\/comments?post=966135"}],"version-history":[{"count":0,"href":"https:\/\/dmcsrb.com\/en\/wp-json\/wp\/v2\/posts\/966135\/revisions"}],"wp:featuredmedia":[{"embeddable":true,"href":"https:\/\/dmcsrb.com\/en\/wp-json\/wp\/v2\/media\/966136"}],"wp:attachment":[{"href":"https:\/\/dmcsrb.com\/en\/wp-json\/wp\/v2\/media?parent=966135"}],"wp:term":[{"taxonomy":"category","embeddable":true,"href":"https:\/\/dmcsrb.com\/en\/wp-json\/wp\/v2\/categories?post=966135"},{"taxonomy":"post_tag","embeddable":true,"href":"https:\/\/dmcsrb.com\/en\/wp-json\/wp\/v2\/tags?post=966135"},{"taxonomy":"naslovna","embeddable":true,"href":"https:\/\/dmcsrb.com\/en\/wp-json\/wp\/v2\/naslovna?post=966135"}],"curies":[{"name":"wp","href":"https:\/\/api.w.org\/{rel}","templated":true}]}}