{"id":966134,"date":"2025-11-28T06:52:40","date_gmt":"2025-11-28T05:52:40","guid":{"rendered":"https:\/\/dmcsrb.com\/uncategorized\/tramp-nakon-napada-kod-bijele-kuce-trajno-zabranjujem-migracije-iz-treceg-svijeta\/"},"modified":"2025-11-28T06:52:40","modified_gmt":"2025-11-28T05:52:40","slug":"tramp-nakon-napada-kod-bijele-kuce-trajno-zabranjujem-migracije-iz-treceg-svijeta","status":"publish","type":"post","link":"https:\/\/dmcsrb.com\/en\/svijet\/tramp-nakon-napada-kod-bijele-kuce-trajno-zabranjujem-migracije-iz-treceg-svijeta\/","title":{"rendered":"Tramp nakon napada kod Bijele ku\u0107e: Trajno zabranjujem migracije iz Tre\u0107eg svijeta"},"content":{"rendered":"<p>Na dru\u0161tvenoj mre\u017ei Truth Social, Tramp je poru\u010dio da je ameri\u010dka imigraciona politika, uprkos tehnolo\u0161kom napretku, \u201eugrozila te dobitke i \u017eivotne uslove za mnoge\u201c.<\/p>\n\n\n\n<p>\u201eTrajno \u0107u zaustaviti migraciju iz svih zemalja tre\u0107eg svijeta kako bih omogu\u0107io potpun oporavak ameri\u010dkog sistema, prekinuo sve milione Bajdenovih ilegalnih ulazaka, uklju\u010duju\u0107i one potpisane Autopenom Pospanog D\u017eoa Bajdena, i uklonio svakoga ko nije neto dobitak za Sjedinjene Dr\u017eave, ili je nesposoban da voli na\u0161u zemlju, ukinuo sve savezne povlastice i subvencije nedr\u017eavljanima na\u0161e zemlje, oduzeo dr\u017eavljanstvo migrantima koji naru\u0161avaju doma\u0107i mir i deportovao svakog stranog dr\u017eavljanina koji je javni teret, bezbjednosni rizik ili nekompatibilan sa zapadnom civilizacijom\u201c, napisao je.<\/p>\n\n\n\n<p>\u201eOvi ciljevi \u0107e se sprovoditi s namjerom da se postigne zna\u010dajno smanjenje ilegalnog i remetila\u010dkog stanovni\u0161tva, uklju\u010duju\u0107i i one primljene kroz neovla\u0161\u0107eni i ilegalni proces odobravanja Autopenom\u201c, nastavio je Tramp.<\/p>\n\n\n\n<p>\u201eSamo OBRNUTA MIGRACIJA mo\u017ee u potpunosti izlije\u010diti ovu situaciju. Osim toga, SRE\u0106AN DAN ZAHVALNOSTI SVIMA, osim onima koji mrze, kradu, ubijaju i uni\u0161tavaju sve za \u0161ta se Amerika zala\u017ee \u2013 Ne\u0107ete dugo biti ovdje!\u201c<\/p>\n\n\n\n<p><strong>Povod za odluku: Pucnjava u Va\u0161ingtonu<\/strong><\/p>\n\n\n\n<p>Trampova najava dolazi kao direktna reakcija na napad koji se dogodio samo nekoliko ulica od Bijele ku\u0107e. Napada\u010d je pri\u0161ao pripadnicima Nacionalne garde,&nbsp;<strong>Sari Bekstrom i Endrjuu Volfu<\/strong>, i otvorio vatru iz neposredne blizine.<\/p>\n\n\n\n<p>Dvadesetogodi\u0161nja Bekstrom je preminula od posljedica ranjavanja, \u0161to je potvrdio i sam Tramp.<\/p>\n\n\n\n<p>\u201eSara Bekstrom iz Zapadne Vird\u017einije, jedna od pripadnica garde o kojoj govorimo, veoma cijenjena, mlada, veli\u010danstvena osoba\u2026 Upravo je preminula. Vi\u0161e nije sa nama\u201c, izjavio je danas ranije.<\/p>\n\n\n\n<p>Njen kolega, 24-godi\u0161nji Volf, i dalje je u kriti\u010dnom stanju.<\/p>\n\n\n\n<p>Kao osumnji\u010deni za napad identifikovan je i uhap\u0161en&nbsp;<strong>Rahmanulah Lakanval<\/strong>, 29-godi\u0161njak iz Avganistana koji se u SAD doselio 2021. godine, nakon povla\u010denja ameri\u010dkih snaga. Nadle\u017eni jo\u0161 uvijek nijesu potvrdili motiv napada.<\/p>\n\n\n\n<p><strong>Obustava zahtjeva i prozivke Bajdenu<\/strong><\/p>\n\n\n\n<p>Ovaj incident ve\u0107 je podstakao konkretne poteze. Ameri\u010dko Ministarstvo za dr\u017eavljanstvo i imigracione usluge na neodre\u0111eno vrijeme je zaustavilo obradu svih imigracionih zahtjeva avganistanskih dr\u017eavljana.<\/p>\n\n\n\n<p>\u201eZa\u0161tita i bezbjednost na\u0161e domovine i ameri\u010dkog naroda ostaju na\u0161 jedini fokus i misija\u201c, navodi se u njihovom saop\u0161tenju.<\/p>\n\n\n\n<p>Nekoliko minuta prije svoje velike objave o zaustavljanju migracije, Tramp je na dru\u0161tvenim mre\u017eama podijelio fotografiju avganistanskih izbjeglica koje su evakuisane vojnim avionom 2021. godine, iskoristiv\u0161i priliku da napadne biv\u0161eg predsjednika.<\/p>\n\n\n\n<p>\u201eOvo je dio u\u017easnog vazdu\u0161nog mosta iz Avganistana. Stotine hiljada ljudi slilo se u na\u0161u zemlju potpuno neprovjereno i nekontrolisano. Popravi\u0107emo to, ali nikada ne\u0107emo zaboraviti \u0161ta su Pokvareni D\u017eo Bajden i njegovi nasilnici uradili na\u0161oj zemlji\u201c, objavio je Tramp.<\/p>","protected":false},"excerpt":{"rendered":"<p>Ameri\u010dki predsjednik Donald Tramp najavio je drasti\u010dnu mjeru \u2013 trajnu obustavu migracije iz svih \u201ezemalja tre\u0107eg svijeta\u201c. Ova \u0161okantna objava uslijedila je samo nekoliko dana nakon smrtonosne pucnjave u blizini Bijele ku\u0107e, u kojoj je napada\u010d, dr\u017eavljanin Avganistana, usmrtio pripadnicu Nacionalne garde. Tramp tvrdi da je cilj ovog poteza omogu\u0107iti ameri\u010dkom imigracionom sistemu da se \u201epotpuno oporavi\u201c i zaustavi ilegalne ulaske u zemlju, pi\u0161e NDTV, a prenosi Index.<\/p>","protected":false},"author":1,"featured_media":952417,"comment_status":"open","ping_status":"open","sticky":false,"template":"","format":"standard","meta":{"_acf_changed":false,"footnotes":""},"categories":[144],"tags":[193,8798,195,10791],"naslovna":[],"class_list":["post-966134","post","type-post","status-publish","format-standard","has-post-thumbnail","hentry","category-svijet","tag-donald-tramp","tag-migracije","tag-sad","tag-zabran"],"acf":[],"yoast_head":"<!-- This site is optimized with the Yoast SEO plugin v27.4 - https:\/\/yoast.com\/product\/yoast-seo-wordpress\/ -->\n<title>Tramp nakon napada kod Bijele ku\u0107e: Trajno zabranjujem migracije iz Tre\u0107eg svijeta - dmcsrb.com<\/title>\n<meta name=\"robots\" content=\"index, follow, max-snippet:-1, max-image-preview:large, max-video-preview:-1\" \/>\n<link rel=\"canonical\" href=\"https:\/\/dmcsrb.com\/en\/svijet\/tramp-nakon-napada-kod-bijele-kuce-trajno-zabranjujem-migracije-iz-treceg-svijeta\/\" \/>\n<meta property=\"og:locale\" content=\"en_GB\" \/>\n<meta property=\"og:type\" content=\"article\" \/>\n<meta property=\"og:title\" content=\"Tramp nakon napada kod Bijele ku\u0107e: Trajno zabranjujem migracije iz Tre\u0107eg svijeta - dmcsrb.com\" \/>\n<meta property=\"og:description\" content=\"Ameri\u010dki predsjednik Donald Tramp najavio je drasti\u010dnu mjeru \u2013 trajnu obustavu migracije iz svih \u201ezemalja tre\u0107eg svijeta\u201c. Ova \u0161okantna objava uslijedila je samo nekoliko dana nakon smrtonosne pucnjave u blizini Bijele ku\u0107e, u kojoj je napada\u010d, dr\u017eavljanin Avganistana, usmrtio pripadnicu Nacionalne garde. Tramp tvrdi da je cilj ovog poteza omogu\u0107iti ameri\u010dkom imigracionom sistemu da se \u201epotpuno oporavi\u201c i zaustavi ilegalne ulaske u zemlju, pi\u0161e NDTV, a prenosi Index.\" \/>\n<meta property=\"og:url\" content=\"https:\/\/dmcsrb.com\/en\/svijet\/tramp-nakon-napada-kod-bijele-kuce-trajno-zabranjujem-migracije-iz-treceg-svijeta\/\" \/>\n<meta property=\"og:site_name\" content=\"dmcsrb.com\" \/>\n<meta property=\"article:published_time\" content=\"2025-11-28T05:52:40+00:00\" \/>\n<meta property=\"og:image\" content=\"https:\/\/dmcsrb.com\/wp-content\/uploads\/2026\/01\/Tramp-inauguracija-foto-ap.webp\" \/>\n\t<meta property=\"og:image:width\" content=\"974\" \/>\n\t<meta property=\"og:image:height\" content=\"649\" \/>\n\t<meta property=\"og:image:type\" content=\"image\/jpeg\" \/>\n<meta name=\"author\" content=\"dmcsrbija.com@gmail.com\" \/>\n<meta name=\"twitter:card\" content=\"summary_large_image\" \/>\n<meta name=\"twitter:label1\" content=\"Written by\" \/>\n\t<meta name=\"twitter:data1\" content=\"dmcsrbija.com@gmail.com\" \/>\n\t<meta name=\"twitter:label2\" content=\"Estimated reading time\" \/>\n\t<meta name=\"twitter:data2\" content=\"2 minutes\" \/>\n<script type=\"application\/ld+json\" class=\"yoast-schema-graph\">{\"@context\":\"https:\\\/\\\/schema.org\",\"@graph\":[{\"@type\":\"Article\",\"@id\":\"https:\\\/\\\/dmcsrb.com\\\/svijet\\\/tramp-nakon-napada-kod-bijele-kuce-trajno-zabranjujem-migracije-iz-treceg-svijeta\\\/#article\",\"isPartOf\":{\"@id\":\"https:\\\/\\\/dmcsrb.com\\\/svijet\\\/tramp-nakon-napada-kod-bijele-kuce-trajno-zabranjujem-migracije-iz-treceg-svijeta\\\/\"},\"author\":{\"name\":\"dmcsrbija.com@gmail.com\",\"@id\":\"https:\\\/\\\/dmcsrb.com\\\/#\\\/schema\\\/person\\\/5c39170f12db1b8b457732d0b5c854e2\"},\"headline\":\"Tramp nakon napada kod Bijele ku\u0107e: Trajno zabranjujem migracije iz Tre\u0107eg svijeta\",\"datePublished\":\"2025-11-28T05:52:40+00:00\",\"mainEntityOfPage\":{\"@id\":\"https:\\\/\\\/dmcsrb.com\\\/svijet\\\/tramp-nakon-napada-kod-bijele-kuce-trajno-zabranjujem-migracije-iz-treceg-svijeta\\\/\"},\"wordCount\":488,\"commentCount\":0,\"image\":{\"@id\":\"https:\\\/\\\/dmcsrb.com\\\/svijet\\\/tramp-nakon-napada-kod-bijele-kuce-trajno-zabranjujem-migracije-iz-treceg-svijeta\\\/#primaryimage\"},\"thumbnailUrl\":\"https:\\\/\\\/dmcsrb.com\\\/wp-content\\\/uploads\\\/2026\\\/01\\\/Tramp-inauguracija-foto-ap.webp\",\"keywords\":[\"Donald Tramp\",\"Migracije\",\"SAD\",\"zabran\"],\"articleSection\":[\"Svijet\"],\"inLanguage\":\"en-GB\",\"potentialAction\":[{\"@type\":\"CommentAction\",\"name\":\"Comment\",\"target\":[\"https:\\\/\\\/dmcsrb.com\\\/svijet\\\/tramp-nakon-napada-kod-bijele-kuce-trajno-zabranjujem-migracije-iz-treceg-svijeta\\\/#respond\"]}]},{\"@type\":\"WebPage\",\"@id\":\"https:\\\/\\\/dmcsrb.com\\\/svijet\\\/tramp-nakon-napada-kod-bijele-kuce-trajno-zabranjujem-migracije-iz-treceg-svijeta\\\/\",\"url\":\"https:\\\/\\\/dmcsrb.com\\\/svijet\\\/tramp-nakon-napada-kod-bijele-kuce-trajno-zabranjujem-migracije-iz-treceg-svijeta\\\/\",\"name\":\"Tramp nakon napada kod Bijele ku\u0107e: Trajno zabranjujem migracije iz Tre\u0107eg svijeta - dmcsrb.com\",\"isPartOf\":{\"@id\":\"https:\\\/\\\/dmcsrb.com\\\/#website\"},\"primaryImageOfPage\":{\"@id\":\"https:\\\/\\\/dmcsrb.com\\\/svijet\\\/tramp-nakon-napada-kod-bijele-kuce-trajno-zabranjujem-migracije-iz-treceg-svijeta\\\/#primaryimage\"},\"image\":{\"@id\":\"https:\\\/\\\/dmcsrb.com\\\/svijet\\\/tramp-nakon-napada-kod-bijele-kuce-trajno-zabranjujem-migracije-iz-treceg-svijeta\\\/#primaryimage\"},\"thumbnailUrl\":\"https:\\\/\\\/dmcsrb.com\\\/wp-content\\\/uploads\\\/2026\\\/01\\\/Tramp-inauguracija-foto-ap.webp\",\"datePublished\":\"2025-11-28T05:52:40+00:00\",\"author\":{\"@id\":\"https:\\\/\\\/dmcsrb.com\\\/#\\\/schema\\\/person\\\/5c39170f12db1b8b457732d0b5c854e2\"},\"breadcrumb\":{\"@id\":\"https:\\\/\\\/dmcsrb.com\\\/svijet\\\/tramp-nakon-napada-kod-bijele-kuce-trajno-zabranjujem-migracije-iz-treceg-svijeta\\\/#breadcrumb\"},\"inLanguage\":\"en-GB\",\"potentialAction\":[{\"@type\":\"ReadAction\",\"target\":[\"https:\\\/\\\/dmcsrb.com\\\/svijet\\\/tramp-nakon-napada-kod-bijele-kuce-trajno-zabranjujem-migracije-iz-treceg-svijeta\\\/\"]}]},{\"@type\":\"ImageObject\",\"inLanguage\":\"en-GB\",\"@id\":\"https:\\\/\\\/dmcsrb.com\\\/svijet\\\/tramp-nakon-napada-kod-bijele-kuce-trajno-zabranjujem-migracije-iz-treceg-svijeta\\\/#primaryimage\",\"url\":\"https:\\\/\\\/dmcsrb.com\\\/wp-content\\\/uploads\\\/2026\\\/01\\\/Tramp-inauguracija-foto-ap.webp\",\"contentUrl\":\"https:\\\/\\\/dmcsrb.com\\\/wp-content\\\/uploads\\\/2026\\\/01\\\/Tramp-inauguracija-foto-ap.webp\",\"width\":974,\"height\":649},{\"@type\":\"BreadcrumbList\",\"@id\":\"https:\\\/\\\/dmcsrb.com\\\/svijet\\\/tramp-nakon-napada-kod-bijele-kuce-trajno-zabranjujem-migracije-iz-treceg-svijeta\\\/#breadcrumb\",\"itemListElement\":[{\"@type\":\"ListItem\",\"position\":1,\"name\":\"Home\",\"item\":\"https:\\\/\\\/dmcsrb.com\\\/\"},{\"@type\":\"ListItem\",\"position\":2,\"name\":\"Tramp nakon napada kod Bijele ku\u0107e: Trajno zabranjujem migracije iz Tre\u0107eg svijeta\"}]},{\"@type\":\"WebSite\",\"@id\":\"https:\\\/\\\/dmcsrb.com\\\/#website\",\"url\":\"https:\\\/\\\/dmcsrb.com\\\/\",\"name\":\"dmcsrb.com\",\"description\":\"\",\"potentialAction\":[{\"@type\":\"SearchAction\",\"target\":{\"@type\":\"EntryPoint\",\"urlTemplate\":\"https:\\\/\\\/dmcsrb.com\\\/?s={search_term_string}\"},\"query-input\":{\"@type\":\"PropertyValueSpecification\",\"valueRequired\":true,\"valueName\":\"search_term_string\"}}],\"inLanguage\":\"en-GB\"},{\"@type\":\"Person\",\"@id\":\"https:\\\/\\\/dmcsrb.com\\\/#\\\/schema\\\/person\\\/5c39170f12db1b8b457732d0b5c854e2\",\"name\":\"dmcsrbija.com@gmail.com\",\"image\":{\"@type\":\"ImageObject\",\"inLanguage\":\"en-GB\",\"@id\":\"https:\\\/\\\/secure.gravatar.com\\\/avatar\\\/68592660ad6347fad0fb587f8d5d8f1a7b44961362f56e4f2cd524feb87e9069?s=96&d=mm&r=g\",\"url\":\"https:\\\/\\\/secure.gravatar.com\\\/avatar\\\/68592660ad6347fad0fb587f8d5d8f1a7b44961362f56e4f2cd524feb87e9069?s=96&d=mm&r=g\",\"contentUrl\":\"https:\\\/\\\/secure.gravatar.com\\\/avatar\\\/68592660ad6347fad0fb587f8d5d8f1a7b44961362f56e4f2cd524feb87e9069?s=96&d=mm&r=g\",\"caption\":\"dmcsrbija.com@gmail.com\"},\"sameAs\":[\"https:\\\/\\\/dmcsrb.com\"],\"url\":\"https:\\\/\\\/dmcsrb.com\\\/en\\\/author\\\/dmcsrbija-comgmail-com\\\/\"}]}<\/script>\n<!-- \/ Yoast SEO plugin. -->","yoast_head_json":{"title":"Tramp nakon napada kod Bijele ku\u0107e: Trajno zabranjujem migracije iz Tre\u0107eg svijeta - dmcsrb.com","robots":{"index":"index","follow":"follow","max-snippet":"max-snippet:-1","max-image-preview":"max-image-preview:large","max-video-preview":"max-video-preview:-1"},"canonical":"https:\/\/dmcsrb.com\/en\/svijet\/tramp-nakon-napada-kod-bijele-kuce-trajno-zabranjujem-migracije-iz-treceg-svijeta\/","og_locale":"en_GB","og_type":"article","og_title":"Tramp nakon napada kod Bijele ku\u0107e: Trajno zabranjujem migracije iz Tre\u0107eg svijeta - dmcsrb.com","og_description":"Ameri\u010dki predsjednik Donald Tramp najavio je drasti\u010dnu mjeru \u2013 trajnu obustavu migracije iz svih \u201ezemalja tre\u0107eg svijeta\u201c. Ova \u0161okantna objava uslijedila je samo nekoliko dana nakon smrtonosne pucnjave u blizini Bijele ku\u0107e, u kojoj je napada\u010d, dr\u017eavljanin Avganistana, usmrtio pripadnicu Nacionalne garde. Tramp tvrdi da je cilj ovog poteza omogu\u0107iti ameri\u010dkom imigracionom sistemu da se \u201epotpuno oporavi\u201c i zaustavi ilegalne ulaske u zemlju, pi\u0161e NDTV, a prenosi Index.","og_url":"https:\/\/dmcsrb.com\/en\/svijet\/tramp-nakon-napada-kod-bijele-kuce-trajno-zabranjujem-migracije-iz-treceg-svijeta\/","og_site_name":"dmcsrb.com","article_published_time":"2025-11-28T05:52:40+00:00","og_image":[{"width":974,"height":649,"url":"https:\/\/dmcsrb.com\/wp-content\/uploads\/2026\/01\/Tramp-inauguracija-foto-ap.webp","type":"image\/jpeg"}],"author":"dmcsrbija.com@gmail.com","twitter_card":"summary_large_image","twitter_misc":{"Written by":"dmcsrbija.com@gmail.com","Estimated reading time":"2 minutes"},"schema":{"@context":"https:\/\/schema.org","@graph":[{"@type":"Article","@id":"https:\/\/dmcsrb.com\/svijet\/tramp-nakon-napada-kod-bijele-kuce-trajno-zabranjujem-migracije-iz-treceg-svijeta\/#article","isPartOf":{"@id":"https:\/\/dmcsrb.com\/svijet\/tramp-nakon-napada-kod-bijele-kuce-trajno-zabranjujem-migracije-iz-treceg-svijeta\/"},"author":{"name":"dmcsrbija.com@gmail.com","@id":"https:\/\/dmcsrb.com\/#\/schema\/person\/5c39170f12db1b8b457732d0b5c854e2"},"headline":"Tramp nakon napada kod Bijele ku\u0107e: Trajno zabranjujem migracije iz Tre\u0107eg svijeta","datePublished":"2025-11-28T05:52:40+00:00","mainEntityOfPage":{"@id":"https:\/\/dmcsrb.com\/svijet\/tramp-nakon-napada-kod-bijele-kuce-trajno-zabranjujem-migracije-iz-treceg-svijeta\/"},"wordCount":488,"commentCount":0,"image":{"@id":"https:\/\/dmcsrb.com\/svijet\/tramp-nakon-napada-kod-bijele-kuce-trajno-zabranjujem-migracije-iz-treceg-svijeta\/#primaryimage"},"thumbnailUrl":"https:\/\/dmcsrb.com\/wp-content\/uploads\/2026\/01\/Tramp-inauguracija-foto-ap.webp","keywords":["Donald Tramp","Migracije","SAD","zabran"],"articleSection":["Svijet"],"inLanguage":"en-GB","potentialAction":[{"@type":"CommentAction","name":"Comment","target":["https:\/\/dmcsrb.com\/svijet\/tramp-nakon-napada-kod-bijele-kuce-trajno-zabranjujem-migracije-iz-treceg-svijeta\/#respond"]}]},{"@type":"WebPage","@id":"https:\/\/dmcsrb.com\/svijet\/tramp-nakon-napada-kod-bijele-kuce-trajno-zabranjujem-migracije-iz-treceg-svijeta\/","url":"https:\/\/dmcsrb.com\/svijet\/tramp-nakon-napada-kod-bijele-kuce-trajno-zabranjujem-migracije-iz-treceg-svijeta\/","name":"Tramp nakon napada kod Bijele ku\u0107e: Trajno zabranjujem migracije iz Tre\u0107eg svijeta - dmcsrb.com","isPartOf":{"@id":"https:\/\/dmcsrb.com\/#website"},"primaryImageOfPage":{"@id":"https:\/\/dmcsrb.com\/svijet\/tramp-nakon-napada-kod-bijele-kuce-trajno-zabranjujem-migracije-iz-treceg-svijeta\/#primaryimage"},"image":{"@id":"https:\/\/dmcsrb.com\/svijet\/tramp-nakon-napada-kod-bijele-kuce-trajno-zabranjujem-migracije-iz-treceg-svijeta\/#primaryimage"},"thumbnailUrl":"https:\/\/dmcsrb.com\/wp-content\/uploads\/2026\/01\/Tramp-inauguracija-foto-ap.webp","datePublished":"2025-11-28T05:52:40+00:00","author":{"@id":"https:\/\/dmcsrb.com\/#\/schema\/person\/5c39170f12db1b8b457732d0b5c854e2"},"breadcrumb":{"@id":"https:\/\/dmcsrb.com\/svijet\/tramp-nakon-napada-kod-bijele-kuce-trajno-zabranjujem-migracije-iz-treceg-svijeta\/#breadcrumb"},"inLanguage":"en-GB","potentialAction":[{"@type":"ReadAction","target":["https:\/\/dmcsrb.com\/svijet\/tramp-nakon-napada-kod-bijele-kuce-trajno-zabranjujem-migracije-iz-treceg-svijeta\/"]}]},{"@type":"ImageObject","inLanguage":"en-GB","@id":"https:\/\/dmcsrb.com\/svijet\/tramp-nakon-napada-kod-bijele-kuce-trajno-zabranjujem-migracije-iz-treceg-svijeta\/#primaryimage","url":"https:\/\/dmcsrb.com\/wp-content\/uploads\/2026\/01\/Tramp-inauguracija-foto-ap.webp","contentUrl":"https:\/\/dmcsrb.com\/wp-content\/uploads\/2026\/01\/Tramp-inauguracija-foto-ap.webp","width":974,"height":649},{"@type":"BreadcrumbList","@id":"https:\/\/dmcsrb.com\/svijet\/tramp-nakon-napada-kod-bijele-kuce-trajno-zabranjujem-migracije-iz-treceg-svijeta\/#breadcrumb","itemListElement":[{"@type":"ListItem","position":1,"name":"Home","item":"https:\/\/dmcsrb.com\/"},{"@type":"ListItem","position":2,"name":"Tramp nakon napada kod Bijele ku\u0107e: Trajno zabranjujem migracije iz Tre\u0107eg svijeta"}]},{"@type":"WebSite","@id":"https:\/\/dmcsrb.com\/#website","url":"https:\/\/dmcsrb.com\/","name":"dmcsrb.com","description":"","potentialAction":[{"@type":"SearchAction","target":{"@type":"EntryPoint","urlTemplate":"https:\/\/dmcsrb.com\/?s={search_term_string}"},"query-input":{"@type":"PropertyValueSpecification","valueRequired":true,"valueName":"search_term_string"}}],"inLanguage":"en-GB"},{"@type":"Person","@id":"https:\/\/dmcsrb.com\/#\/schema\/person\/5c39170f12db1b8b457732d0b5c854e2","name":"dmcsrbija.com@gmail.com","image":{"@type":"ImageObject","inLanguage":"en-GB","@id":"https:\/\/secure.gravatar.com\/avatar\/68592660ad6347fad0fb587f8d5d8f1a7b44961362f56e4f2cd524feb87e9069?s=96&d=mm&r=g","url":"https:\/\/secure.gravatar.com\/avatar\/68592660ad6347fad0fb587f8d5d8f1a7b44961362f56e4f2cd524feb87e9069?s=96&d=mm&r=g","contentUrl":"https:\/\/secure.gravatar.com\/avatar\/68592660ad6347fad0fb587f8d5d8f1a7b44961362f56e4f2cd524feb87e9069?s=96&d=mm&r=g","caption":"dmcsrbija.com@gmail.com"},"sameAs":["https:\/\/dmcsrb.com"],"url":"https:\/\/dmcsrb.com\/en\/author\/dmcsrbija-comgmail-com\/"}]}},"_links":{"self":[{"href":"https:\/\/dmcsrb.com\/en\/wp-json\/wp\/v2\/posts\/966134","targetHints":{"allow":["GET"]}}],"collection":[{"href":"https:\/\/dmcsrb.com\/en\/wp-json\/wp\/v2\/posts"}],"about":[{"href":"https:\/\/dmcsrb.com\/en\/wp-json\/wp\/v2\/types\/post"}],"author":[{"embeddable":true,"href":"https:\/\/dmcsrb.com\/en\/wp-json\/wp\/v2\/users\/1"}],"replies":[{"embeddable":true,"href":"https:\/\/dmcsrb.com\/en\/wp-json\/wp\/v2\/comments?post=966134"}],"version-history":[{"count":0,"href":"https:\/\/dmcsrb.com\/en\/wp-json\/wp\/v2\/posts\/966134\/revisions"}],"wp:featuredmedia":[{"embeddable":true,"href":"https:\/\/dmcsrb.com\/en\/wp-json\/wp\/v2\/media\/952417"}],"wp:attachment":[{"href":"https:\/\/dmcsrb.com\/en\/wp-json\/wp\/v2\/media?parent=966134"}],"wp:term":[{"taxonomy":"category","embeddable":true,"href":"https:\/\/dmcsrb.com\/en\/wp-json\/wp\/v2\/categories?post=966134"},{"taxonomy":"post_tag","embeddable":true,"href":"https:\/\/dmcsrb.com\/en\/wp-json\/wp\/v2\/tags?post=966134"},{"taxonomy":"naslovna","embeddable":true,"href":"https:\/\/dmcsrb.com\/en\/wp-json\/wp\/v2\/naslovna?post=966134"}],"curies":[{"name":"wp","href":"https:\/\/api.w.org\/{rel}","templated":true}]}}