{"id":966052,"date":"2025-11-27T15:00:00","date_gmt":"2025-11-27T14:00:00","guid":{"rendered":"https:\/\/dmcsrb.com\/uncategorized\/naucna-konferencija-zena-u-crnoj-gori-istorijska-retrospektiva-u-porodici-politici-ratu-profesiji-nauci-polozaj-u-savremenosti\/"},"modified":"2025-11-27T15:00:00","modified_gmt":"2025-11-27T14:00:00","slug":"naucna-konferencija-zena-u-crnoj-gori-istorijska-retrospektiva-u-porodici-politici-ratu-profesiji-nauci-polozaj-u-savremenosti","status":"publish","type":"post","link":"https:\/\/dmcsrb.com\/en\/politika\/naucna-konferencija-zena-u-crnoj-gori-istorijska-retrospektiva-u-porodici-politici-ratu-profesiji-nauci-polozaj-u-savremenosti\/","title":{"rendered":"Nau\u010dna konferencija: \u201e\u017dena u Crnoj Gori \u2013 istorijska retrospektiva: u porodici, politici, ratu, profesiji, nauci, polo\u017eaj u savremenosti\u201c"},"content":{"rendered":"<p><\/p>\n\n\n\n<p>Obra\u0107aju\u0107i se na po\u010detku skupa, Radinka \u0106in\u0107ur, kopredsjednica \u017denskog kluba Skup\u0161tine Crne Gore, istakla je da konferencija okuplja sve koji te\u017ee o\u010duvanju plemenitih vrijednosti crnogorske tradicije, ali i napretku kroz usvajanje savremenih dru\u0161tvenih standarda. Zahvalila se Istorijskom institutu na inicijativi za organizovanje ovog skupa, nagla\u0161avaju\u0107i da je povezivanje nau\u010dne zajednice i institucija koje donose odluke va\u017ean preduslov ukupnog dru\u0161tvenog prosperiteta.<\/p>\n\n\n\n<p>\u0106in\u0107ur je podsjetila da je \u017eena kroz istoriju bila stub tradicionalne crnogorske porodice, te izrazila uvjerenje da ta uloga danas mo\u017ee biti nadogra\u0111ena kroz aktivno u\u010de\u0161\u0107e u izgradnji modernog, obrazovanog i naprednog dru\u0161tva. Navode\u0107i misli Simone de Bovoar i Nobelovke Ani Erno, ona je istakla da potiskivanje \u017eene nije prirodna, ve\u0107 dru\u0161tvena kategorija, te da vra\u0107anje dostojanstva \u017eenama \u010diji su doprinosi \u010desto ostajali nevidljivi predstavlja \u010din istorijske pravde.<\/p>\n\n\n\n<p>Kopredsjednica \u017denskog kluba naglasila je da ovaj skup predstavlja doprinos \u017eenskoj emancipaciji u Crnoj Gori, jer otvaranje relevantnih tema omogu\u0107ava jasniji uvid u to gdje se dru\u0161tvo nalazilo, gdje se nalazi danas i kojim putem \u017eeli da ide. Kako je poru\u010dila \u0106in\u0107ur, konferencija je prilika da se preispitaju sve uloge koje je crnogorska \u017eena imala kroz istoriju i da se sagleda spremnost dru\u0161tva za dalji iskorak ka modernim evropskim standardima rodne ravnopravnosti.<\/p>\n\n\n\n<p>Radenko \u0160\u0107eki\u0107, direktor Istorijskog instituta Univerziteta Crne Gore, istakao je da konferencija u fokus stavlja \u017eenu i njen vi\u0161estruki doprinos razvoju dru\u0161tva \u2013 kao stuba porodice, nauke, umjetnosti, kulture, politike i institucija. On je podsjetio da je polo\u017eaj \u017eene na Balkanu kroz vjekove bio oblikovan rigidnim patrijarhalnim naslje\u0111em, u okviru kojeg se njegovalo selektivno po\u0161tovanje \u017eene, ali i stvarali brojni izazovi, neravnopravnost i stereotipi.<\/p>\n\n\n\n<p>\u0160\u0107eki\u0107 je ukazao da su stavovi o rodnim ulogama dru\u0161tveno nau\u010deni i kao takvi podlo\u017eni promjenama kroz obrazovanje, kulturu i medijsko djelovanje. U osvrtu na istorijski razvoj politi\u010dkih prava \u017eena, istakao je da su klju\u010dni pomaci nastupili u periodima kada je njihov doprinos dru\u0161tvu postao neosporan, posebno tokom Prvog svjetskog rata. Kako je naglasio, iskustvo \u017eena koje su preuzele najodgovornije uloge u ratnim naporima pokazalo je da im se ne mogu uskra\u0107ivati politi\u010dka i dru\u0161tvena prava pod izgovorom \u201einferiornosti\u201d.<\/p>\n\n\n\n<p>Govore\u0107i o savremenom crnogorskom dru\u0161tvu, \u0160\u0107eki\u0107 je poru\u010dio da je uloga \u017eene pro\u0161la zna\u010dajnu evoluciju \u2013 od tradicionalnih okvira vezanih za porodicu i doma\u0107instvo, do sve sna\u017enijeg u\u010de\u0161\u0107a u javnom i politi\u010dkom \u017eivotu. Posebno je istakao va\u017enost \u017eenske solidarnosti i uloge \u017denskog kluba Skup\u0161tine Crne Gore, koji predstavlja pozitivan primjer zajedni\u010dkog djelovanja, bez obzira na politi\u010dke razlike. Izrazio je uvjerenje da \u0107e radovi sa ove konferencije dati va\u017ean doprinos nau\u010dnom promi\u0161ljanju i daljem unapre\u0111enju polo\u017eaja \u017eena u Crnoj Gori<\/p>\n\n\n\n<p>Aleksandra Despotovi\u0107, poslanica i \u010dlanica \u017denskog kluba Skup\u0161tine Crne Gore, konstatovala je da konferencija potvr\u0111uje kolektivnu obavezu da se unaprijedi polo\u017eaj \u017eena u svim oblastima javnog i privatnog \u017eivota kroz stru\u010dni dijalog i me\u0111usobno uva\u017eavanje.<\/p>\n\n\n\n<p>Despotovi\u0107 je podsjetila da dana\u0161nji skup predstavlja priliku da se oda priznanje generacijama \u017eena koje su svojim znanjem, radom i predano\u0161\u0107u oblikovale zajednice u kojima \u017eivimo. Naglasila je da cilj konferencije nije samo njegovanje sje\u0107anja, ve\u0107 i stvaranje nove vizije dru\u0161tva, poru\u010div\u0161i da su \u017eene istovremeno temelj i krov na kojima po\u010diva sada\u0161njost i budu\u0107nost Crne Gore.<\/p>\n\n\n\n<p>U svom obra\u0107anju Despotovi\u0107 je ukazala na va\u017enost otvaranja prostora za nove ideje, partnerstva i inicijative koje doprinose napretku i prosperitetu dru\u0161tva. Istakla je da je danas, vi\u0161e nego ikada, nu\u017eno osna\u017eiti glas \u017eena i obezbijediti ambijent u kojem \u0107e njihov doprinos biti vidljiv i jednako cijenjen. Izrazila je uvjerenje da \u0107e diskusije na konferenciji ohrabriti sve u\u010desnike da nastave graditi budu\u0107nost u kojoj je jednakost svakodnevna stvarnost, a ne samo ideal.<\/p>\n\n\n\n<p>Veselin Mi\u0107anovi\u0107, prorektor Univerziteta Crne Gore, poru\u010dio je da je cilj skupa afirmacija vrijednosti i doprinosa \u017eena koje su kroz istoriju bile nositeljke dru\u0161tvenih promjena, iako njihov rad \u010desto nije bio prepoznat, i da savremena Crna Gora ima obavezu da tu nepravdu ispravi sistemski i u skladu s me\u0111unarodnim standardima, podsje\u0107aju\u0107i da demokratsko dru\u0161tvo ne mo\u017ee biti potpuno dok glas \u017eene nije jednako sna\u017ean i uva\u017een.<\/p>\n\n\n\n<p>U svom obra\u0107anju posebno je istakao ulogu Istorijskog instituta Crne Gore, koji pod rukovodstvom prof. dr Radenka \u0160\u0107eki\u0107a kontinuirano radi na valorizaciji \u017eenskog doprinosa dru\u0161tvu kroz interdisciplinarni nau\u010dno-istra\u017eiva\u010dki pristup. Mi\u0107anovi\u0107 je naglasio da je upravo ova konferencija rezultat odgovornog i vizionarskog rada, kojim se rodna ravnopravnost \u010dini vidljivom i sastavnim dijelom nau\u010dnog i javnog diskursa. Ocijenio je da \u017eene u svim svojim ulogama, od porodi\u010dnih do profesionalnih, predstavljaju temelj zdravog, humanog i demokratskog dru\u0161tva.<\/p>\n\n\n\n<p>Tako\u0111e je ukazao na obavezu institucija i dru\u0161tva da stvaraju politike i mehanizme koji \u0107e omogu\u0107iti jednake mogu\u0107nosti, ukloniti rodne barijere i osna\u017eiti \u017eene u javnom, profesionalnom i privatnom \u017eivotu. Poru\u010dio je da konferencija nije samo skup, ve\u0107 platforma za promjene, prostor za definisanje novih ciljeva i otvaranje tema koje su predugo bile u sjenci.<\/p>\n\n\n\n<p>Tokom prvog dana konferencije, u\u010desnici su kroz istorijsku analizu razmatrali dru\u0161tvenu, politi\u010dku i kulturnu ulogu \u017eene u razli\u010ditim periodima razvoja Crne Gore, sa posebnim osvrtom na klju\u010dne izazove i dostignu\u0107a u borbi za rodnu ravnopravnost.<\/p>\n\n\n\n<p>Drugi dan konferencije odr\u017ean u Plavoj sali Skup\u0161tine Crne Gore pru\u017eio je prostor za nau\u010dne osvrte, diskusije i prezentacije istra\u017eivanja koja doprinose boljem razumijevanju polo\u017eaja \u017eena kroz istoriju i u savremenom crnogorskom dru\u0161tvu.<\/p>\n\n\n\n<p>Rasprave vo\u0111ene tokom konferencije predstavljaju nau\u010dne radove u\u010desnika, koji \u0107e biti objedinjeni u zbornik planiran za objavu naredne godine, \u010dime \u0107e rezultati ovog skupa dobiti trajnu nau\u010dnu vrijednost i doprinositi daljem prou\u010davanju polo\u017eaja \u017eena u Crnoj Gori.<\/p>\n\n\n\n<p>Dvodnevna konferencija potvrdila je posve\u0107enost Skup\u0161tine Crne Gore i akademske zajednice unapre\u0111enju dru\u0161tvenog dijaloga o rodnoj ravnopravnosti i valorizaciji istorijskog doprinosa \u017eena, te otvorila prostor za dalje istra\u017eiva\u010dke i institucionalne inicijative u ovoj oblasti.<\/p>","protected":false},"excerpt":{"rendered":"<p>\u017denski klub Skup\u0161tine Crne Gore, u saradnji sa Istorijskim institutom Univerziteta Crne Gore, organizovao je dvodnevnu nau\u010dnu konferenciju \u201e\u017dena u Crnoj Gori \u2013 istorijska retrospektiva\u201c, 26. i 27. novembra 2025. godine, saop\u0161teno je iz Skup\u0161tine Crne Gore.<\/p>","protected":false},"author":1,"featured_media":966053,"comment_status":"open","ping_status":"open","sticky":false,"template":"","format":"standard","meta":{"_acf_changed":false,"footnotes":""},"categories":[12],"tags":[15663,15664,4537,1889,7670,15665,1399,15666,15667],"naslovna":[],"class_list":["post-966052","post","type-post","status-publish","format-standard","has-post-thumbnail","hentry","category-politika","tag-istorijska-retrospektiova","tag-naucna-konferencija","tag-nauka","tag-politika","tag-porodica","tag-profesija","tag-rat","tag-savremenost","tag-zena-u-crnoj-gori"],"acf":[],"yoast_head":"<!-- This site is optimized with the Yoast SEO plugin v27.4 - https:\/\/yoast.com\/product\/yoast-seo-wordpress\/ -->\n<title>Nau\u010dna konferencija: \u201e\u017dena u Crnoj Gori \u2013 istorijska retrospektiva: u porodici, politici, ratu, profesiji, nauci, polo\u017eaj u savremenosti\u201c - dmcsrb.com<\/title>\n<meta name=\"robots\" content=\"index, follow, max-snippet:-1, max-image-preview:large, max-video-preview:-1\" \/>\n<link rel=\"canonical\" href=\"https:\/\/dmcsrb.com\/en\/politika\/naucna-konferencija-zena-u-crnoj-gori-istorijska-retrospektiva-u-porodici-politici-ratu-profesiji-nauci-polozaj-u-savremenosti\/\" \/>\n<meta property=\"og:locale\" content=\"en_GB\" \/>\n<meta property=\"og:type\" content=\"article\" \/>\n<meta property=\"og:title\" content=\"Nau\u010dna konferencija: \u201e\u017dena u Crnoj Gori \u2013 istorijska retrospektiva: u porodici, politici, ratu, profesiji, nauci, polo\u017eaj u savremenosti\u201c - dmcsrb.com\" \/>\n<meta property=\"og:description\" content=\"\u017denski klub Skup\u0161tine Crne Gore, u saradnji sa Istorijskim institutom Univerziteta Crne Gore, organizovao je dvodnevnu nau\u010dnu konferenciju \u201e\u017dena u Crnoj Gori \u2013 istorijska retrospektiva\u201c, 26. i 27. novembra 2025. godine, saop\u0161teno je iz Skup\u0161tine Crne Gore.\" \/>\n<meta property=\"og:url\" content=\"https:\/\/dmcsrb.com\/en\/politika\/naucna-konferencija-zena-u-crnoj-gori-istorijska-retrospektiva-u-porodici-politici-ratu-profesiji-nauci-polozaj-u-savremenosti\/\" \/>\n<meta property=\"og:site_name\" content=\"dmcsrb.com\" \/>\n<meta property=\"article:published_time\" content=\"2025-11-27T14:00:00+00:00\" \/>\n<meta property=\"og:image\" content=\"https:\/\/dmcsrb.com\/wp-content\/uploads\/2026\/01\/DSC07234.webp\" \/>\n\t<meta property=\"og:image:width\" content=\"1920\" \/>\n\t<meta property=\"og:image:height\" content=\"1280\" \/>\n\t<meta property=\"og:image:type\" content=\"image\/jpeg\" \/>\n<meta name=\"author\" content=\"dmcsrbija.com@gmail.com\" \/>\n<meta name=\"twitter:card\" content=\"summary_large_image\" \/>\n<meta name=\"twitter:label1\" content=\"Written by\" \/>\n\t<meta name=\"twitter:data1\" content=\"dmcsrbija.com@gmail.com\" \/>\n\t<meta name=\"twitter:label2\" content=\"Estimated reading time\" \/>\n\t<meta name=\"twitter:data2\" content=\"5 minutes\" \/>\n<script type=\"application\/ld+json\" class=\"yoast-schema-graph\">{\"@context\":\"https:\\\/\\\/schema.org\",\"@graph\":[{\"@type\":\"Article\",\"@id\":\"https:\\\/\\\/dmcsrb.com\\\/en\\\/politika\\\/naucna-konferencija-zena-u-crnoj-gori-istorijska-retrospektiva-u-porodici-politici-ratu-profesiji-nauci-polozaj-u-savremenosti\\\/#article\",\"isPartOf\":{\"@id\":\"https:\\\/\\\/dmcsrb.com\\\/en\\\/politika\\\/naucna-konferencija-zena-u-crnoj-gori-istorijska-retrospektiva-u-porodici-politici-ratu-profesiji-nauci-polozaj-u-savremenosti\\\/\"},\"author\":{\"name\":\"dmcsrbija.com@gmail.com\",\"@id\":\"https:\\\/\\\/dmcsrb.com\\\/#\\\/schema\\\/person\\\/5c39170f12db1b8b457732d0b5c854e2\"},\"headline\":\"Nau\u010dna konferencija: \u201e\u017dena u Crnoj Gori \u2013 istorijska retrospektiva: u porodici, politici, ratu, profesiji, nauci, polo\u017eaj u savremenosti\u201c\",\"datePublished\":\"2025-11-27T14:00:00+00:00\",\"mainEntityOfPage\":{\"@id\":\"https:\\\/\\\/dmcsrb.com\\\/en\\\/politika\\\/naucna-konferencija-zena-u-crnoj-gori-istorijska-retrospektiva-u-porodici-politici-ratu-profesiji-nauci-polozaj-u-savremenosti\\\/\"},\"wordCount\":1071,\"commentCount\":0,\"image\":{\"@id\":\"https:\\\/\\\/dmcsrb.com\\\/en\\\/politika\\\/naucna-konferencija-zena-u-crnoj-gori-istorijska-retrospektiva-u-porodici-politici-ratu-profesiji-nauci-polozaj-u-savremenosti\\\/#primaryimage\"},\"thumbnailUrl\":\"https:\\\/\\\/dmcsrb.com\\\/wp-content\\\/uploads\\\/2026\\\/01\\\/DSC07234.webp\",\"keywords\":[\"Istorijska retrospektiova\",\"Nau\u010dna konferencija\",\"nauka\",\"politika\",\"Porodica\",\"profesija\",\"rat\",\"Savremenost\",\"\u017dena u Crnoj Gori\"],\"articleSection\":[\"Politika\"],\"inLanguage\":\"en-GB\",\"potentialAction\":[{\"@type\":\"CommentAction\",\"name\":\"Comment\",\"target\":[\"https:\\\/\\\/dmcsrb.com\\\/en\\\/politika\\\/naucna-konferencija-zena-u-crnoj-gori-istorijska-retrospektiva-u-porodici-politici-ratu-profesiji-nauci-polozaj-u-savremenosti\\\/#respond\"]}]},{\"@type\":\"WebPage\",\"@id\":\"https:\\\/\\\/dmcsrb.com\\\/en\\\/politika\\\/naucna-konferencija-zena-u-crnoj-gori-istorijska-retrospektiva-u-porodici-politici-ratu-profesiji-nauci-polozaj-u-savremenosti\\\/\",\"url\":\"https:\\\/\\\/dmcsrb.com\\\/en\\\/politika\\\/naucna-konferencija-zena-u-crnoj-gori-istorijska-retrospektiva-u-porodici-politici-ratu-profesiji-nauci-polozaj-u-savremenosti\\\/\",\"name\":\"Nau\u010dna konferencija: \u201e\u017dena u Crnoj Gori \u2013 istorijska retrospektiva: u porodici, politici, ratu, profesiji, nauci, polo\u017eaj u savremenosti\u201c - dmcsrb.com\",\"isPartOf\":{\"@id\":\"https:\\\/\\\/dmcsrb.com\\\/#website\"},\"primaryImageOfPage\":{\"@id\":\"https:\\\/\\\/dmcsrb.com\\\/en\\\/politika\\\/naucna-konferencija-zena-u-crnoj-gori-istorijska-retrospektiva-u-porodici-politici-ratu-profesiji-nauci-polozaj-u-savremenosti\\\/#primaryimage\"},\"image\":{\"@id\":\"https:\\\/\\\/dmcsrb.com\\\/en\\\/politika\\\/naucna-konferencija-zena-u-crnoj-gori-istorijska-retrospektiva-u-porodici-politici-ratu-profesiji-nauci-polozaj-u-savremenosti\\\/#primaryimage\"},\"thumbnailUrl\":\"https:\\\/\\\/dmcsrb.com\\\/wp-content\\\/uploads\\\/2026\\\/01\\\/DSC07234.webp\",\"datePublished\":\"2025-11-27T14:00:00+00:00\",\"author\":{\"@id\":\"https:\\\/\\\/dmcsrb.com\\\/#\\\/schema\\\/person\\\/5c39170f12db1b8b457732d0b5c854e2\"},\"breadcrumb\":{\"@id\":\"https:\\\/\\\/dmcsrb.com\\\/en\\\/politika\\\/naucna-konferencija-zena-u-crnoj-gori-istorijska-retrospektiva-u-porodici-politici-ratu-profesiji-nauci-polozaj-u-savremenosti\\\/#breadcrumb\"},\"inLanguage\":\"en-GB\",\"potentialAction\":[{\"@type\":\"ReadAction\",\"target\":[\"https:\\\/\\\/dmcsrb.com\\\/en\\\/politika\\\/naucna-konferencija-zena-u-crnoj-gori-istorijska-retrospektiva-u-porodici-politici-ratu-profesiji-nauci-polozaj-u-savremenosti\\\/\"]}]},{\"@type\":\"ImageObject\",\"inLanguage\":\"en-GB\",\"@id\":\"https:\\\/\\\/dmcsrb.com\\\/en\\\/politika\\\/naucna-konferencija-zena-u-crnoj-gori-istorijska-retrospektiva-u-porodici-politici-ratu-profesiji-nauci-polozaj-u-savremenosti\\\/#primaryimage\",\"url\":\"https:\\\/\\\/dmcsrb.com\\\/wp-content\\\/uploads\\\/2026\\\/01\\\/DSC07234.webp\",\"contentUrl\":\"https:\\\/\\\/dmcsrb.com\\\/wp-content\\\/uploads\\\/2026\\\/01\\\/DSC07234.webp\",\"width\":1920,\"height\":1280},{\"@type\":\"BreadcrumbList\",\"@id\":\"https:\\\/\\\/dmcsrb.com\\\/en\\\/politika\\\/naucna-konferencija-zena-u-crnoj-gori-istorijska-retrospektiva-u-porodici-politici-ratu-profesiji-nauci-polozaj-u-savremenosti\\\/#breadcrumb\",\"itemListElement\":[{\"@type\":\"ListItem\",\"position\":1,\"name\":\"Home\",\"item\":\"https:\\\/\\\/dmcsrb.com\\\/\"},{\"@type\":\"ListItem\",\"position\":2,\"name\":\"Nau\u010dna konferencija: \u201e\u017dena u Crnoj Gori \u2013 istorijska retrospektiva: u porodici, politici, ratu, profesiji, nauci, polo\u017eaj u savremenosti\u201c\"}]},{\"@type\":\"WebSite\",\"@id\":\"https:\\\/\\\/dmcsrb.com\\\/#website\",\"url\":\"https:\\\/\\\/dmcsrb.com\\\/\",\"name\":\"dmcsrb.com\",\"description\":\"\",\"potentialAction\":[{\"@type\":\"SearchAction\",\"target\":{\"@type\":\"EntryPoint\",\"urlTemplate\":\"https:\\\/\\\/dmcsrb.com\\\/?s={search_term_string}\"},\"query-input\":{\"@type\":\"PropertyValueSpecification\",\"valueRequired\":true,\"valueName\":\"search_term_string\"}}],\"inLanguage\":\"en-GB\"},{\"@type\":\"Person\",\"@id\":\"https:\\\/\\\/dmcsrb.com\\\/#\\\/schema\\\/person\\\/5c39170f12db1b8b457732d0b5c854e2\",\"name\":\"dmcsrbija.com@gmail.com\",\"image\":{\"@type\":\"ImageObject\",\"inLanguage\":\"en-GB\",\"@id\":\"https:\\\/\\\/secure.gravatar.com\\\/avatar\\\/68592660ad6347fad0fb587f8d5d8f1a7b44961362f56e4f2cd524feb87e9069?s=96&d=mm&r=g\",\"url\":\"https:\\\/\\\/secure.gravatar.com\\\/avatar\\\/68592660ad6347fad0fb587f8d5d8f1a7b44961362f56e4f2cd524feb87e9069?s=96&d=mm&r=g\",\"contentUrl\":\"https:\\\/\\\/secure.gravatar.com\\\/avatar\\\/68592660ad6347fad0fb587f8d5d8f1a7b44961362f56e4f2cd524feb87e9069?s=96&d=mm&r=g\",\"caption\":\"dmcsrbija.com@gmail.com\"},\"sameAs\":[\"https:\\\/\\\/dmcsrb.com\"],\"url\":\"https:\\\/\\\/dmcsrb.com\\\/en\\\/author\\\/dmcsrbija-comgmail-com\\\/\"}]}<\/script>\n<!-- \/ Yoast SEO plugin. -->","yoast_head_json":{"title":"Nau\u010dna konferencija: \u201e\u017dena u Crnoj Gori \u2013 istorijska retrospektiva: u porodici, politici, ratu, profesiji, nauci, polo\u017eaj u savremenosti\u201c - dmcsrb.com","robots":{"index":"index","follow":"follow","max-snippet":"max-snippet:-1","max-image-preview":"max-image-preview:large","max-video-preview":"max-video-preview:-1"},"canonical":"https:\/\/dmcsrb.com\/en\/politika\/naucna-konferencija-zena-u-crnoj-gori-istorijska-retrospektiva-u-porodici-politici-ratu-profesiji-nauci-polozaj-u-savremenosti\/","og_locale":"en_GB","og_type":"article","og_title":"Nau\u010dna konferencija: \u201e\u017dena u Crnoj Gori \u2013 istorijska retrospektiva: u porodici, politici, ratu, profesiji, nauci, polo\u017eaj u savremenosti\u201c - dmcsrb.com","og_description":"\u017denski klub Skup\u0161tine Crne Gore, u saradnji sa Istorijskim institutom Univerziteta Crne Gore, organizovao je dvodnevnu nau\u010dnu konferenciju \u201e\u017dena u Crnoj Gori \u2013 istorijska retrospektiva\u201c, 26. i 27. novembra 2025. godine, saop\u0161teno je iz Skup\u0161tine Crne Gore.","og_url":"https:\/\/dmcsrb.com\/en\/politika\/naucna-konferencija-zena-u-crnoj-gori-istorijska-retrospektiva-u-porodici-politici-ratu-profesiji-nauci-polozaj-u-savremenosti\/","og_site_name":"dmcsrb.com","article_published_time":"2025-11-27T14:00:00+00:00","og_image":[{"width":1920,"height":1280,"url":"https:\/\/dmcsrb.com\/wp-content\/uploads\/2026\/01\/DSC07234.webp","type":"image\/jpeg"}],"author":"dmcsrbija.com@gmail.com","twitter_card":"summary_large_image","twitter_misc":{"Written by":"dmcsrbija.com@gmail.com","Estimated reading time":"5 minutes"},"schema":{"@context":"https:\/\/schema.org","@graph":[{"@type":"Article","@id":"https:\/\/dmcsrb.com\/en\/politika\/naucna-konferencija-zena-u-crnoj-gori-istorijska-retrospektiva-u-porodici-politici-ratu-profesiji-nauci-polozaj-u-savremenosti\/#article","isPartOf":{"@id":"https:\/\/dmcsrb.com\/en\/politika\/naucna-konferencija-zena-u-crnoj-gori-istorijska-retrospektiva-u-porodici-politici-ratu-profesiji-nauci-polozaj-u-savremenosti\/"},"author":{"name":"dmcsrbija.com@gmail.com","@id":"https:\/\/dmcsrb.com\/#\/schema\/person\/5c39170f12db1b8b457732d0b5c854e2"},"headline":"Nau\u010dna konferencija: \u201e\u017dena u Crnoj Gori \u2013 istorijska retrospektiva: u porodici, politici, ratu, profesiji, nauci, polo\u017eaj u savremenosti\u201c","datePublished":"2025-11-27T14:00:00+00:00","mainEntityOfPage":{"@id":"https:\/\/dmcsrb.com\/en\/politika\/naucna-konferencija-zena-u-crnoj-gori-istorijska-retrospektiva-u-porodici-politici-ratu-profesiji-nauci-polozaj-u-savremenosti\/"},"wordCount":1071,"commentCount":0,"image":{"@id":"https:\/\/dmcsrb.com\/en\/politika\/naucna-konferencija-zena-u-crnoj-gori-istorijska-retrospektiva-u-porodici-politici-ratu-profesiji-nauci-polozaj-u-savremenosti\/#primaryimage"},"thumbnailUrl":"https:\/\/dmcsrb.com\/wp-content\/uploads\/2026\/01\/DSC07234.webp","keywords":["Istorijska retrospektiova","Nau\u010dna konferencija","nauka","politika","Porodica","profesija","rat","Savremenost","\u017dena u Crnoj Gori"],"articleSection":["Politika"],"inLanguage":"en-GB","potentialAction":[{"@type":"CommentAction","name":"Comment","target":["https:\/\/dmcsrb.com\/en\/politika\/naucna-konferencija-zena-u-crnoj-gori-istorijska-retrospektiva-u-porodici-politici-ratu-profesiji-nauci-polozaj-u-savremenosti\/#respond"]}]},{"@type":"WebPage","@id":"https:\/\/dmcsrb.com\/en\/politika\/naucna-konferencija-zena-u-crnoj-gori-istorijska-retrospektiva-u-porodici-politici-ratu-profesiji-nauci-polozaj-u-savremenosti\/","url":"https:\/\/dmcsrb.com\/en\/politika\/naucna-konferencija-zena-u-crnoj-gori-istorijska-retrospektiva-u-porodici-politici-ratu-profesiji-nauci-polozaj-u-savremenosti\/","name":"Nau\u010dna konferencija: \u201e\u017dena u Crnoj Gori \u2013 istorijska retrospektiva: u porodici, politici, ratu, profesiji, nauci, polo\u017eaj u savremenosti\u201c - dmcsrb.com","isPartOf":{"@id":"https:\/\/dmcsrb.com\/#website"},"primaryImageOfPage":{"@id":"https:\/\/dmcsrb.com\/en\/politika\/naucna-konferencija-zena-u-crnoj-gori-istorijska-retrospektiva-u-porodici-politici-ratu-profesiji-nauci-polozaj-u-savremenosti\/#primaryimage"},"image":{"@id":"https:\/\/dmcsrb.com\/en\/politika\/naucna-konferencija-zena-u-crnoj-gori-istorijska-retrospektiva-u-porodici-politici-ratu-profesiji-nauci-polozaj-u-savremenosti\/#primaryimage"},"thumbnailUrl":"https:\/\/dmcsrb.com\/wp-content\/uploads\/2026\/01\/DSC07234.webp","datePublished":"2025-11-27T14:00:00+00:00","author":{"@id":"https:\/\/dmcsrb.com\/#\/schema\/person\/5c39170f12db1b8b457732d0b5c854e2"},"breadcrumb":{"@id":"https:\/\/dmcsrb.com\/en\/politika\/naucna-konferencija-zena-u-crnoj-gori-istorijska-retrospektiva-u-porodici-politici-ratu-profesiji-nauci-polozaj-u-savremenosti\/#breadcrumb"},"inLanguage":"en-GB","potentialAction":[{"@type":"ReadAction","target":["https:\/\/dmcsrb.com\/en\/politika\/naucna-konferencija-zena-u-crnoj-gori-istorijska-retrospektiva-u-porodici-politici-ratu-profesiji-nauci-polozaj-u-savremenosti\/"]}]},{"@type":"ImageObject","inLanguage":"en-GB","@id":"https:\/\/dmcsrb.com\/en\/politika\/naucna-konferencija-zena-u-crnoj-gori-istorijska-retrospektiva-u-porodici-politici-ratu-profesiji-nauci-polozaj-u-savremenosti\/#primaryimage","url":"https:\/\/dmcsrb.com\/wp-content\/uploads\/2026\/01\/DSC07234.webp","contentUrl":"https:\/\/dmcsrb.com\/wp-content\/uploads\/2026\/01\/DSC07234.webp","width":1920,"height":1280},{"@type":"BreadcrumbList","@id":"https:\/\/dmcsrb.com\/en\/politika\/naucna-konferencija-zena-u-crnoj-gori-istorijska-retrospektiva-u-porodici-politici-ratu-profesiji-nauci-polozaj-u-savremenosti\/#breadcrumb","itemListElement":[{"@type":"ListItem","position":1,"name":"Home","item":"https:\/\/dmcsrb.com\/"},{"@type":"ListItem","position":2,"name":"Nau\u010dna konferencija: \u201e\u017dena u Crnoj Gori \u2013 istorijska retrospektiva: u porodici, politici, ratu, profesiji, nauci, polo\u017eaj u savremenosti\u201c"}]},{"@type":"WebSite","@id":"https:\/\/dmcsrb.com\/#website","url":"https:\/\/dmcsrb.com\/","name":"dmcsrb.com","description":"","potentialAction":[{"@type":"SearchAction","target":{"@type":"EntryPoint","urlTemplate":"https:\/\/dmcsrb.com\/?s={search_term_string}"},"query-input":{"@type":"PropertyValueSpecification","valueRequired":true,"valueName":"search_term_string"}}],"inLanguage":"en-GB"},{"@type":"Person","@id":"https:\/\/dmcsrb.com\/#\/schema\/person\/5c39170f12db1b8b457732d0b5c854e2","name":"dmcsrbija.com@gmail.com","image":{"@type":"ImageObject","inLanguage":"en-GB","@id":"https:\/\/secure.gravatar.com\/avatar\/68592660ad6347fad0fb587f8d5d8f1a7b44961362f56e4f2cd524feb87e9069?s=96&d=mm&r=g","url":"https:\/\/secure.gravatar.com\/avatar\/68592660ad6347fad0fb587f8d5d8f1a7b44961362f56e4f2cd524feb87e9069?s=96&d=mm&r=g","contentUrl":"https:\/\/secure.gravatar.com\/avatar\/68592660ad6347fad0fb587f8d5d8f1a7b44961362f56e4f2cd524feb87e9069?s=96&d=mm&r=g","caption":"dmcsrbija.com@gmail.com"},"sameAs":["https:\/\/dmcsrb.com"],"url":"https:\/\/dmcsrb.com\/en\/author\/dmcsrbija-comgmail-com\/"}]}},"_links":{"self":[{"href":"https:\/\/dmcsrb.com\/en\/wp-json\/wp\/v2\/posts\/966052","targetHints":{"allow":["GET"]}}],"collection":[{"href":"https:\/\/dmcsrb.com\/en\/wp-json\/wp\/v2\/posts"}],"about":[{"href":"https:\/\/dmcsrb.com\/en\/wp-json\/wp\/v2\/types\/post"}],"author":[{"embeddable":true,"href":"https:\/\/dmcsrb.com\/en\/wp-json\/wp\/v2\/users\/1"}],"replies":[{"embeddable":true,"href":"https:\/\/dmcsrb.com\/en\/wp-json\/wp\/v2\/comments?post=966052"}],"version-history":[{"count":0,"href":"https:\/\/dmcsrb.com\/en\/wp-json\/wp\/v2\/posts\/966052\/revisions"}],"wp:featuredmedia":[{"embeddable":true,"href":"https:\/\/dmcsrb.com\/en\/wp-json\/wp\/v2\/media\/966053"}],"wp:attachment":[{"href":"https:\/\/dmcsrb.com\/en\/wp-json\/wp\/v2\/media?parent=966052"}],"wp:term":[{"taxonomy":"category","embeddable":true,"href":"https:\/\/dmcsrb.com\/en\/wp-json\/wp\/v2\/categories?post=966052"},{"taxonomy":"post_tag","embeddable":true,"href":"https:\/\/dmcsrb.com\/en\/wp-json\/wp\/v2\/tags?post=966052"},{"taxonomy":"naslovna","embeddable":true,"href":"https:\/\/dmcsrb.com\/en\/wp-json\/wp\/v2\/naslovna?post=966052"}],"curies":[{"name":"wp","href":"https:\/\/api.w.org\/{rel}","templated":true}]}}