{"id":966050,"date":"2025-11-27T17:09:00","date_gmt":"2025-11-27T16:09:00","guid":{"rendered":"https:\/\/dmcsrb.com\/uncategorized\/crna-gora-jos-jednom-gubi-dobre-ljude-sistem-nije-prepoznao-humanost-porodice-iz-berlina\/"},"modified":"2025-11-27T17:09:00","modified_gmt":"2025-11-27T16:09:00","slug":"crna-gora-jos-jednom-gubi-dobre-ljude-sistem-nije-prepoznao-humanost-porodice-iz-berlina","status":"publish","type":"post","link":"https:\/\/dmcsrb.com\/en\/drustvo\/crna-gora-jos-jednom-gubi-dobre-ljude-sistem-nije-prepoznao-humanost-porodice-iz-berlina\/","title":{"rendered":"Crna Gora jo\u0161 jednom gubi dobre ljude: Sistem nije prepoznao humanost porodice iz Berlina"},"content":{"rendered":"<p><\/p>\n\n\n\n<p>\u201eNjihova odluka nije samo li\u010dni \u010din \u2014 ona je rezultat odnosa sistema koji ne prepoznaje vrijednost humanosti i posve\u0107enosti. Umjesto saradnje, do\u010dekani su sumnji\u010denjem i pritiscima, u ambijentu u kojem se dobro djelo pretvara u teret\u201c, navodi se u saop\u0161tenju Saveza.<\/p>\n\n\n\n<p>Iz ove organizacije isti\u010du da se u Crnoj Gori i dalje nedovoljno cijene dobronamjernost i profesionalnost, posebno kada dolaze iz dijaspore, koja je, kako nagla\u0161avaju, neprocjenjiv finansijski, profesionalni i moralni resurs.<\/p>\n\n\n\n<p>Savez upozorava da je stvoren ambijent nepo\u0161tovanja i nipoda\u0161tavanja, te da dr\u017eava mora hitno da preispita svoj pristup prema donatorima i iseljenicima.<\/p>\n\n\n\n<p>\u201ePotrebno je ukloniti administrativne prepreke, zaustaviti kulturu sumnji\u010denja i uvesti jasnu politiku zahvalnosti, transparentnosti i saradnje\u201c, poru\u010duju.<\/p>\n\n\n\n<p>Savez patriota Crne Gore u Njema\u010dkoj zahvaljuje porodici iz Berlina na godinama predanosti i humanosti, uz ocjenu da \u0107e njihova djela ostati upam\u0107ena vi\u0161e nego oni koji su ih odgurnuli.<\/p>\n\n\n\n<p><\/p>","protected":false},"excerpt":{"rendered":"<p>Savez patriota Crne Gore u Njema\u010dkoj saop\u0161tio je da je odlazak crnogorske porodice iz Berlina iz humanitarnog aran\u017emana u Crnoj Gori posljedica dugogodi\u0161njeg nerazumijevanja i neadekvatnog odnosa dr\u017eavnih institucija prema ljudima koji bez interesa poma\u017eu svojoj zemlji. Kako navode, rije\u010d je o porodici koja je godinama finansirala lije\u010denja, podr\u017eavala narodne kuhinje i u\u010destvovala u brojnim humanitarnim akcijama, ali uprkos tome nije nai\u0161la na zahvalnost i podr\u0161ku.<\/p>","protected":false},"author":1,"featured_media":908848,"comment_status":"open","ping_status":"open","sticky":false,"template":"","format":"standard","meta":{"_acf_changed":false,"footnotes":""},"categories":[2],"tags":[3332,15661,15662],"naslovna":[],"class_list":["post-966050","post","type-post","status-publish","format-standard","has-post-thumbnail","hentry","category-drustvo","tag-berlin","tag-patriote-cg","tag-porodica-iz-berlina"],"acf":[],"yoast_head":"<!-- This site is optimized with the Yoast SEO plugin v27.0 - https:\/\/yoast.com\/product\/yoast-seo-wordpress\/ -->\n<title>Crna Gora jo\u0161 jednom gubi dobre ljude: Sistem nije prepoznao humanost porodice iz Berlina - dmcsrb.com<\/title>\n<meta name=\"robots\" content=\"index, follow, max-snippet:-1, max-image-preview:large, max-video-preview:-1\" \/>\n<link rel=\"canonical\" href=\"https:\/\/dmcsrb.com\/en\/drustvo\/crna-gora-jos-jednom-gubi-dobre-ljude-sistem-nije-prepoznao-humanost-porodice-iz-berlina\/\" \/>\n<meta property=\"og:locale\" content=\"en_GB\" \/>\n<meta property=\"og:type\" content=\"article\" \/>\n<meta property=\"og:title\" content=\"Crna Gora jo\u0161 jednom gubi dobre ljude: Sistem nije prepoznao humanost porodice iz Berlina - dmcsrb.com\" \/>\n<meta property=\"og:description\" content=\"Savez patriota Crne Gore u Njema\u010dkoj saop\u0161tio je da je odlazak crnogorske porodice iz Berlina iz humanitarnog aran\u017emana u Crnoj Gori posljedica dugogodi\u0161njeg nerazumijevanja i neadekvatnog odnosa dr\u017eavnih institucija prema ljudima koji bez interesa poma\u017eu svojoj zemlji. Kako navode, rije\u010d je o porodici koja je godinama finansirala lije\u010denja, podr\u017eavala narodne kuhinje i u\u010destvovala u brojnim humanitarnim akcijama, ali uprkos tome nije nai\u0161la na zahvalnost i podr\u0161ku.\" \/>\n<meta property=\"og:url\" content=\"https:\/\/dmcsrb.com\/en\/drustvo\/crna-gora-jos-jednom-gubi-dobre-ljude-sistem-nije-prepoznao-humanost-porodice-iz-berlina\/\" \/>\n<meta property=\"og:site_name\" content=\"dmcsrb.com\" \/>\n<meta property=\"article:published_time\" content=\"2025-11-27T16:09:00+00:00\" \/>\n<meta property=\"og:image\" content=\"https:\/\/dmcsrb.com\/wp-content\/uploads\/2026\/01\/patriote.jpg\" \/>\n\t<meta property=\"og:image:width\" content=\"1060\" \/>\n\t<meta property=\"og:image:height\" content=\"1153\" \/>\n\t<meta property=\"og:image:type\" content=\"image\/jpeg\" \/>\n<meta name=\"author\" content=\"dmcsrbija.com@gmail.com\" \/>\n<meta name=\"twitter:card\" content=\"summary_large_image\" \/>\n<meta name=\"twitter:label1\" content=\"Written by\" \/>\n\t<meta name=\"twitter:data1\" content=\"dmcsrbija.com@gmail.com\" \/>\n\t<meta name=\"twitter:label2\" content=\"Estimated reading time\" \/>\n\t<meta name=\"twitter:data2\" content=\"1 minute\" \/>\n<script type=\"application\/ld+json\" class=\"yoast-schema-graph\">{\"@context\":\"https:\/\/schema.org\",\"@graph\":[{\"@type\":\"Article\",\"@id\":\"https:\/\/dmcsrb.com\/drustvo\/crna-gora-jos-jednom-gubi-dobre-ljude-sistem-nije-prepoznao-humanost-porodice-iz-berlina\/#article\",\"isPartOf\":{\"@id\":\"https:\/\/dmcsrb.com\/drustvo\/crna-gora-jos-jednom-gubi-dobre-ljude-sistem-nije-prepoznao-humanost-porodice-iz-berlina\/\"},\"author\":{\"name\":\"dmcsrbija.com@gmail.com\",\"@id\":\"https:\/\/dmcsrb.com\/#\/schema\/person\/5c39170f12db1b8b457732d0b5c854e2\"},\"headline\":\"Crna Gora jo\u0161 jednom gubi dobre ljude: Sistem nije prepoznao humanost porodice iz Berlina\",\"datePublished\":\"2025-11-27T16:09:00+00:00\",\"mainEntityOfPage\":{\"@id\":\"https:\/\/dmcsrb.com\/drustvo\/crna-gora-jos-jednom-gubi-dobre-ljude-sistem-nije-prepoznao-humanost-porodice-iz-berlina\/\"},\"wordCount\":169,\"commentCount\":0,\"image\":{\"@id\":\"https:\/\/dmcsrb.com\/drustvo\/crna-gora-jos-jednom-gubi-dobre-ljude-sistem-nije-prepoznao-humanost-porodice-iz-berlina\/#primaryimage\"},\"thumbnailUrl\":\"https:\/\/dmcsrb.com\/wp-content\/uploads\/2026\/01\/patriote.jpg\",\"keywords\":[\"Berlin\",\"Patriote CG\",\"Porodica iz Berlina\"],\"articleSection\":[\"Dru\u0161tvo\"],\"inLanguage\":\"en-GB\",\"potentialAction\":[{\"@type\":\"CommentAction\",\"name\":\"Comment\",\"target\":[\"https:\/\/dmcsrb.com\/drustvo\/crna-gora-jos-jednom-gubi-dobre-ljude-sistem-nije-prepoznao-humanost-porodice-iz-berlina\/#respond\"]}]},{\"@type\":\"WebPage\",\"@id\":\"https:\/\/dmcsrb.com\/drustvo\/crna-gora-jos-jednom-gubi-dobre-ljude-sistem-nije-prepoznao-humanost-porodice-iz-berlina\/\",\"url\":\"https:\/\/dmcsrb.com\/drustvo\/crna-gora-jos-jednom-gubi-dobre-ljude-sistem-nije-prepoznao-humanost-porodice-iz-berlina\/\",\"name\":\"Crna Gora jo\u0161 jednom gubi dobre ljude: Sistem nije prepoznao humanost porodice iz Berlina - dmcsrb.com\",\"isPartOf\":{\"@id\":\"https:\/\/dmcsrb.com\/#website\"},\"primaryImageOfPage\":{\"@id\":\"https:\/\/dmcsrb.com\/drustvo\/crna-gora-jos-jednom-gubi-dobre-ljude-sistem-nije-prepoznao-humanost-porodice-iz-berlina\/#primaryimage\"},\"image\":{\"@id\":\"https:\/\/dmcsrb.com\/drustvo\/crna-gora-jos-jednom-gubi-dobre-ljude-sistem-nije-prepoznao-humanost-porodice-iz-berlina\/#primaryimage\"},\"thumbnailUrl\":\"https:\/\/dmcsrb.com\/wp-content\/uploads\/2026\/01\/patriote.jpg\",\"datePublished\":\"2025-11-27T16:09:00+00:00\",\"author\":{\"@id\":\"https:\/\/dmcsrb.com\/#\/schema\/person\/5c39170f12db1b8b457732d0b5c854e2\"},\"breadcrumb\":{\"@id\":\"https:\/\/dmcsrb.com\/drustvo\/crna-gora-jos-jednom-gubi-dobre-ljude-sistem-nije-prepoznao-humanost-porodice-iz-berlina\/#breadcrumb\"},\"inLanguage\":\"en-GB\",\"potentialAction\":[{\"@type\":\"ReadAction\",\"target\":[\"https:\/\/dmcsrb.com\/drustvo\/crna-gora-jos-jednom-gubi-dobre-ljude-sistem-nije-prepoznao-humanost-porodice-iz-berlina\/\"]}]},{\"@type\":\"ImageObject\",\"inLanguage\":\"en-GB\",\"@id\":\"https:\/\/dmcsrb.com\/drustvo\/crna-gora-jos-jednom-gubi-dobre-ljude-sistem-nije-prepoznao-humanost-porodice-iz-berlina\/#primaryimage\",\"url\":\"https:\/\/dmcsrb.com\/wp-content\/uploads\/2026\/01\/patriote.jpg\",\"contentUrl\":\"https:\/\/dmcsrb.com\/wp-content\/uploads\/2026\/01\/patriote.jpg\",\"width\":1060,\"height\":1153},{\"@type\":\"BreadcrumbList\",\"@id\":\"https:\/\/dmcsrb.com\/drustvo\/crna-gora-jos-jednom-gubi-dobre-ljude-sistem-nije-prepoznao-humanost-porodice-iz-berlina\/#breadcrumb\",\"itemListElement\":[{\"@type\":\"ListItem\",\"position\":1,\"name\":\"Home\",\"item\":\"https:\/\/dmcsrb.com\/\"},{\"@type\":\"ListItem\",\"position\":2,\"name\":\"Crna Gora jo\u0161 jednom gubi dobre ljude: Sistem nije prepoznao humanost porodice iz Berlina\"}]},{\"@type\":\"WebSite\",\"@id\":\"https:\/\/dmcsrb.com\/#website\",\"url\":\"https:\/\/dmcsrb.com\/\",\"name\":\"dmcsrb.com\",\"description\":\"\",\"potentialAction\":[{\"@type\":\"SearchAction\",\"target\":{\"@type\":\"EntryPoint\",\"urlTemplate\":\"https:\/\/dmcsrb.com\/?s={search_term_string}\"},\"query-input\":{\"@type\":\"PropertyValueSpecification\",\"valueRequired\":true,\"valueName\":\"search_term_string\"}}],\"inLanguage\":\"en-GB\"},{\"@type\":\"Person\",\"@id\":\"https:\/\/dmcsrb.com\/#\/schema\/person\/5c39170f12db1b8b457732d0b5c854e2\",\"name\":\"dmcsrbija.com@gmail.com\",\"image\":{\"@type\":\"ImageObject\",\"inLanguage\":\"en-GB\",\"@id\":\"https:\/\/dmcsrb.com\/#\/schema\/person\/image\/\",\"url\":\"https:\/\/secure.gravatar.com\/avatar\/68592660ad6347fad0fb587f8d5d8f1a7b44961362f56e4f2cd524feb87e9069?s=96&d=mm&r=g\",\"contentUrl\":\"https:\/\/secure.gravatar.com\/avatar\/68592660ad6347fad0fb587f8d5d8f1a7b44961362f56e4f2cd524feb87e9069?s=96&d=mm&r=g\",\"caption\":\"dmcsrbija.com@gmail.com\"},\"sameAs\":[\"https:\/\/dmcsrb.com\"],\"url\":\"https:\/\/dmcsrb.com\/en\/author\/dmcsrbija-comgmail-com\/\"}]}<\/script>\n<!-- \/ Yoast SEO plugin. -->","yoast_head_json":{"title":"Crna Gora jo\u0161 jednom gubi dobre ljude: Sistem nije prepoznao humanost porodice iz Berlina - dmcsrb.com","robots":{"index":"index","follow":"follow","max-snippet":"max-snippet:-1","max-image-preview":"max-image-preview:large","max-video-preview":"max-video-preview:-1"},"canonical":"https:\/\/dmcsrb.com\/en\/drustvo\/crna-gora-jos-jednom-gubi-dobre-ljude-sistem-nije-prepoznao-humanost-porodice-iz-berlina\/","og_locale":"en_GB","og_type":"article","og_title":"Crna Gora jo\u0161 jednom gubi dobre ljude: Sistem nije prepoznao humanost porodice iz Berlina - dmcsrb.com","og_description":"Savez patriota Crne Gore u Njema\u010dkoj saop\u0161tio je da je odlazak crnogorske porodice iz Berlina iz humanitarnog aran\u017emana u Crnoj Gori posljedica dugogodi\u0161njeg nerazumijevanja i neadekvatnog odnosa dr\u017eavnih institucija prema ljudima koji bez interesa poma\u017eu svojoj zemlji. Kako navode, rije\u010d je o porodici koja je godinama finansirala lije\u010denja, podr\u017eavala narodne kuhinje i u\u010destvovala u brojnim humanitarnim akcijama, ali uprkos tome nije nai\u0161la na zahvalnost i podr\u0161ku.","og_url":"https:\/\/dmcsrb.com\/en\/drustvo\/crna-gora-jos-jednom-gubi-dobre-ljude-sistem-nije-prepoznao-humanost-porodice-iz-berlina\/","og_site_name":"dmcsrb.com","article_published_time":"2025-11-27T16:09:00+00:00","og_image":[{"width":1060,"height":1153,"url":"https:\/\/dmcsrb.com\/wp-content\/uploads\/2026\/01\/patriote.jpg","type":"image\/jpeg"}],"author":"dmcsrbija.com@gmail.com","twitter_card":"summary_large_image","twitter_misc":{"Written by":"dmcsrbija.com@gmail.com","Estimated reading time":"1 minute"},"schema":{"@context":"https:\/\/schema.org","@graph":[{"@type":"Article","@id":"https:\/\/dmcsrb.com\/drustvo\/crna-gora-jos-jednom-gubi-dobre-ljude-sistem-nije-prepoznao-humanost-porodice-iz-berlina\/#article","isPartOf":{"@id":"https:\/\/dmcsrb.com\/drustvo\/crna-gora-jos-jednom-gubi-dobre-ljude-sistem-nije-prepoznao-humanost-porodice-iz-berlina\/"},"author":{"name":"dmcsrbija.com@gmail.com","@id":"https:\/\/dmcsrb.com\/#\/schema\/person\/5c39170f12db1b8b457732d0b5c854e2"},"headline":"Crna Gora jo\u0161 jednom gubi dobre ljude: Sistem nije prepoznao humanost porodice iz Berlina","datePublished":"2025-11-27T16:09:00+00:00","mainEntityOfPage":{"@id":"https:\/\/dmcsrb.com\/drustvo\/crna-gora-jos-jednom-gubi-dobre-ljude-sistem-nije-prepoznao-humanost-porodice-iz-berlina\/"},"wordCount":169,"commentCount":0,"image":{"@id":"https:\/\/dmcsrb.com\/drustvo\/crna-gora-jos-jednom-gubi-dobre-ljude-sistem-nije-prepoznao-humanost-porodice-iz-berlina\/#primaryimage"},"thumbnailUrl":"https:\/\/dmcsrb.com\/wp-content\/uploads\/2026\/01\/patriote.jpg","keywords":["Berlin","Patriote CG","Porodica iz Berlina"],"articleSection":["Dru\u0161tvo"],"inLanguage":"en-GB","potentialAction":[{"@type":"CommentAction","name":"Comment","target":["https:\/\/dmcsrb.com\/drustvo\/crna-gora-jos-jednom-gubi-dobre-ljude-sistem-nije-prepoznao-humanost-porodice-iz-berlina\/#respond"]}]},{"@type":"WebPage","@id":"https:\/\/dmcsrb.com\/drustvo\/crna-gora-jos-jednom-gubi-dobre-ljude-sistem-nije-prepoznao-humanost-porodice-iz-berlina\/","url":"https:\/\/dmcsrb.com\/drustvo\/crna-gora-jos-jednom-gubi-dobre-ljude-sistem-nije-prepoznao-humanost-porodice-iz-berlina\/","name":"Crna Gora jo\u0161 jednom gubi dobre ljude: Sistem nije prepoznao humanost porodice iz Berlina - dmcsrb.com","isPartOf":{"@id":"https:\/\/dmcsrb.com\/#website"},"primaryImageOfPage":{"@id":"https:\/\/dmcsrb.com\/drustvo\/crna-gora-jos-jednom-gubi-dobre-ljude-sistem-nije-prepoznao-humanost-porodice-iz-berlina\/#primaryimage"},"image":{"@id":"https:\/\/dmcsrb.com\/drustvo\/crna-gora-jos-jednom-gubi-dobre-ljude-sistem-nije-prepoznao-humanost-porodice-iz-berlina\/#primaryimage"},"thumbnailUrl":"https:\/\/dmcsrb.com\/wp-content\/uploads\/2026\/01\/patriote.jpg","datePublished":"2025-11-27T16:09:00+00:00","author":{"@id":"https:\/\/dmcsrb.com\/#\/schema\/person\/5c39170f12db1b8b457732d0b5c854e2"},"breadcrumb":{"@id":"https:\/\/dmcsrb.com\/drustvo\/crna-gora-jos-jednom-gubi-dobre-ljude-sistem-nije-prepoznao-humanost-porodice-iz-berlina\/#breadcrumb"},"inLanguage":"en-GB","potentialAction":[{"@type":"ReadAction","target":["https:\/\/dmcsrb.com\/drustvo\/crna-gora-jos-jednom-gubi-dobre-ljude-sistem-nije-prepoznao-humanost-porodice-iz-berlina\/"]}]},{"@type":"ImageObject","inLanguage":"en-GB","@id":"https:\/\/dmcsrb.com\/drustvo\/crna-gora-jos-jednom-gubi-dobre-ljude-sistem-nije-prepoznao-humanost-porodice-iz-berlina\/#primaryimage","url":"https:\/\/dmcsrb.com\/wp-content\/uploads\/2026\/01\/patriote.jpg","contentUrl":"https:\/\/dmcsrb.com\/wp-content\/uploads\/2026\/01\/patriote.jpg","width":1060,"height":1153},{"@type":"BreadcrumbList","@id":"https:\/\/dmcsrb.com\/drustvo\/crna-gora-jos-jednom-gubi-dobre-ljude-sistem-nije-prepoznao-humanost-porodice-iz-berlina\/#breadcrumb","itemListElement":[{"@type":"ListItem","position":1,"name":"Home","item":"https:\/\/dmcsrb.com\/"},{"@type":"ListItem","position":2,"name":"Crna Gora jo\u0161 jednom gubi dobre ljude: Sistem nije prepoznao humanost porodice iz Berlina"}]},{"@type":"WebSite","@id":"https:\/\/dmcsrb.com\/#website","url":"https:\/\/dmcsrb.com\/","name":"dmcsrb.com","description":"","potentialAction":[{"@type":"SearchAction","target":{"@type":"EntryPoint","urlTemplate":"https:\/\/dmcsrb.com\/?s={search_term_string}"},"query-input":{"@type":"PropertyValueSpecification","valueRequired":true,"valueName":"search_term_string"}}],"inLanguage":"en-GB"},{"@type":"Person","@id":"https:\/\/dmcsrb.com\/#\/schema\/person\/5c39170f12db1b8b457732d0b5c854e2","name":"dmcsrbija.com@gmail.com","image":{"@type":"ImageObject","inLanguage":"en-GB","@id":"https:\/\/dmcsrb.com\/#\/schema\/person\/image\/","url":"https:\/\/secure.gravatar.com\/avatar\/68592660ad6347fad0fb587f8d5d8f1a7b44961362f56e4f2cd524feb87e9069?s=96&d=mm&r=g","contentUrl":"https:\/\/secure.gravatar.com\/avatar\/68592660ad6347fad0fb587f8d5d8f1a7b44961362f56e4f2cd524feb87e9069?s=96&d=mm&r=g","caption":"dmcsrbija.com@gmail.com"},"sameAs":["https:\/\/dmcsrb.com"],"url":"https:\/\/dmcsrb.com\/en\/author\/dmcsrbija-comgmail-com\/"}]}},"_links":{"self":[{"href":"https:\/\/dmcsrb.com\/en\/wp-json\/wp\/v2\/posts\/966050","targetHints":{"allow":["GET"]}}],"collection":[{"href":"https:\/\/dmcsrb.com\/en\/wp-json\/wp\/v2\/posts"}],"about":[{"href":"https:\/\/dmcsrb.com\/en\/wp-json\/wp\/v2\/types\/post"}],"author":[{"embeddable":true,"href":"https:\/\/dmcsrb.com\/en\/wp-json\/wp\/v2\/users\/1"}],"replies":[{"embeddable":true,"href":"https:\/\/dmcsrb.com\/en\/wp-json\/wp\/v2\/comments?post=966050"}],"version-history":[{"count":0,"href":"https:\/\/dmcsrb.com\/en\/wp-json\/wp\/v2\/posts\/966050\/revisions"}],"wp:featuredmedia":[{"embeddable":true,"href":"https:\/\/dmcsrb.com\/en\/wp-json\/wp\/v2\/media\/908848"}],"wp:attachment":[{"href":"https:\/\/dmcsrb.com\/en\/wp-json\/wp\/v2\/media?parent=966050"}],"wp:term":[{"taxonomy":"category","embeddable":true,"href":"https:\/\/dmcsrb.com\/en\/wp-json\/wp\/v2\/categories?post=966050"},{"taxonomy":"post_tag","embeddable":true,"href":"https:\/\/dmcsrb.com\/en\/wp-json\/wp\/v2\/tags?post=966050"},{"taxonomy":"naslovna","embeddable":true,"href":"https:\/\/dmcsrb.com\/en\/wp-json\/wp\/v2\/naslovna?post=966050"}],"curies":[{"name":"wp","href":"https:\/\/api.w.org\/{rel}","templated":true}]}}