{"id":965989,"date":"2025-11-27T12:13:00","date_gmt":"2025-11-27T11:13:00","guid":{"rendered":"https:\/\/dmcsrb.com\/uncategorized\/maric-pred-rumuniju-izgledamo-dobro-ceka-nas-teska-utakmica\/"},"modified":"2025-11-27T12:13:00","modified_gmt":"2025-11-27T11:13:00","slug":"maric-pred-rumuniju-izgledamo-dobro-ceka-nas-teska-utakmica","status":"publish","type":"post","link":"https:\/\/dmcsrb.com\/en\/sport\/maric-pred-rumuniju-izgledamo-dobro-ceka-nas-teska-utakmica\/","title":{"rendered":"Mari\u0107 pred Rumuniju: Izgledamo dobro, \u010deka nas te\u0161ka utakmica"},"content":{"rendered":"<p>Na\u0161a selekcija do\u010deka\u0107e Rumuniju u petak od 13 \u010dasova na terenu Trening kampa FSCG u prijateljskom me\u010du, posljednjoj provjeri pred izazove koje je \u010dekaju od marta i duele u UEFA B Ligi nacija, ujedno i kvalifikacijama za Svjetsko prvenstvo 2027.<\/p>\n\n\n\n<p>\u201cRumunija je veoma dobra selekcija, brza i agresivna, ali ba\u0161 smo \u017eeljeli takvog rivala, jer nas takvi protivnici o\u010dekuju u narednom periodu\u201d, kazao je Mari\u0107.<\/p>\n\n\n\n<p>Crna Gora je pro\u0161log mjeseca odigrala dva kontrolna me\u010da protiv Hrvatske u gostima. Pobijedila je u prvom 3:1, a izgubila u drugom 2:1.<\/p>\n\n\n\n<p>\u201cOdigrali smo dobro te utakmice, vjerujem da \u0107emo i protiv Rumunije biti najmanje na tom nivou. \u017dao mi je \u0161to smo izgubili drugi me\u010d, jer smo godinu mogli da zavr\u0161imo bez poraza, a nismo zaslu\u017eili takav ishod igrom koju smo pokazali. Do marta ima jo\u0161 dosta, Rumunija je posljednja provjera, ali izgledamo dobro u ovom momentu. To nas hrabri pred me\u010deve koji nas \u010dekaju\u201d.<\/p>\n\n\n\n<p>Crna Gora \u0107e u grupi igrati protiv Velsa, \u010ce\u0161ke i Albanije.<\/p>\n\n\n\n<p>\u201cMnogo je va\u017eno da sve igra\u010dice budu spremne. Nadam se da \u0107e se do tada vratiti i Sla\u0111ana Bulatovi\u0107 i An\u0111ela To\u0161kovi\u0107. Imamo dvije zahtjevne utakmice na startu, Albaniju i Vels, tako da je vrlo va\u017eno da imamo sve djevojke na raspolaganju\u201d, naglasio je Mari\u0107.&nbsp;<\/p>","protected":false},"excerpt":{"rendered":"<p>Selektor \u017eenske fudbalske reprezentacije Mirko Mari\u0107 kazao je da se nada da \u0107e tim koji vodi uspje\u0161nu godinu zavr\u0161iti na lijep na\u010din \u2013 pozitivnim rezultatom protiv Rumunije.<\/p>","protected":false},"author":1,"featured_media":959644,"comment_status":"open","ping_status":"open","sticky":false,"template":"","format":"standard","meta":{"_acf_changed":false,"footnotes":""},"categories":[148],"tags":[10182,11712,15642],"naslovna":[],"class_list":["post-965989","post","type-post","status-publish","format-standard","has-post-thumbnail","hentry","category-sport","tag-mirko-maric","tag-zenska-fudbalska-reprezentacija-crne-gore","tag-zenska-fudbalska-reprezentacija-rumunije"],"acf":[],"yoast_head":"<!-- This site is optimized with the Yoast SEO plugin v27.4 - https:\/\/yoast.com\/product\/yoast-seo-wordpress\/ -->\n<title>Mari\u0107 pred Rumuniju: Izgledamo dobro, \u010deka nas te\u0161ka utakmica - dmcsrb.com<\/title>\n<meta name=\"robots\" content=\"index, follow, max-snippet:-1, max-image-preview:large, max-video-preview:-1\" \/>\n<link rel=\"canonical\" href=\"https:\/\/dmcsrb.com\/en\/sport\/maric-pred-rumuniju-izgledamo-dobro-ceka-nas-teska-utakmica\/\" \/>\n<meta property=\"og:locale\" content=\"en_GB\" \/>\n<meta property=\"og:type\" content=\"article\" \/>\n<meta property=\"og:title\" content=\"Mari\u0107 pred Rumuniju: Izgledamo dobro, \u010deka nas te\u0161ka utakmica - dmcsrb.com\" \/>\n<meta property=\"og:description\" content=\"Selektor \u017eenske fudbalske reprezentacije Mirko Mari\u0107 kazao je da se nada da \u0107e tim koji vodi uspje\u0161nu godinu zavr\u0161iti na lijep na\u010din \u2013 pozitivnim rezultatom protiv Rumunije.\" \/>\n<meta property=\"og:url\" content=\"https:\/\/dmcsrb.com\/en\/sport\/maric-pred-rumuniju-izgledamo-dobro-ceka-nas-teska-utakmica\/\" \/>\n<meta property=\"og:site_name\" content=\"dmcsrb.com\" \/>\n<meta property=\"article:published_time\" content=\"2025-11-27T11:13:00+00:00\" \/>\n<meta property=\"og:image\" content=\"https:\/\/dmcsrb.com\/wp-content\/uploads\/2026\/01\/Mirko-Maric-FSCG.webp\" \/>\n\t<meta property=\"og:image:width\" content=\"1129\" \/>\n\t<meta property=\"og:image:height\" content=\"800\" \/>\n\t<meta property=\"og:image:type\" content=\"image\/jpeg\" \/>\n<meta name=\"author\" content=\"dmcsrbija.com@gmail.com\" \/>\n<meta name=\"twitter:card\" content=\"summary_large_image\" \/>\n<meta name=\"twitter:label1\" content=\"Written by\" \/>\n\t<meta name=\"twitter:data1\" content=\"dmcsrbija.com@gmail.com\" \/>\n\t<meta name=\"twitter:label2\" content=\"Estimated reading time\" \/>\n\t<meta name=\"twitter:data2\" content=\"1 minute\" \/>\n<script type=\"application\/ld+json\" class=\"yoast-schema-graph\">{\"@context\":\"https:\\\/\\\/schema.org\",\"@graph\":[{\"@type\":\"Article\",\"@id\":\"https:\\\/\\\/dmcsrb.com\\\/sport\\\/maric-pred-rumuniju-izgledamo-dobro-ceka-nas-teska-utakmica\\\/#article\",\"isPartOf\":{\"@id\":\"https:\\\/\\\/dmcsrb.com\\\/sport\\\/maric-pred-rumuniju-izgledamo-dobro-ceka-nas-teska-utakmica\\\/\"},\"author\":{\"name\":\"dmcsrbija.com@gmail.com\",\"@id\":\"https:\\\/\\\/dmcsrb.com\\\/#\\\/schema\\\/person\\\/5c39170f12db1b8b457732d0b5c854e2\"},\"headline\":\"Mari\u0107 pred Rumuniju: Izgledamo dobro, \u010deka nas te\u0161ka utakmica\",\"datePublished\":\"2025-11-27T11:13:00+00:00\",\"mainEntityOfPage\":{\"@id\":\"https:\\\/\\\/dmcsrb.com\\\/sport\\\/maric-pred-rumuniju-izgledamo-dobro-ceka-nas-teska-utakmica\\\/\"},\"wordCount\":232,\"commentCount\":0,\"image\":{\"@id\":\"https:\\\/\\\/dmcsrb.com\\\/sport\\\/maric-pred-rumuniju-izgledamo-dobro-ceka-nas-teska-utakmica\\\/#primaryimage\"},\"thumbnailUrl\":\"https:\\\/\\\/dmcsrb.com\\\/wp-content\\\/uploads\\\/2026\\\/01\\\/Mirko-Maric-FSCG.webp\",\"keywords\":[\"Mirko Mari\u0107\",\"\u017denska fudbalska reprezentacija Crne Gore\",\"\u017denska fudbalska reprezentacija Rumunije\"],\"articleSection\":[\"Sport\"],\"inLanguage\":\"en-GB\",\"potentialAction\":[{\"@type\":\"CommentAction\",\"name\":\"Comment\",\"target\":[\"https:\\\/\\\/dmcsrb.com\\\/sport\\\/maric-pred-rumuniju-izgledamo-dobro-ceka-nas-teska-utakmica\\\/#respond\"]}]},{\"@type\":\"WebPage\",\"@id\":\"https:\\\/\\\/dmcsrb.com\\\/sport\\\/maric-pred-rumuniju-izgledamo-dobro-ceka-nas-teska-utakmica\\\/\",\"url\":\"https:\\\/\\\/dmcsrb.com\\\/sport\\\/maric-pred-rumuniju-izgledamo-dobro-ceka-nas-teska-utakmica\\\/\",\"name\":\"Mari\u0107 pred Rumuniju: Izgledamo dobro, \u010deka nas te\u0161ka utakmica - dmcsrb.com\",\"isPartOf\":{\"@id\":\"https:\\\/\\\/dmcsrb.com\\\/#website\"},\"primaryImageOfPage\":{\"@id\":\"https:\\\/\\\/dmcsrb.com\\\/sport\\\/maric-pred-rumuniju-izgledamo-dobro-ceka-nas-teska-utakmica\\\/#primaryimage\"},\"image\":{\"@id\":\"https:\\\/\\\/dmcsrb.com\\\/sport\\\/maric-pred-rumuniju-izgledamo-dobro-ceka-nas-teska-utakmica\\\/#primaryimage\"},\"thumbnailUrl\":\"https:\\\/\\\/dmcsrb.com\\\/wp-content\\\/uploads\\\/2026\\\/01\\\/Mirko-Maric-FSCG.webp\",\"datePublished\":\"2025-11-27T11:13:00+00:00\",\"author\":{\"@id\":\"https:\\\/\\\/dmcsrb.com\\\/#\\\/schema\\\/person\\\/5c39170f12db1b8b457732d0b5c854e2\"},\"breadcrumb\":{\"@id\":\"https:\\\/\\\/dmcsrb.com\\\/sport\\\/maric-pred-rumuniju-izgledamo-dobro-ceka-nas-teska-utakmica\\\/#breadcrumb\"},\"inLanguage\":\"en-GB\",\"potentialAction\":[{\"@type\":\"ReadAction\",\"target\":[\"https:\\\/\\\/dmcsrb.com\\\/sport\\\/maric-pred-rumuniju-izgledamo-dobro-ceka-nas-teska-utakmica\\\/\"]}]},{\"@type\":\"ImageObject\",\"inLanguage\":\"en-GB\",\"@id\":\"https:\\\/\\\/dmcsrb.com\\\/sport\\\/maric-pred-rumuniju-izgledamo-dobro-ceka-nas-teska-utakmica\\\/#primaryimage\",\"url\":\"https:\\\/\\\/dmcsrb.com\\\/wp-content\\\/uploads\\\/2026\\\/01\\\/Mirko-Maric-FSCG.webp\",\"contentUrl\":\"https:\\\/\\\/dmcsrb.com\\\/wp-content\\\/uploads\\\/2026\\\/01\\\/Mirko-Maric-FSCG.webp\",\"width\":1129,\"height\":800},{\"@type\":\"BreadcrumbList\",\"@id\":\"https:\\\/\\\/dmcsrb.com\\\/sport\\\/maric-pred-rumuniju-izgledamo-dobro-ceka-nas-teska-utakmica\\\/#breadcrumb\",\"itemListElement\":[{\"@type\":\"ListItem\",\"position\":1,\"name\":\"Home\",\"item\":\"https:\\\/\\\/dmcsrb.com\\\/\"},{\"@type\":\"ListItem\",\"position\":2,\"name\":\"Mari\u0107 pred Rumuniju: Izgledamo dobro, \u010deka nas te\u0161ka utakmica\"}]},{\"@type\":\"WebSite\",\"@id\":\"https:\\\/\\\/dmcsrb.com\\\/#website\",\"url\":\"https:\\\/\\\/dmcsrb.com\\\/\",\"name\":\"dmcsrb.com\",\"description\":\"\",\"potentialAction\":[{\"@type\":\"SearchAction\",\"target\":{\"@type\":\"EntryPoint\",\"urlTemplate\":\"https:\\\/\\\/dmcsrb.com\\\/?s={search_term_string}\"},\"query-input\":{\"@type\":\"PropertyValueSpecification\",\"valueRequired\":true,\"valueName\":\"search_term_string\"}}],\"inLanguage\":\"en-GB\"},{\"@type\":\"Person\",\"@id\":\"https:\\\/\\\/dmcsrb.com\\\/#\\\/schema\\\/person\\\/5c39170f12db1b8b457732d0b5c854e2\",\"name\":\"dmcsrbija.com@gmail.com\",\"image\":{\"@type\":\"ImageObject\",\"inLanguage\":\"en-GB\",\"@id\":\"https:\\\/\\\/secure.gravatar.com\\\/avatar\\\/68592660ad6347fad0fb587f8d5d8f1a7b44961362f56e4f2cd524feb87e9069?s=96&d=mm&r=g\",\"url\":\"https:\\\/\\\/secure.gravatar.com\\\/avatar\\\/68592660ad6347fad0fb587f8d5d8f1a7b44961362f56e4f2cd524feb87e9069?s=96&d=mm&r=g\",\"contentUrl\":\"https:\\\/\\\/secure.gravatar.com\\\/avatar\\\/68592660ad6347fad0fb587f8d5d8f1a7b44961362f56e4f2cd524feb87e9069?s=96&d=mm&r=g\",\"caption\":\"dmcsrbija.com@gmail.com\"},\"sameAs\":[\"https:\\\/\\\/dmcsrb.com\"],\"url\":\"https:\\\/\\\/dmcsrb.com\\\/en\\\/author\\\/dmcsrbija-comgmail-com\\\/\"}]}<\/script>\n<!-- \/ Yoast SEO plugin. -->","yoast_head_json":{"title":"Mari\u0107 pred Rumuniju: Izgledamo dobro, \u010deka nas te\u0161ka utakmica - dmcsrb.com","robots":{"index":"index","follow":"follow","max-snippet":"max-snippet:-1","max-image-preview":"max-image-preview:large","max-video-preview":"max-video-preview:-1"},"canonical":"https:\/\/dmcsrb.com\/en\/sport\/maric-pred-rumuniju-izgledamo-dobro-ceka-nas-teska-utakmica\/","og_locale":"en_GB","og_type":"article","og_title":"Mari\u0107 pred Rumuniju: Izgledamo dobro, \u010deka nas te\u0161ka utakmica - dmcsrb.com","og_description":"Selektor \u017eenske fudbalske reprezentacije Mirko Mari\u0107 kazao je da se nada da \u0107e tim koji vodi uspje\u0161nu godinu zavr\u0161iti na lijep na\u010din \u2013 pozitivnim rezultatom protiv Rumunije.","og_url":"https:\/\/dmcsrb.com\/en\/sport\/maric-pred-rumuniju-izgledamo-dobro-ceka-nas-teska-utakmica\/","og_site_name":"dmcsrb.com","article_published_time":"2025-11-27T11:13:00+00:00","og_image":[{"width":1129,"height":800,"url":"https:\/\/dmcsrb.com\/wp-content\/uploads\/2026\/01\/Mirko-Maric-FSCG.webp","type":"image\/jpeg"}],"author":"dmcsrbija.com@gmail.com","twitter_card":"summary_large_image","twitter_misc":{"Written by":"dmcsrbija.com@gmail.com","Estimated reading time":"1 minute"},"schema":{"@context":"https:\/\/schema.org","@graph":[{"@type":"Article","@id":"https:\/\/dmcsrb.com\/sport\/maric-pred-rumuniju-izgledamo-dobro-ceka-nas-teska-utakmica\/#article","isPartOf":{"@id":"https:\/\/dmcsrb.com\/sport\/maric-pred-rumuniju-izgledamo-dobro-ceka-nas-teska-utakmica\/"},"author":{"name":"dmcsrbija.com@gmail.com","@id":"https:\/\/dmcsrb.com\/#\/schema\/person\/5c39170f12db1b8b457732d0b5c854e2"},"headline":"Mari\u0107 pred Rumuniju: Izgledamo dobro, \u010deka nas te\u0161ka utakmica","datePublished":"2025-11-27T11:13:00+00:00","mainEntityOfPage":{"@id":"https:\/\/dmcsrb.com\/sport\/maric-pred-rumuniju-izgledamo-dobro-ceka-nas-teska-utakmica\/"},"wordCount":232,"commentCount":0,"image":{"@id":"https:\/\/dmcsrb.com\/sport\/maric-pred-rumuniju-izgledamo-dobro-ceka-nas-teska-utakmica\/#primaryimage"},"thumbnailUrl":"https:\/\/dmcsrb.com\/wp-content\/uploads\/2026\/01\/Mirko-Maric-FSCG.webp","keywords":["Mirko Mari\u0107","\u017denska fudbalska reprezentacija Crne Gore","\u017denska fudbalska reprezentacija Rumunije"],"articleSection":["Sport"],"inLanguage":"en-GB","potentialAction":[{"@type":"CommentAction","name":"Comment","target":["https:\/\/dmcsrb.com\/sport\/maric-pred-rumuniju-izgledamo-dobro-ceka-nas-teska-utakmica\/#respond"]}]},{"@type":"WebPage","@id":"https:\/\/dmcsrb.com\/sport\/maric-pred-rumuniju-izgledamo-dobro-ceka-nas-teska-utakmica\/","url":"https:\/\/dmcsrb.com\/sport\/maric-pred-rumuniju-izgledamo-dobro-ceka-nas-teska-utakmica\/","name":"Mari\u0107 pred Rumuniju: Izgledamo dobro, \u010deka nas te\u0161ka utakmica - dmcsrb.com","isPartOf":{"@id":"https:\/\/dmcsrb.com\/#website"},"primaryImageOfPage":{"@id":"https:\/\/dmcsrb.com\/sport\/maric-pred-rumuniju-izgledamo-dobro-ceka-nas-teska-utakmica\/#primaryimage"},"image":{"@id":"https:\/\/dmcsrb.com\/sport\/maric-pred-rumuniju-izgledamo-dobro-ceka-nas-teska-utakmica\/#primaryimage"},"thumbnailUrl":"https:\/\/dmcsrb.com\/wp-content\/uploads\/2026\/01\/Mirko-Maric-FSCG.webp","datePublished":"2025-11-27T11:13:00+00:00","author":{"@id":"https:\/\/dmcsrb.com\/#\/schema\/person\/5c39170f12db1b8b457732d0b5c854e2"},"breadcrumb":{"@id":"https:\/\/dmcsrb.com\/sport\/maric-pred-rumuniju-izgledamo-dobro-ceka-nas-teska-utakmica\/#breadcrumb"},"inLanguage":"en-GB","potentialAction":[{"@type":"ReadAction","target":["https:\/\/dmcsrb.com\/sport\/maric-pred-rumuniju-izgledamo-dobro-ceka-nas-teska-utakmica\/"]}]},{"@type":"ImageObject","inLanguage":"en-GB","@id":"https:\/\/dmcsrb.com\/sport\/maric-pred-rumuniju-izgledamo-dobro-ceka-nas-teska-utakmica\/#primaryimage","url":"https:\/\/dmcsrb.com\/wp-content\/uploads\/2026\/01\/Mirko-Maric-FSCG.webp","contentUrl":"https:\/\/dmcsrb.com\/wp-content\/uploads\/2026\/01\/Mirko-Maric-FSCG.webp","width":1129,"height":800},{"@type":"BreadcrumbList","@id":"https:\/\/dmcsrb.com\/sport\/maric-pred-rumuniju-izgledamo-dobro-ceka-nas-teska-utakmica\/#breadcrumb","itemListElement":[{"@type":"ListItem","position":1,"name":"Home","item":"https:\/\/dmcsrb.com\/"},{"@type":"ListItem","position":2,"name":"Mari\u0107 pred Rumuniju: Izgledamo dobro, \u010deka nas te\u0161ka utakmica"}]},{"@type":"WebSite","@id":"https:\/\/dmcsrb.com\/#website","url":"https:\/\/dmcsrb.com\/","name":"dmcsrb.com","description":"","potentialAction":[{"@type":"SearchAction","target":{"@type":"EntryPoint","urlTemplate":"https:\/\/dmcsrb.com\/?s={search_term_string}"},"query-input":{"@type":"PropertyValueSpecification","valueRequired":true,"valueName":"search_term_string"}}],"inLanguage":"en-GB"},{"@type":"Person","@id":"https:\/\/dmcsrb.com\/#\/schema\/person\/5c39170f12db1b8b457732d0b5c854e2","name":"dmcsrbija.com@gmail.com","image":{"@type":"ImageObject","inLanguage":"en-GB","@id":"https:\/\/secure.gravatar.com\/avatar\/68592660ad6347fad0fb587f8d5d8f1a7b44961362f56e4f2cd524feb87e9069?s=96&d=mm&r=g","url":"https:\/\/secure.gravatar.com\/avatar\/68592660ad6347fad0fb587f8d5d8f1a7b44961362f56e4f2cd524feb87e9069?s=96&d=mm&r=g","contentUrl":"https:\/\/secure.gravatar.com\/avatar\/68592660ad6347fad0fb587f8d5d8f1a7b44961362f56e4f2cd524feb87e9069?s=96&d=mm&r=g","caption":"dmcsrbija.com@gmail.com"},"sameAs":["https:\/\/dmcsrb.com"],"url":"https:\/\/dmcsrb.com\/en\/author\/dmcsrbija-comgmail-com\/"}]}},"_links":{"self":[{"href":"https:\/\/dmcsrb.com\/en\/wp-json\/wp\/v2\/posts\/965989","targetHints":{"allow":["GET"]}}],"collection":[{"href":"https:\/\/dmcsrb.com\/en\/wp-json\/wp\/v2\/posts"}],"about":[{"href":"https:\/\/dmcsrb.com\/en\/wp-json\/wp\/v2\/types\/post"}],"author":[{"embeddable":true,"href":"https:\/\/dmcsrb.com\/en\/wp-json\/wp\/v2\/users\/1"}],"replies":[{"embeddable":true,"href":"https:\/\/dmcsrb.com\/en\/wp-json\/wp\/v2\/comments?post=965989"}],"version-history":[{"count":0,"href":"https:\/\/dmcsrb.com\/en\/wp-json\/wp\/v2\/posts\/965989\/revisions"}],"wp:featuredmedia":[{"embeddable":true,"href":"https:\/\/dmcsrb.com\/en\/wp-json\/wp\/v2\/media\/959644"}],"wp:attachment":[{"href":"https:\/\/dmcsrb.com\/en\/wp-json\/wp\/v2\/media?parent=965989"}],"wp:term":[{"taxonomy":"category","embeddable":true,"href":"https:\/\/dmcsrb.com\/en\/wp-json\/wp\/v2\/categories?post=965989"},{"taxonomy":"post_tag","embeddable":true,"href":"https:\/\/dmcsrb.com\/en\/wp-json\/wp\/v2\/tags?post=965989"},{"taxonomy":"naslovna","embeddable":true,"href":"https:\/\/dmcsrb.com\/en\/wp-json\/wp\/v2\/naslovna?post=965989"}],"curies":[{"name":"wp","href":"https:\/\/api.w.org\/{rel}","templated":true}]}}