{"id":965963,"date":"2025-11-27T11:22:00","date_gmt":"2025-11-27T10:22:00","guid":{"rendered":"https:\/\/dmcsrb.com\/uncategorized\/broj-poginulih-u-pozaru-u-neboderu-u-hong-kongu-porastao-na-55\/"},"modified":"2025-11-27T11:22:00","modified_gmt":"2025-11-27T10:22:00","slug":"broj-poginulih-u-pozaru-u-neboderu-u-hong-kongu-porastao-na-55","status":"publish","type":"post","link":"https:\/\/dmcsrb.com\/en\/svijet\/broj-poginulih-u-pozaru-u-neboderu-u-hong-kongu-porastao-na-55\/","title":{"rendered":"Broj poginulih u po\u017earu u neboderu u Hong Kongu porastao na 55"},"content":{"rendered":"<p>Broj poginulih u po\u017earu, koji je u srijedu izbio u stambenom kompleksu od osam zgrada u okrugu Tai Po u Hong Kongu, porastao je na 55, dok se 279 osoba i dalje vodi kao nestalo.<\/p>\n\n\n\n<p>Po\u017ear je izbio oko podneva u srijedu u kompleksu koji se sastoji od vi\u0161e od 1,9 hiljada stanova i brzo se pro\u0161irio zbog bambusovih skela postavljenih na vanjskoj strani za vrijeme radova na renoviranju, prenosi Anadolija.<\/p>\n\n\n\n<p>Prema rije\u010dima vatrogasaca, do sada je potvr\u0111eno 55 smrtnih slu\u010dajeva, uklju\u010duju\u0107i i jednog vatrogasca.<\/p>\n\n\n\n<p>&nbsp;Me\u0111u 68 osoba koje su prevezene u bolnicu s povredama, 16 je u kriti\u010dnom stanju, dok se 25 smatra te\u0161ko povrije\u0111enim.<\/p>\n\n\n\n<p>Od sedam zgrada zahva\u0107enih plamenom u kompleksu, za koji se procjenjuje da ima oko \u010detiri hiljade stanovnika, tri su stavljene pod kontrolu, dok po\u017eari i dalje gore u \u010detiri zgrade.<\/p>\n\n\n\n<p>Ukupno 279 osoba se jo\u0161 vodi kao nestalo, a vatrogasne ekipe nastavljaju s operacijama ga\u0161enja po\u017eara.<\/p>\n\n\n\n<p>Policija je privela tri osobe, dva menad\u017eera i jednog konsultanta iz gra\u0111evinske kompanije koja sprovodi renoviranje, zbog sumnje na &#8220;ubistvo iz nehata&#8221;.<\/p>\n\n\n\n<p>Vlasti ka\u017eu da su bambusove skele postavljene za renoviranje i materijali od pjenaste plastike koji su prekrivali prozore zna\u010dajno doprinijeli brzom \u0161irenju po\u017eara.<\/p>\n\n\n\n<p>&#8220;Imamo razloga da vjerujemo da su odgovorne osobe u kompaniji bile grubo nemarne, \u0161to je uzrokovalo brzo \u0161irenje po\u017eara i dovelo do mnogih smrtnih slu\u010dajeva&#8221;, rekla je vi\u0161a nadzornica Eileen Chung Lai-yee.<\/p>\n\n\n\n<p>Sekretar bezbjednosti Hong Konga Chris Tang rekao je da su po\u010detne istrage pokazale da je brzina \u0161irenja po\u017eara neuobi\u010dajena, \u0161to uglavnom ukazuje na pjenasti izolacijski materijal.<\/p>\n\n\n\n<p>&#8220;Otkrili smo da su materijal koji prekriva zidove zgrade, mre\u017ea oko skele i vodootporna cerada uzrokovali mnogo br\u017ee \u0161irenje plamena nego \u0161to bi se dogodilo s materijalima koji ispunjavaju bezbjednosne standarde&#8221;, kazao je on.<\/p>\n\n\n\n<p>Hong Kong je prvi put u 17 godina izdao maksimalni protivpo\u017earni alarm 5. nivoa.<\/p>\n\n\n\n<p>Vlasti su izvijestile da su evakuisana i dva susjedna kompleksa, a oko 900 stanovnika pogo\u0111enih po\u017earom sklonilo se u osam privremenih objekata.<\/p>\n\n\n\n<p>Vi\u0161e od 140 vatrogasnih vozila i preko 800 pripadnika hitnih slu\u017ebi i vatrogasaca raspore\u0111eno je na mjesto doga\u0111aja.<\/p>\n\n\n\n<p>Ministarstvo saobra\u0107aja objavilo je da su putevi u tom podru\u010dju zatvoreni zbog po\u017eara.<\/p>\n\n\n\n<p>Kineski predsjednik Si \u0110inping izrazio je sau\u010de\u0161\u0107e vladi Hong Konga zbog gubitka \u017eivota i nalo\u017eio Kabinetu za poslove Hong Konga i Makaa u Pekingu da podr\u017ei lokalne vlasti u njihovom odgovoru.<\/p>","protected":false},"excerpt":{"rendered":"<p>Broj poginulih u po\u017earu, koji je u srijedu izbio u stambenom kompleksu od osam zgrada u okrugu Tai Po u Hong Kongu, porastao je na 55, dok se 279 osoba i dalje vodi kao nestalo.<\/p>","protected":false},"author":1,"featured_media":965964,"comment_status":"open","ping_status":"open","sticky":false,"template":"","format":"standard","meta":{"_acf_changed":false,"footnotes":""},"categories":[144],"tags":[5834,1579],"naslovna":[],"class_list":["post-965963","post","type-post","status-publish","format-standard","has-post-thumbnail","hentry","category-svijet","tag-hong-kong","tag-pozar"],"acf":[],"yoast_head":"<!-- This site is optimized with the Yoast SEO plugin v27.0 - https:\/\/yoast.com\/product\/yoast-seo-wordpress\/ -->\n<title>Broj poginulih u po\u017earu u neboderu u Hong Kongu porastao na 55 - dmcsrb.com<\/title>\n<meta name=\"robots\" content=\"index, follow, max-snippet:-1, max-image-preview:large, max-video-preview:-1\" \/>\n<link rel=\"canonical\" href=\"https:\/\/dmcsrb.com\/en\/svijet\/broj-poginulih-u-pozaru-u-neboderu-u-hong-kongu-porastao-na-55\/\" \/>\n<meta property=\"og:locale\" content=\"en_GB\" \/>\n<meta property=\"og:type\" content=\"article\" \/>\n<meta property=\"og:title\" content=\"Broj poginulih u po\u017earu u neboderu u Hong Kongu porastao na 55 - dmcsrb.com\" \/>\n<meta property=\"og:description\" content=\"Broj poginulih u po\u017earu, koji je u srijedu izbio u stambenom kompleksu od osam zgrada u okrugu Tai Po u Hong Kongu, porastao je na 55, dok se 279 osoba i dalje vodi kao nestalo.\" \/>\n<meta property=\"og:url\" content=\"https:\/\/dmcsrb.com\/en\/svijet\/broj-poginulih-u-pozaru-u-neboderu-u-hong-kongu-porastao-na-55\/\" \/>\n<meta property=\"og:site_name\" content=\"dmcsrb.com\" \/>\n<meta property=\"article:published_time\" content=\"2025-11-27T10:22:00+00:00\" \/>\n<meta property=\"og:image\" content=\"https:\/\/dmcsrb.com\/wp-content\/uploads\/2026\/01\/pozar-3.webp\" \/>\n\t<meta property=\"og:image:width\" content=\"730\" \/>\n\t<meta property=\"og:image:height\" content=\"369\" \/>\n\t<meta property=\"og:image:type\" content=\"image\/webp\" \/>\n<meta name=\"author\" content=\"dmcsrbija.com@gmail.com\" \/>\n<meta name=\"twitter:card\" content=\"summary_large_image\" \/>\n<meta name=\"twitter:label1\" content=\"Written by\" \/>\n\t<meta name=\"twitter:data1\" content=\"dmcsrbija.com@gmail.com\" \/>\n\t<meta name=\"twitter:label2\" content=\"Estimated reading time\" \/>\n\t<meta name=\"twitter:data2\" content=\"2 minutes\" \/>\n<script type=\"application\/ld+json\" class=\"yoast-schema-graph\">{\"@context\":\"https:\/\/schema.org\",\"@graph\":[{\"@type\":\"Article\",\"@id\":\"https:\/\/dmcsrb.com\/svijet\/broj-poginulih-u-pozaru-u-neboderu-u-hong-kongu-porastao-na-55\/#article\",\"isPartOf\":{\"@id\":\"https:\/\/dmcsrb.com\/svijet\/broj-poginulih-u-pozaru-u-neboderu-u-hong-kongu-porastao-na-55\/\"},\"author\":{\"name\":\"dmcsrbija.com@gmail.com\",\"@id\":\"https:\/\/dmcsrb.com\/#\/schema\/person\/5c39170f12db1b8b457732d0b5c854e2\"},\"headline\":\"Broj poginulih u po\u017earu u neboderu u Hong Kongu porastao na 55\",\"datePublished\":\"2025-11-27T10:22:00+00:00\",\"mainEntityOfPage\":{\"@id\":\"https:\/\/dmcsrb.com\/svijet\/broj-poginulih-u-pozaru-u-neboderu-u-hong-kongu-porastao-na-55\/\"},\"wordCount\":431,\"commentCount\":0,\"image\":{\"@id\":\"https:\/\/dmcsrb.com\/svijet\/broj-poginulih-u-pozaru-u-neboderu-u-hong-kongu-porastao-na-55\/#primaryimage\"},\"thumbnailUrl\":\"https:\/\/dmcsrb.com\/wp-content\/uploads\/2026\/01\/pozar-3.webp\",\"keywords\":[\"Hong Kong\",\"po\u017ear\"],\"articleSection\":[\"Svijet\"],\"inLanguage\":\"en-GB\",\"potentialAction\":[{\"@type\":\"CommentAction\",\"name\":\"Comment\",\"target\":[\"https:\/\/dmcsrb.com\/svijet\/broj-poginulih-u-pozaru-u-neboderu-u-hong-kongu-porastao-na-55\/#respond\"]}]},{\"@type\":\"WebPage\",\"@id\":\"https:\/\/dmcsrb.com\/svijet\/broj-poginulih-u-pozaru-u-neboderu-u-hong-kongu-porastao-na-55\/\",\"url\":\"https:\/\/dmcsrb.com\/svijet\/broj-poginulih-u-pozaru-u-neboderu-u-hong-kongu-porastao-na-55\/\",\"name\":\"Broj poginulih u po\u017earu u neboderu u Hong Kongu porastao na 55 - dmcsrb.com\",\"isPartOf\":{\"@id\":\"https:\/\/dmcsrb.com\/#website\"},\"primaryImageOfPage\":{\"@id\":\"https:\/\/dmcsrb.com\/svijet\/broj-poginulih-u-pozaru-u-neboderu-u-hong-kongu-porastao-na-55\/#primaryimage\"},\"image\":{\"@id\":\"https:\/\/dmcsrb.com\/svijet\/broj-poginulih-u-pozaru-u-neboderu-u-hong-kongu-porastao-na-55\/#primaryimage\"},\"thumbnailUrl\":\"https:\/\/dmcsrb.com\/wp-content\/uploads\/2026\/01\/pozar-3.webp\",\"datePublished\":\"2025-11-27T10:22:00+00:00\",\"author\":{\"@id\":\"https:\/\/dmcsrb.com\/#\/schema\/person\/5c39170f12db1b8b457732d0b5c854e2\"},\"breadcrumb\":{\"@id\":\"https:\/\/dmcsrb.com\/svijet\/broj-poginulih-u-pozaru-u-neboderu-u-hong-kongu-porastao-na-55\/#breadcrumb\"},\"inLanguage\":\"en-GB\",\"potentialAction\":[{\"@type\":\"ReadAction\",\"target\":[\"https:\/\/dmcsrb.com\/svijet\/broj-poginulih-u-pozaru-u-neboderu-u-hong-kongu-porastao-na-55\/\"]}]},{\"@type\":\"ImageObject\",\"inLanguage\":\"en-GB\",\"@id\":\"https:\/\/dmcsrb.com\/svijet\/broj-poginulih-u-pozaru-u-neboderu-u-hong-kongu-porastao-na-55\/#primaryimage\",\"url\":\"https:\/\/dmcsrb.com\/wp-content\/uploads\/2026\/01\/pozar-3.webp\",\"contentUrl\":\"https:\/\/dmcsrb.com\/wp-content\/uploads\/2026\/01\/pozar-3.webp\",\"width\":730,\"height\":369},{\"@type\":\"BreadcrumbList\",\"@id\":\"https:\/\/dmcsrb.com\/svijet\/broj-poginulih-u-pozaru-u-neboderu-u-hong-kongu-porastao-na-55\/#breadcrumb\",\"itemListElement\":[{\"@type\":\"ListItem\",\"position\":1,\"name\":\"Home\",\"item\":\"https:\/\/dmcsrb.com\/\"},{\"@type\":\"ListItem\",\"position\":2,\"name\":\"Broj poginulih u po\u017earu u neboderu u Hong Kongu porastao na 55\"}]},{\"@type\":\"WebSite\",\"@id\":\"https:\/\/dmcsrb.com\/#website\",\"url\":\"https:\/\/dmcsrb.com\/\",\"name\":\"dmcsrb.com\",\"description\":\"\",\"potentialAction\":[{\"@type\":\"SearchAction\",\"target\":{\"@type\":\"EntryPoint\",\"urlTemplate\":\"https:\/\/dmcsrb.com\/?s={search_term_string}\"},\"query-input\":{\"@type\":\"PropertyValueSpecification\",\"valueRequired\":true,\"valueName\":\"search_term_string\"}}],\"inLanguage\":\"en-GB\"},{\"@type\":\"Person\",\"@id\":\"https:\/\/dmcsrb.com\/#\/schema\/person\/5c39170f12db1b8b457732d0b5c854e2\",\"name\":\"dmcsrbija.com@gmail.com\",\"image\":{\"@type\":\"ImageObject\",\"inLanguage\":\"en-GB\",\"@id\":\"https:\/\/dmcsrb.com\/#\/schema\/person\/image\/\",\"url\":\"https:\/\/secure.gravatar.com\/avatar\/68592660ad6347fad0fb587f8d5d8f1a7b44961362f56e4f2cd524feb87e9069?s=96&d=mm&r=g\",\"contentUrl\":\"https:\/\/secure.gravatar.com\/avatar\/68592660ad6347fad0fb587f8d5d8f1a7b44961362f56e4f2cd524feb87e9069?s=96&d=mm&r=g\",\"caption\":\"dmcsrbija.com@gmail.com\"},\"sameAs\":[\"https:\/\/dmcsrb.com\"],\"url\":\"https:\/\/dmcsrb.com\/en\/author\/dmcsrbija-comgmail-com\/\"}]}<\/script>\n<!-- \/ Yoast SEO plugin. -->","yoast_head_json":{"title":"Broj poginulih u po\u017earu u neboderu u Hong Kongu porastao na 55 - dmcsrb.com","robots":{"index":"index","follow":"follow","max-snippet":"max-snippet:-1","max-image-preview":"max-image-preview:large","max-video-preview":"max-video-preview:-1"},"canonical":"https:\/\/dmcsrb.com\/en\/svijet\/broj-poginulih-u-pozaru-u-neboderu-u-hong-kongu-porastao-na-55\/","og_locale":"en_GB","og_type":"article","og_title":"Broj poginulih u po\u017earu u neboderu u Hong Kongu porastao na 55 - dmcsrb.com","og_description":"Broj poginulih u po\u017earu, koji je u srijedu izbio u stambenom kompleksu od osam zgrada u okrugu Tai Po u Hong Kongu, porastao je na 55, dok se 279 osoba i dalje vodi kao nestalo.","og_url":"https:\/\/dmcsrb.com\/en\/svijet\/broj-poginulih-u-pozaru-u-neboderu-u-hong-kongu-porastao-na-55\/","og_site_name":"dmcsrb.com","article_published_time":"2025-11-27T10:22:00+00:00","og_image":[{"width":730,"height":369,"url":"https:\/\/dmcsrb.com\/wp-content\/uploads\/2026\/01\/pozar-3.webp","type":"image\/webp"}],"author":"dmcsrbija.com@gmail.com","twitter_card":"summary_large_image","twitter_misc":{"Written by":"dmcsrbija.com@gmail.com","Estimated reading time":"2 minutes"},"schema":{"@context":"https:\/\/schema.org","@graph":[{"@type":"Article","@id":"https:\/\/dmcsrb.com\/svijet\/broj-poginulih-u-pozaru-u-neboderu-u-hong-kongu-porastao-na-55\/#article","isPartOf":{"@id":"https:\/\/dmcsrb.com\/svijet\/broj-poginulih-u-pozaru-u-neboderu-u-hong-kongu-porastao-na-55\/"},"author":{"name":"dmcsrbija.com@gmail.com","@id":"https:\/\/dmcsrb.com\/#\/schema\/person\/5c39170f12db1b8b457732d0b5c854e2"},"headline":"Broj poginulih u po\u017earu u neboderu u Hong Kongu porastao na 55","datePublished":"2025-11-27T10:22:00+00:00","mainEntityOfPage":{"@id":"https:\/\/dmcsrb.com\/svijet\/broj-poginulih-u-pozaru-u-neboderu-u-hong-kongu-porastao-na-55\/"},"wordCount":431,"commentCount":0,"image":{"@id":"https:\/\/dmcsrb.com\/svijet\/broj-poginulih-u-pozaru-u-neboderu-u-hong-kongu-porastao-na-55\/#primaryimage"},"thumbnailUrl":"https:\/\/dmcsrb.com\/wp-content\/uploads\/2026\/01\/pozar-3.webp","keywords":["Hong Kong","po\u017ear"],"articleSection":["Svijet"],"inLanguage":"en-GB","potentialAction":[{"@type":"CommentAction","name":"Comment","target":["https:\/\/dmcsrb.com\/svijet\/broj-poginulih-u-pozaru-u-neboderu-u-hong-kongu-porastao-na-55\/#respond"]}]},{"@type":"WebPage","@id":"https:\/\/dmcsrb.com\/svijet\/broj-poginulih-u-pozaru-u-neboderu-u-hong-kongu-porastao-na-55\/","url":"https:\/\/dmcsrb.com\/svijet\/broj-poginulih-u-pozaru-u-neboderu-u-hong-kongu-porastao-na-55\/","name":"Broj poginulih u po\u017earu u neboderu u Hong Kongu porastao na 55 - dmcsrb.com","isPartOf":{"@id":"https:\/\/dmcsrb.com\/#website"},"primaryImageOfPage":{"@id":"https:\/\/dmcsrb.com\/svijet\/broj-poginulih-u-pozaru-u-neboderu-u-hong-kongu-porastao-na-55\/#primaryimage"},"image":{"@id":"https:\/\/dmcsrb.com\/svijet\/broj-poginulih-u-pozaru-u-neboderu-u-hong-kongu-porastao-na-55\/#primaryimage"},"thumbnailUrl":"https:\/\/dmcsrb.com\/wp-content\/uploads\/2026\/01\/pozar-3.webp","datePublished":"2025-11-27T10:22:00+00:00","author":{"@id":"https:\/\/dmcsrb.com\/#\/schema\/person\/5c39170f12db1b8b457732d0b5c854e2"},"breadcrumb":{"@id":"https:\/\/dmcsrb.com\/svijet\/broj-poginulih-u-pozaru-u-neboderu-u-hong-kongu-porastao-na-55\/#breadcrumb"},"inLanguage":"en-GB","potentialAction":[{"@type":"ReadAction","target":["https:\/\/dmcsrb.com\/svijet\/broj-poginulih-u-pozaru-u-neboderu-u-hong-kongu-porastao-na-55\/"]}]},{"@type":"ImageObject","inLanguage":"en-GB","@id":"https:\/\/dmcsrb.com\/svijet\/broj-poginulih-u-pozaru-u-neboderu-u-hong-kongu-porastao-na-55\/#primaryimage","url":"https:\/\/dmcsrb.com\/wp-content\/uploads\/2026\/01\/pozar-3.webp","contentUrl":"https:\/\/dmcsrb.com\/wp-content\/uploads\/2026\/01\/pozar-3.webp","width":730,"height":369},{"@type":"BreadcrumbList","@id":"https:\/\/dmcsrb.com\/svijet\/broj-poginulih-u-pozaru-u-neboderu-u-hong-kongu-porastao-na-55\/#breadcrumb","itemListElement":[{"@type":"ListItem","position":1,"name":"Home","item":"https:\/\/dmcsrb.com\/"},{"@type":"ListItem","position":2,"name":"Broj poginulih u po\u017earu u neboderu u Hong Kongu porastao na 55"}]},{"@type":"WebSite","@id":"https:\/\/dmcsrb.com\/#website","url":"https:\/\/dmcsrb.com\/","name":"dmcsrb.com","description":"","potentialAction":[{"@type":"SearchAction","target":{"@type":"EntryPoint","urlTemplate":"https:\/\/dmcsrb.com\/?s={search_term_string}"},"query-input":{"@type":"PropertyValueSpecification","valueRequired":true,"valueName":"search_term_string"}}],"inLanguage":"en-GB"},{"@type":"Person","@id":"https:\/\/dmcsrb.com\/#\/schema\/person\/5c39170f12db1b8b457732d0b5c854e2","name":"dmcsrbija.com@gmail.com","image":{"@type":"ImageObject","inLanguage":"en-GB","@id":"https:\/\/dmcsrb.com\/#\/schema\/person\/image\/","url":"https:\/\/secure.gravatar.com\/avatar\/68592660ad6347fad0fb587f8d5d8f1a7b44961362f56e4f2cd524feb87e9069?s=96&d=mm&r=g","contentUrl":"https:\/\/secure.gravatar.com\/avatar\/68592660ad6347fad0fb587f8d5d8f1a7b44961362f56e4f2cd524feb87e9069?s=96&d=mm&r=g","caption":"dmcsrbija.com@gmail.com"},"sameAs":["https:\/\/dmcsrb.com"],"url":"https:\/\/dmcsrb.com\/en\/author\/dmcsrbija-comgmail-com\/"}]}},"_links":{"self":[{"href":"https:\/\/dmcsrb.com\/en\/wp-json\/wp\/v2\/posts\/965963","targetHints":{"allow":["GET"]}}],"collection":[{"href":"https:\/\/dmcsrb.com\/en\/wp-json\/wp\/v2\/posts"}],"about":[{"href":"https:\/\/dmcsrb.com\/en\/wp-json\/wp\/v2\/types\/post"}],"author":[{"embeddable":true,"href":"https:\/\/dmcsrb.com\/en\/wp-json\/wp\/v2\/users\/1"}],"replies":[{"embeddable":true,"href":"https:\/\/dmcsrb.com\/en\/wp-json\/wp\/v2\/comments?post=965963"}],"version-history":[{"count":0,"href":"https:\/\/dmcsrb.com\/en\/wp-json\/wp\/v2\/posts\/965963\/revisions"}],"wp:featuredmedia":[{"embeddable":true,"href":"https:\/\/dmcsrb.com\/en\/wp-json\/wp\/v2\/media\/965964"}],"wp:attachment":[{"href":"https:\/\/dmcsrb.com\/en\/wp-json\/wp\/v2\/media?parent=965963"}],"wp:term":[{"taxonomy":"category","embeddable":true,"href":"https:\/\/dmcsrb.com\/en\/wp-json\/wp\/v2\/categories?post=965963"},{"taxonomy":"post_tag","embeddable":true,"href":"https:\/\/dmcsrb.com\/en\/wp-json\/wp\/v2\/tags?post=965963"},{"taxonomy":"naslovna","embeddable":true,"href":"https:\/\/dmcsrb.com\/en\/wp-json\/wp\/v2\/naslovna?post=965963"}],"curies":[{"name":"wp","href":"https:\/\/api.w.org\/{rel}","templated":true}]}}