{"id":965912,"date":"2025-11-26T22:00:00","date_gmt":"2025-11-26T21:00:00","guid":{"rendered":"https:\/\/dmcsrb.com\/uncategorized\/zasto-se-preporucuje-da-tokom-hladnijih-dana-oblacite-svoje-pse\/"},"modified":"2025-11-26T22:00:00","modified_gmt":"2025-11-26T21:00:00","slug":"zasto-se-preporucuje-da-tokom-hladnijih-dana-oblacite-svoje-pse","status":"publish","type":"post","link":"https:\/\/dmcsrb.com\/en\/zanimljivosti\/zasto-se-preporucuje-da-tokom-hladnijih-dana-oblacite-svoje-pse\/","title":{"rendered":"Za\u0161to se preporu\u010duje da tokom hladnijih dana obla\u010dite svoje pse"},"content":{"rendered":"<p><\/p>\n\n\n\n<p>Stru\u010dnjakinja za \u017eivotinje dr. \u017daklin Bojd kazala je kako bi se o odje\u0107i za pse trebalo razmi\u0161ljati jednako kao i o vlastitoj, a razlog le\u017ei u modernom na\u010dinu \u017eivota ku\u0107nih ljubimaca.<\/p>\n\n\n\n<p>&#8220;Mnogi psi imaju svoje krzno, ali istina je da na\u010din na koji psi sada \u017eive je pogodan za njih. Zbog udobnosti boravka u domu, psi nemaju priliku postepeno se prilago\u0111avati ekstremnim uslovima napolju s kojima se sada sve vi\u0161e susre\u0107emo&#8221;, kazala je Bojd za Daily Mail.<\/p>\n\n\n\n<p>Ona nagla\u0161ava da vlasnici ne bi smjeli pretpostaviti da psu ne treba za\u0161tita samo zbog toga \u0161to ima gusto krzno, a pojedine pasmine se mnogo te\u017ee nose s hladno\u0107om.<\/p>\n\n\n\n<p>&#8220;Pojedine pasmine su apsolutno stvorene za zimsko vrijeme i mogu se s njim jako dobro nositi. S druge strane, imate i one koji \u0107e \u010dak i u ku\u0107i s grijanjem \u017eeljeti da nose odje\u0107u za pse&#8221;, kazala je.<\/p>\n\n\n\n<p>Bojd navodi da je funkcionalna odje\u0107a korisna za va\u0161e pse, jer ako pas ostane \u010di\u0161\u0107i i vi\u0161e suv, manja je vjerovatno\u0107a da \u0107e unijeti nered u ku\u0107u, \u0161to vlasnike mo\u017ee podsta\u0107i na du\u017ee i ugodnije \u0161etnje. Ako je va\u0161 pas osjetljiv i ne voli odje\u0107u, onda je bolje izbjegavati, prenosi <strong>Klix.ba<\/strong>.<\/p>","protected":false},"excerpt":{"rendered":"<p>Uz dolazak hladnijih dana, mnogi vlasnici pasa razmi\u0161ljaju o tome da li je njihovim ljubimcima potrebna dodatna za\u0161tita od zime u vidu odje\u0107e za pse.<\/p>","protected":false},"author":1,"featured_media":965913,"comment_status":"open","ping_status":"open","sticky":false,"template":"","format":"standard","meta":{"_acf_changed":false,"footnotes":""},"categories":[5672],"tags":[15614,15615,3828],"naslovna":[],"class_list":["post-965912","post","type-post","status-publish","format-standard","has-post-thumbnail","hentry","category-zanimljivosti","tag-hladniji-dani","tag-oblacenje","tag-pas"],"acf":[],"yoast_head":"<!-- This site is optimized with the Yoast SEO plugin v27.0 - https:\/\/yoast.com\/product\/yoast-seo-wordpress\/ -->\n<title>Za\u0161to se preporu\u010duje da tokom hladnijih dana obla\u010dite svoje pse - dmcsrb.com<\/title>\n<meta name=\"robots\" content=\"index, follow, max-snippet:-1, max-image-preview:large, max-video-preview:-1\" \/>\n<link rel=\"canonical\" href=\"https:\/\/dmcsrb.com\/en\/zanimljivosti\/zasto-se-preporucuje-da-tokom-hladnijih-dana-oblacite-svoje-pse\/\" \/>\n<meta property=\"og:locale\" content=\"en_GB\" \/>\n<meta property=\"og:type\" content=\"article\" \/>\n<meta property=\"og:title\" content=\"Za\u0161to se preporu\u010duje da tokom hladnijih dana obla\u010dite svoje pse - dmcsrb.com\" \/>\n<meta property=\"og:description\" content=\"Uz dolazak hladnijih dana, mnogi vlasnici pasa razmi\u0161ljaju o tome da li je njihovim ljubimcima potrebna dodatna za\u0161tita od zime u vidu odje\u0107e za pse.\" \/>\n<meta property=\"og:url\" content=\"https:\/\/dmcsrb.com\/en\/zanimljivosti\/zasto-se-preporucuje-da-tokom-hladnijih-dana-oblacite-svoje-pse\/\" \/>\n<meta property=\"og:site_name\" content=\"dmcsrb.com\" \/>\n<meta property=\"article:published_time\" content=\"2025-11-26T21:00:00+00:00\" \/>\n<meta property=\"og:image\" content=\"https:\/\/dmcsrb.com\/wp-content\/uploads\/2026\/01\/obuceni-pas-pixabay.webp\" \/>\n\t<meta property=\"og:image:width\" content=\"1095\" \/>\n\t<meta property=\"og:image:height\" content=\"715\" \/>\n\t<meta property=\"og:image:type\" content=\"image\/jpeg\" \/>\n<meta name=\"author\" content=\"dmcsrbija.com@gmail.com\" \/>\n<meta name=\"twitter:card\" content=\"summary_large_image\" \/>\n<meta name=\"twitter:label1\" content=\"Written by\" \/>\n\t<meta name=\"twitter:data1\" content=\"dmcsrbija.com@gmail.com\" \/>\n\t<meta name=\"twitter:label2\" content=\"Estimated reading time\" \/>\n\t<meta name=\"twitter:data2\" content=\"1 minute\" \/>\n<script type=\"application\/ld+json\" class=\"yoast-schema-graph\">{\"@context\":\"https:\/\/schema.org\",\"@graph\":[{\"@type\":\"Article\",\"@id\":\"https:\/\/dmcsrb.com\/zanimljivosti\/zasto-se-preporucuje-da-tokom-hladnijih-dana-oblacite-svoje-pse\/#article\",\"isPartOf\":{\"@id\":\"https:\/\/dmcsrb.com\/zanimljivosti\/zasto-se-preporucuje-da-tokom-hladnijih-dana-oblacite-svoje-pse\/\"},\"author\":{\"name\":\"dmcsrbija.com@gmail.com\",\"@id\":\"https:\/\/dmcsrb.com\/#\/schema\/person\/5c39170f12db1b8b457732d0b5c854e2\"},\"headline\":\"Za\u0161to se preporu\u010duje da tokom hladnijih dana obla\u010dite svoje pse\",\"datePublished\":\"2025-11-26T21:00:00+00:00\",\"mainEntityOfPage\":{\"@id\":\"https:\/\/dmcsrb.com\/zanimljivosti\/zasto-se-preporucuje-da-tokom-hladnijih-dana-oblacite-svoje-pse\/\"},\"wordCount\":235,\"commentCount\":0,\"image\":{\"@id\":\"https:\/\/dmcsrb.com\/zanimljivosti\/zasto-se-preporucuje-da-tokom-hladnijih-dana-oblacite-svoje-pse\/#primaryimage\"},\"thumbnailUrl\":\"https:\/\/dmcsrb.com\/wp-content\/uploads\/2026\/01\/obuceni-pas-pixabay.webp\",\"keywords\":[\"Hladniji dani\",\"Obla\u010denje\",\"pas\"],\"articleSection\":[\"Zanimljivosti\"],\"inLanguage\":\"en-GB\",\"potentialAction\":[{\"@type\":\"CommentAction\",\"name\":\"Comment\",\"target\":[\"https:\/\/dmcsrb.com\/zanimljivosti\/zasto-se-preporucuje-da-tokom-hladnijih-dana-oblacite-svoje-pse\/#respond\"]}]},{\"@type\":\"WebPage\",\"@id\":\"https:\/\/dmcsrb.com\/zanimljivosti\/zasto-se-preporucuje-da-tokom-hladnijih-dana-oblacite-svoje-pse\/\",\"url\":\"https:\/\/dmcsrb.com\/zanimljivosti\/zasto-se-preporucuje-da-tokom-hladnijih-dana-oblacite-svoje-pse\/\",\"name\":\"Za\u0161to se preporu\u010duje da tokom hladnijih dana obla\u010dite svoje pse - dmcsrb.com\",\"isPartOf\":{\"@id\":\"https:\/\/dmcsrb.com\/#website\"},\"primaryImageOfPage\":{\"@id\":\"https:\/\/dmcsrb.com\/zanimljivosti\/zasto-se-preporucuje-da-tokom-hladnijih-dana-oblacite-svoje-pse\/#primaryimage\"},\"image\":{\"@id\":\"https:\/\/dmcsrb.com\/zanimljivosti\/zasto-se-preporucuje-da-tokom-hladnijih-dana-oblacite-svoje-pse\/#primaryimage\"},\"thumbnailUrl\":\"https:\/\/dmcsrb.com\/wp-content\/uploads\/2026\/01\/obuceni-pas-pixabay.webp\",\"datePublished\":\"2025-11-26T21:00:00+00:00\",\"author\":{\"@id\":\"https:\/\/dmcsrb.com\/#\/schema\/person\/5c39170f12db1b8b457732d0b5c854e2\"},\"breadcrumb\":{\"@id\":\"https:\/\/dmcsrb.com\/zanimljivosti\/zasto-se-preporucuje-da-tokom-hladnijih-dana-oblacite-svoje-pse\/#breadcrumb\"},\"inLanguage\":\"en-GB\",\"potentialAction\":[{\"@type\":\"ReadAction\",\"target\":[\"https:\/\/dmcsrb.com\/zanimljivosti\/zasto-se-preporucuje-da-tokom-hladnijih-dana-oblacite-svoje-pse\/\"]}]},{\"@type\":\"ImageObject\",\"inLanguage\":\"en-GB\",\"@id\":\"https:\/\/dmcsrb.com\/zanimljivosti\/zasto-se-preporucuje-da-tokom-hladnijih-dana-oblacite-svoje-pse\/#primaryimage\",\"url\":\"https:\/\/dmcsrb.com\/wp-content\/uploads\/2026\/01\/obuceni-pas-pixabay.webp\",\"contentUrl\":\"https:\/\/dmcsrb.com\/wp-content\/uploads\/2026\/01\/obuceni-pas-pixabay.webp\",\"width\":1095,\"height\":715},{\"@type\":\"BreadcrumbList\",\"@id\":\"https:\/\/dmcsrb.com\/zanimljivosti\/zasto-se-preporucuje-da-tokom-hladnijih-dana-oblacite-svoje-pse\/#breadcrumb\",\"itemListElement\":[{\"@type\":\"ListItem\",\"position\":1,\"name\":\"Home\",\"item\":\"https:\/\/dmcsrb.com\/\"},{\"@type\":\"ListItem\",\"position\":2,\"name\":\"Za\u0161to se preporu\u010duje da tokom hladnijih dana obla\u010dite svoje pse\"}]},{\"@type\":\"WebSite\",\"@id\":\"https:\/\/dmcsrb.com\/#website\",\"url\":\"https:\/\/dmcsrb.com\/\",\"name\":\"dmcsrb.com\",\"description\":\"\",\"potentialAction\":[{\"@type\":\"SearchAction\",\"target\":{\"@type\":\"EntryPoint\",\"urlTemplate\":\"https:\/\/dmcsrb.com\/?s={search_term_string}\"},\"query-input\":{\"@type\":\"PropertyValueSpecification\",\"valueRequired\":true,\"valueName\":\"search_term_string\"}}],\"inLanguage\":\"en-GB\"},{\"@type\":\"Person\",\"@id\":\"https:\/\/dmcsrb.com\/#\/schema\/person\/5c39170f12db1b8b457732d0b5c854e2\",\"name\":\"dmcsrbija.com@gmail.com\",\"image\":{\"@type\":\"ImageObject\",\"inLanguage\":\"en-GB\",\"@id\":\"https:\/\/dmcsrb.com\/#\/schema\/person\/image\/\",\"url\":\"https:\/\/secure.gravatar.com\/avatar\/68592660ad6347fad0fb587f8d5d8f1a7b44961362f56e4f2cd524feb87e9069?s=96&d=mm&r=g\",\"contentUrl\":\"https:\/\/secure.gravatar.com\/avatar\/68592660ad6347fad0fb587f8d5d8f1a7b44961362f56e4f2cd524feb87e9069?s=96&d=mm&r=g\",\"caption\":\"dmcsrbija.com@gmail.com\"},\"sameAs\":[\"https:\/\/dmcsrb.com\"],\"url\":\"https:\/\/dmcsrb.com\/en\/author\/dmcsrbija-comgmail-com\/\"}]}<\/script>\n<!-- \/ Yoast SEO plugin. -->","yoast_head_json":{"title":"Za\u0161to se preporu\u010duje da tokom hladnijih dana obla\u010dite svoje pse - dmcsrb.com","robots":{"index":"index","follow":"follow","max-snippet":"max-snippet:-1","max-image-preview":"max-image-preview:large","max-video-preview":"max-video-preview:-1"},"canonical":"https:\/\/dmcsrb.com\/en\/zanimljivosti\/zasto-se-preporucuje-da-tokom-hladnijih-dana-oblacite-svoje-pse\/","og_locale":"en_GB","og_type":"article","og_title":"Za\u0161to se preporu\u010duje da tokom hladnijih dana obla\u010dite svoje pse - dmcsrb.com","og_description":"Uz dolazak hladnijih dana, mnogi vlasnici pasa razmi\u0161ljaju o tome da li je njihovim ljubimcima potrebna dodatna za\u0161tita od zime u vidu odje\u0107e za pse.","og_url":"https:\/\/dmcsrb.com\/en\/zanimljivosti\/zasto-se-preporucuje-da-tokom-hladnijih-dana-oblacite-svoje-pse\/","og_site_name":"dmcsrb.com","article_published_time":"2025-11-26T21:00:00+00:00","og_image":[{"width":1095,"height":715,"url":"https:\/\/dmcsrb.com\/wp-content\/uploads\/2026\/01\/obuceni-pas-pixabay.webp","type":"image\/jpeg"}],"author":"dmcsrbija.com@gmail.com","twitter_card":"summary_large_image","twitter_misc":{"Written by":"dmcsrbija.com@gmail.com","Estimated reading time":"1 minute"},"schema":{"@context":"https:\/\/schema.org","@graph":[{"@type":"Article","@id":"https:\/\/dmcsrb.com\/zanimljivosti\/zasto-se-preporucuje-da-tokom-hladnijih-dana-oblacite-svoje-pse\/#article","isPartOf":{"@id":"https:\/\/dmcsrb.com\/zanimljivosti\/zasto-se-preporucuje-da-tokom-hladnijih-dana-oblacite-svoje-pse\/"},"author":{"name":"dmcsrbija.com@gmail.com","@id":"https:\/\/dmcsrb.com\/#\/schema\/person\/5c39170f12db1b8b457732d0b5c854e2"},"headline":"Za\u0161to se preporu\u010duje da tokom hladnijih dana obla\u010dite svoje pse","datePublished":"2025-11-26T21:00:00+00:00","mainEntityOfPage":{"@id":"https:\/\/dmcsrb.com\/zanimljivosti\/zasto-se-preporucuje-da-tokom-hladnijih-dana-oblacite-svoje-pse\/"},"wordCount":235,"commentCount":0,"image":{"@id":"https:\/\/dmcsrb.com\/zanimljivosti\/zasto-se-preporucuje-da-tokom-hladnijih-dana-oblacite-svoje-pse\/#primaryimage"},"thumbnailUrl":"https:\/\/dmcsrb.com\/wp-content\/uploads\/2026\/01\/obuceni-pas-pixabay.webp","keywords":["Hladniji dani","Obla\u010denje","pas"],"articleSection":["Zanimljivosti"],"inLanguage":"en-GB","potentialAction":[{"@type":"CommentAction","name":"Comment","target":["https:\/\/dmcsrb.com\/zanimljivosti\/zasto-se-preporucuje-da-tokom-hladnijih-dana-oblacite-svoje-pse\/#respond"]}]},{"@type":"WebPage","@id":"https:\/\/dmcsrb.com\/zanimljivosti\/zasto-se-preporucuje-da-tokom-hladnijih-dana-oblacite-svoje-pse\/","url":"https:\/\/dmcsrb.com\/zanimljivosti\/zasto-se-preporucuje-da-tokom-hladnijih-dana-oblacite-svoje-pse\/","name":"Za\u0161to se preporu\u010duje da tokom hladnijih dana obla\u010dite svoje pse - dmcsrb.com","isPartOf":{"@id":"https:\/\/dmcsrb.com\/#website"},"primaryImageOfPage":{"@id":"https:\/\/dmcsrb.com\/zanimljivosti\/zasto-se-preporucuje-da-tokom-hladnijih-dana-oblacite-svoje-pse\/#primaryimage"},"image":{"@id":"https:\/\/dmcsrb.com\/zanimljivosti\/zasto-se-preporucuje-da-tokom-hladnijih-dana-oblacite-svoje-pse\/#primaryimage"},"thumbnailUrl":"https:\/\/dmcsrb.com\/wp-content\/uploads\/2026\/01\/obuceni-pas-pixabay.webp","datePublished":"2025-11-26T21:00:00+00:00","author":{"@id":"https:\/\/dmcsrb.com\/#\/schema\/person\/5c39170f12db1b8b457732d0b5c854e2"},"breadcrumb":{"@id":"https:\/\/dmcsrb.com\/zanimljivosti\/zasto-se-preporucuje-da-tokom-hladnijih-dana-oblacite-svoje-pse\/#breadcrumb"},"inLanguage":"en-GB","potentialAction":[{"@type":"ReadAction","target":["https:\/\/dmcsrb.com\/zanimljivosti\/zasto-se-preporucuje-da-tokom-hladnijih-dana-oblacite-svoje-pse\/"]}]},{"@type":"ImageObject","inLanguage":"en-GB","@id":"https:\/\/dmcsrb.com\/zanimljivosti\/zasto-se-preporucuje-da-tokom-hladnijih-dana-oblacite-svoje-pse\/#primaryimage","url":"https:\/\/dmcsrb.com\/wp-content\/uploads\/2026\/01\/obuceni-pas-pixabay.webp","contentUrl":"https:\/\/dmcsrb.com\/wp-content\/uploads\/2026\/01\/obuceni-pas-pixabay.webp","width":1095,"height":715},{"@type":"BreadcrumbList","@id":"https:\/\/dmcsrb.com\/zanimljivosti\/zasto-se-preporucuje-da-tokom-hladnijih-dana-oblacite-svoje-pse\/#breadcrumb","itemListElement":[{"@type":"ListItem","position":1,"name":"Home","item":"https:\/\/dmcsrb.com\/"},{"@type":"ListItem","position":2,"name":"Za\u0161to se preporu\u010duje da tokom hladnijih dana obla\u010dite svoje pse"}]},{"@type":"WebSite","@id":"https:\/\/dmcsrb.com\/#website","url":"https:\/\/dmcsrb.com\/","name":"dmcsrb.com","description":"","potentialAction":[{"@type":"SearchAction","target":{"@type":"EntryPoint","urlTemplate":"https:\/\/dmcsrb.com\/?s={search_term_string}"},"query-input":{"@type":"PropertyValueSpecification","valueRequired":true,"valueName":"search_term_string"}}],"inLanguage":"en-GB"},{"@type":"Person","@id":"https:\/\/dmcsrb.com\/#\/schema\/person\/5c39170f12db1b8b457732d0b5c854e2","name":"dmcsrbija.com@gmail.com","image":{"@type":"ImageObject","inLanguage":"en-GB","@id":"https:\/\/dmcsrb.com\/#\/schema\/person\/image\/","url":"https:\/\/secure.gravatar.com\/avatar\/68592660ad6347fad0fb587f8d5d8f1a7b44961362f56e4f2cd524feb87e9069?s=96&d=mm&r=g","contentUrl":"https:\/\/secure.gravatar.com\/avatar\/68592660ad6347fad0fb587f8d5d8f1a7b44961362f56e4f2cd524feb87e9069?s=96&d=mm&r=g","caption":"dmcsrbija.com@gmail.com"},"sameAs":["https:\/\/dmcsrb.com"],"url":"https:\/\/dmcsrb.com\/en\/author\/dmcsrbija-comgmail-com\/"}]}},"_links":{"self":[{"href":"https:\/\/dmcsrb.com\/en\/wp-json\/wp\/v2\/posts\/965912","targetHints":{"allow":["GET"]}}],"collection":[{"href":"https:\/\/dmcsrb.com\/en\/wp-json\/wp\/v2\/posts"}],"about":[{"href":"https:\/\/dmcsrb.com\/en\/wp-json\/wp\/v2\/types\/post"}],"author":[{"embeddable":true,"href":"https:\/\/dmcsrb.com\/en\/wp-json\/wp\/v2\/users\/1"}],"replies":[{"embeddable":true,"href":"https:\/\/dmcsrb.com\/en\/wp-json\/wp\/v2\/comments?post=965912"}],"version-history":[{"count":0,"href":"https:\/\/dmcsrb.com\/en\/wp-json\/wp\/v2\/posts\/965912\/revisions"}],"wp:featuredmedia":[{"embeddable":true,"href":"https:\/\/dmcsrb.com\/en\/wp-json\/wp\/v2\/media\/965913"}],"wp:attachment":[{"href":"https:\/\/dmcsrb.com\/en\/wp-json\/wp\/v2\/media?parent=965912"}],"wp:term":[{"taxonomy":"category","embeddable":true,"href":"https:\/\/dmcsrb.com\/en\/wp-json\/wp\/v2\/categories?post=965912"},{"taxonomy":"post_tag","embeddable":true,"href":"https:\/\/dmcsrb.com\/en\/wp-json\/wp\/v2\/tags?post=965912"},{"taxonomy":"naslovna","embeddable":true,"href":"https:\/\/dmcsrb.com\/en\/wp-json\/wp\/v2\/naslovna?post=965912"}],"curies":[{"name":"wp","href":"https:\/\/api.w.org\/{rel}","templated":true}]}}