{"id":965845,"date":"2025-11-26T15:50:00","date_gmt":"2025-11-26T14:50:00","guid":{"rendered":"https:\/\/dmcsrb.com\/uncategorized\/izrael-prijeti-novim-napadima-na-liban\/"},"modified":"2025-11-26T15:50:00","modified_gmt":"2025-11-26T14:50:00","slug":"izrael-prijeti-novim-napadima-na-liban","status":"publish","type":"post","link":"https:\/\/dmcsrb.com\/en\/svijet\/izrael-prijeti-novim-napadima-na-liban\/","title":{"rendered":"Izrael prijeti novim napadima na Liban"},"content":{"rendered":"<p><\/p>\n\n\n\n<p>&#8220;Ne\u0107emo dopustiti nikakve prijetnje stanovnicima sjevera, a maksimalna sprovo\u0111enja \u0107e se nastaviti, pa \u010dak i poja\u010dati&#8221;, rekao je Kac u srijedu izraelskom parlamentu.<\/p>\n\n\n\n<p>Naveo je ubistvo visokog vo\u0111e Hezbolaha u izraelskom napadu na ju\u017eni Bejrut nekoliko dana ranije.<\/p>\n\n\n\n<p>&#8220;Ne\u0107e biti smirenosti u Bejrutu, niti reda i stabilnosti u Libanu, dok se ne zagarantuje sigurnost Dr\u017eave Izrael&#8221;, rekao je, obe\u0107avaju\u0107i razoru\u017eati Hezbolah.<\/p>\n\n\n\n<p>U izraelskom napadu na ju\u017ena predgra\u0111a Bejruta u nedjelju ubijen je Hajtam Ali Tabatabai, najvi\u0161i \u010dlan Hezbolaha kojeg je Izrael ubio od primirja iz novembra 2024. kojim se poku\u0161alo okon\u010dati vi\u0161e od godinu dana neprijateljstava.<\/p>\n\n\n\n<p>Tabatabaijevo ubistvo doga\u0111a se u trenutku kada Izrael eskalira svoje napade na Liban, a Sjedinjene Dr\u017eave pove\u0107avaju pritisak na libansku vladu da razoru\u017ea Hezbolah.<\/p>\n\n\n\n<h2 class=\"wp-block-heading\">Kr\u0161enja primirja od strane Izraela<\/h2>\n\n\n\n<p>Egipatski ministar vanjskih poslova izjavio je u srijedu da njegova zemlja radi na deeskalaciji poja\u010danih napetosti u Libanu.<\/p>\n\n\n\n<p>&#8220;Bojimo se bilo kakve eskalacije i bojimo se za sigurnost i stabilnost Libana&#8221;, rekao je egipatski ministar vanjskih poslova Badr Abdel Ati nakon sastanka s libanskim predsjednikom \u017dozepom Aounom u Bejrutu.<\/p>\n\n\n\n<p>&#8220;Ula\u017eemo intenzivne napore kako bismo Liban po\u0161tedjeli bilo kakvih rizika ili bilo kakvih agresivnih tendencija protiv njegove sigurnosti&#8221;, dodao je.<\/p>\n\n\n\n<p>Izrael je vi\u0161e puta bombardovao Liban uprkos primirju.<\/p>\n\n\n\n<p>Libanski predsjednik Aoun rekao je ranije ove sedmice da je njegova zemlja spremna pregovarati o sporazumu koji bi okon\u010dao izraelska kr\u0161enja primirja i doveo do povla\u010denja Izraela s pet pograni\u010dnih brda koja je okupirao od primirja pro\u0161le godine.<\/p>\n\n\n\n<p>Aoun je tako\u0111e rekao da su libanske trupe spremne rasporediti se na svim polo\u017eajima s kojih se izraelske snage povla\u010de, prenosi &#8220;<a href=\"https:\/\/www.trtworld.com\/article\/0654519c0fba\" rel=\"noreferrer noopener\" target=\"_blank\">TRTworld<\/a>&#8220;.<\/p>","protected":false},"excerpt":{"rendered":"<p>Ministar odbrane Izrael Kac upozorio je da u Libanu &#8220;ne\u0107e biti smirenosti&#8221; ako se ne garantuje sigurnost Izraela, jer izraelske snage poja\u010davaju napade uprkos jednogodi\u0161njem primirju.<\/p>","protected":false},"author":1,"featured_media":948944,"comment_status":"open","ping_status":"open","sticky":false,"template":"","format":"standard","meta":{"_acf_changed":false,"footnotes":""},"categories":[144],"tags":[751,13473,15566],"naslovna":[],"class_list":["post-965845","post","type-post","status-publish","format-standard","has-post-thumbnail","hentry","category-svijet","tag-izrael","tag-liban","tag-novi-napadi"],"acf":[],"yoast_head":"<!-- This site is optimized with the Yoast SEO plugin v27.4 - https:\/\/yoast.com\/product\/yoast-seo-wordpress\/ -->\n<title>Izrael prijeti novim napadima na Liban - dmcsrb.com<\/title>\n<meta name=\"robots\" content=\"index, follow, max-snippet:-1, max-image-preview:large, max-video-preview:-1\" \/>\n<link rel=\"canonical\" href=\"https:\/\/dmcsrb.com\/en\/svijet\/izrael-prijeti-novim-napadima-na-liban\/\" \/>\n<meta property=\"og:locale\" content=\"en_GB\" \/>\n<meta property=\"og:type\" content=\"article\" \/>\n<meta property=\"og:title\" content=\"Izrael prijeti novim napadima na Liban - dmcsrb.com\" \/>\n<meta property=\"og:description\" content=\"Ministar odbrane Izrael Kac upozorio je da u Libanu &quot;ne\u0107e biti smirenosti&quot; ako se ne garantuje sigurnost Izraela, jer izraelske snage poja\u010davaju napade uprkos jednogodi\u0161njem primirju.\" \/>\n<meta property=\"og:url\" content=\"https:\/\/dmcsrb.com\/en\/svijet\/izrael-prijeti-novim-napadima-na-liban\/\" \/>\n<meta property=\"og:site_name\" content=\"dmcsrb.com\" \/>\n<meta property=\"article:published_time\" content=\"2025-11-26T14:50:00+00:00\" \/>\n<meta property=\"og:image\" content=\"https:\/\/dmcsrb.com\/wp-content\/uploads\/2026\/01\/Izraelska-vojska-IDF-foto-AP.webp\" \/>\n\t<meta property=\"og:image:width\" content=\"1013\" \/>\n\t<meta property=\"og:image:height\" content=\"667\" \/>\n\t<meta property=\"og:image:type\" content=\"image\/jpeg\" \/>\n<meta name=\"author\" content=\"dmcsrbija.com@gmail.com\" \/>\n<meta name=\"twitter:card\" content=\"summary_large_image\" \/>\n<meta name=\"twitter:label1\" content=\"Written by\" \/>\n\t<meta name=\"twitter:data1\" content=\"dmcsrbija.com@gmail.com\" \/>\n\t<meta name=\"twitter:label2\" content=\"Estimated reading time\" \/>\n\t<meta name=\"twitter:data2\" content=\"1 minute\" \/>\n<script type=\"application\/ld+json\" class=\"yoast-schema-graph\">{\"@context\":\"https:\\\/\\\/schema.org\",\"@graph\":[{\"@type\":\"Article\",\"@id\":\"https:\\\/\\\/dmcsrb.com\\\/svijet\\\/izrael-prijeti-novim-napadima-na-liban\\\/#article\",\"isPartOf\":{\"@id\":\"https:\\\/\\\/dmcsrb.com\\\/svijet\\\/izrael-prijeti-novim-napadima-na-liban\\\/\"},\"author\":{\"name\":\"dmcsrbija.com@gmail.com\",\"@id\":\"https:\\\/\\\/dmcsrb.com\\\/#\\\/schema\\\/person\\\/5c39170f12db1b8b457732d0b5c854e2\"},\"headline\":\"Izrael prijeti novim napadima na Liban\",\"datePublished\":\"2025-11-26T14:50:00+00:00\",\"mainEntityOfPage\":{\"@id\":\"https:\\\/\\\/dmcsrb.com\\\/svijet\\\/izrael-prijeti-novim-napadima-na-liban\\\/\"},\"wordCount\":300,\"commentCount\":0,\"image\":{\"@id\":\"https:\\\/\\\/dmcsrb.com\\\/svijet\\\/izrael-prijeti-novim-napadima-na-liban\\\/#primaryimage\"},\"thumbnailUrl\":\"https:\\\/\\\/dmcsrb.com\\\/wp-content\\\/uploads\\\/2026\\\/01\\\/Izraelska-vojska-IDF-foto-AP.webp\",\"keywords\":[\"Izrael\",\"Liban\",\"Novi napadi\"],\"articleSection\":[\"Svijet\"],\"inLanguage\":\"en-GB\",\"potentialAction\":[{\"@type\":\"CommentAction\",\"name\":\"Comment\",\"target\":[\"https:\\\/\\\/dmcsrb.com\\\/svijet\\\/izrael-prijeti-novim-napadima-na-liban\\\/#respond\"]}]},{\"@type\":\"WebPage\",\"@id\":\"https:\\\/\\\/dmcsrb.com\\\/svijet\\\/izrael-prijeti-novim-napadima-na-liban\\\/\",\"url\":\"https:\\\/\\\/dmcsrb.com\\\/svijet\\\/izrael-prijeti-novim-napadima-na-liban\\\/\",\"name\":\"Izrael prijeti novim napadima na Liban - dmcsrb.com\",\"isPartOf\":{\"@id\":\"https:\\\/\\\/dmcsrb.com\\\/#website\"},\"primaryImageOfPage\":{\"@id\":\"https:\\\/\\\/dmcsrb.com\\\/svijet\\\/izrael-prijeti-novim-napadima-na-liban\\\/#primaryimage\"},\"image\":{\"@id\":\"https:\\\/\\\/dmcsrb.com\\\/svijet\\\/izrael-prijeti-novim-napadima-na-liban\\\/#primaryimage\"},\"thumbnailUrl\":\"https:\\\/\\\/dmcsrb.com\\\/wp-content\\\/uploads\\\/2026\\\/01\\\/Izraelska-vojska-IDF-foto-AP.webp\",\"datePublished\":\"2025-11-26T14:50:00+00:00\",\"author\":{\"@id\":\"https:\\\/\\\/dmcsrb.com\\\/#\\\/schema\\\/person\\\/5c39170f12db1b8b457732d0b5c854e2\"},\"breadcrumb\":{\"@id\":\"https:\\\/\\\/dmcsrb.com\\\/svijet\\\/izrael-prijeti-novim-napadima-na-liban\\\/#breadcrumb\"},\"inLanguage\":\"en-GB\",\"potentialAction\":[{\"@type\":\"ReadAction\",\"target\":[\"https:\\\/\\\/dmcsrb.com\\\/svijet\\\/izrael-prijeti-novim-napadima-na-liban\\\/\"]}]},{\"@type\":\"ImageObject\",\"inLanguage\":\"en-GB\",\"@id\":\"https:\\\/\\\/dmcsrb.com\\\/svijet\\\/izrael-prijeti-novim-napadima-na-liban\\\/#primaryimage\",\"url\":\"https:\\\/\\\/dmcsrb.com\\\/wp-content\\\/uploads\\\/2026\\\/01\\\/Izraelska-vojska-IDF-foto-AP.webp\",\"contentUrl\":\"https:\\\/\\\/dmcsrb.com\\\/wp-content\\\/uploads\\\/2026\\\/01\\\/Izraelska-vojska-IDF-foto-AP.webp\",\"width\":1013,\"height\":667},{\"@type\":\"BreadcrumbList\",\"@id\":\"https:\\\/\\\/dmcsrb.com\\\/svijet\\\/izrael-prijeti-novim-napadima-na-liban\\\/#breadcrumb\",\"itemListElement\":[{\"@type\":\"ListItem\",\"position\":1,\"name\":\"Home\",\"item\":\"https:\\\/\\\/dmcsrb.com\\\/\"},{\"@type\":\"ListItem\",\"position\":2,\"name\":\"Izrael prijeti novim napadima na Liban\"}]},{\"@type\":\"WebSite\",\"@id\":\"https:\\\/\\\/dmcsrb.com\\\/#website\",\"url\":\"https:\\\/\\\/dmcsrb.com\\\/\",\"name\":\"dmcsrb.com\",\"description\":\"\",\"potentialAction\":[{\"@type\":\"SearchAction\",\"target\":{\"@type\":\"EntryPoint\",\"urlTemplate\":\"https:\\\/\\\/dmcsrb.com\\\/?s={search_term_string}\"},\"query-input\":{\"@type\":\"PropertyValueSpecification\",\"valueRequired\":true,\"valueName\":\"search_term_string\"}}],\"inLanguage\":\"en-GB\"},{\"@type\":\"Person\",\"@id\":\"https:\\\/\\\/dmcsrb.com\\\/#\\\/schema\\\/person\\\/5c39170f12db1b8b457732d0b5c854e2\",\"name\":\"dmcsrbija.com@gmail.com\",\"image\":{\"@type\":\"ImageObject\",\"inLanguage\":\"en-GB\",\"@id\":\"https:\\\/\\\/secure.gravatar.com\\\/avatar\\\/68592660ad6347fad0fb587f8d5d8f1a7b44961362f56e4f2cd524feb87e9069?s=96&d=mm&r=g\",\"url\":\"https:\\\/\\\/secure.gravatar.com\\\/avatar\\\/68592660ad6347fad0fb587f8d5d8f1a7b44961362f56e4f2cd524feb87e9069?s=96&d=mm&r=g\",\"contentUrl\":\"https:\\\/\\\/secure.gravatar.com\\\/avatar\\\/68592660ad6347fad0fb587f8d5d8f1a7b44961362f56e4f2cd524feb87e9069?s=96&d=mm&r=g\",\"caption\":\"dmcsrbija.com@gmail.com\"},\"sameAs\":[\"https:\\\/\\\/dmcsrb.com\"],\"url\":\"https:\\\/\\\/dmcsrb.com\\\/en\\\/author\\\/dmcsrbija-comgmail-com\\\/\"}]}<\/script>\n<!-- \/ Yoast SEO plugin. -->","yoast_head_json":{"title":"Izrael prijeti novim napadima na Liban - dmcsrb.com","robots":{"index":"index","follow":"follow","max-snippet":"max-snippet:-1","max-image-preview":"max-image-preview:large","max-video-preview":"max-video-preview:-1"},"canonical":"https:\/\/dmcsrb.com\/en\/svijet\/izrael-prijeti-novim-napadima-na-liban\/","og_locale":"en_GB","og_type":"article","og_title":"Izrael prijeti novim napadima na Liban - dmcsrb.com","og_description":"Ministar odbrane Izrael Kac upozorio je da u Libanu \"ne\u0107e biti smirenosti\" ako se ne garantuje sigurnost Izraela, jer izraelske snage poja\u010davaju napade uprkos jednogodi\u0161njem primirju.","og_url":"https:\/\/dmcsrb.com\/en\/svijet\/izrael-prijeti-novim-napadima-na-liban\/","og_site_name":"dmcsrb.com","article_published_time":"2025-11-26T14:50:00+00:00","og_image":[{"width":1013,"height":667,"url":"https:\/\/dmcsrb.com\/wp-content\/uploads\/2026\/01\/Izraelska-vojska-IDF-foto-AP.webp","type":"image\/jpeg"}],"author":"dmcsrbija.com@gmail.com","twitter_card":"summary_large_image","twitter_misc":{"Written by":"dmcsrbija.com@gmail.com","Estimated reading time":"1 minute"},"schema":{"@context":"https:\/\/schema.org","@graph":[{"@type":"Article","@id":"https:\/\/dmcsrb.com\/svijet\/izrael-prijeti-novim-napadima-na-liban\/#article","isPartOf":{"@id":"https:\/\/dmcsrb.com\/svijet\/izrael-prijeti-novim-napadima-na-liban\/"},"author":{"name":"dmcsrbija.com@gmail.com","@id":"https:\/\/dmcsrb.com\/#\/schema\/person\/5c39170f12db1b8b457732d0b5c854e2"},"headline":"Izrael prijeti novim napadima na Liban","datePublished":"2025-11-26T14:50:00+00:00","mainEntityOfPage":{"@id":"https:\/\/dmcsrb.com\/svijet\/izrael-prijeti-novim-napadima-na-liban\/"},"wordCount":300,"commentCount":0,"image":{"@id":"https:\/\/dmcsrb.com\/svijet\/izrael-prijeti-novim-napadima-na-liban\/#primaryimage"},"thumbnailUrl":"https:\/\/dmcsrb.com\/wp-content\/uploads\/2026\/01\/Izraelska-vojska-IDF-foto-AP.webp","keywords":["Izrael","Liban","Novi napadi"],"articleSection":["Svijet"],"inLanguage":"en-GB","potentialAction":[{"@type":"CommentAction","name":"Comment","target":["https:\/\/dmcsrb.com\/svijet\/izrael-prijeti-novim-napadima-na-liban\/#respond"]}]},{"@type":"WebPage","@id":"https:\/\/dmcsrb.com\/svijet\/izrael-prijeti-novim-napadima-na-liban\/","url":"https:\/\/dmcsrb.com\/svijet\/izrael-prijeti-novim-napadima-na-liban\/","name":"Izrael prijeti novim napadima na Liban - dmcsrb.com","isPartOf":{"@id":"https:\/\/dmcsrb.com\/#website"},"primaryImageOfPage":{"@id":"https:\/\/dmcsrb.com\/svijet\/izrael-prijeti-novim-napadima-na-liban\/#primaryimage"},"image":{"@id":"https:\/\/dmcsrb.com\/svijet\/izrael-prijeti-novim-napadima-na-liban\/#primaryimage"},"thumbnailUrl":"https:\/\/dmcsrb.com\/wp-content\/uploads\/2026\/01\/Izraelska-vojska-IDF-foto-AP.webp","datePublished":"2025-11-26T14:50:00+00:00","author":{"@id":"https:\/\/dmcsrb.com\/#\/schema\/person\/5c39170f12db1b8b457732d0b5c854e2"},"breadcrumb":{"@id":"https:\/\/dmcsrb.com\/svijet\/izrael-prijeti-novim-napadima-na-liban\/#breadcrumb"},"inLanguage":"en-GB","potentialAction":[{"@type":"ReadAction","target":["https:\/\/dmcsrb.com\/svijet\/izrael-prijeti-novim-napadima-na-liban\/"]}]},{"@type":"ImageObject","inLanguage":"en-GB","@id":"https:\/\/dmcsrb.com\/svijet\/izrael-prijeti-novim-napadima-na-liban\/#primaryimage","url":"https:\/\/dmcsrb.com\/wp-content\/uploads\/2026\/01\/Izraelska-vojska-IDF-foto-AP.webp","contentUrl":"https:\/\/dmcsrb.com\/wp-content\/uploads\/2026\/01\/Izraelska-vojska-IDF-foto-AP.webp","width":1013,"height":667},{"@type":"BreadcrumbList","@id":"https:\/\/dmcsrb.com\/svijet\/izrael-prijeti-novim-napadima-na-liban\/#breadcrumb","itemListElement":[{"@type":"ListItem","position":1,"name":"Home","item":"https:\/\/dmcsrb.com\/"},{"@type":"ListItem","position":2,"name":"Izrael prijeti novim napadima na Liban"}]},{"@type":"WebSite","@id":"https:\/\/dmcsrb.com\/#website","url":"https:\/\/dmcsrb.com\/","name":"dmcsrb.com","description":"","potentialAction":[{"@type":"SearchAction","target":{"@type":"EntryPoint","urlTemplate":"https:\/\/dmcsrb.com\/?s={search_term_string}"},"query-input":{"@type":"PropertyValueSpecification","valueRequired":true,"valueName":"search_term_string"}}],"inLanguage":"en-GB"},{"@type":"Person","@id":"https:\/\/dmcsrb.com\/#\/schema\/person\/5c39170f12db1b8b457732d0b5c854e2","name":"dmcsrbija.com@gmail.com","image":{"@type":"ImageObject","inLanguage":"en-GB","@id":"https:\/\/secure.gravatar.com\/avatar\/68592660ad6347fad0fb587f8d5d8f1a7b44961362f56e4f2cd524feb87e9069?s=96&d=mm&r=g","url":"https:\/\/secure.gravatar.com\/avatar\/68592660ad6347fad0fb587f8d5d8f1a7b44961362f56e4f2cd524feb87e9069?s=96&d=mm&r=g","contentUrl":"https:\/\/secure.gravatar.com\/avatar\/68592660ad6347fad0fb587f8d5d8f1a7b44961362f56e4f2cd524feb87e9069?s=96&d=mm&r=g","caption":"dmcsrbija.com@gmail.com"},"sameAs":["https:\/\/dmcsrb.com"],"url":"https:\/\/dmcsrb.com\/en\/author\/dmcsrbija-comgmail-com\/"}]}},"_links":{"self":[{"href":"https:\/\/dmcsrb.com\/en\/wp-json\/wp\/v2\/posts\/965845","targetHints":{"allow":["GET"]}}],"collection":[{"href":"https:\/\/dmcsrb.com\/en\/wp-json\/wp\/v2\/posts"}],"about":[{"href":"https:\/\/dmcsrb.com\/en\/wp-json\/wp\/v2\/types\/post"}],"author":[{"embeddable":true,"href":"https:\/\/dmcsrb.com\/en\/wp-json\/wp\/v2\/users\/1"}],"replies":[{"embeddable":true,"href":"https:\/\/dmcsrb.com\/en\/wp-json\/wp\/v2\/comments?post=965845"}],"version-history":[{"count":0,"href":"https:\/\/dmcsrb.com\/en\/wp-json\/wp\/v2\/posts\/965845\/revisions"}],"wp:featuredmedia":[{"embeddable":true,"href":"https:\/\/dmcsrb.com\/en\/wp-json\/wp\/v2\/media\/948944"}],"wp:attachment":[{"href":"https:\/\/dmcsrb.com\/en\/wp-json\/wp\/v2\/media?parent=965845"}],"wp:term":[{"taxonomy":"category","embeddable":true,"href":"https:\/\/dmcsrb.com\/en\/wp-json\/wp\/v2\/categories?post=965845"},{"taxonomy":"post_tag","embeddable":true,"href":"https:\/\/dmcsrb.com\/en\/wp-json\/wp\/v2\/tags?post=965845"},{"taxonomy":"naslovna","embeddable":true,"href":"https:\/\/dmcsrb.com\/en\/wp-json\/wp\/v2\/naslovna?post=965845"}],"curies":[{"name":"wp","href":"https:\/\/api.w.org\/{rel}","templated":true}]}}