{"id":965797,"date":"2025-11-26T13:01:00","date_gmt":"2025-11-26T12:01:00","guid":{"rendered":"https:\/\/dmcsrb.com\/uncategorized\/ibrahimovic-kraus-crna-gora-ostaje-konstruktivan-i-pouzdan-partner-un-sistema\/"},"modified":"2025-11-26T13:01:00","modified_gmt":"2025-11-26T12:01:00","slug":"ibrahimovic-kraus-crna-gora-ostaje-konstruktivan-i-pouzdan-partner-un-sistema","status":"publish","type":"post","link":"https:\/\/dmcsrb.com\/en\/politika\/ibrahimovic-kraus-crna-gora-ostaje-konstruktivan-i-pouzdan-partner-un-sistema\/","title":{"rendered":"Ibrahimovi\u0107-Kraus: Crna Gora ostaje konstruktivan i pouzdan partner UN sistema"},"content":{"rendered":"<p><\/p>\n\n\n\n<p>Tokom razgovora, kako je saop\u0161teno iz ministarstva, Ibrahimovi\u0107 je zahvalio na njenom li\u010dnom anga\u017emanu tokom proteklog perioda i po\u017eelio uspjeh u daljem radu, uz zahvalnost UNHCR-u na dugogodi\u0161njoj i sna\u017enoj podr\u0161ci Crnoj Gori i njenim institucijama u ja\u010danju sistema za\u0161tite izbjeglica, lica bez dr\u017eavljanstva i upravljanja migracijama. Posebno je naglasio ulogu Kancelarije UNHCR-a u Podgorici u unapre\u0111enju institucionalnih standarda, tehni\u010dke ekspertize i ukupne otpornosti sistema.<\/p>\n\n\n\n<figure class=\"wp-block-image\"><a class=\"se__anchor image-popup-vertical-fit\" href=\"https:\/\/static.dan.co.me\/images\/slike\/new\/2025\/11\/26\/2040078.jpg\"><img decoding=\"async\" src=\"https:\/\/static.dan.co.me\/images\/slike\/new\/2025\/11\/26\/2040078.jpg?1764159036\" alt=\"image\"\/><\/a><\/figure>\n\n\n\n<p>Osvrnuv\u0161i se na odluku UNHCR-a da zatvori vi\u0161e svojih kancelarija, uklju\u010duju\u0107i i onu u Crnoj Gori, Ibrahimovi\u0107 je ukazao na razumijevanje razloga za takav korak, ocjenjuju\u0107i da je rije\u010d i o potvrdi zrelosti nacionalnih institucija i nivoa razvijenosti koji se o\u010dekuje od dr\u017eave na pragu \u010dlanstva u Evropskoj uniji.<\/p>\n\n\n\n<p>Naglasio je da Crna Gora ostaje konstruktivan i pouzdan partner UN sistema, te da \u0107e se saradnja nastaviti kroz novi model djelovanja.<\/p>\n\n\n\n<p>Privremena otpravnica poslova Kraus ukazala je na posve\u0107enost Crne Gore humanitarnoj agendi i vrijednost dugogodi\u0161nje saradnje sa UNHCR-om, isti\u010du\u0107i da ostvareni rezultati potvr\u0111uju napredak dr\u017eave u oblasti me\u0111unarodne za\u0161tite. Posebno je naglasila doprinos Crne Gore u rje\u0161avanju pitanja apatridije i integraciji raseljenih lica, navode\u0107i da \u0107e se budu\u0107e aktivnosti UNHCR-a odvijati preko regionalnog predstavni\u0161tva u Budimpe\u0161ti, uz odre\u0111eno operativno prisustvo u Podgorici.<\/p>\n\n\n\n<p>Sagovornici su podsjetili na dugu humanitarnu tradiciju Crne Gore, posebno tokom 90- ih godina kada je pru\u017eila uto\u010di\u0161te desetinama hiljada izbjeglica i ostala prepoznata kao sigurno i solidarno okru\u017eenje, \u0161to je doprinijelo daljem ja\u010danju me\u0111unarodnog ugleda na\u0161e dr\u017eave.<\/p>\n\n\n\n<p>Zajedni\u010dki je ocijenjeno da UNHCR ostaje va\u017ean partner Crne Gore u suo\u010davanju sa savremenim humanitarnim izazovima, te da \u0107e se saradnja nastaviti u prilago\u0111enom formatu, uz blisku koordinaciju sa regionalnim i diplomatskim predstavni\u0161tvima Crne<\/p>","protected":false},"excerpt":{"rendered":"<p>Potpredsjednik Vlade i ministar vanjskih poslova Ervin Ibrahimovi\u0107 sastao se sa privremenom otpravnicom poslova \u0161efa Kancelarije UNHCR-a u Crnoj Gori Stefani Kraus, povodom zavr\u0161etka njenog mandata i najavljenih promjena u radu te organizacije.<\/p>","protected":false},"author":1,"featured_media":965798,"comment_status":"open","ping_status":"open","sticky":false,"template":"","format":"standard","meta":{"_acf_changed":false,"footnotes":""},"categories":[12],"tags":[8833,15537,15538],"naslovna":[],"class_list":["post-965797","post","type-post","status-publish","format-standard","has-post-thumbnail","hentry","category-politika","tag-ibrahimovic","tag-kraus","tag-unhcr"],"acf":[],"yoast_head":"<!-- This site is optimized with the Yoast SEO plugin v27.4 - https:\/\/yoast.com\/product\/yoast-seo-wordpress\/ -->\n<title>Ibrahimovi\u0107-Kraus: Crna Gora ostaje konstruktivan i pouzdan partner UN sistema - dmcsrb.com<\/title>\n<meta name=\"robots\" content=\"index, follow, max-snippet:-1, max-image-preview:large, max-video-preview:-1\" \/>\n<link rel=\"canonical\" href=\"https:\/\/dmcsrb.com\/en\/politika\/ibrahimovic-kraus-crna-gora-ostaje-konstruktivan-i-pouzdan-partner-un-sistema\/\" \/>\n<meta property=\"og:locale\" content=\"en_GB\" \/>\n<meta property=\"og:type\" content=\"article\" \/>\n<meta property=\"og:title\" content=\"Ibrahimovi\u0107-Kraus: Crna Gora ostaje konstruktivan i pouzdan partner UN sistema - dmcsrb.com\" \/>\n<meta property=\"og:description\" content=\"Potpredsjednik Vlade i ministar vanjskih poslova Ervin Ibrahimovi\u0107 sastao se sa privremenom otpravnicom poslova \u0161efa Kancelarije UNHCR-a u Crnoj Gori Stefani Kraus, povodom zavr\u0161etka njenog mandata i najavljenih promjena u radu te organizacije.\" \/>\n<meta property=\"og:url\" content=\"https:\/\/dmcsrb.com\/en\/politika\/ibrahimovic-kraus-crna-gora-ostaje-konstruktivan-i-pouzdan-partner-un-sistema\/\" \/>\n<meta property=\"og:site_name\" content=\"dmcsrb.com\" \/>\n<meta property=\"article:published_time\" content=\"2025-11-26T12:01:00+00:00\" \/>\n<meta property=\"og:image\" content=\"https:\/\/dmcsrb.com\/wp-content\/uploads\/2026\/01\/o_2040077_1024.webp\" \/>\n\t<meta property=\"og:image:width\" content=\"1024\" \/>\n\t<meta property=\"og:image:height\" content=\"683\" \/>\n\t<meta property=\"og:image:type\" content=\"image\/jpeg\" \/>\n<meta name=\"author\" content=\"dmcsrbija.com@gmail.com\" \/>\n<meta name=\"twitter:card\" content=\"summary_large_image\" \/>\n<meta name=\"twitter:label1\" content=\"Written by\" \/>\n\t<meta name=\"twitter:data1\" content=\"dmcsrbija.com@gmail.com\" \/>\n\t<meta name=\"twitter:label2\" content=\"Estimated reading time\" \/>\n\t<meta name=\"twitter:data2\" content=\"2 minutes\" \/>\n<script type=\"application\/ld+json\" class=\"yoast-schema-graph\">{\"@context\":\"https:\\\/\\\/schema.org\",\"@graph\":[{\"@type\":\"Article\",\"@id\":\"https:\\\/\\\/dmcsrb.com\\\/politika\\\/ibrahimovic-kraus-crna-gora-ostaje-konstruktivan-i-pouzdan-partner-un-sistema\\\/#article\",\"isPartOf\":{\"@id\":\"https:\\\/\\\/dmcsrb.com\\\/politika\\\/ibrahimovic-kraus-crna-gora-ostaje-konstruktivan-i-pouzdan-partner-un-sistema\\\/\"},\"author\":{\"name\":\"dmcsrbija.com@gmail.com\",\"@id\":\"https:\\\/\\\/dmcsrb.com\\\/#\\\/schema\\\/person\\\/5c39170f12db1b8b457732d0b5c854e2\"},\"headline\":\"Ibrahimovi\u0107-Kraus: Crna Gora ostaje konstruktivan i pouzdan partner UN sistema\",\"datePublished\":\"2025-11-26T12:01:00+00:00\",\"mainEntityOfPage\":{\"@id\":\"https:\\\/\\\/dmcsrb.com\\\/politika\\\/ibrahimovic-kraus-crna-gora-ostaje-konstruktivan-i-pouzdan-partner-un-sistema\\\/\"},\"wordCount\":327,\"commentCount\":0,\"image\":{\"@id\":\"https:\\\/\\\/dmcsrb.com\\\/politika\\\/ibrahimovic-kraus-crna-gora-ostaje-konstruktivan-i-pouzdan-partner-un-sistema\\\/#primaryimage\"},\"thumbnailUrl\":\"https:\\\/\\\/dmcsrb.com\\\/wp-content\\\/uploads\\\/2026\\\/01\\\/o_2040077_1024.webp\",\"keywords\":[\"Ibrahimovi\u0107\",\"kraus\",\"unhcr\"],\"articleSection\":[\"Politika\"],\"inLanguage\":\"en-GB\",\"potentialAction\":[{\"@type\":\"CommentAction\",\"name\":\"Comment\",\"target\":[\"https:\\\/\\\/dmcsrb.com\\\/politika\\\/ibrahimovic-kraus-crna-gora-ostaje-konstruktivan-i-pouzdan-partner-un-sistema\\\/#respond\"]}]},{\"@type\":\"WebPage\",\"@id\":\"https:\\\/\\\/dmcsrb.com\\\/politika\\\/ibrahimovic-kraus-crna-gora-ostaje-konstruktivan-i-pouzdan-partner-un-sistema\\\/\",\"url\":\"https:\\\/\\\/dmcsrb.com\\\/politika\\\/ibrahimovic-kraus-crna-gora-ostaje-konstruktivan-i-pouzdan-partner-un-sistema\\\/\",\"name\":\"Ibrahimovi\u0107-Kraus: Crna Gora ostaje konstruktivan i pouzdan partner UN sistema - dmcsrb.com\",\"isPartOf\":{\"@id\":\"https:\\\/\\\/dmcsrb.com\\\/#website\"},\"primaryImageOfPage\":{\"@id\":\"https:\\\/\\\/dmcsrb.com\\\/politika\\\/ibrahimovic-kraus-crna-gora-ostaje-konstruktivan-i-pouzdan-partner-un-sistema\\\/#primaryimage\"},\"image\":{\"@id\":\"https:\\\/\\\/dmcsrb.com\\\/politika\\\/ibrahimovic-kraus-crna-gora-ostaje-konstruktivan-i-pouzdan-partner-un-sistema\\\/#primaryimage\"},\"thumbnailUrl\":\"https:\\\/\\\/dmcsrb.com\\\/wp-content\\\/uploads\\\/2026\\\/01\\\/o_2040077_1024.webp\",\"datePublished\":\"2025-11-26T12:01:00+00:00\",\"author\":{\"@id\":\"https:\\\/\\\/dmcsrb.com\\\/#\\\/schema\\\/person\\\/5c39170f12db1b8b457732d0b5c854e2\"},\"breadcrumb\":{\"@id\":\"https:\\\/\\\/dmcsrb.com\\\/politika\\\/ibrahimovic-kraus-crna-gora-ostaje-konstruktivan-i-pouzdan-partner-un-sistema\\\/#breadcrumb\"},\"inLanguage\":\"en-GB\",\"potentialAction\":[{\"@type\":\"ReadAction\",\"target\":[\"https:\\\/\\\/dmcsrb.com\\\/politika\\\/ibrahimovic-kraus-crna-gora-ostaje-konstruktivan-i-pouzdan-partner-un-sistema\\\/\"]}]},{\"@type\":\"ImageObject\",\"inLanguage\":\"en-GB\",\"@id\":\"https:\\\/\\\/dmcsrb.com\\\/politika\\\/ibrahimovic-kraus-crna-gora-ostaje-konstruktivan-i-pouzdan-partner-un-sistema\\\/#primaryimage\",\"url\":\"https:\\\/\\\/dmcsrb.com\\\/wp-content\\\/uploads\\\/2026\\\/01\\\/o_2040077_1024.webp\",\"contentUrl\":\"https:\\\/\\\/dmcsrb.com\\\/wp-content\\\/uploads\\\/2026\\\/01\\\/o_2040077_1024.webp\",\"width\":1024,\"height\":683},{\"@type\":\"BreadcrumbList\",\"@id\":\"https:\\\/\\\/dmcsrb.com\\\/politika\\\/ibrahimovic-kraus-crna-gora-ostaje-konstruktivan-i-pouzdan-partner-un-sistema\\\/#breadcrumb\",\"itemListElement\":[{\"@type\":\"ListItem\",\"position\":1,\"name\":\"Home\",\"item\":\"https:\\\/\\\/dmcsrb.com\\\/\"},{\"@type\":\"ListItem\",\"position\":2,\"name\":\"Ibrahimovi\u0107-Kraus: Crna Gora ostaje konstruktivan i pouzdan partner UN sistema\"}]},{\"@type\":\"WebSite\",\"@id\":\"https:\\\/\\\/dmcsrb.com\\\/#website\",\"url\":\"https:\\\/\\\/dmcsrb.com\\\/\",\"name\":\"dmcsrb.com\",\"description\":\"\",\"potentialAction\":[{\"@type\":\"SearchAction\",\"target\":{\"@type\":\"EntryPoint\",\"urlTemplate\":\"https:\\\/\\\/dmcsrb.com\\\/?s={search_term_string}\"},\"query-input\":{\"@type\":\"PropertyValueSpecification\",\"valueRequired\":true,\"valueName\":\"search_term_string\"}}],\"inLanguage\":\"en-GB\"},{\"@type\":\"Person\",\"@id\":\"https:\\\/\\\/dmcsrb.com\\\/#\\\/schema\\\/person\\\/5c39170f12db1b8b457732d0b5c854e2\",\"name\":\"dmcsrbija.com@gmail.com\",\"image\":{\"@type\":\"ImageObject\",\"inLanguage\":\"en-GB\",\"@id\":\"https:\\\/\\\/secure.gravatar.com\\\/avatar\\\/68592660ad6347fad0fb587f8d5d8f1a7b44961362f56e4f2cd524feb87e9069?s=96&d=mm&r=g\",\"url\":\"https:\\\/\\\/secure.gravatar.com\\\/avatar\\\/68592660ad6347fad0fb587f8d5d8f1a7b44961362f56e4f2cd524feb87e9069?s=96&d=mm&r=g\",\"contentUrl\":\"https:\\\/\\\/secure.gravatar.com\\\/avatar\\\/68592660ad6347fad0fb587f8d5d8f1a7b44961362f56e4f2cd524feb87e9069?s=96&d=mm&r=g\",\"caption\":\"dmcsrbija.com@gmail.com\"},\"sameAs\":[\"https:\\\/\\\/dmcsrb.com\"],\"url\":\"https:\\\/\\\/dmcsrb.com\\\/en\\\/author\\\/dmcsrbija-comgmail-com\\\/\"}]}<\/script>\n<!-- \/ Yoast SEO plugin. -->","yoast_head_json":{"title":"Ibrahimovi\u0107-Kraus: Crna Gora ostaje konstruktivan i pouzdan partner UN sistema - dmcsrb.com","robots":{"index":"index","follow":"follow","max-snippet":"max-snippet:-1","max-image-preview":"max-image-preview:large","max-video-preview":"max-video-preview:-1"},"canonical":"https:\/\/dmcsrb.com\/en\/politika\/ibrahimovic-kraus-crna-gora-ostaje-konstruktivan-i-pouzdan-partner-un-sistema\/","og_locale":"en_GB","og_type":"article","og_title":"Ibrahimovi\u0107-Kraus: Crna Gora ostaje konstruktivan i pouzdan partner UN sistema - dmcsrb.com","og_description":"Potpredsjednik Vlade i ministar vanjskih poslova Ervin Ibrahimovi\u0107 sastao se sa privremenom otpravnicom poslova \u0161efa Kancelarije UNHCR-a u Crnoj Gori Stefani Kraus, povodom zavr\u0161etka njenog mandata i najavljenih promjena u radu te organizacije.","og_url":"https:\/\/dmcsrb.com\/en\/politika\/ibrahimovic-kraus-crna-gora-ostaje-konstruktivan-i-pouzdan-partner-un-sistema\/","og_site_name":"dmcsrb.com","article_published_time":"2025-11-26T12:01:00+00:00","og_image":[{"width":1024,"height":683,"url":"https:\/\/dmcsrb.com\/wp-content\/uploads\/2026\/01\/o_2040077_1024.webp","type":"image\/jpeg"}],"author":"dmcsrbija.com@gmail.com","twitter_card":"summary_large_image","twitter_misc":{"Written by":"dmcsrbija.com@gmail.com","Estimated reading time":"2 minutes"},"schema":{"@context":"https:\/\/schema.org","@graph":[{"@type":"Article","@id":"https:\/\/dmcsrb.com\/politika\/ibrahimovic-kraus-crna-gora-ostaje-konstruktivan-i-pouzdan-partner-un-sistema\/#article","isPartOf":{"@id":"https:\/\/dmcsrb.com\/politika\/ibrahimovic-kraus-crna-gora-ostaje-konstruktivan-i-pouzdan-partner-un-sistema\/"},"author":{"name":"dmcsrbija.com@gmail.com","@id":"https:\/\/dmcsrb.com\/#\/schema\/person\/5c39170f12db1b8b457732d0b5c854e2"},"headline":"Ibrahimovi\u0107-Kraus: Crna Gora ostaje konstruktivan i pouzdan partner UN sistema","datePublished":"2025-11-26T12:01:00+00:00","mainEntityOfPage":{"@id":"https:\/\/dmcsrb.com\/politika\/ibrahimovic-kraus-crna-gora-ostaje-konstruktivan-i-pouzdan-partner-un-sistema\/"},"wordCount":327,"commentCount":0,"image":{"@id":"https:\/\/dmcsrb.com\/politika\/ibrahimovic-kraus-crna-gora-ostaje-konstruktivan-i-pouzdan-partner-un-sistema\/#primaryimage"},"thumbnailUrl":"https:\/\/dmcsrb.com\/wp-content\/uploads\/2026\/01\/o_2040077_1024.webp","keywords":["Ibrahimovi\u0107","kraus","unhcr"],"articleSection":["Politika"],"inLanguage":"en-GB","potentialAction":[{"@type":"CommentAction","name":"Comment","target":["https:\/\/dmcsrb.com\/politika\/ibrahimovic-kraus-crna-gora-ostaje-konstruktivan-i-pouzdan-partner-un-sistema\/#respond"]}]},{"@type":"WebPage","@id":"https:\/\/dmcsrb.com\/politika\/ibrahimovic-kraus-crna-gora-ostaje-konstruktivan-i-pouzdan-partner-un-sistema\/","url":"https:\/\/dmcsrb.com\/politika\/ibrahimovic-kraus-crna-gora-ostaje-konstruktivan-i-pouzdan-partner-un-sistema\/","name":"Ibrahimovi\u0107-Kraus: Crna Gora ostaje konstruktivan i pouzdan partner UN sistema - dmcsrb.com","isPartOf":{"@id":"https:\/\/dmcsrb.com\/#website"},"primaryImageOfPage":{"@id":"https:\/\/dmcsrb.com\/politika\/ibrahimovic-kraus-crna-gora-ostaje-konstruktivan-i-pouzdan-partner-un-sistema\/#primaryimage"},"image":{"@id":"https:\/\/dmcsrb.com\/politika\/ibrahimovic-kraus-crna-gora-ostaje-konstruktivan-i-pouzdan-partner-un-sistema\/#primaryimage"},"thumbnailUrl":"https:\/\/dmcsrb.com\/wp-content\/uploads\/2026\/01\/o_2040077_1024.webp","datePublished":"2025-11-26T12:01:00+00:00","author":{"@id":"https:\/\/dmcsrb.com\/#\/schema\/person\/5c39170f12db1b8b457732d0b5c854e2"},"breadcrumb":{"@id":"https:\/\/dmcsrb.com\/politika\/ibrahimovic-kraus-crna-gora-ostaje-konstruktivan-i-pouzdan-partner-un-sistema\/#breadcrumb"},"inLanguage":"en-GB","potentialAction":[{"@type":"ReadAction","target":["https:\/\/dmcsrb.com\/politika\/ibrahimovic-kraus-crna-gora-ostaje-konstruktivan-i-pouzdan-partner-un-sistema\/"]}]},{"@type":"ImageObject","inLanguage":"en-GB","@id":"https:\/\/dmcsrb.com\/politika\/ibrahimovic-kraus-crna-gora-ostaje-konstruktivan-i-pouzdan-partner-un-sistema\/#primaryimage","url":"https:\/\/dmcsrb.com\/wp-content\/uploads\/2026\/01\/o_2040077_1024.webp","contentUrl":"https:\/\/dmcsrb.com\/wp-content\/uploads\/2026\/01\/o_2040077_1024.webp","width":1024,"height":683},{"@type":"BreadcrumbList","@id":"https:\/\/dmcsrb.com\/politika\/ibrahimovic-kraus-crna-gora-ostaje-konstruktivan-i-pouzdan-partner-un-sistema\/#breadcrumb","itemListElement":[{"@type":"ListItem","position":1,"name":"Home","item":"https:\/\/dmcsrb.com\/"},{"@type":"ListItem","position":2,"name":"Ibrahimovi\u0107-Kraus: Crna Gora ostaje konstruktivan i pouzdan partner UN sistema"}]},{"@type":"WebSite","@id":"https:\/\/dmcsrb.com\/#website","url":"https:\/\/dmcsrb.com\/","name":"dmcsrb.com","description":"","potentialAction":[{"@type":"SearchAction","target":{"@type":"EntryPoint","urlTemplate":"https:\/\/dmcsrb.com\/?s={search_term_string}"},"query-input":{"@type":"PropertyValueSpecification","valueRequired":true,"valueName":"search_term_string"}}],"inLanguage":"en-GB"},{"@type":"Person","@id":"https:\/\/dmcsrb.com\/#\/schema\/person\/5c39170f12db1b8b457732d0b5c854e2","name":"dmcsrbija.com@gmail.com","image":{"@type":"ImageObject","inLanguage":"en-GB","@id":"https:\/\/secure.gravatar.com\/avatar\/68592660ad6347fad0fb587f8d5d8f1a7b44961362f56e4f2cd524feb87e9069?s=96&d=mm&r=g","url":"https:\/\/secure.gravatar.com\/avatar\/68592660ad6347fad0fb587f8d5d8f1a7b44961362f56e4f2cd524feb87e9069?s=96&d=mm&r=g","contentUrl":"https:\/\/secure.gravatar.com\/avatar\/68592660ad6347fad0fb587f8d5d8f1a7b44961362f56e4f2cd524feb87e9069?s=96&d=mm&r=g","caption":"dmcsrbija.com@gmail.com"},"sameAs":["https:\/\/dmcsrb.com"],"url":"https:\/\/dmcsrb.com\/en\/author\/dmcsrbija-comgmail-com\/"}]}},"_links":{"self":[{"href":"https:\/\/dmcsrb.com\/en\/wp-json\/wp\/v2\/posts\/965797","targetHints":{"allow":["GET"]}}],"collection":[{"href":"https:\/\/dmcsrb.com\/en\/wp-json\/wp\/v2\/posts"}],"about":[{"href":"https:\/\/dmcsrb.com\/en\/wp-json\/wp\/v2\/types\/post"}],"author":[{"embeddable":true,"href":"https:\/\/dmcsrb.com\/en\/wp-json\/wp\/v2\/users\/1"}],"replies":[{"embeddable":true,"href":"https:\/\/dmcsrb.com\/en\/wp-json\/wp\/v2\/comments?post=965797"}],"version-history":[{"count":0,"href":"https:\/\/dmcsrb.com\/en\/wp-json\/wp\/v2\/posts\/965797\/revisions"}],"wp:featuredmedia":[{"embeddable":true,"href":"https:\/\/dmcsrb.com\/en\/wp-json\/wp\/v2\/media\/965798"}],"wp:attachment":[{"href":"https:\/\/dmcsrb.com\/en\/wp-json\/wp\/v2\/media?parent=965797"}],"wp:term":[{"taxonomy":"category","embeddable":true,"href":"https:\/\/dmcsrb.com\/en\/wp-json\/wp\/v2\/categories?post=965797"},{"taxonomy":"post_tag","embeddable":true,"href":"https:\/\/dmcsrb.com\/en\/wp-json\/wp\/v2\/tags?post=965797"},{"taxonomy":"naslovna","embeddable":true,"href":"https:\/\/dmcsrb.com\/en\/wp-json\/wp\/v2\/naslovna?post=965797"}],"curies":[{"name":"wp","href":"https:\/\/api.w.org\/{rel}","templated":true}]}}