{"id":965786,"date":"2025-11-26T11:51:00","date_gmt":"2025-11-26T10:51:00","guid":{"rendered":"https:\/\/dmcsrb.com\/uncategorized\/ravnopravnost-ne-smije-biti-dekor-moderne-drzave\/"},"modified":"2025-11-26T11:51:00","modified_gmt":"2025-11-26T10:51:00","slug":"ravnopravnost-ne-smije-biti-dekor-moderne-drzave","status":"publish","type":"post","link":"https:\/\/dmcsrb.com\/en\/drustvo\/ravnopravnost-ne-smije-biti-dekor-moderne-drzave\/","title":{"rendered":"Ravnopravnost ne smije biti dekor moderne dr\u017eave"},"content":{"rendered":"<p><\/p>\n\n\n\n<p><\/p>\n\n\n\n<p><\/p>\n\n\n\n<p>Sa konferencije \u201e\u017dena u Crnoj Gori \u2013 Istorijska retrospektiva\u201c poru\u010deno je da ravnopravnost ne smije biti dekor moderne dr\u017eave, ve\u0107 da mora biti njena su\u0161tina i praksa.<\/p>\n\n\n\n<p>Prorektor UCG&nbsp;<strong>Veselin Mi\u0107anovi\u0107<\/strong>&nbsp;kazao je da su \u017eene kroz istoriju i sve epohe bile nositeljke dru\u0161tvenih promjena, a da njihov rad \u010desto nije bio vidljiv.<\/p>\n\n\n\n<p>\u201eSavemena Crna Gora ima obavezu da tu nepravdu ispravi, sistemski, dosljedno i u skladu sa najboljim me\u0111unarodnim standardima\u201c, naglasio je Mi\u0107anovi\u0107.<\/p>\n\n\n\n<p>Kako je kazao, demokratsko dru\u0161tvo ne mo\u017ee biti istinski pravedno sve dok glas \u017eene nije jednako sna\u017ean, pristupan i uva\u017een.<\/p>\n\n\n\n<p>\u201eKao suprug i roditelj \u010detiri \u0107erke, duboko vjerujem u ravnopravnost, ne samo kao dru\u0161tvenu vrijednost, ve\u0107 kao li\u010dnu obavezu\u201c, naveo je Mi\u0107anovi\u0107.<\/p>\n\n\n\n<p>On je istakao da su \u017eene u svim svojim ulogama, kao majke, supruge, \u0107erke, sestre, rukovoditeljke, preduzetnice, nau\u010dnice, politi\u010darke, temelj svakog zdravog, humanog i demokratskog dri\u0161tva.<\/p>\n\n\n\n<p>\u201eNjihova uloga ne smije biti sekundarna, dopunska ili samo tradicionalna, ona je su\u0161tinska, razvojna i civilizacijska\u201c, naglasio je Mi\u0107anovi\u0107.<\/p>\n\n\n\n<p>Kako je rekao, u svijetu koji se ubrzano mijenja, ostaje jedna konstanta \u2013 \u017eene su stub porodice, zajednice i dru\u0161tva.<\/p>\n\n\n\n<p>\u201eI sva tri po\u010divaju na njihovoj snazi, radu i posve\u0107enost. Na\u0161a je du\u017enost da izgradimo Crnu Goru u kojoj \u017eene ne\u0107e morati da biraju izme\u0111u profesionalnog napretka i porodi\u010dne uloge\u201c, kazao je Mi\u0107anovi\u0107.<\/p>\n\n\n\n<p>Prema njegovim rije\u010dima, ravnopravnost ne smije biti dekor moderne dr\u017eave, ve\u0107 njena su\u0161tina i praksa.<\/p>\n\n\n\n<p>\u201eDana\u0161nja konferencija nije samo skup, ona je osnov platforme za promjenu, ova konferencija je prostor da defini\u0161emo nove ciljeve, da otvorimo teme koje su predugo bile u sjenci i iniciramo odluke koje \u0107e imati stvarni uticaj na \u017eivote gra\u0111anki i gra\u0111ana Crne Gore\u201c, naveo je Mi\u0107anovi\u0107.<\/p>\n\n\n\n<p>Pitanje polo\u017eaja \u017eene je, kako je naglasio, pitanje kvaliteta demokratije, stabilnosti zajednice i budu\u0107nosti zemlje.<\/p>\n\n\n\n<p>\u201eHvala majkama koje daruju \u017eivot, snagu i vrijednosti koje traju generacijama, hvala suprugama koje svojim partnerstvom grade stabilnost doma i dru\u0161tva, hvala \u0107erkama koje donose nadu, radost i viziju budu\u0107nosti, hvala svakoj \u017eeni koja tiho ili glasno gradi ovaj svijet\u201c, istakao je Mi\u0107anovi\u0107.<\/p>\n\n\n\n<p>Nezavisna poslanica&nbsp;<strong>Radinka \u0106in\u0107ur<\/strong>&nbsp;kazala je da svaka \u017eena ima pravo na \u017eivot bez straha.<\/p>\n\n\n\n<p>Ona je rekla da 16 dana aktivizma borbe protiv nasilja nad \u017eenama predstavlja \u201cpoziv svima nama da djelujemo, mijenjamo i stvaramo sigurnije dru\u0161tvo\u201c.<\/p>\n\n\n\n<p>\u201eSamo zajedno mo\u017eemo biti pokreta\u010di promjena\u201c, naglasila je \u0106in\u0107ur.<\/p>\n\n\n\n<p>Doktor&nbsp;<strong>Radenko \u0160\u0107eki\u0107<\/strong>&nbsp;iz Istorijskog Institita UCG kazao je da je balkanski prostor sa vjekovnim tradicionalnim i rigidnim patrijahalnim sistemom, u \u010dijoj sr\u017ei su osobine poptut hrabrosti i liderstva, izgradio poseban vid selektivnog po\u0161tovanja \u017eene, ponajprije kao majke, sestre, \u0107erke.<\/p>\n\n\n\n<p>\u201eVjekovima su \u017eene trpjele razne vrste nipoda\u0161tavanja, segragacije i neskriveno, a na momente i veoma agresivno, progona, kroz razna dru\u0161tvena ure\u0111enja i religijsske forme\u201c, naveo je \u0160\u0107eki\u0107.<\/p>\n\n\n\n<p>Kako je rekao, \u017eena je sagledavana kao ni\u017ee bi\u0107e.<\/p>\n\n\n\n<p>\u201eMada i danas uo\u010davamo pojedince, nerijetko i dru\u0161tvene grupe, koji iskazuju primitivizam, negodovanje zbog ro\u0111enja \u017eenskog djeteta\u201c, dodao je \u0160\u0107eki\u0107.<\/p>\n\n\n\n<p>Prema njegovim rije\u010dima, polo\u017eaj i uloga \u017eene u Crnoj Gori pretrpjeli su zna\u010dajnu evoluciju, od tradicionalno patrijarhalnog okru\u017eenja gdje je njena uloga bila dominanantno vezana za doma\u0107instvo, do savremenosti gdje \u017eene zauzimaju zna\u0107ajne pozicije u svim sferama dru\u0161tva.<\/p>\n\n\n\n<p>\u0160\u0107eki\u0107 je rekao da se, kada se govori o anga\u017emanu \u017eena u politici, kao nepisana prepreka uzimaju kulturni obrasci i tradicionalno rodne uloge koje iz njih proizilaze.<\/p>\n\n\n\n<p>\u201eU Crnoj Gori, kao i u regionu, jo\u0161 vlada mi\u0161ljenje da je politika primarno mu\u0161ki posao, dok je ulazak \u017eena u javnu sferu prihvatljiv, ali samo u doziranom, kontrolisanom obimu, kozmeti\u010dki i uglavnom populisti\u010dki\u201c, naveo je \u0160\u0107eki\u0107.<\/p>\n\n\n\n<p>\u010clanica \u017denskog kluba Skup\u0161tine Crne Gore<strong>&nbsp;Aleksandra Despotovi\u0107<\/strong>&nbsp;istakla je da su \u017eene temelj i krov na kojima po\u010diva sada\u0161njost i budu\u0107nost.<\/p>\n\n\n\n<p>\u201eDanas vi\u0161e nego ikada neophodno je osna\u017eiti glas \u017eena i stvoriti ambijent u kojem \u0107e njihova postignu\u0107a biti jednako vidljiva i cijenjena\u201c, rekla je Despotovi\u0107.<\/p>","protected":false},"excerpt":{"rendered":"<p>Uloga \u017eena u crnogorskom dru\u0161tvu ne smije biti sekundarna, dopunska ili samo tradicionalna, ve\u0107 su\u0161tinska, razvojna i civilizacijska, saop\u0161teno je na konferenciji koju je organizovala Skup\u0161tina u saradnji sa Istorijskim institutom Univerziteta Crne Gore (UCG).<\/p>","protected":false},"author":1,"featured_media":962937,"comment_status":"open","ping_status":"open","sticky":false,"template":"","format":"standard","meta":{"_acf_changed":false,"footnotes":""},"categories":[2],"tags":[15533,92,2132],"naslovna":[],"class_list":["post-965786","post","type-post","status-publish","format-standard","has-post-thumbnail","hentry","category-drustvo","tag-micanovic","tag-parlament","tag-zene-2"],"acf":[],"yoast_head":"<!-- This site is optimized with the Yoast SEO plugin v27.4 - https:\/\/yoast.com\/product\/yoast-seo-wordpress\/ -->\n<title>Ravnopravnost ne smije biti dekor moderne dr\u017eave - dmcsrb.com<\/title>\n<meta name=\"robots\" content=\"index, follow, max-snippet:-1, max-image-preview:large, max-video-preview:-1\" \/>\n<link rel=\"canonical\" href=\"https:\/\/dmcsrb.com\/en\/drustvo\/ravnopravnost-ne-smije-biti-dekor-moderne-drzave\/\" \/>\n<meta property=\"og:locale\" content=\"en_GB\" \/>\n<meta property=\"og:type\" content=\"article\" \/>\n<meta property=\"og:title\" content=\"Ravnopravnost ne smije biti dekor moderne dr\u017eave - dmcsrb.com\" \/>\n<meta property=\"og:description\" content=\"Uloga \u017eena u crnogorskom dru\u0161tvu ne smije biti sekundarna, dopunska ili samo tradicionalna, ve\u0107 su\u0161tinska, razvojna i civilizacijska, saop\u0161teno je na konferenciji koju je organizovala Skup\u0161tina u saradnji sa Istorijskim institutom Univerziteta Crne Gore (UCG).\" \/>\n<meta property=\"og:url\" content=\"https:\/\/dmcsrb.com\/en\/drustvo\/ravnopravnost-ne-smije-biti-dekor-moderne-drzave\/\" \/>\n<meta property=\"og:site_name\" content=\"dmcsrb.com\" \/>\n<meta property=\"article:published_time\" content=\"2025-11-26T10:51:00+00:00\" \/>\n<meta property=\"og:image\" content=\"https:\/\/dmcsrb.com\/wp-content\/uploads\/2026\/01\/skupstina-2.webp\" \/>\n\t<meta property=\"og:image:width\" content=\"1867\" \/>\n\t<meta property=\"og:image:height\" content=\"791\" \/>\n\t<meta property=\"og:image:type\" content=\"image\/jpeg\" \/>\n<meta name=\"author\" content=\"dmcsrbija.com@gmail.com\" \/>\n<meta name=\"twitter:card\" content=\"summary_large_image\" \/>\n<meta name=\"twitter:label1\" content=\"Written by\" \/>\n\t<meta name=\"twitter:data1\" content=\"dmcsrbija.com@gmail.com\" \/>\n\t<meta name=\"twitter:label2\" content=\"Estimated reading time\" \/>\n\t<meta name=\"twitter:data2\" content=\"4 minutes\" \/>\n<script type=\"application\/ld+json\" class=\"yoast-schema-graph\">{\"@context\":\"https:\\\/\\\/schema.org\",\"@graph\":[{\"@type\":\"Article\",\"@id\":\"https:\\\/\\\/dmcsrb.com\\\/drustvo\\\/ravnopravnost-ne-smije-biti-dekor-moderne-drzave\\\/#article\",\"isPartOf\":{\"@id\":\"https:\\\/\\\/dmcsrb.com\\\/drustvo\\\/ravnopravnost-ne-smije-biti-dekor-moderne-drzave\\\/\"},\"author\":{\"name\":\"dmcsrbija.com@gmail.com\",\"@id\":\"https:\\\/\\\/dmcsrb.com\\\/#\\\/schema\\\/person\\\/5c39170f12db1b8b457732d0b5c854e2\"},\"headline\":\"Ravnopravnost ne smije biti dekor moderne dr\u017eave\",\"datePublished\":\"2025-11-26T10:51:00+00:00\",\"mainEntityOfPage\":{\"@id\":\"https:\\\/\\\/dmcsrb.com\\\/drustvo\\\/ravnopravnost-ne-smije-biti-dekor-moderne-drzave\\\/\"},\"wordCount\":713,\"commentCount\":0,\"image\":{\"@id\":\"https:\\\/\\\/dmcsrb.com\\\/drustvo\\\/ravnopravnost-ne-smije-biti-dekor-moderne-drzave\\\/#primaryimage\"},\"thumbnailUrl\":\"https:\\\/\\\/dmcsrb.com\\\/wp-content\\\/uploads\\\/2026\\\/01\\\/skupstina-2.webp\",\"keywords\":[\"Mi\u0107anovi\u0107\",\"parlament\",\"\u017eene\"],\"articleSection\":[\"Dru\u0161tvo\"],\"inLanguage\":\"en-GB\",\"potentialAction\":[{\"@type\":\"CommentAction\",\"name\":\"Comment\",\"target\":[\"https:\\\/\\\/dmcsrb.com\\\/drustvo\\\/ravnopravnost-ne-smije-biti-dekor-moderne-drzave\\\/#respond\"]}]},{\"@type\":\"WebPage\",\"@id\":\"https:\\\/\\\/dmcsrb.com\\\/drustvo\\\/ravnopravnost-ne-smije-biti-dekor-moderne-drzave\\\/\",\"url\":\"https:\\\/\\\/dmcsrb.com\\\/drustvo\\\/ravnopravnost-ne-smije-biti-dekor-moderne-drzave\\\/\",\"name\":\"Ravnopravnost ne smije biti dekor moderne dr\u017eave - dmcsrb.com\",\"isPartOf\":{\"@id\":\"https:\\\/\\\/dmcsrb.com\\\/#website\"},\"primaryImageOfPage\":{\"@id\":\"https:\\\/\\\/dmcsrb.com\\\/drustvo\\\/ravnopravnost-ne-smije-biti-dekor-moderne-drzave\\\/#primaryimage\"},\"image\":{\"@id\":\"https:\\\/\\\/dmcsrb.com\\\/drustvo\\\/ravnopravnost-ne-smije-biti-dekor-moderne-drzave\\\/#primaryimage\"},\"thumbnailUrl\":\"https:\\\/\\\/dmcsrb.com\\\/wp-content\\\/uploads\\\/2026\\\/01\\\/skupstina-2.webp\",\"datePublished\":\"2025-11-26T10:51:00+00:00\",\"author\":{\"@id\":\"https:\\\/\\\/dmcsrb.com\\\/#\\\/schema\\\/person\\\/5c39170f12db1b8b457732d0b5c854e2\"},\"breadcrumb\":{\"@id\":\"https:\\\/\\\/dmcsrb.com\\\/drustvo\\\/ravnopravnost-ne-smije-biti-dekor-moderne-drzave\\\/#breadcrumb\"},\"inLanguage\":\"en-GB\",\"potentialAction\":[{\"@type\":\"ReadAction\",\"target\":[\"https:\\\/\\\/dmcsrb.com\\\/drustvo\\\/ravnopravnost-ne-smije-biti-dekor-moderne-drzave\\\/\"]}]},{\"@type\":\"ImageObject\",\"inLanguage\":\"en-GB\",\"@id\":\"https:\\\/\\\/dmcsrb.com\\\/drustvo\\\/ravnopravnost-ne-smije-biti-dekor-moderne-drzave\\\/#primaryimage\",\"url\":\"https:\\\/\\\/dmcsrb.com\\\/wp-content\\\/uploads\\\/2026\\\/01\\\/skupstina-2.webp\",\"contentUrl\":\"https:\\\/\\\/dmcsrb.com\\\/wp-content\\\/uploads\\\/2026\\\/01\\\/skupstina-2.webp\",\"width\":1867,\"height\":791},{\"@type\":\"BreadcrumbList\",\"@id\":\"https:\\\/\\\/dmcsrb.com\\\/drustvo\\\/ravnopravnost-ne-smije-biti-dekor-moderne-drzave\\\/#breadcrumb\",\"itemListElement\":[{\"@type\":\"ListItem\",\"position\":1,\"name\":\"Home\",\"item\":\"https:\\\/\\\/dmcsrb.com\\\/\"},{\"@type\":\"ListItem\",\"position\":2,\"name\":\"Ravnopravnost ne smije biti dekor moderne dr\u017eave\"}]},{\"@type\":\"WebSite\",\"@id\":\"https:\\\/\\\/dmcsrb.com\\\/#website\",\"url\":\"https:\\\/\\\/dmcsrb.com\\\/\",\"name\":\"dmcsrb.com\",\"description\":\"\",\"potentialAction\":[{\"@type\":\"SearchAction\",\"target\":{\"@type\":\"EntryPoint\",\"urlTemplate\":\"https:\\\/\\\/dmcsrb.com\\\/?s={search_term_string}\"},\"query-input\":{\"@type\":\"PropertyValueSpecification\",\"valueRequired\":true,\"valueName\":\"search_term_string\"}}],\"inLanguage\":\"en-GB\"},{\"@type\":\"Person\",\"@id\":\"https:\\\/\\\/dmcsrb.com\\\/#\\\/schema\\\/person\\\/5c39170f12db1b8b457732d0b5c854e2\",\"name\":\"dmcsrbija.com@gmail.com\",\"image\":{\"@type\":\"ImageObject\",\"inLanguage\":\"en-GB\",\"@id\":\"https:\\\/\\\/secure.gravatar.com\\\/avatar\\\/68592660ad6347fad0fb587f8d5d8f1a7b44961362f56e4f2cd524feb87e9069?s=96&d=mm&r=g\",\"url\":\"https:\\\/\\\/secure.gravatar.com\\\/avatar\\\/68592660ad6347fad0fb587f8d5d8f1a7b44961362f56e4f2cd524feb87e9069?s=96&d=mm&r=g\",\"contentUrl\":\"https:\\\/\\\/secure.gravatar.com\\\/avatar\\\/68592660ad6347fad0fb587f8d5d8f1a7b44961362f56e4f2cd524feb87e9069?s=96&d=mm&r=g\",\"caption\":\"dmcsrbija.com@gmail.com\"},\"sameAs\":[\"https:\\\/\\\/dmcsrb.com\"],\"url\":\"https:\\\/\\\/dmcsrb.com\\\/en\\\/author\\\/dmcsrbija-comgmail-com\\\/\"}]}<\/script>\n<!-- \/ Yoast SEO plugin. -->","yoast_head_json":{"title":"Ravnopravnost ne smije biti dekor moderne dr\u017eave - dmcsrb.com","robots":{"index":"index","follow":"follow","max-snippet":"max-snippet:-1","max-image-preview":"max-image-preview:large","max-video-preview":"max-video-preview:-1"},"canonical":"https:\/\/dmcsrb.com\/en\/drustvo\/ravnopravnost-ne-smije-biti-dekor-moderne-drzave\/","og_locale":"en_GB","og_type":"article","og_title":"Ravnopravnost ne smije biti dekor moderne dr\u017eave - dmcsrb.com","og_description":"Uloga \u017eena u crnogorskom dru\u0161tvu ne smije biti sekundarna, dopunska ili samo tradicionalna, ve\u0107 su\u0161tinska, razvojna i civilizacijska, saop\u0161teno je na konferenciji koju je organizovala Skup\u0161tina u saradnji sa Istorijskim institutom Univerziteta Crne Gore (UCG).","og_url":"https:\/\/dmcsrb.com\/en\/drustvo\/ravnopravnost-ne-smije-biti-dekor-moderne-drzave\/","og_site_name":"dmcsrb.com","article_published_time":"2025-11-26T10:51:00+00:00","og_image":[{"width":1867,"height":791,"url":"https:\/\/dmcsrb.com\/wp-content\/uploads\/2026\/01\/skupstina-2.webp","type":"image\/jpeg"}],"author":"dmcsrbija.com@gmail.com","twitter_card":"summary_large_image","twitter_misc":{"Written by":"dmcsrbija.com@gmail.com","Estimated reading time":"4 minutes"},"schema":{"@context":"https:\/\/schema.org","@graph":[{"@type":"Article","@id":"https:\/\/dmcsrb.com\/drustvo\/ravnopravnost-ne-smije-biti-dekor-moderne-drzave\/#article","isPartOf":{"@id":"https:\/\/dmcsrb.com\/drustvo\/ravnopravnost-ne-smije-biti-dekor-moderne-drzave\/"},"author":{"name":"dmcsrbija.com@gmail.com","@id":"https:\/\/dmcsrb.com\/#\/schema\/person\/5c39170f12db1b8b457732d0b5c854e2"},"headline":"Ravnopravnost ne smije biti dekor moderne dr\u017eave","datePublished":"2025-11-26T10:51:00+00:00","mainEntityOfPage":{"@id":"https:\/\/dmcsrb.com\/drustvo\/ravnopravnost-ne-smije-biti-dekor-moderne-drzave\/"},"wordCount":713,"commentCount":0,"image":{"@id":"https:\/\/dmcsrb.com\/drustvo\/ravnopravnost-ne-smije-biti-dekor-moderne-drzave\/#primaryimage"},"thumbnailUrl":"https:\/\/dmcsrb.com\/wp-content\/uploads\/2026\/01\/skupstina-2.webp","keywords":["Mi\u0107anovi\u0107","parlament","\u017eene"],"articleSection":["Dru\u0161tvo"],"inLanguage":"en-GB","potentialAction":[{"@type":"CommentAction","name":"Comment","target":["https:\/\/dmcsrb.com\/drustvo\/ravnopravnost-ne-smije-biti-dekor-moderne-drzave\/#respond"]}]},{"@type":"WebPage","@id":"https:\/\/dmcsrb.com\/drustvo\/ravnopravnost-ne-smije-biti-dekor-moderne-drzave\/","url":"https:\/\/dmcsrb.com\/drustvo\/ravnopravnost-ne-smije-biti-dekor-moderne-drzave\/","name":"Ravnopravnost ne smije biti dekor moderne dr\u017eave - dmcsrb.com","isPartOf":{"@id":"https:\/\/dmcsrb.com\/#website"},"primaryImageOfPage":{"@id":"https:\/\/dmcsrb.com\/drustvo\/ravnopravnost-ne-smije-biti-dekor-moderne-drzave\/#primaryimage"},"image":{"@id":"https:\/\/dmcsrb.com\/drustvo\/ravnopravnost-ne-smije-biti-dekor-moderne-drzave\/#primaryimage"},"thumbnailUrl":"https:\/\/dmcsrb.com\/wp-content\/uploads\/2026\/01\/skupstina-2.webp","datePublished":"2025-11-26T10:51:00+00:00","author":{"@id":"https:\/\/dmcsrb.com\/#\/schema\/person\/5c39170f12db1b8b457732d0b5c854e2"},"breadcrumb":{"@id":"https:\/\/dmcsrb.com\/drustvo\/ravnopravnost-ne-smije-biti-dekor-moderne-drzave\/#breadcrumb"},"inLanguage":"en-GB","potentialAction":[{"@type":"ReadAction","target":["https:\/\/dmcsrb.com\/drustvo\/ravnopravnost-ne-smije-biti-dekor-moderne-drzave\/"]}]},{"@type":"ImageObject","inLanguage":"en-GB","@id":"https:\/\/dmcsrb.com\/drustvo\/ravnopravnost-ne-smije-biti-dekor-moderne-drzave\/#primaryimage","url":"https:\/\/dmcsrb.com\/wp-content\/uploads\/2026\/01\/skupstina-2.webp","contentUrl":"https:\/\/dmcsrb.com\/wp-content\/uploads\/2026\/01\/skupstina-2.webp","width":1867,"height":791},{"@type":"BreadcrumbList","@id":"https:\/\/dmcsrb.com\/drustvo\/ravnopravnost-ne-smije-biti-dekor-moderne-drzave\/#breadcrumb","itemListElement":[{"@type":"ListItem","position":1,"name":"Home","item":"https:\/\/dmcsrb.com\/"},{"@type":"ListItem","position":2,"name":"Ravnopravnost ne smije biti dekor moderne dr\u017eave"}]},{"@type":"WebSite","@id":"https:\/\/dmcsrb.com\/#website","url":"https:\/\/dmcsrb.com\/","name":"dmcsrb.com","description":"","potentialAction":[{"@type":"SearchAction","target":{"@type":"EntryPoint","urlTemplate":"https:\/\/dmcsrb.com\/?s={search_term_string}"},"query-input":{"@type":"PropertyValueSpecification","valueRequired":true,"valueName":"search_term_string"}}],"inLanguage":"en-GB"},{"@type":"Person","@id":"https:\/\/dmcsrb.com\/#\/schema\/person\/5c39170f12db1b8b457732d0b5c854e2","name":"dmcsrbija.com@gmail.com","image":{"@type":"ImageObject","inLanguage":"en-GB","@id":"https:\/\/secure.gravatar.com\/avatar\/68592660ad6347fad0fb587f8d5d8f1a7b44961362f56e4f2cd524feb87e9069?s=96&d=mm&r=g","url":"https:\/\/secure.gravatar.com\/avatar\/68592660ad6347fad0fb587f8d5d8f1a7b44961362f56e4f2cd524feb87e9069?s=96&d=mm&r=g","contentUrl":"https:\/\/secure.gravatar.com\/avatar\/68592660ad6347fad0fb587f8d5d8f1a7b44961362f56e4f2cd524feb87e9069?s=96&d=mm&r=g","caption":"dmcsrbija.com@gmail.com"},"sameAs":["https:\/\/dmcsrb.com"],"url":"https:\/\/dmcsrb.com\/en\/author\/dmcsrbija-comgmail-com\/"}]}},"_links":{"self":[{"href":"https:\/\/dmcsrb.com\/en\/wp-json\/wp\/v2\/posts\/965786","targetHints":{"allow":["GET"]}}],"collection":[{"href":"https:\/\/dmcsrb.com\/en\/wp-json\/wp\/v2\/posts"}],"about":[{"href":"https:\/\/dmcsrb.com\/en\/wp-json\/wp\/v2\/types\/post"}],"author":[{"embeddable":true,"href":"https:\/\/dmcsrb.com\/en\/wp-json\/wp\/v2\/users\/1"}],"replies":[{"embeddable":true,"href":"https:\/\/dmcsrb.com\/en\/wp-json\/wp\/v2\/comments?post=965786"}],"version-history":[{"count":0,"href":"https:\/\/dmcsrb.com\/en\/wp-json\/wp\/v2\/posts\/965786\/revisions"}],"wp:featuredmedia":[{"embeddable":true,"href":"https:\/\/dmcsrb.com\/en\/wp-json\/wp\/v2\/media\/962937"}],"wp:attachment":[{"href":"https:\/\/dmcsrb.com\/en\/wp-json\/wp\/v2\/media?parent=965786"}],"wp:term":[{"taxonomy":"category","embeddable":true,"href":"https:\/\/dmcsrb.com\/en\/wp-json\/wp\/v2\/categories?post=965786"},{"taxonomy":"post_tag","embeddable":true,"href":"https:\/\/dmcsrb.com\/en\/wp-json\/wp\/v2\/tags?post=965786"},{"taxonomy":"naslovna","embeddable":true,"href":"https:\/\/dmcsrb.com\/en\/wp-json\/wp\/v2\/naslovna?post=965786"}],"curies":[{"name":"wp","href":"https:\/\/api.w.org\/{rel}","templated":true}]}}