{"id":965779,"date":"2025-11-26T11:12:33","date_gmt":"2025-11-26T10:12:33","guid":{"rendered":"https:\/\/dmcsrb.com\/uncategorized\/crna-gora-pred-zatvaranjem-poglavlja-4\/"},"modified":"2025-11-26T11:12:33","modified_gmt":"2025-11-26T10:12:33","slug":"crna-gora-pred-zatvaranjem-poglavlja-4","status":"publish","type":"post","link":"https:\/\/dmcsrb.com\/en\/nekategorisano\/crna-gora-pred-zatvaranjem-poglavlja-4\/","title":{"rendered":"Crna Gora pred zatvaranjem Poglavlja 4"},"content":{"rendered":"<p><\/p>\n\n\n\n<p><\/p>\n\n\n\n<p>Ona je objasnila da se Poglavlje 4 \u2013 Sloboda kretanja kapitala odnosi na transakcije koje su povezane sa novcem i sa finansijskim instrumentima izme\u0111u zemalja, a te transakcije su u vezi sa investicijama i trgovinom.<\/p>\n\n\n\n<p>\u201eU tom kontekstu, tipovi kretanja kapitala mogu biti direktne investicije. To su investicije u preduze\u0107a, firme, nekretnine u drugim zemljama. Mogu da budu portfolio investicije. To su investicije u hartije vrijednosti, dakle akcije ili obveznice. I mogu da budu kreditni poslovi i zajmovi, odnosno, to su krediti koje odobravaju banke i me\u0111unarodne finansijske institucije\u201c, rekla je Bo\u0161kovi\u0107 u intervjuu agenciji Mina-business.<\/p>\n\n\n\n<p>Na pitanje koji su bili klju\u010dni izazovi tokom trajanja procesa pregovora, Bo\u0161kovi\u0107 je objasnila da je Poglavlje 4 jedno od rijetkih gdje nije bilo posebnih sistemskih izazova.<\/p>\n\n\n\n<p>Ona je podsjetila da je Crna Gora donijela Zakon o teku\u0107im i kapitalnim poslovima sa inostranstvom jo\u0161 2005. godine, kojim je potpuno liberalizovala sva teku\u0107a i kapitalna kretanja.<\/p>\n\n\n\n<p>\u201eSama \u010dinjenica da mi za zatvaranje ovog poglavlja nijesmo morali da mijenjamo taj zakon, govori o tome da smo taj re\u017eim zaista i uspostavili po\u010dev od 2005. Tako da sve ovo \u0161to se de\u0161avalo dalje je bilo samo fino pode\u0161avanje i neke mo\u017eda manje izmjene pojedinih zakona koji su predstavljali okvir za slobodu kretanja kapitala u Crnoj Gori i naravno ovo \u0161to podrazumijeva oblast platnog prometa i spre\u010davanja pranja novca, \u0161to je moralo da se usagla\u0161ava jer su u me\u0111uvremenu i na nivou EU donesene nove regulative\u201c, rekla je Bo\u0161kovi\u0107.<\/p>\n\n\n\n<p>Predstavnik Centralne banke (CBCG) i \u010dlan pregovara\u010dke radne grupe, Andrija Jovovi\u0107, osvrnuo se na ispunjenje obaveza u okviru Poglavlja 4 u oblasti platnog prometa, isti\u010du\u0107i da je ta oblast imala klju\u010dnu ulogu, jer upravo kvalitet, stabilnost i uskla\u0111enost platne infrastrukture omogu\u0107ava da kapital te\u010de nesmetano, efikasno i sigurnim kanalima.<\/p>\n\n\n\n<p>Prema njegovim rije\u010dima, u prethodnom periodu je primjetan veoma intenzivan period uskla\u0111ivanja, odnosno modernizacije platnog sistema, koji je, pored tehni\u010dkog, podrazumijevao i potrebu regulatornog usagla\u0161avanja.<\/p>\n\n\n\n<p>\u201eSve ove aktivnosti koje smo sproveli su strate\u0161ke i one pokazuju opredijeljenost Crne Gore da obezbijedi efikasno kretanje kapitala, \u0161to je sama su\u0161tina ovog poglavlja. I to je dokaz da Crna Gora ulazi u zavr\u0161nu fazu pregovora sa funkcionalnim, efikasnim i evropski uskla\u0111enim platnim sistemima\u201c, smatra Jovovi\u0107.<\/p>\n\n\n\n<p>Crna Gora je po\u010detkom oktobra postala \u010dlanica SEPA sistema &#8211; jedinstvenog podru\u010dja pla\u0107anja u eurima, koji predstavlja inicijativu EU da pojednostavi i standardizuje platne transakcije, omogu\u0107avaju\u0107i br\u017ee, jeftinije i sigurnije uplate i isplate u eurima izme\u0111u zemalja \u010dlanica. Jovovi\u0107 je naglasio da je pridru\u017eivanja Crne Gore SEPA zoni jedan je od najvidljivijih i najkonkretnijih reformskih procesa u okviru Poglavlja 4.<\/p>\n\n\n\n<p>\u201eTo je jedan od segmenata koji najdirektnije uti\u010de na svakodnevni \u017eivot na\u0161ih gra\u0111ana i funkcionisanje privrede. SEPA je omogu\u0107ila da pla\u0107anja u eurima se obavljaju potpuno isto, bez obzira da li transakcije obavljate prema bilo kojoj dr\u017eavi \u010dlanici EU ili SEPA podru\u010dju\u201c, dodao je Jovovi\u0107.<\/p>\n\n\n\n<p>Prema njegovim rije\u010dima, SEPA je donijela konkretne benefite za gra\u0111ane i privredu u smislu br\u017eih, jednostavnijih i zna\u010dajno jeftinijih provizija nego \u0161to je to bilo ranije, iz razloga \u0161to je SEPA uvela standardizaciju koja skra\u0107uje vrijeme izvr\u0161avanja i elimini\u0161e sve one dodatne tro\u0161kove koji su se ranije javljali kroz posredni\u010dko bankarstvo.<\/p>\n\n\n\n<p>\u201eSami osje\u0107aj da fizi\u010dka granica u prenosu novca prakti\u010dno vi\u0161e ne postoji, predstavlja su\u0161tinu evropske slobode kretanja kapitala\u201c, rekao je Jovovi\u0107.<\/p>\n\n\n\n<p>On je dodao da je za privredu ovo jo\u0161 va\u017eniji iskorak, jer kompanije iz Crne Gore sada funkcioni\u0161u po istim pravilima kao i konkurentske firme u EU.<\/p>\n\n\n\n<p>Jovovi\u0107 je istakao da SEPA nije bila samo tehni\u010dko usagla\u0161avanje, ve\u0107 proces integracije i ulazak u evropsko finansijsko otr\u017ei\u0161te.<\/p>\n\n\n\n<p>\u201eMi smo 7. oktobra, kada su po\u010dele da se izvr\u0161avaju prve SEPA platne transakcije, postali dio EU mnogo prije punopravnog \u010dlanstva koje je planirano za 2028. I SEPA je upravo najbolji prakti\u010dni primjer benefita koje donosi punopravno \u010dlanstvo &#8211; slobodno, jednostavno i sigurno kretanje kapitala bez administrativnih barijera. Ono \u0161to \u010desto ponavljamo u zadnje vrijeme jeste da SEPA u procesu evropskih integracija predstavlja onu tihu revoluciju, jer bez mnogo buke donosi konkretne benefite i mijenja na\u010din na koju funkcioni\u0161u pla\u0107anja\u201c, rekao je Jovovi\u0107.<\/p>\n\n\n\n<p>Komentari\u0161u\u0107i naredne korake u oblasti platnog prometa i nove usluge i infrastrukturu koji se planiraju, Jovovi\u0107 je najavio da ulazimo u jednu fazu u kojoj Crna Gora uvodi rje\u0161enja koja predstavljaju savremeni evropski vrh.<\/p>\n\n\n\n<p>\u201eRije\u010d je o uvo\u0111enju sistema za instant pla\u0107anja koje sprovodimo kroz projekat TIPS Clon u saradnji sa Bankom Italije, Evropskom centralnom bankom (ECB) i Svjetskom bankom (SB). Kroz prvu fazu uve\u0161\u0107emo instant pla\u0107anja za nacionalne platne transakcije. Zna\u010di, nema vi\u0161e \u010dekanja do sjutra. Transakcije se izvr\u0161avaju odmah i sredstva su na raspolaganju klijentima na ra\u010dunima u roku od nekoliko sekundi\u201c, kazao je Jovovi\u0107.<\/p>\n\n\n\n<p>Druga faza ovog projekta podrazumijeva regionalno uvezivanje izme\u0111u dr\u017eava koje u\u010destvuju u ovom projektu, a tre\u0107a priklju\u010denje na pravi Target Instant Payment sistem, koji koriste dr\u017eave \u010dlanice EU.<\/p>\n\n\n\n<p>\u201eTada \u0107ete mo\u0107i da primate i \u0161aljete novac prema i iz bilo koje dr\u017eave u EU u roku od svega nekoliko sekundi\u201c, rekao je Jovovi\u0107.<\/p>\n\n\n\n<p>Prema njegovim rije\u010dima, procijene su da \u0107e godi\u0161nje u\u0161tede od uvo\u0111enja sistema instant pla\u0107anja, u kombinaciji sa SEPA projektom, dostizati iznos od 160 miliona EUR, \u0161to su zna\u010dajne u\u0161tede na nivou ekonomije.<\/p>\n\n\n\n<p>Direktor Finansijsk-obave\u0161tenje jedinice (FOJ) i \u010dlan pregovara\u010dke radne grupe, Aleksandar Radovi\u0107, je govore\u0107i o njihovoj ulozi u radu radne grupe, kazao da ta jedinica prati institucionalni okvir kada je u pitanju sistem prevencije pranja novca i finansiranja terorizma, saradnja izme\u0111u nadle\u017enih nadzornih i istra\u017enih organa, kao i me\u0111unarodna saradnja.<\/p>\n\n\n\n<p>On je objasnio da su AML pravila, koja podrazumijevaju pravila protiv pranja novca, ustvari mehanizam koji \u0107e da prati da sloboda kretanja kapitala ne bude potpuna sloboda, odnosno da kroz taj kapital ne pro\u0111e i takozvani \u201eprljavi kapital\u201c.<\/p>\n\n\n\n<p>Govore\u0107i o izazovima u ovom poglavlju, Radovi\u0107 je kazao da je rok za primjenu pravila EU, direktiva i uredbi, veoma kratak.<\/p>\n\n\n\n<p>\u201eNemamo vi\u0161e luksuz da polako implementiramo pravila. Odlu\u010dili smo da prihvatimo pravila evropske porodice, jer kucamo na vrata EU. Me\u0111utim, nekada ta pravila nijesu u potpunosti u skladu sa na\u0161im naslje\u0111em i situacijom u zemlji i dru\u0161tveno-politi\u010dkim prilikama\u201c, rekao je Radovi\u0107.<\/p>\n\n\n\n<p>FOJ je, kako je rekao, kroz proces pregovora, imao konkretne benefite, jer je pobolj\u0161ao saradnju sa nadzornim organima.<\/p>\n\n\n\n<p>Na pitanje da li Crna Gora ima dovoljno ljudskih kapaciteta da u potpunosti u\u0111e u borbu protiv pranja novca, Radovi\u0107 je odgovorio da je pranja novca veoma rasprostranjena pojava i u svijetu, a kod nas posebno.<\/p>\n\n\n\n<p>\u201eTako da, ne znam koliko ljudskih kapaciteta da odredite, oni \u0107e uvijek imati posla. Prije dvije i po godine mi smo kod nas imali 27 slu\u017ebenika. Poslije smo dva puta sistematizacijom pove\u0107avali broj radnih mjesta, tako da sada ona izgleda 45 slu\u017ebenika, od kojih 35 aktivno radi. Zna\u010di imamo upra\u017enjenih deset mjesta\u201c, rekao je Radovi\u0107.<\/p>\n\n\n\n<p>Prema njegovim rije\u010dima, izazov je prona\u0107i ljude koji mogu to da rade.<\/p>\n\n\n\n<p>\u201eMi polako podi\u017eemo te kapacitete. Na nivou Ministarstva unutra\u0161njih poslova, po pitanju kapaciteta, mi smo na naprednom nivou. Uvijek mo\u017ee bolje, ali s obzirom na sve prilike i na onim sa \u010dim raspola\u017eemo, mo\u017eemo re\u0107i da smo zadovoljni. Me\u0111utim, toliko toga jo\u0161 predstoji\u201c, kazao je Radovi\u0107.<\/p>\n\n\n\n<p>Pranje novca posljednjih godina i u svijetu i u Crnoj Gori dobija druga\u010diju dimenziju i moraju se brzo i efikasno pisati pravila i ista primjenjivati.<\/p>\n\n\n\n<p>\u201eTo je ogroman i specifi\u010dan posao i mislim da ne\u0107ete na\u0107i nijednu zemlju u svijetu koja \u0107e re\u0107i da je 100 odsto napravila sistem prevencije i da 100 odsto istra\u017euje pranje novca. Tri do pet odsto globalnog bruto dru\u0161tvenog proizvoda se odnosi na prljav novac i ta \u010dinjenica govori koliko je rasprostanjena ta pojava i koliko je uop\u0161te borba te\u0161ka i mogu\u0107a\u201c, upozorio je Radovi\u0107.<\/p>\n\n\n\n<p>Sumiraju\u0107i rad \u010ditave radne grupe, Bo\u0161kovi\u0107 je naglasila da proces pridru\u017eivanja EU podrazumijeva da treba reformisati institucije i u\u010diniti ih da budu efikasne.<\/p>\n\n\n\n<p>\u201eDa bismo imali efikasne institucije, moramo da imamo i efikasne dr\u017eavne slu\u017ebenike, jer institucije \u010dine i ljudi. Da bismo danas mogli da se pohvalimo \u0161ta smo sve uradili u Poglavlju 4 i u drugim poglavljima, to zna\u010di da su neki dr\u017eavni slu\u017ebenici jako marljivo radili. Kolege su pri\u010dale o tome da nam nedostaje kapaciteta i da te kapacitete moramo da gradimo. \u010cinjenica da smo sve ove reforme postigli sa toliko malo ljudi zna\u010di da je uspjeh tih kolega koji su radili dvostruko ve\u0107i, jer smo u ograni\u010denim uslovima kapaciteta to i radili\u201c, zaklju\u010dila je Bo\u0161kovi\u0107.<\/p>","protected":false},"excerpt":{"rendered":"<p>Poglavlje 4 u pregovorima Crne Gore sa Evropskom unijom (EU), koje za cilj ima omogu\u0107avanje slobodnog, jednostavnog i sigurnog kretanja kapitala bez administrativnih barijera, trebalo bi da bude zatvoreno sredinom decembra, saop\u0161tila je \u0161efica pregovara\u010dke radne grupe Bojana Bo\u0161kovi\u0107.<\/p>","protected":false},"author":1,"featured_media":965780,"comment_status":"open","ping_status":"open","sticky":false,"template":"","format":"standard","meta":{"_acf_changed":false,"footnotes":""},"categories":[16320],"tags":[11492,13440],"naslovna":[],"class_list":["post-965779","post","type-post","status-publish","format-standard","has-post-thumbnail","hentry","category-nekategorisano","tag-bojana-boskovic","tag-eu-integracija"],"acf":[],"yoast_head":"<!-- This site is optimized with the Yoast SEO plugin v27.0 - https:\/\/yoast.com\/product\/yoast-seo-wordpress\/ -->\n<title>Crna Gora pred zatvaranjem Poglavlja 4 - dmcsrb.com<\/title>\n<meta name=\"robots\" content=\"index, follow, max-snippet:-1, max-image-preview:large, max-video-preview:-1\" \/>\n<link rel=\"canonical\" href=\"https:\/\/dmcsrb.com\/en\/nekategorisano\/crna-gora-pred-zatvaranjem-poglavlja-4\/\" \/>\n<meta property=\"og:locale\" content=\"en_GB\" \/>\n<meta property=\"og:type\" content=\"article\" \/>\n<meta property=\"og:title\" content=\"Crna Gora pred zatvaranjem Poglavlja 4 - dmcsrb.com\" \/>\n<meta property=\"og:description\" content=\"Poglavlje 4 u pregovorima Crne Gore sa Evropskom unijom (EU), koje za cilj ima omogu\u0107avanje slobodnog, jednostavnog i sigurnog kretanja kapitala bez administrativnih barijera, trebalo bi da bude zatvoreno sredinom decembra, saop\u0161tila je \u0161efica pregovara\u010dke radne grupe Bojana Bo\u0161kovi\u0107.\" \/>\n<meta property=\"og:url\" content=\"https:\/\/dmcsrb.com\/en\/nekategorisano\/crna-gora-pred-zatvaranjem-poglavlja-4\/\" \/>\n<meta property=\"og:site_name\" content=\"dmcsrb.com\" \/>\n<meta property=\"article:published_time\" content=\"2025-11-26T10:12:33+00:00\" \/>\n<meta property=\"og:image\" content=\"https:\/\/dmcsrb.com\/wp-content\/uploads\/2026\/01\/20251126110258_big_730x400_53_506x900.webp\" \/>\n\t<meta property=\"og:image:width\" content=\"900\" \/>\n\t<meta property=\"og:image:height\" content=\"506\" \/>\n\t<meta property=\"og:image:type\" content=\"image\/jpeg\" \/>\n<meta name=\"author\" content=\"dmcsrbija.com@gmail.com\" \/>\n<meta name=\"twitter:card\" content=\"summary_large_image\" \/>\n<meta name=\"twitter:label1\" content=\"Written by\" \/>\n\t<meta name=\"twitter:data1\" content=\"dmcsrbija.com@gmail.com\" \/>\n\t<meta name=\"twitter:label2\" content=\"Estimated reading time\" \/>\n\t<meta name=\"twitter:data2\" content=\"8 minutes\" \/>\n<script type=\"application\/ld+json\" class=\"yoast-schema-graph\">{\"@context\":\"https:\/\/schema.org\",\"@graph\":[{\"@type\":\"Article\",\"@id\":\"https:\/\/dmcsrb.com\/nekategorisano\/crna-gora-pred-zatvaranjem-poglavlja-4\/#article\",\"isPartOf\":{\"@id\":\"https:\/\/dmcsrb.com\/nekategorisano\/crna-gora-pred-zatvaranjem-poglavlja-4\/\"},\"author\":{\"name\":\"dmcsrbija.com@gmail.com\",\"@id\":\"https:\/\/dmcsrb.com\/#\/schema\/person\/5c39170f12db1b8b457732d0b5c854e2\"},\"headline\":\"Crna Gora pred zatvaranjem Poglavlja 4\",\"datePublished\":\"2025-11-26T10:12:33+00:00\",\"mainEntityOfPage\":{\"@id\":\"https:\/\/dmcsrb.com\/nekategorisano\/crna-gora-pred-zatvaranjem-poglavlja-4\/\"},\"wordCount\":1519,\"commentCount\":0,\"image\":{\"@id\":\"https:\/\/dmcsrb.com\/nekategorisano\/crna-gora-pred-zatvaranjem-poglavlja-4\/#primaryimage\"},\"thumbnailUrl\":\"https:\/\/dmcsrb.com\/wp-content\/uploads\/2026\/01\/20251126110258_big_730x400_53_506x900.webp\",\"keywords\":[\"Bojana Bo\u0161kovi\u0107\",\"eu integracija\"],\"articleSection\":[\"Nekategorisano\"],\"inLanguage\":\"en-GB\",\"potentialAction\":[{\"@type\":\"CommentAction\",\"name\":\"Comment\",\"target\":[\"https:\/\/dmcsrb.com\/nekategorisano\/crna-gora-pred-zatvaranjem-poglavlja-4\/#respond\"]}]},{\"@type\":\"WebPage\",\"@id\":\"https:\/\/dmcsrb.com\/nekategorisano\/crna-gora-pred-zatvaranjem-poglavlja-4\/\",\"url\":\"https:\/\/dmcsrb.com\/nekategorisano\/crna-gora-pred-zatvaranjem-poglavlja-4\/\",\"name\":\"Crna Gora pred zatvaranjem Poglavlja 4 - dmcsrb.com\",\"isPartOf\":{\"@id\":\"https:\/\/dmcsrb.com\/#website\"},\"primaryImageOfPage\":{\"@id\":\"https:\/\/dmcsrb.com\/nekategorisano\/crna-gora-pred-zatvaranjem-poglavlja-4\/#primaryimage\"},\"image\":{\"@id\":\"https:\/\/dmcsrb.com\/nekategorisano\/crna-gora-pred-zatvaranjem-poglavlja-4\/#primaryimage\"},\"thumbnailUrl\":\"https:\/\/dmcsrb.com\/wp-content\/uploads\/2026\/01\/20251126110258_big_730x400_53_506x900.webp\",\"datePublished\":\"2025-11-26T10:12:33+00:00\",\"author\":{\"@id\":\"https:\/\/dmcsrb.com\/#\/schema\/person\/5c39170f12db1b8b457732d0b5c854e2\"},\"breadcrumb\":{\"@id\":\"https:\/\/dmcsrb.com\/nekategorisano\/crna-gora-pred-zatvaranjem-poglavlja-4\/#breadcrumb\"},\"inLanguage\":\"en-GB\",\"potentialAction\":[{\"@type\":\"ReadAction\",\"target\":[\"https:\/\/dmcsrb.com\/nekategorisano\/crna-gora-pred-zatvaranjem-poglavlja-4\/\"]}]},{\"@type\":\"ImageObject\",\"inLanguage\":\"en-GB\",\"@id\":\"https:\/\/dmcsrb.com\/nekategorisano\/crna-gora-pred-zatvaranjem-poglavlja-4\/#primaryimage\",\"url\":\"https:\/\/dmcsrb.com\/wp-content\/uploads\/2026\/01\/20251126110258_big_730x400_53_506x900.webp\",\"contentUrl\":\"https:\/\/dmcsrb.com\/wp-content\/uploads\/2026\/01\/20251126110258_big_730x400_53_506x900.webp\",\"width\":900,\"height\":506},{\"@type\":\"BreadcrumbList\",\"@id\":\"https:\/\/dmcsrb.com\/nekategorisano\/crna-gora-pred-zatvaranjem-poglavlja-4\/#breadcrumb\",\"itemListElement\":[{\"@type\":\"ListItem\",\"position\":1,\"name\":\"Home\",\"item\":\"https:\/\/dmcsrb.com\/\"},{\"@type\":\"ListItem\",\"position\":2,\"name\":\"Crna Gora pred zatvaranjem Poglavlja 4\"}]},{\"@type\":\"WebSite\",\"@id\":\"https:\/\/dmcsrb.com\/#website\",\"url\":\"https:\/\/dmcsrb.com\/\",\"name\":\"dmcsrb.com\",\"description\":\"\",\"potentialAction\":[{\"@type\":\"SearchAction\",\"target\":{\"@type\":\"EntryPoint\",\"urlTemplate\":\"https:\/\/dmcsrb.com\/?s={search_term_string}\"},\"query-input\":{\"@type\":\"PropertyValueSpecification\",\"valueRequired\":true,\"valueName\":\"search_term_string\"}}],\"inLanguage\":\"en-GB\"},{\"@type\":\"Person\",\"@id\":\"https:\/\/dmcsrb.com\/#\/schema\/person\/5c39170f12db1b8b457732d0b5c854e2\",\"name\":\"dmcsrbija.com@gmail.com\",\"image\":{\"@type\":\"ImageObject\",\"inLanguage\":\"en-GB\",\"@id\":\"https:\/\/dmcsrb.com\/#\/schema\/person\/image\/\",\"url\":\"https:\/\/secure.gravatar.com\/avatar\/68592660ad6347fad0fb587f8d5d8f1a7b44961362f56e4f2cd524feb87e9069?s=96&d=mm&r=g\",\"contentUrl\":\"https:\/\/secure.gravatar.com\/avatar\/68592660ad6347fad0fb587f8d5d8f1a7b44961362f56e4f2cd524feb87e9069?s=96&d=mm&r=g\",\"caption\":\"dmcsrbija.com@gmail.com\"},\"sameAs\":[\"https:\/\/dmcsrb.com\"],\"url\":\"https:\/\/dmcsrb.com\/en\/author\/dmcsrbija-comgmail-com\/\"}]}<\/script>\n<!-- \/ Yoast SEO plugin. -->","yoast_head_json":{"title":"Crna Gora pred zatvaranjem Poglavlja 4 - dmcsrb.com","robots":{"index":"index","follow":"follow","max-snippet":"max-snippet:-1","max-image-preview":"max-image-preview:large","max-video-preview":"max-video-preview:-1"},"canonical":"https:\/\/dmcsrb.com\/en\/nekategorisano\/crna-gora-pred-zatvaranjem-poglavlja-4\/","og_locale":"en_GB","og_type":"article","og_title":"Crna Gora pred zatvaranjem Poglavlja 4 - dmcsrb.com","og_description":"Poglavlje 4 u pregovorima Crne Gore sa Evropskom unijom (EU), koje za cilj ima omogu\u0107avanje slobodnog, jednostavnog i sigurnog kretanja kapitala bez administrativnih barijera, trebalo bi da bude zatvoreno sredinom decembra, saop\u0161tila je \u0161efica pregovara\u010dke radne grupe Bojana Bo\u0161kovi\u0107.","og_url":"https:\/\/dmcsrb.com\/en\/nekategorisano\/crna-gora-pred-zatvaranjem-poglavlja-4\/","og_site_name":"dmcsrb.com","article_published_time":"2025-11-26T10:12:33+00:00","og_image":[{"width":900,"height":506,"url":"https:\/\/dmcsrb.com\/wp-content\/uploads\/2026\/01\/20251126110258_big_730x400_53_506x900.webp","type":"image\/jpeg"}],"author":"dmcsrbija.com@gmail.com","twitter_card":"summary_large_image","twitter_misc":{"Written by":"dmcsrbija.com@gmail.com","Estimated reading time":"8 minutes"},"schema":{"@context":"https:\/\/schema.org","@graph":[{"@type":"Article","@id":"https:\/\/dmcsrb.com\/nekategorisano\/crna-gora-pred-zatvaranjem-poglavlja-4\/#article","isPartOf":{"@id":"https:\/\/dmcsrb.com\/nekategorisano\/crna-gora-pred-zatvaranjem-poglavlja-4\/"},"author":{"name":"dmcsrbija.com@gmail.com","@id":"https:\/\/dmcsrb.com\/#\/schema\/person\/5c39170f12db1b8b457732d0b5c854e2"},"headline":"Crna Gora pred zatvaranjem Poglavlja 4","datePublished":"2025-11-26T10:12:33+00:00","mainEntityOfPage":{"@id":"https:\/\/dmcsrb.com\/nekategorisano\/crna-gora-pred-zatvaranjem-poglavlja-4\/"},"wordCount":1519,"commentCount":0,"image":{"@id":"https:\/\/dmcsrb.com\/nekategorisano\/crna-gora-pred-zatvaranjem-poglavlja-4\/#primaryimage"},"thumbnailUrl":"https:\/\/dmcsrb.com\/wp-content\/uploads\/2026\/01\/20251126110258_big_730x400_53_506x900.webp","keywords":["Bojana Bo\u0161kovi\u0107","eu integracija"],"articleSection":["Nekategorisano"],"inLanguage":"en-GB","potentialAction":[{"@type":"CommentAction","name":"Comment","target":["https:\/\/dmcsrb.com\/nekategorisano\/crna-gora-pred-zatvaranjem-poglavlja-4\/#respond"]}]},{"@type":"WebPage","@id":"https:\/\/dmcsrb.com\/nekategorisano\/crna-gora-pred-zatvaranjem-poglavlja-4\/","url":"https:\/\/dmcsrb.com\/nekategorisano\/crna-gora-pred-zatvaranjem-poglavlja-4\/","name":"Crna Gora pred zatvaranjem Poglavlja 4 - dmcsrb.com","isPartOf":{"@id":"https:\/\/dmcsrb.com\/#website"},"primaryImageOfPage":{"@id":"https:\/\/dmcsrb.com\/nekategorisano\/crna-gora-pred-zatvaranjem-poglavlja-4\/#primaryimage"},"image":{"@id":"https:\/\/dmcsrb.com\/nekategorisano\/crna-gora-pred-zatvaranjem-poglavlja-4\/#primaryimage"},"thumbnailUrl":"https:\/\/dmcsrb.com\/wp-content\/uploads\/2026\/01\/20251126110258_big_730x400_53_506x900.webp","datePublished":"2025-11-26T10:12:33+00:00","author":{"@id":"https:\/\/dmcsrb.com\/#\/schema\/person\/5c39170f12db1b8b457732d0b5c854e2"},"breadcrumb":{"@id":"https:\/\/dmcsrb.com\/nekategorisano\/crna-gora-pred-zatvaranjem-poglavlja-4\/#breadcrumb"},"inLanguage":"en-GB","potentialAction":[{"@type":"ReadAction","target":["https:\/\/dmcsrb.com\/nekategorisano\/crna-gora-pred-zatvaranjem-poglavlja-4\/"]}]},{"@type":"ImageObject","inLanguage":"en-GB","@id":"https:\/\/dmcsrb.com\/nekategorisano\/crna-gora-pred-zatvaranjem-poglavlja-4\/#primaryimage","url":"https:\/\/dmcsrb.com\/wp-content\/uploads\/2026\/01\/20251126110258_big_730x400_53_506x900.webp","contentUrl":"https:\/\/dmcsrb.com\/wp-content\/uploads\/2026\/01\/20251126110258_big_730x400_53_506x900.webp","width":900,"height":506},{"@type":"BreadcrumbList","@id":"https:\/\/dmcsrb.com\/nekategorisano\/crna-gora-pred-zatvaranjem-poglavlja-4\/#breadcrumb","itemListElement":[{"@type":"ListItem","position":1,"name":"Home","item":"https:\/\/dmcsrb.com\/"},{"@type":"ListItem","position":2,"name":"Crna Gora pred zatvaranjem Poglavlja 4"}]},{"@type":"WebSite","@id":"https:\/\/dmcsrb.com\/#website","url":"https:\/\/dmcsrb.com\/","name":"dmcsrb.com","description":"","potentialAction":[{"@type":"SearchAction","target":{"@type":"EntryPoint","urlTemplate":"https:\/\/dmcsrb.com\/?s={search_term_string}"},"query-input":{"@type":"PropertyValueSpecification","valueRequired":true,"valueName":"search_term_string"}}],"inLanguage":"en-GB"},{"@type":"Person","@id":"https:\/\/dmcsrb.com\/#\/schema\/person\/5c39170f12db1b8b457732d0b5c854e2","name":"dmcsrbija.com@gmail.com","image":{"@type":"ImageObject","inLanguage":"en-GB","@id":"https:\/\/dmcsrb.com\/#\/schema\/person\/image\/","url":"https:\/\/secure.gravatar.com\/avatar\/68592660ad6347fad0fb587f8d5d8f1a7b44961362f56e4f2cd524feb87e9069?s=96&d=mm&r=g","contentUrl":"https:\/\/secure.gravatar.com\/avatar\/68592660ad6347fad0fb587f8d5d8f1a7b44961362f56e4f2cd524feb87e9069?s=96&d=mm&r=g","caption":"dmcsrbija.com@gmail.com"},"sameAs":["https:\/\/dmcsrb.com"],"url":"https:\/\/dmcsrb.com\/en\/author\/dmcsrbija-comgmail-com\/"}]}},"_links":{"self":[{"href":"https:\/\/dmcsrb.com\/en\/wp-json\/wp\/v2\/posts\/965779","targetHints":{"allow":["GET"]}}],"collection":[{"href":"https:\/\/dmcsrb.com\/en\/wp-json\/wp\/v2\/posts"}],"about":[{"href":"https:\/\/dmcsrb.com\/en\/wp-json\/wp\/v2\/types\/post"}],"author":[{"embeddable":true,"href":"https:\/\/dmcsrb.com\/en\/wp-json\/wp\/v2\/users\/1"}],"replies":[{"embeddable":true,"href":"https:\/\/dmcsrb.com\/en\/wp-json\/wp\/v2\/comments?post=965779"}],"version-history":[{"count":0,"href":"https:\/\/dmcsrb.com\/en\/wp-json\/wp\/v2\/posts\/965779\/revisions"}],"wp:featuredmedia":[{"embeddable":true,"href":"https:\/\/dmcsrb.com\/en\/wp-json\/wp\/v2\/media\/965780"}],"wp:attachment":[{"href":"https:\/\/dmcsrb.com\/en\/wp-json\/wp\/v2\/media?parent=965779"}],"wp:term":[{"taxonomy":"category","embeddable":true,"href":"https:\/\/dmcsrb.com\/en\/wp-json\/wp\/v2\/categories?post=965779"},{"taxonomy":"post_tag","embeddable":true,"href":"https:\/\/dmcsrb.com\/en\/wp-json\/wp\/v2\/tags?post=965779"},{"taxonomy":"naslovna","embeddable":true,"href":"https:\/\/dmcsrb.com\/en\/wp-json\/wp\/v2\/naslovna?post=965779"}],"curies":[{"name":"wp","href":"https:\/\/api.w.org\/{rel}","templated":true}]}}