{"id":965777,"date":"2025-11-26T11:10:39","date_gmt":"2025-11-26T10:10:39","guid":{"rendered":"https:\/\/dmcsrb.com\/uncategorized\/ubistvo-mrdaka-i-pljacka-poste-nakon-oslobadjajuce-presude-zakazano-novo-rociste\/"},"modified":"2025-11-26T11:10:39","modified_gmt":"2025-11-26T10:10:39","slug":"ubistvo-mrdaka-i-pljacka-poste-nakon-oslobadjajuce-presude-zakazano-novo-rociste","status":"publish","type":"post","link":"https:\/\/dmcsrb.com\/en\/hronika\/ubistvo-mrdaka-i-pljacka-poste-nakon-oslobadjajuce-presude-zakazano-novo-rociste\/","title":{"rendered":"Ubistvo Mrdaka i plja\u010dka po\u0161te: Nakon osloba\u0111aju\u0107e presude, zakazano novo ro\u010di\u0161te"},"content":{"rendered":"<p><\/p>\n\n\n\n<p>U ovom predmetu se se ranije sudilo\u00a0<strong>Mitru Kne\u017eevi\u0107u, Stojanu Albijani\u0107u, Nemanji Miljkovi\u0107u, Petru Zolaku, Sr\u0111anu Svjetlanovi\u0107u, Davidu Banjcu i Stefanu Regojevi\u0107u.\u00a0<\/strong><\/p>\n\n\n\n<p>Podsje\u0107anja radi, Vi\u0161i sud je 25. februara 2025. izrekao je osloba\u0111aju\u0107u presudu u postupku za oru\u017eanu plja\u010dku Po\u0161te i ubistva Ljubi\u0161e Mrdaka. Porodica Mrdak je u \u017ealbi predlo\u017eila da se osloba\u0111aju\u0107a presuda preina\u010di u osu\u0111uju\u0107u ili da se ukine i predmet vrati na ponovno su\u0111enje.<\/p>\n\n\n\n<p>Odluka Apelacionog suda:<\/p>\n\n\n\n<p>&nbsp;Apelacioni sud je 4. novembra 2025. objavio da je&nbsp;uva\u017eio \u017ealbu na osloba\u0111aju\u0107u presudu&nbsp; zbog \u010dega \u0107e se ponovo suditi.<\/p>\n\n\n\n<p>&#8211; Apelacioni sud Crne Gore je dana 17.10.2025.godine, nakon sjednice vije\u0107a, donio rje\u0161enje kojim je uva\u017eio \u017ealbe Vi\u0161eg dr\u017eavnog tu\u017eila\u0161tva u Podgorici, punomo\u0107nika o\u0161te\u0107ene porodice Mrdak i ovla\u0161\u0107enog predstavnika o\u0161te\u0107ene Po\u0161te Crne Gore AD Podgorica i povodom tih \u017ealbi i po slu\u017ebenoj du\u017enosti ukinuo presudu Vi\u0161eg suda u Podgorici K.br. 58\/22 od 25.02.2025.godine i vratio predmet prvostepenom sudu na ponovno su\u0111enje&nbsp;<\/p>\n\n\n\n<p>Prvostepenom presudom optu\u017eeni Mitar Kne\u017eevi\u0107, Stojan Albijani\u0107, Nemanja Kaurin Miljkovi\u0107, Petar Zolak, Sr\u0111an Svjetlanovi\u0107, David Banjac i Stefan Regojevi\u0107 oslobo\u0111eni su od optu\u017ebe da su izvr\u0161ili krivi\u010dno djelo razbojni\u0161tvo u saizvr\u0161ila\u0161tvu&nbsp;iz razloga \u0161to nije dokazano da su optu\u017eeni u\u010dinili djelo za koje su optu\u017eeni. O\u0161te\u0107ena porodica Mrdak i Po\u0161ta Crne Gore AD Podgorica upu\u0107eni su na redovnu gra\u0111ansku parnicu radi ostvarivanja imovinsko pravnog zahtjeva.<\/p>\n\n\n\n<p>\u017dalbe protiv prvostepene presude izjavili su u zakonskom roku Vi\u0161e dr\u017eavno tu\u017eila\u0161tvo u Podgorici, punomo\u0107nik o\u0161te\u0107ene porodice Mrdak i ovla\u0161\u0107eni predstavnik o\u0161te\u0107ene Po\u0161te Crne Gore AD Podgorica.<\/p>\n\n\n\n<p>U postupku odlu\u010divanja o \u017ealbama, Apelacioni sud je utvrdio da se osnovano \u017ealbama Vi\u0161eg dr\u017eavnog tu\u017eila\u0161tva, punomo\u0107nika o\u0161te\u0107ene porodice Mrdak i ovla\u0161\u0107enog predstavnika o\u0161te\u0107ene Po\u0161te Crne Gore AD Podgorica ukazuje da su prilikom dono\u0161enja prvostepene presude i u samoj presudi, po\u010dinjene bitne povrede odredaba krivi\u010dnog postupka, koje je utvrdio i ovaj sud, paze\u0107i na iste po slu\u017ebenoj du\u017enosti. Bitne povrede se odnose na to da u prvostepenoj presudi nisu navedeni razlozi o odlu\u010dnim \u010dinjenicama, a oni koji su navedeni su u potpunosti nejasni i u znatnoj mjeri protivrje\u010dni. Pored navedenog zaklju\u010dak je Apelacionog suda da se izjavljenim \u017ealbama osnovano ukazuje i da je \u010dinjeni\u010dno stanje nepotpuno utvr\u0111eno.<\/p>\n\n\n\n<p>Iz navedenih razloga prvostepena presuda je ukinuta i predmet vra\u0107en prvostepenom sudu na ponovno su\u0111enje.<\/p>\n\n\n\n<p>&#8220;Rje\u0161enje Apelacionog suda Crne Gore K\u017e.br.120\/25 od 17.10.2025.godine sa bli\u017eim razlozima bi\u0107e objavljeno na internet stranici Apelacionog suda&#8221;, saop\u0161teno je tada iz Apelacionog suda.<\/p>\n\n\n\n<p>Prema navodima optu\u017enice, okrivljeni su po prethodnom dogovoru i razra\u0111enom planu uz prijetnju oru\u017ejem od pokojnog Ljubi\u0161e Mrdaka, Dragi\u0161e Dendi\u0107a i Igora Ivanovi\u0107a oteli novac namjenjen za isplatu penzija. Tom prilikom su ukrali 423.000 eura. Istraga je pokazala da je ova grupa sa pripremama oru\u017eane plja\u010dke krenula 9. avgusta 2021. godine. Tako je, kako se navodi, optu\u017eeni Miljkovi\u0107 po unaprijed utvr\u0111enom se sa optu\u017eenim Svjetlanovi\u0107em iznajmio dva stana u Nik\u0161i\u0107u u kojima su se krili prije I nakon plja\u010dke Po\u0161te.<\/p>\n\n\n\n<p>&#8220;Iz iznajmljenog stana u Ulici Vuka karad\u017ei\u0107a, optu\u017eeni su imali pogled na parking prostor na kojem se nalazilo vozilo za transfer novca,,Volkswagen Transporter&#8221; podgori\u010dkih tabli&#8221;, navodi se u optu\u017enici.<\/p>\n\n\n\n<p>Optu\u017eeni Albijani\u0107 je, kako tu\u017eila\u0161tvo tvrdi, po nalogu okrivljenog Mitra Kne\u017eevi\u0107a sa jo\u0161 jednom nepoznatom osobom iz Bosne i Hercegovine, mimo grani\u010dnog u Crnu Goru dovezao d\u017eip,,Nissan Qashqai&#8221; bosanskih tabli, koji je prethodno nepoznata grupa ukrala u Derventi i na njega stavila la\u017ene tablice. D\u017eip je preuzeo Kne\u017eevi\u0107 koji ga je krio do dana oru\u017eane plja\u010dke.<\/p>\n\n\n\n<p><\/p>","protected":false},"excerpt":{"rendered":"<p>Pred podgori\u010dkim Vi\u0161im sudom za 16. decembra zakazano je ro\u010di\u0161te u ponovljenom postupku, koji se vodi zbog plja\u010dke po\u0161te i ubistva Ljubi\u0161e Mrdaka.<\/p>","protected":false},"author":1,"featured_media":908931,"comment_status":"open","ping_status":"open","sticky":false,"template":"","format":"standard","meta":{"_acf_changed":false,"footnotes":""},"categories":[17],"tags":[15531,5713,1215],"naslovna":[],"class_list":["post-965777","post","type-post","status-publish","format-standard","has-post-thumbnail","hentry","category-hronika","tag-ljubisa-mrdak","tag-pljacka","tag-ubistvo"],"acf":[],"yoast_head":"<!-- This site is optimized with the Yoast SEO plugin v27.4 - https:\/\/yoast.com\/product\/yoast-seo-wordpress\/ -->\n<title>Ubistvo Mrdaka i plja\u010dka po\u0161te: Nakon osloba\u0111aju\u0107e presude, zakazano novo ro\u010di\u0161te - dmcsrb.com<\/title>\n<meta name=\"robots\" content=\"index, follow, max-snippet:-1, max-image-preview:large, max-video-preview:-1\" \/>\n<link rel=\"canonical\" href=\"https:\/\/dmcsrb.com\/en\/hronika\/ubistvo-mrdaka-i-pljacka-poste-nakon-oslobadjajuce-presude-zakazano-novo-rociste\/\" \/>\n<meta property=\"og:locale\" content=\"en_GB\" \/>\n<meta property=\"og:type\" content=\"article\" \/>\n<meta property=\"og:title\" content=\"Ubistvo Mrdaka i plja\u010dka po\u0161te: Nakon osloba\u0111aju\u0107e presude, zakazano novo ro\u010di\u0161te - dmcsrb.com\" \/>\n<meta property=\"og:description\" content=\"Pred podgori\u010dkim Vi\u0161im sudom za 16. decembra zakazano je ro\u010di\u0161te u ponovljenom postupku, koji se vodi zbog plja\u010dke po\u0161te i ubistva Ljubi\u0161e Mrdaka.\" \/>\n<meta property=\"og:url\" content=\"https:\/\/dmcsrb.com\/en\/hronika\/ubistvo-mrdaka-i-pljacka-poste-nakon-oslobadjajuce-presude-zakazano-novo-rociste\/\" \/>\n<meta property=\"og:site_name\" content=\"dmcsrb.com\" \/>\n<meta property=\"article:published_time\" content=\"2025-11-26T10:10:39+00:00\" \/>\n<meta property=\"og:image\" content=\"https:\/\/dmcsrb.com\/wp-content\/uploads\/2026\/01\/Apelacioni_i_Visi_sud_675x900.png\" \/>\n\t<meta property=\"og:image:width\" content=\"768\" \/>\n\t<meta property=\"og:image:height\" content=\"576\" \/>\n\t<meta property=\"og:image:type\" content=\"image\/png\" \/>\n<meta name=\"author\" content=\"dmcsrbija.com@gmail.com\" \/>\n<meta name=\"twitter:card\" content=\"summary_large_image\" \/>\n<meta name=\"twitter:label1\" content=\"Written by\" \/>\n\t<meta name=\"twitter:data1\" content=\"dmcsrbija.com@gmail.com\" \/>\n\t<meta name=\"twitter:label2\" content=\"Estimated reading time\" \/>\n\t<meta name=\"twitter:data2\" content=\"3 minutes\" \/>\n<script type=\"application\/ld+json\" class=\"yoast-schema-graph\">{\"@context\":\"https:\\\/\\\/schema.org\",\"@graph\":[{\"@type\":\"Article\",\"@id\":\"https:\\\/\\\/dmcsrb.com\\\/hronika\\\/ubistvo-mrdaka-i-pljacka-poste-nakon-oslobadjajuce-presude-zakazano-novo-rociste\\\/#article\",\"isPartOf\":{\"@id\":\"https:\\\/\\\/dmcsrb.com\\\/hronika\\\/ubistvo-mrdaka-i-pljacka-poste-nakon-oslobadjajuce-presude-zakazano-novo-rociste\\\/\"},\"author\":{\"name\":\"dmcsrbija.com@gmail.com\",\"@id\":\"https:\\\/\\\/dmcsrb.com\\\/#\\\/schema\\\/person\\\/5c39170f12db1b8b457732d0b5c854e2\"},\"headline\":\"Ubistvo Mrdaka i plja\u010dka po\u0161te: Nakon osloba\u0111aju\u0107e presude, zakazano novo ro\u010di\u0161te\",\"datePublished\":\"2025-11-26T10:10:39+00:00\",\"mainEntityOfPage\":{\"@id\":\"https:\\\/\\\/dmcsrb.com\\\/hronika\\\/ubistvo-mrdaka-i-pljacka-poste-nakon-oslobadjajuce-presude-zakazano-novo-rociste\\\/\"},\"wordCount\":707,\"commentCount\":0,\"image\":{\"@id\":\"https:\\\/\\\/dmcsrb.com\\\/hronika\\\/ubistvo-mrdaka-i-pljacka-poste-nakon-oslobadjajuce-presude-zakazano-novo-rociste\\\/#primaryimage\"},\"thumbnailUrl\":\"https:\\\/\\\/dmcsrb.com\\\/wp-content\\\/uploads\\\/2026\\\/01\\\/Apelacioni_i_Visi_sud_675x900.png\",\"keywords\":[\"Ljubisa Mrdak\",\"plja\u010dka\",\"ubistvo\"],\"articleSection\":[\"Hronika\"],\"inLanguage\":\"en-GB\",\"potentialAction\":[{\"@type\":\"CommentAction\",\"name\":\"Comment\",\"target\":[\"https:\\\/\\\/dmcsrb.com\\\/hronika\\\/ubistvo-mrdaka-i-pljacka-poste-nakon-oslobadjajuce-presude-zakazano-novo-rociste\\\/#respond\"]}]},{\"@type\":\"WebPage\",\"@id\":\"https:\\\/\\\/dmcsrb.com\\\/hronika\\\/ubistvo-mrdaka-i-pljacka-poste-nakon-oslobadjajuce-presude-zakazano-novo-rociste\\\/\",\"url\":\"https:\\\/\\\/dmcsrb.com\\\/hronika\\\/ubistvo-mrdaka-i-pljacka-poste-nakon-oslobadjajuce-presude-zakazano-novo-rociste\\\/\",\"name\":\"Ubistvo Mrdaka i plja\u010dka po\u0161te: Nakon osloba\u0111aju\u0107e presude, zakazano novo ro\u010di\u0161te - dmcsrb.com\",\"isPartOf\":{\"@id\":\"https:\\\/\\\/dmcsrb.com\\\/#website\"},\"primaryImageOfPage\":{\"@id\":\"https:\\\/\\\/dmcsrb.com\\\/hronika\\\/ubistvo-mrdaka-i-pljacka-poste-nakon-oslobadjajuce-presude-zakazano-novo-rociste\\\/#primaryimage\"},\"image\":{\"@id\":\"https:\\\/\\\/dmcsrb.com\\\/hronika\\\/ubistvo-mrdaka-i-pljacka-poste-nakon-oslobadjajuce-presude-zakazano-novo-rociste\\\/#primaryimage\"},\"thumbnailUrl\":\"https:\\\/\\\/dmcsrb.com\\\/wp-content\\\/uploads\\\/2026\\\/01\\\/Apelacioni_i_Visi_sud_675x900.png\",\"datePublished\":\"2025-11-26T10:10:39+00:00\",\"author\":{\"@id\":\"https:\\\/\\\/dmcsrb.com\\\/#\\\/schema\\\/person\\\/5c39170f12db1b8b457732d0b5c854e2\"},\"breadcrumb\":{\"@id\":\"https:\\\/\\\/dmcsrb.com\\\/hronika\\\/ubistvo-mrdaka-i-pljacka-poste-nakon-oslobadjajuce-presude-zakazano-novo-rociste\\\/#breadcrumb\"},\"inLanguage\":\"en-GB\",\"potentialAction\":[{\"@type\":\"ReadAction\",\"target\":[\"https:\\\/\\\/dmcsrb.com\\\/hronika\\\/ubistvo-mrdaka-i-pljacka-poste-nakon-oslobadjajuce-presude-zakazano-novo-rociste\\\/\"]}]},{\"@type\":\"ImageObject\",\"inLanguage\":\"en-GB\",\"@id\":\"https:\\\/\\\/dmcsrb.com\\\/hronika\\\/ubistvo-mrdaka-i-pljacka-poste-nakon-oslobadjajuce-presude-zakazano-novo-rociste\\\/#primaryimage\",\"url\":\"https:\\\/\\\/dmcsrb.com\\\/wp-content\\\/uploads\\\/2026\\\/01\\\/Apelacioni_i_Visi_sud_675x900.png\",\"contentUrl\":\"https:\\\/\\\/dmcsrb.com\\\/wp-content\\\/uploads\\\/2026\\\/01\\\/Apelacioni_i_Visi_sud_675x900.png\",\"width\":768,\"height\":576},{\"@type\":\"BreadcrumbList\",\"@id\":\"https:\\\/\\\/dmcsrb.com\\\/hronika\\\/ubistvo-mrdaka-i-pljacka-poste-nakon-oslobadjajuce-presude-zakazano-novo-rociste\\\/#breadcrumb\",\"itemListElement\":[{\"@type\":\"ListItem\",\"position\":1,\"name\":\"Home\",\"item\":\"https:\\\/\\\/dmcsrb.com\\\/\"},{\"@type\":\"ListItem\",\"position\":2,\"name\":\"Ubistvo Mrdaka i plja\u010dka po\u0161te: Nakon osloba\u0111aju\u0107e presude, zakazano novo ro\u010di\u0161te\"}]},{\"@type\":\"WebSite\",\"@id\":\"https:\\\/\\\/dmcsrb.com\\\/#website\",\"url\":\"https:\\\/\\\/dmcsrb.com\\\/\",\"name\":\"dmcsrb.com\",\"description\":\"\",\"potentialAction\":[{\"@type\":\"SearchAction\",\"target\":{\"@type\":\"EntryPoint\",\"urlTemplate\":\"https:\\\/\\\/dmcsrb.com\\\/?s={search_term_string}\"},\"query-input\":{\"@type\":\"PropertyValueSpecification\",\"valueRequired\":true,\"valueName\":\"search_term_string\"}}],\"inLanguage\":\"en-GB\"},{\"@type\":\"Person\",\"@id\":\"https:\\\/\\\/dmcsrb.com\\\/#\\\/schema\\\/person\\\/5c39170f12db1b8b457732d0b5c854e2\",\"name\":\"dmcsrbija.com@gmail.com\",\"image\":{\"@type\":\"ImageObject\",\"inLanguage\":\"en-GB\",\"@id\":\"https:\\\/\\\/secure.gravatar.com\\\/avatar\\\/68592660ad6347fad0fb587f8d5d8f1a7b44961362f56e4f2cd524feb87e9069?s=96&d=mm&r=g\",\"url\":\"https:\\\/\\\/secure.gravatar.com\\\/avatar\\\/68592660ad6347fad0fb587f8d5d8f1a7b44961362f56e4f2cd524feb87e9069?s=96&d=mm&r=g\",\"contentUrl\":\"https:\\\/\\\/secure.gravatar.com\\\/avatar\\\/68592660ad6347fad0fb587f8d5d8f1a7b44961362f56e4f2cd524feb87e9069?s=96&d=mm&r=g\",\"caption\":\"dmcsrbija.com@gmail.com\"},\"sameAs\":[\"https:\\\/\\\/dmcsrb.com\"],\"url\":\"https:\\\/\\\/dmcsrb.com\\\/en\\\/author\\\/dmcsrbija-comgmail-com\\\/\"}]}<\/script>\n<!-- \/ Yoast SEO plugin. -->","yoast_head_json":{"title":"Ubistvo Mrdaka i plja\u010dka po\u0161te: Nakon osloba\u0111aju\u0107e presude, zakazano novo ro\u010di\u0161te - dmcsrb.com","robots":{"index":"index","follow":"follow","max-snippet":"max-snippet:-1","max-image-preview":"max-image-preview:large","max-video-preview":"max-video-preview:-1"},"canonical":"https:\/\/dmcsrb.com\/en\/hronika\/ubistvo-mrdaka-i-pljacka-poste-nakon-oslobadjajuce-presude-zakazano-novo-rociste\/","og_locale":"en_GB","og_type":"article","og_title":"Ubistvo Mrdaka i plja\u010dka po\u0161te: Nakon osloba\u0111aju\u0107e presude, zakazano novo ro\u010di\u0161te - dmcsrb.com","og_description":"Pred podgori\u010dkim Vi\u0161im sudom za 16. decembra zakazano je ro\u010di\u0161te u ponovljenom postupku, koji se vodi zbog plja\u010dke po\u0161te i ubistva Ljubi\u0161e Mrdaka.","og_url":"https:\/\/dmcsrb.com\/en\/hronika\/ubistvo-mrdaka-i-pljacka-poste-nakon-oslobadjajuce-presude-zakazano-novo-rociste\/","og_site_name":"dmcsrb.com","article_published_time":"2025-11-26T10:10:39+00:00","og_image":[{"width":768,"height":576,"url":"https:\/\/dmcsrb.com\/wp-content\/uploads\/2026\/01\/Apelacioni_i_Visi_sud_675x900.png","type":"image\/png"}],"author":"dmcsrbija.com@gmail.com","twitter_card":"summary_large_image","twitter_misc":{"Written by":"dmcsrbija.com@gmail.com","Estimated reading time":"3 minutes"},"schema":{"@context":"https:\/\/schema.org","@graph":[{"@type":"Article","@id":"https:\/\/dmcsrb.com\/hronika\/ubistvo-mrdaka-i-pljacka-poste-nakon-oslobadjajuce-presude-zakazano-novo-rociste\/#article","isPartOf":{"@id":"https:\/\/dmcsrb.com\/hronika\/ubistvo-mrdaka-i-pljacka-poste-nakon-oslobadjajuce-presude-zakazano-novo-rociste\/"},"author":{"name":"dmcsrbija.com@gmail.com","@id":"https:\/\/dmcsrb.com\/#\/schema\/person\/5c39170f12db1b8b457732d0b5c854e2"},"headline":"Ubistvo Mrdaka i plja\u010dka po\u0161te: Nakon osloba\u0111aju\u0107e presude, zakazano novo ro\u010di\u0161te","datePublished":"2025-11-26T10:10:39+00:00","mainEntityOfPage":{"@id":"https:\/\/dmcsrb.com\/hronika\/ubistvo-mrdaka-i-pljacka-poste-nakon-oslobadjajuce-presude-zakazano-novo-rociste\/"},"wordCount":707,"commentCount":0,"image":{"@id":"https:\/\/dmcsrb.com\/hronika\/ubistvo-mrdaka-i-pljacka-poste-nakon-oslobadjajuce-presude-zakazano-novo-rociste\/#primaryimage"},"thumbnailUrl":"https:\/\/dmcsrb.com\/wp-content\/uploads\/2026\/01\/Apelacioni_i_Visi_sud_675x900.png","keywords":["Ljubisa Mrdak","plja\u010dka","ubistvo"],"articleSection":["Hronika"],"inLanguage":"en-GB","potentialAction":[{"@type":"CommentAction","name":"Comment","target":["https:\/\/dmcsrb.com\/hronika\/ubistvo-mrdaka-i-pljacka-poste-nakon-oslobadjajuce-presude-zakazano-novo-rociste\/#respond"]}]},{"@type":"WebPage","@id":"https:\/\/dmcsrb.com\/hronika\/ubistvo-mrdaka-i-pljacka-poste-nakon-oslobadjajuce-presude-zakazano-novo-rociste\/","url":"https:\/\/dmcsrb.com\/hronika\/ubistvo-mrdaka-i-pljacka-poste-nakon-oslobadjajuce-presude-zakazano-novo-rociste\/","name":"Ubistvo Mrdaka i plja\u010dka po\u0161te: Nakon osloba\u0111aju\u0107e presude, zakazano novo ro\u010di\u0161te - dmcsrb.com","isPartOf":{"@id":"https:\/\/dmcsrb.com\/#website"},"primaryImageOfPage":{"@id":"https:\/\/dmcsrb.com\/hronika\/ubistvo-mrdaka-i-pljacka-poste-nakon-oslobadjajuce-presude-zakazano-novo-rociste\/#primaryimage"},"image":{"@id":"https:\/\/dmcsrb.com\/hronika\/ubistvo-mrdaka-i-pljacka-poste-nakon-oslobadjajuce-presude-zakazano-novo-rociste\/#primaryimage"},"thumbnailUrl":"https:\/\/dmcsrb.com\/wp-content\/uploads\/2026\/01\/Apelacioni_i_Visi_sud_675x900.png","datePublished":"2025-11-26T10:10:39+00:00","author":{"@id":"https:\/\/dmcsrb.com\/#\/schema\/person\/5c39170f12db1b8b457732d0b5c854e2"},"breadcrumb":{"@id":"https:\/\/dmcsrb.com\/hronika\/ubistvo-mrdaka-i-pljacka-poste-nakon-oslobadjajuce-presude-zakazano-novo-rociste\/#breadcrumb"},"inLanguage":"en-GB","potentialAction":[{"@type":"ReadAction","target":["https:\/\/dmcsrb.com\/hronika\/ubistvo-mrdaka-i-pljacka-poste-nakon-oslobadjajuce-presude-zakazano-novo-rociste\/"]}]},{"@type":"ImageObject","inLanguage":"en-GB","@id":"https:\/\/dmcsrb.com\/hronika\/ubistvo-mrdaka-i-pljacka-poste-nakon-oslobadjajuce-presude-zakazano-novo-rociste\/#primaryimage","url":"https:\/\/dmcsrb.com\/wp-content\/uploads\/2026\/01\/Apelacioni_i_Visi_sud_675x900.png","contentUrl":"https:\/\/dmcsrb.com\/wp-content\/uploads\/2026\/01\/Apelacioni_i_Visi_sud_675x900.png","width":768,"height":576},{"@type":"BreadcrumbList","@id":"https:\/\/dmcsrb.com\/hronika\/ubistvo-mrdaka-i-pljacka-poste-nakon-oslobadjajuce-presude-zakazano-novo-rociste\/#breadcrumb","itemListElement":[{"@type":"ListItem","position":1,"name":"Home","item":"https:\/\/dmcsrb.com\/"},{"@type":"ListItem","position":2,"name":"Ubistvo Mrdaka i plja\u010dka po\u0161te: Nakon osloba\u0111aju\u0107e presude, zakazano novo ro\u010di\u0161te"}]},{"@type":"WebSite","@id":"https:\/\/dmcsrb.com\/#website","url":"https:\/\/dmcsrb.com\/","name":"dmcsrb.com","description":"","potentialAction":[{"@type":"SearchAction","target":{"@type":"EntryPoint","urlTemplate":"https:\/\/dmcsrb.com\/?s={search_term_string}"},"query-input":{"@type":"PropertyValueSpecification","valueRequired":true,"valueName":"search_term_string"}}],"inLanguage":"en-GB"},{"@type":"Person","@id":"https:\/\/dmcsrb.com\/#\/schema\/person\/5c39170f12db1b8b457732d0b5c854e2","name":"dmcsrbija.com@gmail.com","image":{"@type":"ImageObject","inLanguage":"en-GB","@id":"https:\/\/secure.gravatar.com\/avatar\/68592660ad6347fad0fb587f8d5d8f1a7b44961362f56e4f2cd524feb87e9069?s=96&d=mm&r=g","url":"https:\/\/secure.gravatar.com\/avatar\/68592660ad6347fad0fb587f8d5d8f1a7b44961362f56e4f2cd524feb87e9069?s=96&d=mm&r=g","contentUrl":"https:\/\/secure.gravatar.com\/avatar\/68592660ad6347fad0fb587f8d5d8f1a7b44961362f56e4f2cd524feb87e9069?s=96&d=mm&r=g","caption":"dmcsrbija.com@gmail.com"},"sameAs":["https:\/\/dmcsrb.com"],"url":"https:\/\/dmcsrb.com\/en\/author\/dmcsrbija-comgmail-com\/"}]}},"_links":{"self":[{"href":"https:\/\/dmcsrb.com\/en\/wp-json\/wp\/v2\/posts\/965777","targetHints":{"allow":["GET"]}}],"collection":[{"href":"https:\/\/dmcsrb.com\/en\/wp-json\/wp\/v2\/posts"}],"about":[{"href":"https:\/\/dmcsrb.com\/en\/wp-json\/wp\/v2\/types\/post"}],"author":[{"embeddable":true,"href":"https:\/\/dmcsrb.com\/en\/wp-json\/wp\/v2\/users\/1"}],"replies":[{"embeddable":true,"href":"https:\/\/dmcsrb.com\/en\/wp-json\/wp\/v2\/comments?post=965777"}],"version-history":[{"count":0,"href":"https:\/\/dmcsrb.com\/en\/wp-json\/wp\/v2\/posts\/965777\/revisions"}],"wp:featuredmedia":[{"embeddable":true,"href":"https:\/\/dmcsrb.com\/en\/wp-json\/wp\/v2\/media\/908931"}],"wp:attachment":[{"href":"https:\/\/dmcsrb.com\/en\/wp-json\/wp\/v2\/media?parent=965777"}],"wp:term":[{"taxonomy":"category","embeddable":true,"href":"https:\/\/dmcsrb.com\/en\/wp-json\/wp\/v2\/categories?post=965777"},{"taxonomy":"post_tag","embeddable":true,"href":"https:\/\/dmcsrb.com\/en\/wp-json\/wp\/v2\/tags?post=965777"},{"taxonomy":"naslovna","embeddable":true,"href":"https:\/\/dmcsrb.com\/en\/wp-json\/wp\/v2\/naslovna?post=965777"}],"curies":[{"name":"wp","href":"https:\/\/api.w.org\/{rel}","templated":true}]}}