{"id":965740,"date":"2025-11-26T09:54:00","date_gmt":"2025-11-26T08:54:00","guid":{"rendered":"https:\/\/dmcsrb.com\/uncategorized\/atletska-trka-povodom-dana-oslobodjenja-podgorice-odrzace-se-18-decembra\/"},"modified":"2025-11-26T09:54:00","modified_gmt":"2025-11-26T08:54:00","slug":"atletska-trka-povodom-dana-oslobodjenja-podgorice-odrzace-se-18-decembra","status":"publish","type":"post","link":"https:\/\/dmcsrb.com\/en\/sport\/atletska-trka-povodom-dana-oslobodjenja-podgorice-odrzace-se-18-decembra\/","title":{"rendered":"Atletska trka povodom Dana oslobo\u0111enja Podgorice odr\u017ea\u0107e se 18. decembra"},"content":{"rendered":"<p><\/p>\n\n\n\n<p>Kako navode, pripreme za organizaciju tradicionalne trke povodom\u00a019.decembra\u00a0dana \u201eOslobodjenja Podgorice\u201c su u toku.<\/p>\n\n\n\n<p>&#8220;Ova\u00a0 najstarija sportska manifestacija u Crnoj Gori 67.atletska\u00a0\u00a0trka Trofej Podgorice \u201eMemorijal Veli\u0161a Mugo\u0161a\u201c , odr\u017ea\u0107e se \u00a018.decembra u 12\u00a0sati u Podgorici sa startom i ciljem \u00a0na Gorici \u00a0kod kafi\u0107a \u201c\u0160to \u010dini\u0161\u201d.Atleti\u010dari \u0107e tr\u010dati \u00a0kru\u017enom stazom oko spomenika partizana borca \u00a0na Gorici,gdje je du\u017eina jednog kruga 600 metara.Na trci \u0107e nastupiti najbolji atleti\u010dari iz Crne Gore,u\u010desnici srednjih i osnovnih \u0161kola sa podru\u010dja Glavnog grada,rekreativci,veterani,studenti,pripadnici vojske i policije koji \u0107e tr\u010dati u trci na 5000m. Pioniri i pionirke nastupi\u0107e na 600m ,juniorke na 1000m,juniori na 1500m ,seniorke ,rekreativci\/ke,studenti\/kinje,vojska i policija ,veterani\/ke\u00a0\u00a0na 3000m.Trka na 5.000m nosi\u00a0\u00a0\u00a0naziv\u00a0\u00a0\u201eMemorijal Veli\u0161a Mugo\u0161a\u201c u znak sje\u0107anja na istaknuto atletsko ime Veli\u0161u Mugo\u0161u.Svi u\u010desnici u trkama\u00a0\u00a0na 3.000 i 5.000m dobi\u0107e u\u010desni\u010dke medalje ,a pet prvoplasiranih takmi\u010dara nov\u010dane nagrade.Pobjednicima u svim kategorijama pripa\u0161\u0107e pehari,medalje i diplome . Po\u0161logodi\u0161nji pobjednici bili su Ingrid Rajovic\u00a0\u00a0u trci 3.000m i Miljan Kukuli\u010di\u0107\u00a0\u00a0u trci na 5.000m. Tradicionalni Pokrovitelj manifestacije je Sekretarijat za kulturu \u00a0i sport Glavnog grada,a tehni\u010dki organizator ATK\u201dPodgori\u010dki maraton\u201d uz podrsku Atletskog saveza Crne Gore&#8221;, kazali su u saop\u0161tenju.<\/p>","protected":false},"excerpt":{"rendered":"<p>Tradicionalna 67. atletska trka &#8220;19 decembar-Oslobo\u0111enje Podgorice&#8221; Memorijal Veli\u0161a Mugo\u0161a odr\u017ea\u0107e se 18. decembra, saop\u0161teno je iz Ate\u010dteskog savez Crne Gore.<\/p>","protected":false},"author":1,"featured_media":965741,"comment_status":"open","ping_status":"open","sticky":false,"template":"","format":"standard","meta":{"_acf_changed":false,"footnotes":""},"categories":[148],"tags":[5058,31],"naslovna":[],"class_list":["post-965740","post","type-post","status-publish","format-standard","has-post-thumbnail","hentry","category-sport","tag-atletika","tag-podgorica"],"acf":[],"yoast_head":"<!-- This site is optimized with the Yoast SEO plugin v27.0 - https:\/\/yoast.com\/product\/yoast-seo-wordpress\/ -->\n<title>Atletska trka povodom Dana oslobo\u0111enja Podgorice odr\u017ea\u0107e se 18. decembra - dmcsrb.com<\/title>\n<meta name=\"robots\" content=\"index, follow, max-snippet:-1, max-image-preview:large, max-video-preview:-1\" \/>\n<link rel=\"canonical\" href=\"https:\/\/dmcsrb.com\/en\/sport\/atletska-trka-povodom-dana-oslobodjenja-podgorice-odrzace-se-18-decembra\/\" \/>\n<meta property=\"og:locale\" content=\"en_GB\" \/>\n<meta property=\"og:type\" content=\"article\" \/>\n<meta property=\"og:title\" content=\"Atletska trka povodom Dana oslobo\u0111enja Podgorice odr\u017ea\u0107e se 18. decembra - dmcsrb.com\" \/>\n<meta property=\"og:description\" content=\"Tradicionalna 67. atletska trka &quot;19 decembar-Oslobo\u0111enje Podgorice&quot; Memorijal Veli\u0161a Mugo\u0161a odr\u017ea\u0107e se 18. decembra, saop\u0161teno je iz Ate\u010dteskog savez Crne Gore.\" \/>\n<meta property=\"og:url\" content=\"https:\/\/dmcsrb.com\/en\/sport\/atletska-trka-povodom-dana-oslobodjenja-podgorice-odrzace-se-18-decembra\/\" \/>\n<meta property=\"og:site_name\" content=\"dmcsrb.com\" \/>\n<meta property=\"article:published_time\" content=\"2025-11-26T08:54:00+00:00\" \/>\n<meta property=\"og:image\" content=\"https:\/\/dmcsrb.com\/wp-content\/uploads\/2026\/01\/download-2-6.webp\" \/>\n\t<meta property=\"og:image:width\" content=\"1179\" \/>\n\t<meta property=\"og:image:height\" content=\"1130\" \/>\n\t<meta property=\"og:image:type\" content=\"image\/png\" \/>\n<meta name=\"author\" content=\"dmcsrbija.com@gmail.com\" \/>\n<meta name=\"twitter:card\" content=\"summary_large_image\" \/>\n<meta name=\"twitter:label1\" content=\"Written by\" \/>\n\t<meta name=\"twitter:data1\" content=\"dmcsrbija.com@gmail.com\" \/>\n\t<meta name=\"twitter:label2\" content=\"Estimated reading time\" \/>\n\t<meta name=\"twitter:data2\" content=\"1 minute\" \/>\n<script type=\"application\/ld+json\" class=\"yoast-schema-graph\">{\"@context\":\"https:\/\/schema.org\",\"@graph\":[{\"@type\":\"Article\",\"@id\":\"https:\/\/dmcsrb.com\/sport\/atletska-trka-povodom-dana-oslobodjenja-podgorice-odrzace-se-18-decembra\/#article\",\"isPartOf\":{\"@id\":\"https:\/\/dmcsrb.com\/sport\/atletska-trka-povodom-dana-oslobodjenja-podgorice-odrzace-se-18-decembra\/\"},\"author\":{\"name\":\"dmcsrbija.com@gmail.com\",\"@id\":\"https:\/\/dmcsrb.com\/#\/schema\/person\/5c39170f12db1b8b457732d0b5c854e2\"},\"headline\":\"Atletska trka povodom Dana oslobo\u0111enja Podgorice odr\u017ea\u0107e se 18. decembra\",\"datePublished\":\"2025-11-26T08:54:00+00:00\",\"mainEntityOfPage\":{\"@id\":\"https:\/\/dmcsrb.com\/sport\/atletska-trka-povodom-dana-oslobodjenja-podgorice-odrzace-se-18-decembra\/\"},\"wordCount\":248,\"commentCount\":0,\"image\":{\"@id\":\"https:\/\/dmcsrb.com\/sport\/atletska-trka-povodom-dana-oslobodjenja-podgorice-odrzace-se-18-decembra\/#primaryimage\"},\"thumbnailUrl\":\"https:\/\/dmcsrb.com\/wp-content\/uploads\/2026\/01\/download-2-6.webp\",\"keywords\":[\"Atletika\",\"Podgorica\"],\"articleSection\":[\"Sport\"],\"inLanguage\":\"en-GB\",\"potentialAction\":[{\"@type\":\"CommentAction\",\"name\":\"Comment\",\"target\":[\"https:\/\/dmcsrb.com\/sport\/atletska-trka-povodom-dana-oslobodjenja-podgorice-odrzace-se-18-decembra\/#respond\"]}]},{\"@type\":\"WebPage\",\"@id\":\"https:\/\/dmcsrb.com\/sport\/atletska-trka-povodom-dana-oslobodjenja-podgorice-odrzace-se-18-decembra\/\",\"url\":\"https:\/\/dmcsrb.com\/sport\/atletska-trka-povodom-dana-oslobodjenja-podgorice-odrzace-se-18-decembra\/\",\"name\":\"Atletska trka povodom Dana oslobo\u0111enja Podgorice odr\u017ea\u0107e se 18. decembra - dmcsrb.com\",\"isPartOf\":{\"@id\":\"https:\/\/dmcsrb.com\/#website\"},\"primaryImageOfPage\":{\"@id\":\"https:\/\/dmcsrb.com\/sport\/atletska-trka-povodom-dana-oslobodjenja-podgorice-odrzace-se-18-decembra\/#primaryimage\"},\"image\":{\"@id\":\"https:\/\/dmcsrb.com\/sport\/atletska-trka-povodom-dana-oslobodjenja-podgorice-odrzace-se-18-decembra\/#primaryimage\"},\"thumbnailUrl\":\"https:\/\/dmcsrb.com\/wp-content\/uploads\/2026\/01\/download-2-6.webp\",\"datePublished\":\"2025-11-26T08:54:00+00:00\",\"author\":{\"@id\":\"https:\/\/dmcsrb.com\/#\/schema\/person\/5c39170f12db1b8b457732d0b5c854e2\"},\"breadcrumb\":{\"@id\":\"https:\/\/dmcsrb.com\/sport\/atletska-trka-povodom-dana-oslobodjenja-podgorice-odrzace-se-18-decembra\/#breadcrumb\"},\"inLanguage\":\"en-GB\",\"potentialAction\":[{\"@type\":\"ReadAction\",\"target\":[\"https:\/\/dmcsrb.com\/sport\/atletska-trka-povodom-dana-oslobodjenja-podgorice-odrzace-se-18-decembra\/\"]}]},{\"@type\":\"ImageObject\",\"inLanguage\":\"en-GB\",\"@id\":\"https:\/\/dmcsrb.com\/sport\/atletska-trka-povodom-dana-oslobodjenja-podgorice-odrzace-se-18-decembra\/#primaryimage\",\"url\":\"https:\/\/dmcsrb.com\/wp-content\/uploads\/2026\/01\/download-2-6.webp\",\"contentUrl\":\"https:\/\/dmcsrb.com\/wp-content\/uploads\/2026\/01\/download-2-6.webp\",\"width\":1179,\"height\":1130},{\"@type\":\"BreadcrumbList\",\"@id\":\"https:\/\/dmcsrb.com\/sport\/atletska-trka-povodom-dana-oslobodjenja-podgorice-odrzace-se-18-decembra\/#breadcrumb\",\"itemListElement\":[{\"@type\":\"ListItem\",\"position\":1,\"name\":\"Home\",\"item\":\"https:\/\/dmcsrb.com\/\"},{\"@type\":\"ListItem\",\"position\":2,\"name\":\"Atletska trka povodom Dana oslobo\u0111enja Podgorice odr\u017ea\u0107e se 18. decembra\"}]},{\"@type\":\"WebSite\",\"@id\":\"https:\/\/dmcsrb.com\/#website\",\"url\":\"https:\/\/dmcsrb.com\/\",\"name\":\"dmcsrb.com\",\"description\":\"\",\"potentialAction\":[{\"@type\":\"SearchAction\",\"target\":{\"@type\":\"EntryPoint\",\"urlTemplate\":\"https:\/\/dmcsrb.com\/?s={search_term_string}\"},\"query-input\":{\"@type\":\"PropertyValueSpecification\",\"valueRequired\":true,\"valueName\":\"search_term_string\"}}],\"inLanguage\":\"en-GB\"},{\"@type\":\"Person\",\"@id\":\"https:\/\/dmcsrb.com\/#\/schema\/person\/5c39170f12db1b8b457732d0b5c854e2\",\"name\":\"dmcsrbija.com@gmail.com\",\"image\":{\"@type\":\"ImageObject\",\"inLanguage\":\"en-GB\",\"@id\":\"https:\/\/dmcsrb.com\/#\/schema\/person\/image\/\",\"url\":\"https:\/\/secure.gravatar.com\/avatar\/68592660ad6347fad0fb587f8d5d8f1a7b44961362f56e4f2cd524feb87e9069?s=96&d=mm&r=g\",\"contentUrl\":\"https:\/\/secure.gravatar.com\/avatar\/68592660ad6347fad0fb587f8d5d8f1a7b44961362f56e4f2cd524feb87e9069?s=96&d=mm&r=g\",\"caption\":\"dmcsrbija.com@gmail.com\"},\"sameAs\":[\"https:\/\/dmcsrb.com\"],\"url\":\"https:\/\/dmcsrb.com\/en\/author\/dmcsrbija-comgmail-com\/\"}]}<\/script>\n<!-- \/ Yoast SEO plugin. -->","yoast_head_json":{"title":"Atletska trka povodom Dana oslobo\u0111enja Podgorice odr\u017ea\u0107e se 18. decembra - dmcsrb.com","robots":{"index":"index","follow":"follow","max-snippet":"max-snippet:-1","max-image-preview":"max-image-preview:large","max-video-preview":"max-video-preview:-1"},"canonical":"https:\/\/dmcsrb.com\/en\/sport\/atletska-trka-povodom-dana-oslobodjenja-podgorice-odrzace-se-18-decembra\/","og_locale":"en_GB","og_type":"article","og_title":"Atletska trka povodom Dana oslobo\u0111enja Podgorice odr\u017ea\u0107e se 18. decembra - dmcsrb.com","og_description":"Tradicionalna 67. atletska trka \"19 decembar-Oslobo\u0111enje Podgorice\" Memorijal Veli\u0161a Mugo\u0161a odr\u017ea\u0107e se 18. decembra, saop\u0161teno je iz Ate\u010dteskog savez Crne Gore.","og_url":"https:\/\/dmcsrb.com\/en\/sport\/atletska-trka-povodom-dana-oslobodjenja-podgorice-odrzace-se-18-decembra\/","og_site_name":"dmcsrb.com","article_published_time":"2025-11-26T08:54:00+00:00","og_image":[{"width":1179,"height":1130,"url":"https:\/\/dmcsrb.com\/wp-content\/uploads\/2026\/01\/download-2-6.webp","type":"image\/png"}],"author":"dmcsrbija.com@gmail.com","twitter_card":"summary_large_image","twitter_misc":{"Written by":"dmcsrbija.com@gmail.com","Estimated reading time":"1 minute"},"schema":{"@context":"https:\/\/schema.org","@graph":[{"@type":"Article","@id":"https:\/\/dmcsrb.com\/sport\/atletska-trka-povodom-dana-oslobodjenja-podgorice-odrzace-se-18-decembra\/#article","isPartOf":{"@id":"https:\/\/dmcsrb.com\/sport\/atletska-trka-povodom-dana-oslobodjenja-podgorice-odrzace-se-18-decembra\/"},"author":{"name":"dmcsrbija.com@gmail.com","@id":"https:\/\/dmcsrb.com\/#\/schema\/person\/5c39170f12db1b8b457732d0b5c854e2"},"headline":"Atletska trka povodom Dana oslobo\u0111enja Podgorice odr\u017ea\u0107e se 18. decembra","datePublished":"2025-11-26T08:54:00+00:00","mainEntityOfPage":{"@id":"https:\/\/dmcsrb.com\/sport\/atletska-trka-povodom-dana-oslobodjenja-podgorice-odrzace-se-18-decembra\/"},"wordCount":248,"commentCount":0,"image":{"@id":"https:\/\/dmcsrb.com\/sport\/atletska-trka-povodom-dana-oslobodjenja-podgorice-odrzace-se-18-decembra\/#primaryimage"},"thumbnailUrl":"https:\/\/dmcsrb.com\/wp-content\/uploads\/2026\/01\/download-2-6.webp","keywords":["Atletika","Podgorica"],"articleSection":["Sport"],"inLanguage":"en-GB","potentialAction":[{"@type":"CommentAction","name":"Comment","target":["https:\/\/dmcsrb.com\/sport\/atletska-trka-povodom-dana-oslobodjenja-podgorice-odrzace-se-18-decembra\/#respond"]}]},{"@type":"WebPage","@id":"https:\/\/dmcsrb.com\/sport\/atletska-trka-povodom-dana-oslobodjenja-podgorice-odrzace-se-18-decembra\/","url":"https:\/\/dmcsrb.com\/sport\/atletska-trka-povodom-dana-oslobodjenja-podgorice-odrzace-se-18-decembra\/","name":"Atletska trka povodom Dana oslobo\u0111enja Podgorice odr\u017ea\u0107e se 18. decembra - dmcsrb.com","isPartOf":{"@id":"https:\/\/dmcsrb.com\/#website"},"primaryImageOfPage":{"@id":"https:\/\/dmcsrb.com\/sport\/atletska-trka-povodom-dana-oslobodjenja-podgorice-odrzace-se-18-decembra\/#primaryimage"},"image":{"@id":"https:\/\/dmcsrb.com\/sport\/atletska-trka-povodom-dana-oslobodjenja-podgorice-odrzace-se-18-decembra\/#primaryimage"},"thumbnailUrl":"https:\/\/dmcsrb.com\/wp-content\/uploads\/2026\/01\/download-2-6.webp","datePublished":"2025-11-26T08:54:00+00:00","author":{"@id":"https:\/\/dmcsrb.com\/#\/schema\/person\/5c39170f12db1b8b457732d0b5c854e2"},"breadcrumb":{"@id":"https:\/\/dmcsrb.com\/sport\/atletska-trka-povodom-dana-oslobodjenja-podgorice-odrzace-se-18-decembra\/#breadcrumb"},"inLanguage":"en-GB","potentialAction":[{"@type":"ReadAction","target":["https:\/\/dmcsrb.com\/sport\/atletska-trka-povodom-dana-oslobodjenja-podgorice-odrzace-se-18-decembra\/"]}]},{"@type":"ImageObject","inLanguage":"en-GB","@id":"https:\/\/dmcsrb.com\/sport\/atletska-trka-povodom-dana-oslobodjenja-podgorice-odrzace-se-18-decembra\/#primaryimage","url":"https:\/\/dmcsrb.com\/wp-content\/uploads\/2026\/01\/download-2-6.webp","contentUrl":"https:\/\/dmcsrb.com\/wp-content\/uploads\/2026\/01\/download-2-6.webp","width":1179,"height":1130},{"@type":"BreadcrumbList","@id":"https:\/\/dmcsrb.com\/sport\/atletska-trka-povodom-dana-oslobodjenja-podgorice-odrzace-se-18-decembra\/#breadcrumb","itemListElement":[{"@type":"ListItem","position":1,"name":"Home","item":"https:\/\/dmcsrb.com\/"},{"@type":"ListItem","position":2,"name":"Atletska trka povodom Dana oslobo\u0111enja Podgorice odr\u017ea\u0107e se 18. decembra"}]},{"@type":"WebSite","@id":"https:\/\/dmcsrb.com\/#website","url":"https:\/\/dmcsrb.com\/","name":"dmcsrb.com","description":"","potentialAction":[{"@type":"SearchAction","target":{"@type":"EntryPoint","urlTemplate":"https:\/\/dmcsrb.com\/?s={search_term_string}"},"query-input":{"@type":"PropertyValueSpecification","valueRequired":true,"valueName":"search_term_string"}}],"inLanguage":"en-GB"},{"@type":"Person","@id":"https:\/\/dmcsrb.com\/#\/schema\/person\/5c39170f12db1b8b457732d0b5c854e2","name":"dmcsrbija.com@gmail.com","image":{"@type":"ImageObject","inLanguage":"en-GB","@id":"https:\/\/dmcsrb.com\/#\/schema\/person\/image\/","url":"https:\/\/secure.gravatar.com\/avatar\/68592660ad6347fad0fb587f8d5d8f1a7b44961362f56e4f2cd524feb87e9069?s=96&d=mm&r=g","contentUrl":"https:\/\/secure.gravatar.com\/avatar\/68592660ad6347fad0fb587f8d5d8f1a7b44961362f56e4f2cd524feb87e9069?s=96&d=mm&r=g","caption":"dmcsrbija.com@gmail.com"},"sameAs":["https:\/\/dmcsrb.com"],"url":"https:\/\/dmcsrb.com\/en\/author\/dmcsrbija-comgmail-com\/"}]}},"_links":{"self":[{"href":"https:\/\/dmcsrb.com\/en\/wp-json\/wp\/v2\/posts\/965740","targetHints":{"allow":["GET"]}}],"collection":[{"href":"https:\/\/dmcsrb.com\/en\/wp-json\/wp\/v2\/posts"}],"about":[{"href":"https:\/\/dmcsrb.com\/en\/wp-json\/wp\/v2\/types\/post"}],"author":[{"embeddable":true,"href":"https:\/\/dmcsrb.com\/en\/wp-json\/wp\/v2\/users\/1"}],"replies":[{"embeddable":true,"href":"https:\/\/dmcsrb.com\/en\/wp-json\/wp\/v2\/comments?post=965740"}],"version-history":[{"count":0,"href":"https:\/\/dmcsrb.com\/en\/wp-json\/wp\/v2\/posts\/965740\/revisions"}],"wp:featuredmedia":[{"embeddable":true,"href":"https:\/\/dmcsrb.com\/en\/wp-json\/wp\/v2\/media\/965741"}],"wp:attachment":[{"href":"https:\/\/dmcsrb.com\/en\/wp-json\/wp\/v2\/media?parent=965740"}],"wp:term":[{"taxonomy":"category","embeddable":true,"href":"https:\/\/dmcsrb.com\/en\/wp-json\/wp\/v2\/categories?post=965740"},{"taxonomy":"post_tag","embeddable":true,"href":"https:\/\/dmcsrb.com\/en\/wp-json\/wp\/v2\/tags?post=965740"},{"taxonomy":"naslovna","embeddable":true,"href":"https:\/\/dmcsrb.com\/en\/wp-json\/wp\/v2\/naslovna?post=965740"}],"curies":[{"name":"wp","href":"https:\/\/api.w.org\/{rel}","templated":true}]}}