{"id":965696,"date":"2025-11-25T19:34:00","date_gmt":"2025-11-25T18:34:00","guid":{"rendered":"https:\/\/dmcsrb.com\/uncategorized\/pnp-cestitao-jovanovicu-za-evropski-put-crne-gore-kljucno-kompletiranje-ustavnog-suda\/"},"modified":"2025-11-25T19:34:00","modified_gmt":"2025-11-25T18:34:00","slug":"pnp-cestitao-jovanovicu-za-evropski-put-crne-gore-kljucno-kompletiranje-ustavnog-suda","status":"publish","type":"post","link":"https:\/\/dmcsrb.com\/en\/politika\/pnp-cestitao-jovanovicu-za-evropski-put-crne-gore-kljucno-kompletiranje-ustavnog-suda\/","title":{"rendered":"PNP \u010destitao Jovanovi\u0107u: Za evropski put Crne Gore klju\u010dno kompletiranje Ustavnog suda"},"content":{"rendered":"<p><\/p>\n\n\n\n<p><\/p>\n\n\n\n<p><\/p>\n\n\n\n<p><\/p>\n\n\n\n<p><\/p>\n\n\n\n<p>\u201cVjerujemo da \u0107e ovaj izbor doprinijeti ja\u010danju nezavisnosti i efikasnosti institucija, kao i vra\u0107anju povjerenja gra\u0111ana u rad Ustavnog suda.&nbsp;O\u010dekujemo da \u0107e se, u duhu odgovornosti i dr\u017eavni\u010dkog pristupa, ubrzo posti\u0107i konsenzus i izabrati jo\u0161 dvoje sudija, kako bi Ustavni sud mogao funkcionisati u punom kapacitetu i u potpunosti ispunjavati svoju ustavnu ulogu\u201d, istakli su.<\/p>\n\n\n\n<p>Kako su naveli u saop\u0161tenju, imaju\u0107i u vidu evropsku agendu dr\u017eave Crne Gore, kao i neophodnost postojanja u potpunosti funkcionalnog Ustavnog suda, smatraju da je od izuzetnog zna\u010daja izabrati preostalo dvoje sudija, kako bismo obezbijedili pun kapacitet i nesmetan rad ove klju\u010dne institucije.<\/p>\n\n\n\n<p>\u201cPodvla\u010dimo da je ulazak Crne Gore u Evropsku uniju opredjeljenje i \u017eelja velike ve\u0107ine gra\u0111ana Crne Gore i javno saop\u0161teni cilj svih politi\u010dkih aktera, od kojih o\u010dekujemo da pru\u017ee jasan doprinos postizanju funkcionalnosti institucija, ja\u010danju vladavine prava i prevazila\u017eenju vje\u0161ta\u010dki produkovanih podjela koje nas predugo ko\u010de u procesu sveukupnog razvoja i napretka\u201d, ukazuju.<\/p>\n\n\n\n<p>Iz PNP-a su pozvali sve poslanice i poslanike da poka\u017eu da mogu da se izdignu iznad li\u010dnih i uskopartijskih interesa i da su spremni da zajedni\u010dki rade za dobrobit gra\u0111ana i dr\u017eave, te da se kona\u010dno usvoje rje\u0161enja koja \u0107e zemlju izvu\u0107i iz \u0107orsokaka.<\/p>\n\n\n\n<p>\u201cDobrobit gra\u0111ana i napredak dr\u017eave moraju kona\u010dno biti na prvom mjestu svima koji u\u010destvuju u dono\u0161enju odluka, jer samo tako mo\u017eemo graditi stabilnu, pravednu i evropski usmjerenu Crnu Goru\u201d, zaklju\u010dili su.<\/p>\n\n\n\n<p><\/p>","protected":false},"excerpt":{"rendered":"<p>Pokret Narodnog povjerenja \u010destitao je\u00a0Jovanu Jovanovi\u0107u\u00a0na izboru za sudiju Ustavnog suda Crne Gore, i saop\u0161tio da je za evropski put Crne Gore klju\u010dno kompletiranje Ustavnog suda.<\/p>","protected":false},"author":1,"featured_media":913245,"comment_status":"open","ping_status":"open","sticky":false,"template":"","format":"standard","meta":{"_acf_changed":false,"footnotes":""},"categories":[12],"tags":[161,129],"naslovna":[],"class_list":["post-965696","post","type-post","status-publish","format-standard","has-post-thumbnail","hentry","category-politika","tag-pnp","tag-ustavni-sud"],"acf":[],"yoast_head":"<!-- This site is optimized with the Yoast SEO plugin v27.4 - https:\/\/yoast.com\/product\/yoast-seo-wordpress\/ -->\n<title>PNP \u010destitao Jovanovi\u0107u: Za evropski put Crne Gore klju\u010dno kompletiranje Ustavnog suda - dmcsrb.com<\/title>\n<meta name=\"robots\" content=\"index, follow, max-snippet:-1, max-image-preview:large, max-video-preview:-1\" \/>\n<link rel=\"canonical\" href=\"https:\/\/dmcsrb.com\/en\/politika\/pnp-cestitao-jovanovicu-za-evropski-put-crne-gore-kljucno-kompletiranje-ustavnog-suda\/\" \/>\n<meta property=\"og:locale\" content=\"en_GB\" \/>\n<meta property=\"og:type\" content=\"article\" \/>\n<meta property=\"og:title\" content=\"PNP \u010destitao Jovanovi\u0107u: Za evropski put Crne Gore klju\u010dno kompletiranje Ustavnog suda - dmcsrb.com\" \/>\n<meta property=\"og:description\" content=\"Pokret Narodnog povjerenja \u010destitao je\u00a0Jovanu Jovanovi\u0107u\u00a0na izboru za sudiju Ustavnog suda Crne Gore, i saop\u0161tio da je za evropski put Crne Gore klju\u010dno kompletiranje Ustavnog suda.\" \/>\n<meta property=\"og:url\" content=\"https:\/\/dmcsrb.com\/en\/politika\/pnp-cestitao-jovanovicu-za-evropski-put-crne-gore-kljucno-kompletiranje-ustavnog-suda\/\" \/>\n<meta property=\"og:site_name\" content=\"dmcsrb.com\" \/>\n<meta property=\"article:published_time\" content=\"2025-11-25T18:34:00+00:00\" \/>\n<meta property=\"og:image\" content=\"https:\/\/dmcsrb.com\/wp-content\/uploads\/2026\/01\/Pokret-narodnog-povjerenja.jpg\" \/>\n\t<meta property=\"og:image:width\" content=\"1089\" \/>\n\t<meta property=\"og:image:height\" content=\"538\" \/>\n\t<meta property=\"og:image:type\" content=\"image\/jpeg\" \/>\n<meta name=\"author\" content=\"dmcsrbija.com@gmail.com\" \/>\n<meta name=\"twitter:card\" content=\"summary_large_image\" \/>\n<meta name=\"twitter:label1\" content=\"Written by\" \/>\n\t<meta name=\"twitter:data1\" content=\"dmcsrbija.com@gmail.com\" \/>\n\t<meta name=\"twitter:label2\" content=\"Estimated reading time\" \/>\n\t<meta name=\"twitter:data2\" content=\"1 minute\" \/>\n<script type=\"application\/ld+json\" class=\"yoast-schema-graph\">{\"@context\":\"https:\\\/\\\/schema.org\",\"@graph\":[{\"@type\":\"Article\",\"@id\":\"https:\\\/\\\/dmcsrb.com\\\/politika\\\/pnp-cestitao-jovanovicu-za-evropski-put-crne-gore-kljucno-kompletiranje-ustavnog-suda\\\/#article\",\"isPartOf\":{\"@id\":\"https:\\\/\\\/dmcsrb.com\\\/politika\\\/pnp-cestitao-jovanovicu-za-evropski-put-crne-gore-kljucno-kompletiranje-ustavnog-suda\\\/\"},\"author\":{\"name\":\"dmcsrbija.com@gmail.com\",\"@id\":\"https:\\\/\\\/dmcsrb.com\\\/#\\\/schema\\\/person\\\/5c39170f12db1b8b457732d0b5c854e2\"},\"headline\":\"PNP \u010destitao Jovanovi\u0107u: Za evropski put Crne Gore klju\u010dno kompletiranje Ustavnog suda\",\"datePublished\":\"2025-11-25T18:34:00+00:00\",\"mainEntityOfPage\":{\"@id\":\"https:\\\/\\\/dmcsrb.com\\\/politika\\\/pnp-cestitao-jovanovicu-za-evropski-put-crne-gore-kljucno-kompletiranje-ustavnog-suda\\\/\"},\"wordCount\":281,\"commentCount\":0,\"image\":{\"@id\":\"https:\\\/\\\/dmcsrb.com\\\/politika\\\/pnp-cestitao-jovanovicu-za-evropski-put-crne-gore-kljucno-kompletiranje-ustavnog-suda\\\/#primaryimage\"},\"thumbnailUrl\":\"https:\\\/\\\/dmcsrb.com\\\/wp-content\\\/uploads\\\/2026\\\/01\\\/Pokret-narodnog-povjerenja.jpg\",\"keywords\":[\"PNP\",\"Ustavni sud\"],\"articleSection\":[\"Politika\"],\"inLanguage\":\"en-GB\",\"potentialAction\":[{\"@type\":\"CommentAction\",\"name\":\"Comment\",\"target\":[\"https:\\\/\\\/dmcsrb.com\\\/politika\\\/pnp-cestitao-jovanovicu-za-evropski-put-crne-gore-kljucno-kompletiranje-ustavnog-suda\\\/#respond\"]}]},{\"@type\":\"WebPage\",\"@id\":\"https:\\\/\\\/dmcsrb.com\\\/politika\\\/pnp-cestitao-jovanovicu-za-evropski-put-crne-gore-kljucno-kompletiranje-ustavnog-suda\\\/\",\"url\":\"https:\\\/\\\/dmcsrb.com\\\/politika\\\/pnp-cestitao-jovanovicu-za-evropski-put-crne-gore-kljucno-kompletiranje-ustavnog-suda\\\/\",\"name\":\"PNP \u010destitao Jovanovi\u0107u: Za evropski put Crne Gore klju\u010dno kompletiranje Ustavnog suda - dmcsrb.com\",\"isPartOf\":{\"@id\":\"https:\\\/\\\/dmcsrb.com\\\/#website\"},\"primaryImageOfPage\":{\"@id\":\"https:\\\/\\\/dmcsrb.com\\\/politika\\\/pnp-cestitao-jovanovicu-za-evropski-put-crne-gore-kljucno-kompletiranje-ustavnog-suda\\\/#primaryimage\"},\"image\":{\"@id\":\"https:\\\/\\\/dmcsrb.com\\\/politika\\\/pnp-cestitao-jovanovicu-za-evropski-put-crne-gore-kljucno-kompletiranje-ustavnog-suda\\\/#primaryimage\"},\"thumbnailUrl\":\"https:\\\/\\\/dmcsrb.com\\\/wp-content\\\/uploads\\\/2026\\\/01\\\/Pokret-narodnog-povjerenja.jpg\",\"datePublished\":\"2025-11-25T18:34:00+00:00\",\"author\":{\"@id\":\"https:\\\/\\\/dmcsrb.com\\\/#\\\/schema\\\/person\\\/5c39170f12db1b8b457732d0b5c854e2\"},\"breadcrumb\":{\"@id\":\"https:\\\/\\\/dmcsrb.com\\\/politika\\\/pnp-cestitao-jovanovicu-za-evropski-put-crne-gore-kljucno-kompletiranje-ustavnog-suda\\\/#breadcrumb\"},\"inLanguage\":\"en-GB\",\"potentialAction\":[{\"@type\":\"ReadAction\",\"target\":[\"https:\\\/\\\/dmcsrb.com\\\/politika\\\/pnp-cestitao-jovanovicu-za-evropski-put-crne-gore-kljucno-kompletiranje-ustavnog-suda\\\/\"]}]},{\"@type\":\"ImageObject\",\"inLanguage\":\"en-GB\",\"@id\":\"https:\\\/\\\/dmcsrb.com\\\/politika\\\/pnp-cestitao-jovanovicu-za-evropski-put-crne-gore-kljucno-kompletiranje-ustavnog-suda\\\/#primaryimage\",\"url\":\"https:\\\/\\\/dmcsrb.com\\\/wp-content\\\/uploads\\\/2026\\\/01\\\/Pokret-narodnog-povjerenja.jpg\",\"contentUrl\":\"https:\\\/\\\/dmcsrb.com\\\/wp-content\\\/uploads\\\/2026\\\/01\\\/Pokret-narodnog-povjerenja.jpg\",\"width\":1089,\"height\":538},{\"@type\":\"BreadcrumbList\",\"@id\":\"https:\\\/\\\/dmcsrb.com\\\/politika\\\/pnp-cestitao-jovanovicu-za-evropski-put-crne-gore-kljucno-kompletiranje-ustavnog-suda\\\/#breadcrumb\",\"itemListElement\":[{\"@type\":\"ListItem\",\"position\":1,\"name\":\"Home\",\"item\":\"https:\\\/\\\/dmcsrb.com\\\/\"},{\"@type\":\"ListItem\",\"position\":2,\"name\":\"PNP \u010destitao Jovanovi\u0107u: Za evropski put Crne Gore klju\u010dno kompletiranje Ustavnog suda\"}]},{\"@type\":\"WebSite\",\"@id\":\"https:\\\/\\\/dmcsrb.com\\\/#website\",\"url\":\"https:\\\/\\\/dmcsrb.com\\\/\",\"name\":\"dmcsrb.com\",\"description\":\"\",\"potentialAction\":[{\"@type\":\"SearchAction\",\"target\":{\"@type\":\"EntryPoint\",\"urlTemplate\":\"https:\\\/\\\/dmcsrb.com\\\/?s={search_term_string}\"},\"query-input\":{\"@type\":\"PropertyValueSpecification\",\"valueRequired\":true,\"valueName\":\"search_term_string\"}}],\"inLanguage\":\"en-GB\"},{\"@type\":\"Person\",\"@id\":\"https:\\\/\\\/dmcsrb.com\\\/#\\\/schema\\\/person\\\/5c39170f12db1b8b457732d0b5c854e2\",\"name\":\"dmcsrbija.com@gmail.com\",\"image\":{\"@type\":\"ImageObject\",\"inLanguage\":\"en-GB\",\"@id\":\"https:\\\/\\\/secure.gravatar.com\\\/avatar\\\/68592660ad6347fad0fb587f8d5d8f1a7b44961362f56e4f2cd524feb87e9069?s=96&d=mm&r=g\",\"url\":\"https:\\\/\\\/secure.gravatar.com\\\/avatar\\\/68592660ad6347fad0fb587f8d5d8f1a7b44961362f56e4f2cd524feb87e9069?s=96&d=mm&r=g\",\"contentUrl\":\"https:\\\/\\\/secure.gravatar.com\\\/avatar\\\/68592660ad6347fad0fb587f8d5d8f1a7b44961362f56e4f2cd524feb87e9069?s=96&d=mm&r=g\",\"caption\":\"dmcsrbija.com@gmail.com\"},\"sameAs\":[\"https:\\\/\\\/dmcsrb.com\"],\"url\":\"https:\\\/\\\/dmcsrb.com\\\/en\\\/author\\\/dmcsrbija-comgmail-com\\\/\"}]}<\/script>\n<!-- \/ Yoast SEO plugin. -->","yoast_head_json":{"title":"PNP \u010destitao Jovanovi\u0107u: Za evropski put Crne Gore klju\u010dno kompletiranje Ustavnog suda - dmcsrb.com","robots":{"index":"index","follow":"follow","max-snippet":"max-snippet:-1","max-image-preview":"max-image-preview:large","max-video-preview":"max-video-preview:-1"},"canonical":"https:\/\/dmcsrb.com\/en\/politika\/pnp-cestitao-jovanovicu-za-evropski-put-crne-gore-kljucno-kompletiranje-ustavnog-suda\/","og_locale":"en_GB","og_type":"article","og_title":"PNP \u010destitao Jovanovi\u0107u: Za evropski put Crne Gore klju\u010dno kompletiranje Ustavnog suda - dmcsrb.com","og_description":"Pokret Narodnog povjerenja \u010destitao je\u00a0Jovanu Jovanovi\u0107u\u00a0na izboru za sudiju Ustavnog suda Crne Gore, i saop\u0161tio da je za evropski put Crne Gore klju\u010dno kompletiranje Ustavnog suda.","og_url":"https:\/\/dmcsrb.com\/en\/politika\/pnp-cestitao-jovanovicu-za-evropski-put-crne-gore-kljucno-kompletiranje-ustavnog-suda\/","og_site_name":"dmcsrb.com","article_published_time":"2025-11-25T18:34:00+00:00","og_image":[{"width":1089,"height":538,"url":"https:\/\/dmcsrb.com\/wp-content\/uploads\/2026\/01\/Pokret-narodnog-povjerenja.jpg","type":"image\/jpeg"}],"author":"dmcsrbija.com@gmail.com","twitter_card":"summary_large_image","twitter_misc":{"Written by":"dmcsrbija.com@gmail.com","Estimated reading time":"1 minute"},"schema":{"@context":"https:\/\/schema.org","@graph":[{"@type":"Article","@id":"https:\/\/dmcsrb.com\/politika\/pnp-cestitao-jovanovicu-za-evropski-put-crne-gore-kljucno-kompletiranje-ustavnog-suda\/#article","isPartOf":{"@id":"https:\/\/dmcsrb.com\/politika\/pnp-cestitao-jovanovicu-za-evropski-put-crne-gore-kljucno-kompletiranje-ustavnog-suda\/"},"author":{"name":"dmcsrbija.com@gmail.com","@id":"https:\/\/dmcsrb.com\/#\/schema\/person\/5c39170f12db1b8b457732d0b5c854e2"},"headline":"PNP \u010destitao Jovanovi\u0107u: Za evropski put Crne Gore klju\u010dno kompletiranje Ustavnog suda","datePublished":"2025-11-25T18:34:00+00:00","mainEntityOfPage":{"@id":"https:\/\/dmcsrb.com\/politika\/pnp-cestitao-jovanovicu-za-evropski-put-crne-gore-kljucno-kompletiranje-ustavnog-suda\/"},"wordCount":281,"commentCount":0,"image":{"@id":"https:\/\/dmcsrb.com\/politika\/pnp-cestitao-jovanovicu-za-evropski-put-crne-gore-kljucno-kompletiranje-ustavnog-suda\/#primaryimage"},"thumbnailUrl":"https:\/\/dmcsrb.com\/wp-content\/uploads\/2026\/01\/Pokret-narodnog-povjerenja.jpg","keywords":["PNP","Ustavni sud"],"articleSection":["Politika"],"inLanguage":"en-GB","potentialAction":[{"@type":"CommentAction","name":"Comment","target":["https:\/\/dmcsrb.com\/politika\/pnp-cestitao-jovanovicu-za-evropski-put-crne-gore-kljucno-kompletiranje-ustavnog-suda\/#respond"]}]},{"@type":"WebPage","@id":"https:\/\/dmcsrb.com\/politika\/pnp-cestitao-jovanovicu-za-evropski-put-crne-gore-kljucno-kompletiranje-ustavnog-suda\/","url":"https:\/\/dmcsrb.com\/politika\/pnp-cestitao-jovanovicu-za-evropski-put-crne-gore-kljucno-kompletiranje-ustavnog-suda\/","name":"PNP \u010destitao Jovanovi\u0107u: Za evropski put Crne Gore klju\u010dno kompletiranje Ustavnog suda - dmcsrb.com","isPartOf":{"@id":"https:\/\/dmcsrb.com\/#website"},"primaryImageOfPage":{"@id":"https:\/\/dmcsrb.com\/politika\/pnp-cestitao-jovanovicu-za-evropski-put-crne-gore-kljucno-kompletiranje-ustavnog-suda\/#primaryimage"},"image":{"@id":"https:\/\/dmcsrb.com\/politika\/pnp-cestitao-jovanovicu-za-evropski-put-crne-gore-kljucno-kompletiranje-ustavnog-suda\/#primaryimage"},"thumbnailUrl":"https:\/\/dmcsrb.com\/wp-content\/uploads\/2026\/01\/Pokret-narodnog-povjerenja.jpg","datePublished":"2025-11-25T18:34:00+00:00","author":{"@id":"https:\/\/dmcsrb.com\/#\/schema\/person\/5c39170f12db1b8b457732d0b5c854e2"},"breadcrumb":{"@id":"https:\/\/dmcsrb.com\/politika\/pnp-cestitao-jovanovicu-za-evropski-put-crne-gore-kljucno-kompletiranje-ustavnog-suda\/#breadcrumb"},"inLanguage":"en-GB","potentialAction":[{"@type":"ReadAction","target":["https:\/\/dmcsrb.com\/politika\/pnp-cestitao-jovanovicu-za-evropski-put-crne-gore-kljucno-kompletiranje-ustavnog-suda\/"]}]},{"@type":"ImageObject","inLanguage":"en-GB","@id":"https:\/\/dmcsrb.com\/politika\/pnp-cestitao-jovanovicu-za-evropski-put-crne-gore-kljucno-kompletiranje-ustavnog-suda\/#primaryimage","url":"https:\/\/dmcsrb.com\/wp-content\/uploads\/2026\/01\/Pokret-narodnog-povjerenja.jpg","contentUrl":"https:\/\/dmcsrb.com\/wp-content\/uploads\/2026\/01\/Pokret-narodnog-povjerenja.jpg","width":1089,"height":538},{"@type":"BreadcrumbList","@id":"https:\/\/dmcsrb.com\/politika\/pnp-cestitao-jovanovicu-za-evropski-put-crne-gore-kljucno-kompletiranje-ustavnog-suda\/#breadcrumb","itemListElement":[{"@type":"ListItem","position":1,"name":"Home","item":"https:\/\/dmcsrb.com\/"},{"@type":"ListItem","position":2,"name":"PNP \u010destitao Jovanovi\u0107u: Za evropski put Crne Gore klju\u010dno kompletiranje Ustavnog suda"}]},{"@type":"WebSite","@id":"https:\/\/dmcsrb.com\/#website","url":"https:\/\/dmcsrb.com\/","name":"dmcsrb.com","description":"","potentialAction":[{"@type":"SearchAction","target":{"@type":"EntryPoint","urlTemplate":"https:\/\/dmcsrb.com\/?s={search_term_string}"},"query-input":{"@type":"PropertyValueSpecification","valueRequired":true,"valueName":"search_term_string"}}],"inLanguage":"en-GB"},{"@type":"Person","@id":"https:\/\/dmcsrb.com\/#\/schema\/person\/5c39170f12db1b8b457732d0b5c854e2","name":"dmcsrbija.com@gmail.com","image":{"@type":"ImageObject","inLanguage":"en-GB","@id":"https:\/\/secure.gravatar.com\/avatar\/68592660ad6347fad0fb587f8d5d8f1a7b44961362f56e4f2cd524feb87e9069?s=96&d=mm&r=g","url":"https:\/\/secure.gravatar.com\/avatar\/68592660ad6347fad0fb587f8d5d8f1a7b44961362f56e4f2cd524feb87e9069?s=96&d=mm&r=g","contentUrl":"https:\/\/secure.gravatar.com\/avatar\/68592660ad6347fad0fb587f8d5d8f1a7b44961362f56e4f2cd524feb87e9069?s=96&d=mm&r=g","caption":"dmcsrbija.com@gmail.com"},"sameAs":["https:\/\/dmcsrb.com"],"url":"https:\/\/dmcsrb.com\/en\/author\/dmcsrbija-comgmail-com\/"}]}},"_links":{"self":[{"href":"https:\/\/dmcsrb.com\/en\/wp-json\/wp\/v2\/posts\/965696","targetHints":{"allow":["GET"]}}],"collection":[{"href":"https:\/\/dmcsrb.com\/en\/wp-json\/wp\/v2\/posts"}],"about":[{"href":"https:\/\/dmcsrb.com\/en\/wp-json\/wp\/v2\/types\/post"}],"author":[{"embeddable":true,"href":"https:\/\/dmcsrb.com\/en\/wp-json\/wp\/v2\/users\/1"}],"replies":[{"embeddable":true,"href":"https:\/\/dmcsrb.com\/en\/wp-json\/wp\/v2\/comments?post=965696"}],"version-history":[{"count":0,"href":"https:\/\/dmcsrb.com\/en\/wp-json\/wp\/v2\/posts\/965696\/revisions"}],"wp:featuredmedia":[{"embeddable":true,"href":"https:\/\/dmcsrb.com\/en\/wp-json\/wp\/v2\/media\/913245"}],"wp:attachment":[{"href":"https:\/\/dmcsrb.com\/en\/wp-json\/wp\/v2\/media?parent=965696"}],"wp:term":[{"taxonomy":"category","embeddable":true,"href":"https:\/\/dmcsrb.com\/en\/wp-json\/wp\/v2\/categories?post=965696"},{"taxonomy":"post_tag","embeddable":true,"href":"https:\/\/dmcsrb.com\/en\/wp-json\/wp\/v2\/tags?post=965696"},{"taxonomy":"naslovna","embeddable":true,"href":"https:\/\/dmcsrb.com\/en\/wp-json\/wp\/v2\/naslovna?post=965696"}],"curies":[{"name":"wp","href":"https:\/\/api.w.org\/{rel}","templated":true}]}}