{"id":965589,"date":"2025-11-25T15:37:00","date_gmt":"2025-11-25T14:37:00","guid":{"rendered":"https:\/\/dmcsrb.com\/uncategorized\/cri-nijedan-poslanik-nije-podrzao-inicijativu-sklonista-za-djevojcice-zrtve-djecjih-brakova\/"},"modified":"2025-11-25T15:37:00","modified_gmt":"2025-11-25T14:37:00","slug":"cri-nijedan-poslanik-nije-podrzao-inicijativu-sklonista-za-djevojcice-zrtve-djecjih-brakova","status":"publish","type":"post","link":"https:\/\/dmcsrb.com\/en\/drustvo\/cri-nijedan-poslanik-nije-podrzao-inicijativu-sklonista-za-djevojcice-zrtve-djecjih-brakova\/","title":{"rendered":"CRI: Nijedan poslanik nije podr\u017eao inicijativu skloni\u0161ta za djevoj\u010dice \u017ertve dje\u010djih brakova"},"content":{"rendered":"<p>CRI je 15. oktobra pokrenuo akciju pod nazivom \u201eOdbornici\/e i poslanici\/e za sigurnije djetinjstvo\u201c, kroz koju su lokalni odbornici i poslanici pozvani da dobrovoljnim prilozima podr\u017ee kampanju \u201e1 euro od Vas + 2 eura od OAK = sigurnost + obrazovanje + osna\u017eivanje\u201c.<\/p>\n\n\n\n<p>&#8220;Cilj inicijative je prikupljanje sredstava za izgradnju prvog nacionalnog skloni\u0161ta namijenjenog djevoj\u010dicama izlo\u017eenim prisilnim i dje\u010dijim brakovima&#8221;, kazali su iz CRI. <\/p>\n\n\n\n<p>Tako\u0111e navode da su se me\u0111u prvima odazvali odbornici i odbornice iz Danilovgrada, Bijelog Polja, Ro\u017eaja, Pljevalja i Kola\u0161ina, kao i klubovi odbornika DPS-a i Bo\u0161nja\u010dke stranke iz Bijelog Polja. Do sada je prikupljeno 1.130 eura, a zahvaljuju\u0107i modelu sufinansiranja, OAK fondacija udvostru\u010di\u0107e ovaj iznos.<\/p>\n\n\n\n<p>Organizacija je, me\u0111utim, izrazila zabrinutost jer do danas nijedan poslanik ili poslanica Skup\u0161tine Crne Gore nije podr\u017eao inicijativu. CRI ponovo poziva sve parlamentarne predstavnike da se uklju\u010de, podsje\u0107aju\u0107i da je akcija otvorena do kraja 2026. godine i da je rije\u010d o, kako navode, \u201eizuzetno va\u017enom i humanom projektu za za\u0161titu najranjivijih djevoj\u010dica\u201c.<\/p>\n\n\n\n<p>U saop\u0161tenju se tako\u0111e isti\u010de da je CRI od 2021. godine prikupio 27.538,76 eura, zahvaljuju\u0107i donacijama gra\u0111ana i institucija koje prepoznaju va\u017enost stvaranja sigurnog okru\u017eenja za djecu iz marginalizovanih zajednica.<\/p>\n\n\n\n<p>Iz organizacije poru\u010duju da \u0107e nastaviti kampanju, uz o\u010dekivanje da \u0107e se u narednom periodu priklju\u010diti i druge op\u0161tine, kao i poslanici, te doprinijeti ostvarenju cilja \u2013 izgradnji prvog skloni\u0161ta za djevoj\u010dice \u017ertve dje\u010djih brakova u Crnoj Gori.<\/p>\n\n\n\n<p><\/p>","protected":false},"excerpt":{"rendered":"<p>Inicijativa Centra za romske inicijative (CRI) za izgradnju prvog specijalizovanog skloni\u0161ta za djevoj\u010dice \u017ertve dje\u010djih brakova u Crnoj Gori dobila je podr\u0161ku odbornika i odbornica iz pet op\u0161tina, saop\u0161teno je iz ove organizacije.<\/p>","protected":false},"author":1,"featured_media":964355,"comment_status":"open","ping_status":"open","sticky":false,"template":"","format":"standard","meta":{"_acf_changed":false,"footnotes":""},"categories":[2],"tags":[5414,15459,15],"naslovna":[],"class_list":["post-965589","post","type-post","status-publish","format-standard","has-post-thumbnail","hentry","category-drustvo","tag-brak","tag-cri","tag-skupstina"],"acf":[],"yoast_head":"<!-- This site is optimized with the Yoast SEO plugin v27.0 - https:\/\/yoast.com\/product\/yoast-seo-wordpress\/ -->\n<title>CRI: Nijedan poslanik nije podr\u017eao inicijativu skloni\u0161ta za djevoj\u010dice \u017ertve dje\u010djih brakova - dmcsrb.com<\/title>\n<meta name=\"robots\" content=\"index, follow, max-snippet:-1, max-image-preview:large, max-video-preview:-1\" \/>\n<link rel=\"canonical\" href=\"https:\/\/dmcsrb.com\/en\/drustvo\/cri-nijedan-poslanik-nije-podrzao-inicijativu-sklonista-za-djevojcice-zrtve-djecjih-brakova\/\" \/>\n<meta property=\"og:locale\" content=\"en_GB\" \/>\n<meta property=\"og:type\" content=\"article\" \/>\n<meta property=\"og:title\" content=\"CRI: Nijedan poslanik nije podr\u017eao inicijativu skloni\u0161ta za djevoj\u010dice \u017ertve dje\u010djih brakova - dmcsrb.com\" \/>\n<meta property=\"og:description\" content=\"Inicijativa Centra za romske inicijative (CRI) za izgradnju prvog specijalizovanog skloni\u0161ta za djevoj\u010dice \u017ertve dje\u010djih brakova u Crnoj Gori dobila je podr\u0161ku odbornika i odbornica iz pet op\u0161tina, saop\u0161teno je iz ove organizacije.\" \/>\n<meta property=\"og:url\" content=\"https:\/\/dmcsrb.com\/en\/drustvo\/cri-nijedan-poslanik-nije-podrzao-inicijativu-sklonista-za-djevojcice-zrtve-djecjih-brakova\/\" \/>\n<meta property=\"og:site_name\" content=\"dmcsrb.com\" \/>\n<meta property=\"article:published_time\" content=\"2025-11-25T14:37:00+00:00\" \/>\n<meta property=\"og:image\" content=\"https:\/\/dmcsrb.com\/wp-content\/uploads\/2026\/01\/rosmki-brak.webp\" \/>\n\t<meta property=\"og:image:width\" content=\"898\" \/>\n\t<meta property=\"og:image:height\" content=\"506\" \/>\n\t<meta property=\"og:image:type\" content=\"image\/jpeg\" \/>\n<meta name=\"author\" content=\"dmcsrbija.com@gmail.com\" \/>\n<meta name=\"twitter:card\" content=\"summary_large_image\" \/>\n<meta name=\"twitter:label1\" content=\"Written by\" \/>\n\t<meta name=\"twitter:data1\" content=\"dmcsrbija.com@gmail.com\" \/>\n\t<meta name=\"twitter:label2\" content=\"Estimated reading time\" \/>\n\t<meta name=\"twitter:data2\" content=\"1 minute\" \/>\n<script type=\"application\/ld+json\" class=\"yoast-schema-graph\">{\"@context\":\"https:\/\/schema.org\",\"@graph\":[{\"@type\":\"Article\",\"@id\":\"https:\/\/dmcsrb.com\/drustvo\/cri-nijedan-poslanik-nije-podrzao-inicijativu-sklonista-za-djevojcice-zrtve-djecjih-brakova\/#article\",\"isPartOf\":{\"@id\":\"https:\/\/dmcsrb.com\/drustvo\/cri-nijedan-poslanik-nije-podrzao-inicijativu-sklonista-za-djevojcice-zrtve-djecjih-brakova\/\"},\"author\":{\"name\":\"dmcsrbija.com@gmail.com\",\"@id\":\"https:\/\/dmcsrb.com\/#\/schema\/person\/5c39170f12db1b8b457732d0b5c854e2\"},\"headline\":\"CRI: Nijedan poslanik nije podr\u017eao inicijativu skloni\u0161ta za djevoj\u010dice \u017ertve dje\u010djih brakova\",\"datePublished\":\"2025-11-25T14:37:00+00:00\",\"mainEntityOfPage\":{\"@id\":\"https:\/\/dmcsrb.com\/drustvo\/cri-nijedan-poslanik-nije-podrzao-inicijativu-sklonista-za-djevojcice-zrtve-djecjih-brakova\/\"},\"wordCount\":272,\"commentCount\":0,\"image\":{\"@id\":\"https:\/\/dmcsrb.com\/drustvo\/cri-nijedan-poslanik-nije-podrzao-inicijativu-sklonista-za-djevojcice-zrtve-djecjih-brakova\/#primaryimage\"},\"thumbnailUrl\":\"https:\/\/dmcsrb.com\/wp-content\/uploads\/2026\/01\/rosmki-brak.webp\",\"keywords\":[\"brak\",\"CRI\",\"Skup\u0161tina\"],\"articleSection\":[\"Dru\u0161tvo\"],\"inLanguage\":\"en-GB\",\"potentialAction\":[{\"@type\":\"CommentAction\",\"name\":\"Comment\",\"target\":[\"https:\/\/dmcsrb.com\/drustvo\/cri-nijedan-poslanik-nije-podrzao-inicijativu-sklonista-za-djevojcice-zrtve-djecjih-brakova\/#respond\"]}]},{\"@type\":\"WebPage\",\"@id\":\"https:\/\/dmcsrb.com\/drustvo\/cri-nijedan-poslanik-nije-podrzao-inicijativu-sklonista-za-djevojcice-zrtve-djecjih-brakova\/\",\"url\":\"https:\/\/dmcsrb.com\/drustvo\/cri-nijedan-poslanik-nije-podrzao-inicijativu-sklonista-za-djevojcice-zrtve-djecjih-brakova\/\",\"name\":\"CRI: Nijedan poslanik nije podr\u017eao inicijativu skloni\u0161ta za djevoj\u010dice \u017ertve dje\u010djih brakova - dmcsrb.com\",\"isPartOf\":{\"@id\":\"https:\/\/dmcsrb.com\/#website\"},\"primaryImageOfPage\":{\"@id\":\"https:\/\/dmcsrb.com\/drustvo\/cri-nijedan-poslanik-nije-podrzao-inicijativu-sklonista-za-djevojcice-zrtve-djecjih-brakova\/#primaryimage\"},\"image\":{\"@id\":\"https:\/\/dmcsrb.com\/drustvo\/cri-nijedan-poslanik-nije-podrzao-inicijativu-sklonista-za-djevojcice-zrtve-djecjih-brakova\/#primaryimage\"},\"thumbnailUrl\":\"https:\/\/dmcsrb.com\/wp-content\/uploads\/2026\/01\/rosmki-brak.webp\",\"datePublished\":\"2025-11-25T14:37:00+00:00\",\"author\":{\"@id\":\"https:\/\/dmcsrb.com\/#\/schema\/person\/5c39170f12db1b8b457732d0b5c854e2\"},\"breadcrumb\":{\"@id\":\"https:\/\/dmcsrb.com\/drustvo\/cri-nijedan-poslanik-nije-podrzao-inicijativu-sklonista-za-djevojcice-zrtve-djecjih-brakova\/#breadcrumb\"},\"inLanguage\":\"en-GB\",\"potentialAction\":[{\"@type\":\"ReadAction\",\"target\":[\"https:\/\/dmcsrb.com\/drustvo\/cri-nijedan-poslanik-nije-podrzao-inicijativu-sklonista-za-djevojcice-zrtve-djecjih-brakova\/\"]}]},{\"@type\":\"ImageObject\",\"inLanguage\":\"en-GB\",\"@id\":\"https:\/\/dmcsrb.com\/drustvo\/cri-nijedan-poslanik-nije-podrzao-inicijativu-sklonista-za-djevojcice-zrtve-djecjih-brakova\/#primaryimage\",\"url\":\"https:\/\/dmcsrb.com\/wp-content\/uploads\/2026\/01\/rosmki-brak.webp\",\"contentUrl\":\"https:\/\/dmcsrb.com\/wp-content\/uploads\/2026\/01\/rosmki-brak.webp\",\"width\":898,\"height\":506},{\"@type\":\"BreadcrumbList\",\"@id\":\"https:\/\/dmcsrb.com\/drustvo\/cri-nijedan-poslanik-nije-podrzao-inicijativu-sklonista-za-djevojcice-zrtve-djecjih-brakova\/#breadcrumb\",\"itemListElement\":[{\"@type\":\"ListItem\",\"position\":1,\"name\":\"Home\",\"item\":\"https:\/\/dmcsrb.com\/\"},{\"@type\":\"ListItem\",\"position\":2,\"name\":\"CRI: Nijedan poslanik nije podr\u017eao inicijativu skloni\u0161ta za djevoj\u010dice \u017ertve dje\u010djih brakova\"}]},{\"@type\":\"WebSite\",\"@id\":\"https:\/\/dmcsrb.com\/#website\",\"url\":\"https:\/\/dmcsrb.com\/\",\"name\":\"dmcsrb.com\",\"description\":\"\",\"potentialAction\":[{\"@type\":\"SearchAction\",\"target\":{\"@type\":\"EntryPoint\",\"urlTemplate\":\"https:\/\/dmcsrb.com\/?s={search_term_string}\"},\"query-input\":{\"@type\":\"PropertyValueSpecification\",\"valueRequired\":true,\"valueName\":\"search_term_string\"}}],\"inLanguage\":\"en-GB\"},{\"@type\":\"Person\",\"@id\":\"https:\/\/dmcsrb.com\/#\/schema\/person\/5c39170f12db1b8b457732d0b5c854e2\",\"name\":\"dmcsrbija.com@gmail.com\",\"image\":{\"@type\":\"ImageObject\",\"inLanguage\":\"en-GB\",\"@id\":\"https:\/\/dmcsrb.com\/#\/schema\/person\/image\/\",\"url\":\"https:\/\/secure.gravatar.com\/avatar\/68592660ad6347fad0fb587f8d5d8f1a7b44961362f56e4f2cd524feb87e9069?s=96&d=mm&r=g\",\"contentUrl\":\"https:\/\/secure.gravatar.com\/avatar\/68592660ad6347fad0fb587f8d5d8f1a7b44961362f56e4f2cd524feb87e9069?s=96&d=mm&r=g\",\"caption\":\"dmcsrbija.com@gmail.com\"},\"sameAs\":[\"https:\/\/dmcsrb.com\"],\"url\":\"https:\/\/dmcsrb.com\/en\/author\/dmcsrbija-comgmail-com\/\"}]}<\/script>\n<!-- \/ Yoast SEO plugin. -->","yoast_head_json":{"title":"CRI: Nijedan poslanik nije podr\u017eao inicijativu skloni\u0161ta za djevoj\u010dice \u017ertve dje\u010djih brakova - dmcsrb.com","robots":{"index":"index","follow":"follow","max-snippet":"max-snippet:-1","max-image-preview":"max-image-preview:large","max-video-preview":"max-video-preview:-1"},"canonical":"https:\/\/dmcsrb.com\/en\/drustvo\/cri-nijedan-poslanik-nije-podrzao-inicijativu-sklonista-za-djevojcice-zrtve-djecjih-brakova\/","og_locale":"en_GB","og_type":"article","og_title":"CRI: Nijedan poslanik nije podr\u017eao inicijativu skloni\u0161ta za djevoj\u010dice \u017ertve dje\u010djih brakova - dmcsrb.com","og_description":"Inicijativa Centra za romske inicijative (CRI) za izgradnju prvog specijalizovanog skloni\u0161ta za djevoj\u010dice \u017ertve dje\u010djih brakova u Crnoj Gori dobila je podr\u0161ku odbornika i odbornica iz pet op\u0161tina, saop\u0161teno je iz ove organizacije.","og_url":"https:\/\/dmcsrb.com\/en\/drustvo\/cri-nijedan-poslanik-nije-podrzao-inicijativu-sklonista-za-djevojcice-zrtve-djecjih-brakova\/","og_site_name":"dmcsrb.com","article_published_time":"2025-11-25T14:37:00+00:00","og_image":[{"width":898,"height":506,"url":"https:\/\/dmcsrb.com\/wp-content\/uploads\/2026\/01\/rosmki-brak.webp","type":"image\/jpeg"}],"author":"dmcsrbija.com@gmail.com","twitter_card":"summary_large_image","twitter_misc":{"Written by":"dmcsrbija.com@gmail.com","Estimated reading time":"1 minute"},"schema":{"@context":"https:\/\/schema.org","@graph":[{"@type":"Article","@id":"https:\/\/dmcsrb.com\/drustvo\/cri-nijedan-poslanik-nije-podrzao-inicijativu-sklonista-za-djevojcice-zrtve-djecjih-brakova\/#article","isPartOf":{"@id":"https:\/\/dmcsrb.com\/drustvo\/cri-nijedan-poslanik-nije-podrzao-inicijativu-sklonista-za-djevojcice-zrtve-djecjih-brakova\/"},"author":{"name":"dmcsrbija.com@gmail.com","@id":"https:\/\/dmcsrb.com\/#\/schema\/person\/5c39170f12db1b8b457732d0b5c854e2"},"headline":"CRI: Nijedan poslanik nije podr\u017eao inicijativu skloni\u0161ta za djevoj\u010dice \u017ertve dje\u010djih brakova","datePublished":"2025-11-25T14:37:00+00:00","mainEntityOfPage":{"@id":"https:\/\/dmcsrb.com\/drustvo\/cri-nijedan-poslanik-nije-podrzao-inicijativu-sklonista-za-djevojcice-zrtve-djecjih-brakova\/"},"wordCount":272,"commentCount":0,"image":{"@id":"https:\/\/dmcsrb.com\/drustvo\/cri-nijedan-poslanik-nije-podrzao-inicijativu-sklonista-za-djevojcice-zrtve-djecjih-brakova\/#primaryimage"},"thumbnailUrl":"https:\/\/dmcsrb.com\/wp-content\/uploads\/2026\/01\/rosmki-brak.webp","keywords":["brak","CRI","Skup\u0161tina"],"articleSection":["Dru\u0161tvo"],"inLanguage":"en-GB","potentialAction":[{"@type":"CommentAction","name":"Comment","target":["https:\/\/dmcsrb.com\/drustvo\/cri-nijedan-poslanik-nije-podrzao-inicijativu-sklonista-za-djevojcice-zrtve-djecjih-brakova\/#respond"]}]},{"@type":"WebPage","@id":"https:\/\/dmcsrb.com\/drustvo\/cri-nijedan-poslanik-nije-podrzao-inicijativu-sklonista-za-djevojcice-zrtve-djecjih-brakova\/","url":"https:\/\/dmcsrb.com\/drustvo\/cri-nijedan-poslanik-nije-podrzao-inicijativu-sklonista-za-djevojcice-zrtve-djecjih-brakova\/","name":"CRI: Nijedan poslanik nije podr\u017eao inicijativu skloni\u0161ta za djevoj\u010dice \u017ertve dje\u010djih brakova - dmcsrb.com","isPartOf":{"@id":"https:\/\/dmcsrb.com\/#website"},"primaryImageOfPage":{"@id":"https:\/\/dmcsrb.com\/drustvo\/cri-nijedan-poslanik-nije-podrzao-inicijativu-sklonista-za-djevojcice-zrtve-djecjih-brakova\/#primaryimage"},"image":{"@id":"https:\/\/dmcsrb.com\/drustvo\/cri-nijedan-poslanik-nije-podrzao-inicijativu-sklonista-za-djevojcice-zrtve-djecjih-brakova\/#primaryimage"},"thumbnailUrl":"https:\/\/dmcsrb.com\/wp-content\/uploads\/2026\/01\/rosmki-brak.webp","datePublished":"2025-11-25T14:37:00+00:00","author":{"@id":"https:\/\/dmcsrb.com\/#\/schema\/person\/5c39170f12db1b8b457732d0b5c854e2"},"breadcrumb":{"@id":"https:\/\/dmcsrb.com\/drustvo\/cri-nijedan-poslanik-nije-podrzao-inicijativu-sklonista-za-djevojcice-zrtve-djecjih-brakova\/#breadcrumb"},"inLanguage":"en-GB","potentialAction":[{"@type":"ReadAction","target":["https:\/\/dmcsrb.com\/drustvo\/cri-nijedan-poslanik-nije-podrzao-inicijativu-sklonista-za-djevojcice-zrtve-djecjih-brakova\/"]}]},{"@type":"ImageObject","inLanguage":"en-GB","@id":"https:\/\/dmcsrb.com\/drustvo\/cri-nijedan-poslanik-nije-podrzao-inicijativu-sklonista-za-djevojcice-zrtve-djecjih-brakova\/#primaryimage","url":"https:\/\/dmcsrb.com\/wp-content\/uploads\/2026\/01\/rosmki-brak.webp","contentUrl":"https:\/\/dmcsrb.com\/wp-content\/uploads\/2026\/01\/rosmki-brak.webp","width":898,"height":506},{"@type":"BreadcrumbList","@id":"https:\/\/dmcsrb.com\/drustvo\/cri-nijedan-poslanik-nije-podrzao-inicijativu-sklonista-za-djevojcice-zrtve-djecjih-brakova\/#breadcrumb","itemListElement":[{"@type":"ListItem","position":1,"name":"Home","item":"https:\/\/dmcsrb.com\/"},{"@type":"ListItem","position":2,"name":"CRI: Nijedan poslanik nije podr\u017eao inicijativu skloni\u0161ta za djevoj\u010dice \u017ertve dje\u010djih brakova"}]},{"@type":"WebSite","@id":"https:\/\/dmcsrb.com\/#website","url":"https:\/\/dmcsrb.com\/","name":"dmcsrb.com","description":"","potentialAction":[{"@type":"SearchAction","target":{"@type":"EntryPoint","urlTemplate":"https:\/\/dmcsrb.com\/?s={search_term_string}"},"query-input":{"@type":"PropertyValueSpecification","valueRequired":true,"valueName":"search_term_string"}}],"inLanguage":"en-GB"},{"@type":"Person","@id":"https:\/\/dmcsrb.com\/#\/schema\/person\/5c39170f12db1b8b457732d0b5c854e2","name":"dmcsrbija.com@gmail.com","image":{"@type":"ImageObject","inLanguage":"en-GB","@id":"https:\/\/dmcsrb.com\/#\/schema\/person\/image\/","url":"https:\/\/secure.gravatar.com\/avatar\/68592660ad6347fad0fb587f8d5d8f1a7b44961362f56e4f2cd524feb87e9069?s=96&d=mm&r=g","contentUrl":"https:\/\/secure.gravatar.com\/avatar\/68592660ad6347fad0fb587f8d5d8f1a7b44961362f56e4f2cd524feb87e9069?s=96&d=mm&r=g","caption":"dmcsrbija.com@gmail.com"},"sameAs":["https:\/\/dmcsrb.com"],"url":"https:\/\/dmcsrb.com\/en\/author\/dmcsrbija-comgmail-com\/"}]}},"_links":{"self":[{"href":"https:\/\/dmcsrb.com\/en\/wp-json\/wp\/v2\/posts\/965589","targetHints":{"allow":["GET"]}}],"collection":[{"href":"https:\/\/dmcsrb.com\/en\/wp-json\/wp\/v2\/posts"}],"about":[{"href":"https:\/\/dmcsrb.com\/en\/wp-json\/wp\/v2\/types\/post"}],"author":[{"embeddable":true,"href":"https:\/\/dmcsrb.com\/en\/wp-json\/wp\/v2\/users\/1"}],"replies":[{"embeddable":true,"href":"https:\/\/dmcsrb.com\/en\/wp-json\/wp\/v2\/comments?post=965589"}],"version-history":[{"count":0,"href":"https:\/\/dmcsrb.com\/en\/wp-json\/wp\/v2\/posts\/965589\/revisions"}],"wp:featuredmedia":[{"embeddable":true,"href":"https:\/\/dmcsrb.com\/en\/wp-json\/wp\/v2\/media\/964355"}],"wp:attachment":[{"href":"https:\/\/dmcsrb.com\/en\/wp-json\/wp\/v2\/media?parent=965589"}],"wp:term":[{"taxonomy":"category","embeddable":true,"href":"https:\/\/dmcsrb.com\/en\/wp-json\/wp\/v2\/categories?post=965589"},{"taxonomy":"post_tag","embeddable":true,"href":"https:\/\/dmcsrb.com\/en\/wp-json\/wp\/v2\/tags?post=965589"},{"taxonomy":"naslovna","embeddable":true,"href":"https:\/\/dmcsrb.com\/en\/wp-json\/wp\/v2\/naslovna?post=965589"}],"curies":[{"name":"wp","href":"https:\/\/api.w.org\/{rel}","templated":true}]}}