{"id":965540,"date":"2025-11-25T09:33:00","date_gmt":"2025-11-25T08:33:00","guid":{"rendered":"https:\/\/dmcsrb.com\/uncategorized\/milatovic-vrijeme-je-da-luka-bar-zauzme-mjesto-koje-zasluzuje\/"},"modified":"2025-11-25T09:33:00","modified_gmt":"2025-11-25T08:33:00","slug":"milatovic-vrijeme-je-da-luka-bar-zauzme-mjesto-koje-zasluzuje","status":"publish","type":"post","link":"https:\/\/dmcsrb.com\/en\/drustvo\/milatovic-vrijeme-je-da-luka-bar-zauzme-mjesto-koje-zasluzuje\/","title":{"rendered":"Milatovi\u0107: Vrijeme je da Luka Bar zauzme mjesto koje zaslu\u017euje"},"content":{"rendered":"<p><\/p>\n\n\n\n<p>Predsjednik Milatovi\u0107 naglasio je da Luka Bar predstavlja jedan od klju\u010dnih dr\u017eavnih resursa i strate\u0161kih potencijala Crne Gore.<\/p>\n\n\n\n<p>\u201cLuka Bar je ogroman potencijal na\u0161e dr\u017eave. Njeno ja\u010danje zna\u010di ja\u010danje ekonomije, otvaranje novih radnih mjesta i pozicioniranje Crne Gore kao va\u017enog saobra\u0107ajnog i logisti\u010dkog \u010dvori\u0161ta u Crnoj Gori i region&#8221;, nagla\u0161ava predsjednik.<\/p>\n\n\n\n<p>Predsjednik je istakao da je neophodno strate\u0161ko djelovanje dr\u017eave u nekoliko klju\u010dnih oblasti. U tom kontekstu, osvrnuo se i na odluku prethodnih vlasti da 30-godi\u0161nju koncesiju nad dijelom lu\u010dkog podru\u010dja dodijele kompaniji Port of Adria, ocjenjuju\u0107i da se takav potez pokazao strate\u0161ki pogre\u0161nim, naro\u010dito imaju\u0107i u vidu da ta kompanija godinama posluje sa gubitkom, \u0161to onemogu\u0107ava potpunu valorizaciju kapaciteta i razvojne mogu\u0107nosti Luke Bar.<\/p>\n\n\n\n<p>Milatovi\u0107 je poru\u010dio da se mora prona\u0107i rje\u0161enje koje \u0107e biti u interesu i dr\u017eave i investitora, nagla\u0161avaju\u0107i da se kao najbolje i dugoro\u010dno najkorisnije rje\u0161enje name\u0107e ponovno objedinjavanje Luke Bar kroz kupovinu Port of Adria od strane dr\u017eave. Kako je istakao, takav potez bio bi od posebnog zna\u010daja za razvoj kompletnog lu\u010dkog sistema, jer bi se obezbijedilo jedinstveno upravljanje, ve\u0107a operativna efikasnost i optimalna iskori\u0161\u0107enost svih postoje\u0107ih kapaciteta.<\/p>\n\n\n\n<p>Ukazao je na va\u017enost boljeg organizovanja \u017eeljezni\u010dkog prevoza tereta koji sti\u017ee u luku, kao klju\u010dne karike u lancu transporta i logistike. Predsjednik je poru\u010dio da je va\u017eno da svi akteri u sistemu budu sna\u017eno usmjereni na unapre\u0111enje operativnosti i konkurentnosti \u017eeljezni\u010dkog teretnog saobra\u0107aja.<\/p>\n\n\n\n<p>Tako\u0111e, Milatovi\u0107 je naglasio da je neophodno kontinuirano ulaganje u \u017eeljezni\u010dku infrastrukturu, uz temeljnu rekonstrukciju pruge, posebno dijela koji povezuje Bar sa unutra\u0161njo\u0161\u0107u i regionalnim tr\u017ei\u0161tima.<\/p>\n\n\n\n<p>\u201cZa ove procese potrebna je jasna dr\u017eavna vizija. Ako \u017eelimo da Luka Bar bude motor razvoja Bara i cijele Crne Gore, moramo strate\u0161ki i dugoro\u010dno ulagati u transportne i logisti\u010dke kapacitete.\u201d<\/p>\n\n\n\n<p>Predsjednik je istakao da Luka Bar, zahvaljuju\u0107i dubokom akvatorijumu, poziciji i raspolo\u017eivom prostoru, mo\u017ee postati jedan od najzna\u010dajnijih logisti\u010dkih centara u regionu, uz adekvatnu podr\u0161ku dr\u017eave i uskla\u0111eno djelovanje svih nadle\u017enih institucija.<\/p>\n\n\n\n<p>\u201cVrijeme je da Luka Bar zauzme mjesto koje zaslu\u017euje \u2013 kao sna\u017ean, integrisan i konkurentan sistem koji doprinosi razvoju grada Bara i cijele Crne Gore.\u201d<\/p>","protected":false},"excerpt":{"rendered":"<p>Predsjednik Crne Gore Jakov Milatovi\u0107 bio je u posjeti Baru i tom prilikom je posjetio i Luku Bar, gdje se sastao sa izvr\u0161nim direktorom Ilijom Pje\u0161\u010di\u0107em i predsjednikom Odbora direktora Du\u0161anom Masoni\u010di\u0107em. Rukovodstvo je predsjednika upoznalo sa poslovanjem kompanije, izazovima i planovima razvoja.<\/p>","protected":false},"author":1,"featured_media":965541,"comment_status":"open","ping_status":"open","sticky":false,"template":"","format":"standard","meta":{"_acf_changed":false,"footnotes":""},"categories":[2],"tags":[1111,95,90,6868],"naslovna":[],"class_list":["post-965540","post","type-post","status-publish","format-standard","has-post-thumbnail","hentry","category-drustvo","tag-bar","tag-crna-gora","tag-jakov-milatovic","tag-predsjednik-cg"],"acf":[],"yoast_head":"<!-- This site is optimized with the Yoast SEO plugin v27.4 - https:\/\/yoast.com\/product\/yoast-seo-wordpress\/ -->\n<title>Milatovi\u0107: Vrijeme je da Luka Bar zauzme mjesto koje zaslu\u017euje - dmcsrb.com<\/title>\n<meta name=\"robots\" content=\"index, follow, max-snippet:-1, max-image-preview:large, max-video-preview:-1\" \/>\n<link rel=\"canonical\" href=\"https:\/\/dmcsrb.com\/en\/drustvo\/milatovic-vrijeme-je-da-luka-bar-zauzme-mjesto-koje-zasluzuje\/\" \/>\n<meta property=\"og:locale\" content=\"en_GB\" \/>\n<meta property=\"og:type\" content=\"article\" \/>\n<meta property=\"og:title\" content=\"Milatovi\u0107: Vrijeme je da Luka Bar zauzme mjesto koje zaslu\u017euje - dmcsrb.com\" \/>\n<meta property=\"og:description\" content=\"Predsjednik Crne Gore Jakov Milatovi\u0107 bio je u posjeti Baru i tom prilikom je posjetio i Luku Bar, gdje se sastao sa izvr\u0161nim direktorom Ilijom Pje\u0161\u010di\u0107em i predsjednikom Odbora direktora Du\u0161anom Masoni\u010di\u0107em. Rukovodstvo je predsjednika upoznalo sa poslovanjem kompanije, izazovima i planovima razvoja.\" \/>\n<meta property=\"og:url\" content=\"https:\/\/dmcsrb.com\/en\/drustvo\/milatovic-vrijeme-je-da-luka-bar-zauzme-mjesto-koje-zasluzuje\/\" \/>\n<meta property=\"og:site_name\" content=\"dmcsrb.com\" \/>\n<meta property=\"article:published_time\" content=\"2025-11-25T08:33:00+00:00\" \/>\n<meta property=\"og:image\" content=\"https:\/\/dmcsrb.com\/wp-content\/uploads\/2026\/01\/foto2-1.webp\" \/>\n\t<meta property=\"og:image:width\" content=\"1599\" \/>\n\t<meta property=\"og:image:height\" content=\"1100\" \/>\n\t<meta property=\"og:image:type\" content=\"image\/jpeg\" \/>\n<meta name=\"author\" content=\"dmcsrbija.com@gmail.com\" \/>\n<meta name=\"twitter:card\" content=\"summary_large_image\" \/>\n<meta name=\"twitter:label1\" content=\"Written by\" \/>\n\t<meta name=\"twitter:data1\" content=\"dmcsrbija.com@gmail.com\" \/>\n\t<meta name=\"twitter:label2\" content=\"Estimated reading time\" \/>\n\t<meta name=\"twitter:data2\" content=\"2 minutes\" \/>\n<script type=\"application\/ld+json\" class=\"yoast-schema-graph\">{\"@context\":\"https:\\\/\\\/schema.org\",\"@graph\":[{\"@type\":\"Article\",\"@id\":\"https:\\\/\\\/dmcsrb.com\\\/drustvo\\\/milatovic-vrijeme-je-da-luka-bar-zauzme-mjesto-koje-zasluzuje\\\/#article\",\"isPartOf\":{\"@id\":\"https:\\\/\\\/dmcsrb.com\\\/drustvo\\\/milatovic-vrijeme-je-da-luka-bar-zauzme-mjesto-koje-zasluzuje\\\/\"},\"author\":{\"name\":\"dmcsrbija.com@gmail.com\",\"@id\":\"https:\\\/\\\/dmcsrb.com\\\/#\\\/schema\\\/person\\\/5c39170f12db1b8b457732d0b5c854e2\"},\"headline\":\"Milatovi\u0107: Vrijeme je da Luka Bar zauzme mjesto koje zaslu\u017euje\",\"datePublished\":\"2025-11-25T08:33:00+00:00\",\"mainEntityOfPage\":{\"@id\":\"https:\\\/\\\/dmcsrb.com\\\/drustvo\\\/milatovic-vrijeme-je-da-luka-bar-zauzme-mjesto-koje-zasluzuje\\\/\"},\"wordCount\":423,\"commentCount\":0,\"image\":{\"@id\":\"https:\\\/\\\/dmcsrb.com\\\/drustvo\\\/milatovic-vrijeme-je-da-luka-bar-zauzme-mjesto-koje-zasluzuje\\\/#primaryimage\"},\"thumbnailUrl\":\"https:\\\/\\\/dmcsrb.com\\\/wp-content\\\/uploads\\\/2026\\\/01\\\/foto2-1.webp\",\"keywords\":[\"Bar\",\"Crna Gora\",\"Jakov Milatovi\u0107\",\"predsjednik cg\"],\"articleSection\":[\"Dru\u0161tvo\"],\"inLanguage\":\"en-GB\",\"potentialAction\":[{\"@type\":\"CommentAction\",\"name\":\"Comment\",\"target\":[\"https:\\\/\\\/dmcsrb.com\\\/drustvo\\\/milatovic-vrijeme-je-da-luka-bar-zauzme-mjesto-koje-zasluzuje\\\/#respond\"]}]},{\"@type\":\"WebPage\",\"@id\":\"https:\\\/\\\/dmcsrb.com\\\/drustvo\\\/milatovic-vrijeme-je-da-luka-bar-zauzme-mjesto-koje-zasluzuje\\\/\",\"url\":\"https:\\\/\\\/dmcsrb.com\\\/drustvo\\\/milatovic-vrijeme-je-da-luka-bar-zauzme-mjesto-koje-zasluzuje\\\/\",\"name\":\"Milatovi\u0107: Vrijeme je da Luka Bar zauzme mjesto koje zaslu\u017euje - dmcsrb.com\",\"isPartOf\":{\"@id\":\"https:\\\/\\\/dmcsrb.com\\\/#website\"},\"primaryImageOfPage\":{\"@id\":\"https:\\\/\\\/dmcsrb.com\\\/drustvo\\\/milatovic-vrijeme-je-da-luka-bar-zauzme-mjesto-koje-zasluzuje\\\/#primaryimage\"},\"image\":{\"@id\":\"https:\\\/\\\/dmcsrb.com\\\/drustvo\\\/milatovic-vrijeme-je-da-luka-bar-zauzme-mjesto-koje-zasluzuje\\\/#primaryimage\"},\"thumbnailUrl\":\"https:\\\/\\\/dmcsrb.com\\\/wp-content\\\/uploads\\\/2026\\\/01\\\/foto2-1.webp\",\"datePublished\":\"2025-11-25T08:33:00+00:00\",\"author\":{\"@id\":\"https:\\\/\\\/dmcsrb.com\\\/#\\\/schema\\\/person\\\/5c39170f12db1b8b457732d0b5c854e2\"},\"breadcrumb\":{\"@id\":\"https:\\\/\\\/dmcsrb.com\\\/drustvo\\\/milatovic-vrijeme-je-da-luka-bar-zauzme-mjesto-koje-zasluzuje\\\/#breadcrumb\"},\"inLanguage\":\"en-GB\",\"potentialAction\":[{\"@type\":\"ReadAction\",\"target\":[\"https:\\\/\\\/dmcsrb.com\\\/drustvo\\\/milatovic-vrijeme-je-da-luka-bar-zauzme-mjesto-koje-zasluzuje\\\/\"]}]},{\"@type\":\"ImageObject\",\"inLanguage\":\"en-GB\",\"@id\":\"https:\\\/\\\/dmcsrb.com\\\/drustvo\\\/milatovic-vrijeme-je-da-luka-bar-zauzme-mjesto-koje-zasluzuje\\\/#primaryimage\",\"url\":\"https:\\\/\\\/dmcsrb.com\\\/wp-content\\\/uploads\\\/2026\\\/01\\\/foto2-1.webp\",\"contentUrl\":\"https:\\\/\\\/dmcsrb.com\\\/wp-content\\\/uploads\\\/2026\\\/01\\\/foto2-1.webp\",\"width\":1599,\"height\":1100},{\"@type\":\"BreadcrumbList\",\"@id\":\"https:\\\/\\\/dmcsrb.com\\\/drustvo\\\/milatovic-vrijeme-je-da-luka-bar-zauzme-mjesto-koje-zasluzuje\\\/#breadcrumb\",\"itemListElement\":[{\"@type\":\"ListItem\",\"position\":1,\"name\":\"Home\",\"item\":\"https:\\\/\\\/dmcsrb.com\\\/\"},{\"@type\":\"ListItem\",\"position\":2,\"name\":\"Milatovi\u0107: Vrijeme je da Luka Bar zauzme mjesto koje zaslu\u017euje\"}]},{\"@type\":\"WebSite\",\"@id\":\"https:\\\/\\\/dmcsrb.com\\\/#website\",\"url\":\"https:\\\/\\\/dmcsrb.com\\\/\",\"name\":\"dmcsrb.com\",\"description\":\"\",\"potentialAction\":[{\"@type\":\"SearchAction\",\"target\":{\"@type\":\"EntryPoint\",\"urlTemplate\":\"https:\\\/\\\/dmcsrb.com\\\/?s={search_term_string}\"},\"query-input\":{\"@type\":\"PropertyValueSpecification\",\"valueRequired\":true,\"valueName\":\"search_term_string\"}}],\"inLanguage\":\"en-GB\"},{\"@type\":\"Person\",\"@id\":\"https:\\\/\\\/dmcsrb.com\\\/#\\\/schema\\\/person\\\/5c39170f12db1b8b457732d0b5c854e2\",\"name\":\"dmcsrbija.com@gmail.com\",\"image\":{\"@type\":\"ImageObject\",\"inLanguage\":\"en-GB\",\"@id\":\"https:\\\/\\\/secure.gravatar.com\\\/avatar\\\/68592660ad6347fad0fb587f8d5d8f1a7b44961362f56e4f2cd524feb87e9069?s=96&d=mm&r=g\",\"url\":\"https:\\\/\\\/secure.gravatar.com\\\/avatar\\\/68592660ad6347fad0fb587f8d5d8f1a7b44961362f56e4f2cd524feb87e9069?s=96&d=mm&r=g\",\"contentUrl\":\"https:\\\/\\\/secure.gravatar.com\\\/avatar\\\/68592660ad6347fad0fb587f8d5d8f1a7b44961362f56e4f2cd524feb87e9069?s=96&d=mm&r=g\",\"caption\":\"dmcsrbija.com@gmail.com\"},\"sameAs\":[\"https:\\\/\\\/dmcsrb.com\"],\"url\":\"https:\\\/\\\/dmcsrb.com\\\/en\\\/author\\\/dmcsrbija-comgmail-com\\\/\"}]}<\/script>\n<!-- \/ Yoast SEO plugin. -->","yoast_head_json":{"title":"Milatovi\u0107: Vrijeme je da Luka Bar zauzme mjesto koje zaslu\u017euje - dmcsrb.com","robots":{"index":"index","follow":"follow","max-snippet":"max-snippet:-1","max-image-preview":"max-image-preview:large","max-video-preview":"max-video-preview:-1"},"canonical":"https:\/\/dmcsrb.com\/en\/drustvo\/milatovic-vrijeme-je-da-luka-bar-zauzme-mjesto-koje-zasluzuje\/","og_locale":"en_GB","og_type":"article","og_title":"Milatovi\u0107: Vrijeme je da Luka Bar zauzme mjesto koje zaslu\u017euje - dmcsrb.com","og_description":"Predsjednik Crne Gore Jakov Milatovi\u0107 bio je u posjeti Baru i tom prilikom je posjetio i Luku Bar, gdje se sastao sa izvr\u0161nim direktorom Ilijom Pje\u0161\u010di\u0107em i predsjednikom Odbora direktora Du\u0161anom Masoni\u010di\u0107em. Rukovodstvo je predsjednika upoznalo sa poslovanjem kompanije, izazovima i planovima razvoja.","og_url":"https:\/\/dmcsrb.com\/en\/drustvo\/milatovic-vrijeme-je-da-luka-bar-zauzme-mjesto-koje-zasluzuje\/","og_site_name":"dmcsrb.com","article_published_time":"2025-11-25T08:33:00+00:00","og_image":[{"width":1599,"height":1100,"url":"https:\/\/dmcsrb.com\/wp-content\/uploads\/2026\/01\/foto2-1.webp","type":"image\/jpeg"}],"author":"dmcsrbija.com@gmail.com","twitter_card":"summary_large_image","twitter_misc":{"Written by":"dmcsrbija.com@gmail.com","Estimated reading time":"2 minutes"},"schema":{"@context":"https:\/\/schema.org","@graph":[{"@type":"Article","@id":"https:\/\/dmcsrb.com\/drustvo\/milatovic-vrijeme-je-da-luka-bar-zauzme-mjesto-koje-zasluzuje\/#article","isPartOf":{"@id":"https:\/\/dmcsrb.com\/drustvo\/milatovic-vrijeme-je-da-luka-bar-zauzme-mjesto-koje-zasluzuje\/"},"author":{"name":"dmcsrbija.com@gmail.com","@id":"https:\/\/dmcsrb.com\/#\/schema\/person\/5c39170f12db1b8b457732d0b5c854e2"},"headline":"Milatovi\u0107: Vrijeme je da Luka Bar zauzme mjesto koje zaslu\u017euje","datePublished":"2025-11-25T08:33:00+00:00","mainEntityOfPage":{"@id":"https:\/\/dmcsrb.com\/drustvo\/milatovic-vrijeme-je-da-luka-bar-zauzme-mjesto-koje-zasluzuje\/"},"wordCount":423,"commentCount":0,"image":{"@id":"https:\/\/dmcsrb.com\/drustvo\/milatovic-vrijeme-je-da-luka-bar-zauzme-mjesto-koje-zasluzuje\/#primaryimage"},"thumbnailUrl":"https:\/\/dmcsrb.com\/wp-content\/uploads\/2026\/01\/foto2-1.webp","keywords":["Bar","Crna Gora","Jakov Milatovi\u0107","predsjednik cg"],"articleSection":["Dru\u0161tvo"],"inLanguage":"en-GB","potentialAction":[{"@type":"CommentAction","name":"Comment","target":["https:\/\/dmcsrb.com\/drustvo\/milatovic-vrijeme-je-da-luka-bar-zauzme-mjesto-koje-zasluzuje\/#respond"]}]},{"@type":"WebPage","@id":"https:\/\/dmcsrb.com\/drustvo\/milatovic-vrijeme-je-da-luka-bar-zauzme-mjesto-koje-zasluzuje\/","url":"https:\/\/dmcsrb.com\/drustvo\/milatovic-vrijeme-je-da-luka-bar-zauzme-mjesto-koje-zasluzuje\/","name":"Milatovi\u0107: Vrijeme je da Luka Bar zauzme mjesto koje zaslu\u017euje - dmcsrb.com","isPartOf":{"@id":"https:\/\/dmcsrb.com\/#website"},"primaryImageOfPage":{"@id":"https:\/\/dmcsrb.com\/drustvo\/milatovic-vrijeme-je-da-luka-bar-zauzme-mjesto-koje-zasluzuje\/#primaryimage"},"image":{"@id":"https:\/\/dmcsrb.com\/drustvo\/milatovic-vrijeme-je-da-luka-bar-zauzme-mjesto-koje-zasluzuje\/#primaryimage"},"thumbnailUrl":"https:\/\/dmcsrb.com\/wp-content\/uploads\/2026\/01\/foto2-1.webp","datePublished":"2025-11-25T08:33:00+00:00","author":{"@id":"https:\/\/dmcsrb.com\/#\/schema\/person\/5c39170f12db1b8b457732d0b5c854e2"},"breadcrumb":{"@id":"https:\/\/dmcsrb.com\/drustvo\/milatovic-vrijeme-je-da-luka-bar-zauzme-mjesto-koje-zasluzuje\/#breadcrumb"},"inLanguage":"en-GB","potentialAction":[{"@type":"ReadAction","target":["https:\/\/dmcsrb.com\/drustvo\/milatovic-vrijeme-je-da-luka-bar-zauzme-mjesto-koje-zasluzuje\/"]}]},{"@type":"ImageObject","inLanguage":"en-GB","@id":"https:\/\/dmcsrb.com\/drustvo\/milatovic-vrijeme-je-da-luka-bar-zauzme-mjesto-koje-zasluzuje\/#primaryimage","url":"https:\/\/dmcsrb.com\/wp-content\/uploads\/2026\/01\/foto2-1.webp","contentUrl":"https:\/\/dmcsrb.com\/wp-content\/uploads\/2026\/01\/foto2-1.webp","width":1599,"height":1100},{"@type":"BreadcrumbList","@id":"https:\/\/dmcsrb.com\/drustvo\/milatovic-vrijeme-je-da-luka-bar-zauzme-mjesto-koje-zasluzuje\/#breadcrumb","itemListElement":[{"@type":"ListItem","position":1,"name":"Home","item":"https:\/\/dmcsrb.com\/"},{"@type":"ListItem","position":2,"name":"Milatovi\u0107: Vrijeme je da Luka Bar zauzme mjesto koje zaslu\u017euje"}]},{"@type":"WebSite","@id":"https:\/\/dmcsrb.com\/#website","url":"https:\/\/dmcsrb.com\/","name":"dmcsrb.com","description":"","potentialAction":[{"@type":"SearchAction","target":{"@type":"EntryPoint","urlTemplate":"https:\/\/dmcsrb.com\/?s={search_term_string}"},"query-input":{"@type":"PropertyValueSpecification","valueRequired":true,"valueName":"search_term_string"}}],"inLanguage":"en-GB"},{"@type":"Person","@id":"https:\/\/dmcsrb.com\/#\/schema\/person\/5c39170f12db1b8b457732d0b5c854e2","name":"dmcsrbija.com@gmail.com","image":{"@type":"ImageObject","inLanguage":"en-GB","@id":"https:\/\/secure.gravatar.com\/avatar\/68592660ad6347fad0fb587f8d5d8f1a7b44961362f56e4f2cd524feb87e9069?s=96&d=mm&r=g","url":"https:\/\/secure.gravatar.com\/avatar\/68592660ad6347fad0fb587f8d5d8f1a7b44961362f56e4f2cd524feb87e9069?s=96&d=mm&r=g","contentUrl":"https:\/\/secure.gravatar.com\/avatar\/68592660ad6347fad0fb587f8d5d8f1a7b44961362f56e4f2cd524feb87e9069?s=96&d=mm&r=g","caption":"dmcsrbija.com@gmail.com"},"sameAs":["https:\/\/dmcsrb.com"],"url":"https:\/\/dmcsrb.com\/en\/author\/dmcsrbija-comgmail-com\/"}]}},"_links":{"self":[{"href":"https:\/\/dmcsrb.com\/en\/wp-json\/wp\/v2\/posts\/965540","targetHints":{"allow":["GET"]}}],"collection":[{"href":"https:\/\/dmcsrb.com\/en\/wp-json\/wp\/v2\/posts"}],"about":[{"href":"https:\/\/dmcsrb.com\/en\/wp-json\/wp\/v2\/types\/post"}],"author":[{"embeddable":true,"href":"https:\/\/dmcsrb.com\/en\/wp-json\/wp\/v2\/users\/1"}],"replies":[{"embeddable":true,"href":"https:\/\/dmcsrb.com\/en\/wp-json\/wp\/v2\/comments?post=965540"}],"version-history":[{"count":0,"href":"https:\/\/dmcsrb.com\/en\/wp-json\/wp\/v2\/posts\/965540\/revisions"}],"wp:featuredmedia":[{"embeddable":true,"href":"https:\/\/dmcsrb.com\/en\/wp-json\/wp\/v2\/media\/965541"}],"wp:attachment":[{"href":"https:\/\/dmcsrb.com\/en\/wp-json\/wp\/v2\/media?parent=965540"}],"wp:term":[{"taxonomy":"category","embeddable":true,"href":"https:\/\/dmcsrb.com\/en\/wp-json\/wp\/v2\/categories?post=965540"},{"taxonomy":"post_tag","embeddable":true,"href":"https:\/\/dmcsrb.com\/en\/wp-json\/wp\/v2\/tags?post=965540"},{"taxonomy":"naslovna","embeddable":true,"href":"https:\/\/dmcsrb.com\/en\/wp-json\/wp\/v2\/naslovna?post=965540"}],"curies":[{"name":"wp","href":"https:\/\/api.w.org\/{rel}","templated":true}]}}