{"id":965475,"date":"2025-11-24T21:00:00","date_gmt":"2025-11-24T20:00:00","guid":{"rendered":"https:\/\/dmcsrb.com\/uncategorized\/stanivukovic-prijavio-policiji-da-je-napadnut-u-banjaluci\/"},"modified":"2025-11-24T21:00:00","modified_gmt":"2025-11-24T20:00:00","slug":"stanivukovic-prijavio-policiji-da-je-napadnut-u-banjaluci","status":"publish","type":"post","link":"https:\/\/dmcsrb.com\/en\/region\/stanivukovic-prijavio-policiji-da-je-napadnut-u-banjaluci\/","title":{"rendered":"Stanivukovi\u0107 prijavio policiji da je napadnut u Banjaluci"},"content":{"rendered":"<p><\/p>\n\n\n\n<p>&#8220;Ve\u010deras, dok sam mirno \u0161etao na Banj brdu, napao me je jedan od Arseni\u0107a, uz otvorene li\u010dne prijetnje. Incident sam odmah prijavio policiji&#8221;, napisao je Stanivukovi\u0107 na dru\u0161tvenim mre\u017eama.<\/p>\n\n\n\n<p><\/p>","protected":false},"excerpt":{"rendered":"<p>Dra\u0161ko Stanivukovi\u0107, gradona\u010delnik Banjaluke, prijavio je ve\u010deras, 24.novembra, policiji da je napadnut u tom gradu.<\/p>","protected":false},"author":1,"featured_media":965476,"comment_status":"open","ping_status":"open","sticky":false,"template":"","format":"standard","meta":{"_acf_changed":false,"footnotes":""},"categories":[103],"tags":[5630,15385,6723],"naslovna":[],"class_list":["post-965475","post","type-post","status-publish","format-standard","has-post-thumbnail","hentry","category-region","tag-banja-luka","tag-drasko-stanivukovic","tag-rs"],"acf":[],"yoast_head":"<!-- This site is optimized with the Yoast SEO plugin v27.4 - https:\/\/yoast.com\/product\/yoast-seo-wordpress\/ -->\n<title>Stanivukovi\u0107 prijavio policiji da je napadnut u Banjaluci - dmcsrb.com<\/title>\n<meta name=\"robots\" content=\"index, follow, max-snippet:-1, max-image-preview:large, max-video-preview:-1\" \/>\n<link rel=\"canonical\" href=\"https:\/\/dmcsrb.com\/en\/region\/stanivukovic-prijavio-policiji-da-je-napadnut-u-banjaluci\/\" \/>\n<meta property=\"og:locale\" content=\"en_GB\" \/>\n<meta property=\"og:type\" content=\"article\" \/>\n<meta property=\"og:title\" content=\"Stanivukovi\u0107 prijavio policiji da je napadnut u Banjaluci - dmcsrb.com\" \/>\n<meta property=\"og:description\" content=\"Dra\u0161ko Stanivukovi\u0107, gradona\u010delnik Banjaluke, prijavio je ve\u010deras, 24.novembra, policiji da je napadnut u tom gradu.\" \/>\n<meta property=\"og:url\" content=\"https:\/\/dmcsrb.com\/en\/region\/stanivukovic-prijavio-policiji-da-je-napadnut-u-banjaluci\/\" \/>\n<meta property=\"og:site_name\" content=\"dmcsrb.com\" \/>\n<meta property=\"article:published_time\" content=\"2025-11-24T20:00:00+00:00\" \/>\n<meta property=\"og:image\" content=\"https:\/\/dmcsrb.com\/wp-content\/uploads\/2026\/01\/20251124210915_939324.webp\" \/>\n\t<meta property=\"og:image:width\" content=\"1200\" \/>\n\t<meta property=\"og:image:height\" content=\"800\" \/>\n\t<meta property=\"og:image:type\" content=\"image\/jpeg\" \/>\n<meta name=\"author\" content=\"dmcsrbija.com@gmail.com\" \/>\n<meta name=\"twitter:card\" content=\"summary_large_image\" \/>\n<meta name=\"twitter:label1\" content=\"Written by\" \/>\n\t<meta name=\"twitter:data1\" content=\"dmcsrbija.com@gmail.com\" \/>\n<script type=\"application\/ld+json\" class=\"yoast-schema-graph\">{\"@context\":\"https:\\\/\\\/schema.org\",\"@graph\":[{\"@type\":\"Article\",\"@id\":\"https:\\\/\\\/dmcsrb.com\\\/region\\\/stanivukovic-prijavio-policiji-da-je-napadnut-u-banjaluci\\\/#article\",\"isPartOf\":{\"@id\":\"https:\\\/\\\/dmcsrb.com\\\/region\\\/stanivukovic-prijavio-policiji-da-je-napadnut-u-banjaluci\\\/\"},\"author\":{\"name\":\"dmcsrbija.com@gmail.com\",\"@id\":\"https:\\\/\\\/dmcsrb.com\\\/#\\\/schema\\\/person\\\/5c39170f12db1b8b457732d0b5c854e2\"},\"headline\":\"Stanivukovi\u0107 prijavio policiji da je napadnut u Banjaluci\",\"datePublished\":\"2025-11-24T20:00:00+00:00\",\"mainEntityOfPage\":{\"@id\":\"https:\\\/\\\/dmcsrb.com\\\/region\\\/stanivukovic-prijavio-policiji-da-je-napadnut-u-banjaluci\\\/\"},\"wordCount\":42,\"commentCount\":0,\"image\":{\"@id\":\"https:\\\/\\\/dmcsrb.com\\\/region\\\/stanivukovic-prijavio-policiji-da-je-napadnut-u-banjaluci\\\/#primaryimage\"},\"thumbnailUrl\":\"https:\\\/\\\/dmcsrb.com\\\/wp-content\\\/uploads\\\/2026\\\/01\\\/20251124210915_939324.webp\",\"keywords\":[\"Banja Luka\",\"Dra\u0161ko Stanivukovi\u0107\",\"RS\"],\"articleSection\":[\"Region\"],\"inLanguage\":\"en-GB\",\"potentialAction\":[{\"@type\":\"CommentAction\",\"name\":\"Comment\",\"target\":[\"https:\\\/\\\/dmcsrb.com\\\/region\\\/stanivukovic-prijavio-policiji-da-je-napadnut-u-banjaluci\\\/#respond\"]}]},{\"@type\":\"WebPage\",\"@id\":\"https:\\\/\\\/dmcsrb.com\\\/region\\\/stanivukovic-prijavio-policiji-da-je-napadnut-u-banjaluci\\\/\",\"url\":\"https:\\\/\\\/dmcsrb.com\\\/region\\\/stanivukovic-prijavio-policiji-da-je-napadnut-u-banjaluci\\\/\",\"name\":\"Stanivukovi\u0107 prijavio policiji da je napadnut u Banjaluci - dmcsrb.com\",\"isPartOf\":{\"@id\":\"https:\\\/\\\/dmcsrb.com\\\/#website\"},\"primaryImageOfPage\":{\"@id\":\"https:\\\/\\\/dmcsrb.com\\\/region\\\/stanivukovic-prijavio-policiji-da-je-napadnut-u-banjaluci\\\/#primaryimage\"},\"image\":{\"@id\":\"https:\\\/\\\/dmcsrb.com\\\/region\\\/stanivukovic-prijavio-policiji-da-je-napadnut-u-banjaluci\\\/#primaryimage\"},\"thumbnailUrl\":\"https:\\\/\\\/dmcsrb.com\\\/wp-content\\\/uploads\\\/2026\\\/01\\\/20251124210915_939324.webp\",\"datePublished\":\"2025-11-24T20:00:00+00:00\",\"author\":{\"@id\":\"https:\\\/\\\/dmcsrb.com\\\/#\\\/schema\\\/person\\\/5c39170f12db1b8b457732d0b5c854e2\"},\"breadcrumb\":{\"@id\":\"https:\\\/\\\/dmcsrb.com\\\/region\\\/stanivukovic-prijavio-policiji-da-je-napadnut-u-banjaluci\\\/#breadcrumb\"},\"inLanguage\":\"en-GB\",\"potentialAction\":[{\"@type\":\"ReadAction\",\"target\":[\"https:\\\/\\\/dmcsrb.com\\\/region\\\/stanivukovic-prijavio-policiji-da-je-napadnut-u-banjaluci\\\/\"]}]},{\"@type\":\"ImageObject\",\"inLanguage\":\"en-GB\",\"@id\":\"https:\\\/\\\/dmcsrb.com\\\/region\\\/stanivukovic-prijavio-policiji-da-je-napadnut-u-banjaluci\\\/#primaryimage\",\"url\":\"https:\\\/\\\/dmcsrb.com\\\/wp-content\\\/uploads\\\/2026\\\/01\\\/20251124210915_939324.webp\",\"contentUrl\":\"https:\\\/\\\/dmcsrb.com\\\/wp-content\\\/uploads\\\/2026\\\/01\\\/20251124210915_939324.webp\",\"width\":1200,\"height\":800},{\"@type\":\"BreadcrumbList\",\"@id\":\"https:\\\/\\\/dmcsrb.com\\\/region\\\/stanivukovic-prijavio-policiji-da-je-napadnut-u-banjaluci\\\/#breadcrumb\",\"itemListElement\":[{\"@type\":\"ListItem\",\"position\":1,\"name\":\"Home\",\"item\":\"https:\\\/\\\/dmcsrb.com\\\/\"},{\"@type\":\"ListItem\",\"position\":2,\"name\":\"Stanivukovi\u0107 prijavio policiji da je napadnut u Banjaluci\"}]},{\"@type\":\"WebSite\",\"@id\":\"https:\\\/\\\/dmcsrb.com\\\/#website\",\"url\":\"https:\\\/\\\/dmcsrb.com\\\/\",\"name\":\"dmcsrb.com\",\"description\":\"\",\"potentialAction\":[{\"@type\":\"SearchAction\",\"target\":{\"@type\":\"EntryPoint\",\"urlTemplate\":\"https:\\\/\\\/dmcsrb.com\\\/?s={search_term_string}\"},\"query-input\":{\"@type\":\"PropertyValueSpecification\",\"valueRequired\":true,\"valueName\":\"search_term_string\"}}],\"inLanguage\":\"en-GB\"},{\"@type\":\"Person\",\"@id\":\"https:\\\/\\\/dmcsrb.com\\\/#\\\/schema\\\/person\\\/5c39170f12db1b8b457732d0b5c854e2\",\"name\":\"dmcsrbija.com@gmail.com\",\"image\":{\"@type\":\"ImageObject\",\"inLanguage\":\"en-GB\",\"@id\":\"https:\\\/\\\/secure.gravatar.com\\\/avatar\\\/68592660ad6347fad0fb587f8d5d8f1a7b44961362f56e4f2cd524feb87e9069?s=96&d=mm&r=g\",\"url\":\"https:\\\/\\\/secure.gravatar.com\\\/avatar\\\/68592660ad6347fad0fb587f8d5d8f1a7b44961362f56e4f2cd524feb87e9069?s=96&d=mm&r=g\",\"contentUrl\":\"https:\\\/\\\/secure.gravatar.com\\\/avatar\\\/68592660ad6347fad0fb587f8d5d8f1a7b44961362f56e4f2cd524feb87e9069?s=96&d=mm&r=g\",\"caption\":\"dmcsrbija.com@gmail.com\"},\"sameAs\":[\"https:\\\/\\\/dmcsrb.com\"],\"url\":\"https:\\\/\\\/dmcsrb.com\\\/en\\\/author\\\/dmcsrbija-comgmail-com\\\/\"}]}<\/script>\n<!-- \/ Yoast SEO plugin. -->","yoast_head_json":{"title":"Stanivukovi\u0107 prijavio policiji da je napadnut u Banjaluci - dmcsrb.com","robots":{"index":"index","follow":"follow","max-snippet":"max-snippet:-1","max-image-preview":"max-image-preview:large","max-video-preview":"max-video-preview:-1"},"canonical":"https:\/\/dmcsrb.com\/en\/region\/stanivukovic-prijavio-policiji-da-je-napadnut-u-banjaluci\/","og_locale":"en_GB","og_type":"article","og_title":"Stanivukovi\u0107 prijavio policiji da je napadnut u Banjaluci - dmcsrb.com","og_description":"Dra\u0161ko Stanivukovi\u0107, gradona\u010delnik Banjaluke, prijavio je ve\u010deras, 24.novembra, policiji da je napadnut u tom gradu.","og_url":"https:\/\/dmcsrb.com\/en\/region\/stanivukovic-prijavio-policiji-da-je-napadnut-u-banjaluci\/","og_site_name":"dmcsrb.com","article_published_time":"2025-11-24T20:00:00+00:00","og_image":[{"width":1200,"height":800,"url":"https:\/\/dmcsrb.com\/wp-content\/uploads\/2026\/01\/20251124210915_939324.webp","type":"image\/jpeg"}],"author":"dmcsrbija.com@gmail.com","twitter_card":"summary_large_image","twitter_misc":{"Written by":"dmcsrbija.com@gmail.com"},"schema":{"@context":"https:\/\/schema.org","@graph":[{"@type":"Article","@id":"https:\/\/dmcsrb.com\/region\/stanivukovic-prijavio-policiji-da-je-napadnut-u-banjaluci\/#article","isPartOf":{"@id":"https:\/\/dmcsrb.com\/region\/stanivukovic-prijavio-policiji-da-je-napadnut-u-banjaluci\/"},"author":{"name":"dmcsrbija.com@gmail.com","@id":"https:\/\/dmcsrb.com\/#\/schema\/person\/5c39170f12db1b8b457732d0b5c854e2"},"headline":"Stanivukovi\u0107 prijavio policiji da je napadnut u Banjaluci","datePublished":"2025-11-24T20:00:00+00:00","mainEntityOfPage":{"@id":"https:\/\/dmcsrb.com\/region\/stanivukovic-prijavio-policiji-da-je-napadnut-u-banjaluci\/"},"wordCount":42,"commentCount":0,"image":{"@id":"https:\/\/dmcsrb.com\/region\/stanivukovic-prijavio-policiji-da-je-napadnut-u-banjaluci\/#primaryimage"},"thumbnailUrl":"https:\/\/dmcsrb.com\/wp-content\/uploads\/2026\/01\/20251124210915_939324.webp","keywords":["Banja Luka","Dra\u0161ko Stanivukovi\u0107","RS"],"articleSection":["Region"],"inLanguage":"en-GB","potentialAction":[{"@type":"CommentAction","name":"Comment","target":["https:\/\/dmcsrb.com\/region\/stanivukovic-prijavio-policiji-da-je-napadnut-u-banjaluci\/#respond"]}]},{"@type":"WebPage","@id":"https:\/\/dmcsrb.com\/region\/stanivukovic-prijavio-policiji-da-je-napadnut-u-banjaluci\/","url":"https:\/\/dmcsrb.com\/region\/stanivukovic-prijavio-policiji-da-je-napadnut-u-banjaluci\/","name":"Stanivukovi\u0107 prijavio policiji da je napadnut u Banjaluci - dmcsrb.com","isPartOf":{"@id":"https:\/\/dmcsrb.com\/#website"},"primaryImageOfPage":{"@id":"https:\/\/dmcsrb.com\/region\/stanivukovic-prijavio-policiji-da-je-napadnut-u-banjaluci\/#primaryimage"},"image":{"@id":"https:\/\/dmcsrb.com\/region\/stanivukovic-prijavio-policiji-da-je-napadnut-u-banjaluci\/#primaryimage"},"thumbnailUrl":"https:\/\/dmcsrb.com\/wp-content\/uploads\/2026\/01\/20251124210915_939324.webp","datePublished":"2025-11-24T20:00:00+00:00","author":{"@id":"https:\/\/dmcsrb.com\/#\/schema\/person\/5c39170f12db1b8b457732d0b5c854e2"},"breadcrumb":{"@id":"https:\/\/dmcsrb.com\/region\/stanivukovic-prijavio-policiji-da-je-napadnut-u-banjaluci\/#breadcrumb"},"inLanguage":"en-GB","potentialAction":[{"@type":"ReadAction","target":["https:\/\/dmcsrb.com\/region\/stanivukovic-prijavio-policiji-da-je-napadnut-u-banjaluci\/"]}]},{"@type":"ImageObject","inLanguage":"en-GB","@id":"https:\/\/dmcsrb.com\/region\/stanivukovic-prijavio-policiji-da-je-napadnut-u-banjaluci\/#primaryimage","url":"https:\/\/dmcsrb.com\/wp-content\/uploads\/2026\/01\/20251124210915_939324.webp","contentUrl":"https:\/\/dmcsrb.com\/wp-content\/uploads\/2026\/01\/20251124210915_939324.webp","width":1200,"height":800},{"@type":"BreadcrumbList","@id":"https:\/\/dmcsrb.com\/region\/stanivukovic-prijavio-policiji-da-je-napadnut-u-banjaluci\/#breadcrumb","itemListElement":[{"@type":"ListItem","position":1,"name":"Home","item":"https:\/\/dmcsrb.com\/"},{"@type":"ListItem","position":2,"name":"Stanivukovi\u0107 prijavio policiji da je napadnut u Banjaluci"}]},{"@type":"WebSite","@id":"https:\/\/dmcsrb.com\/#website","url":"https:\/\/dmcsrb.com\/","name":"dmcsrb.com","description":"","potentialAction":[{"@type":"SearchAction","target":{"@type":"EntryPoint","urlTemplate":"https:\/\/dmcsrb.com\/?s={search_term_string}"},"query-input":{"@type":"PropertyValueSpecification","valueRequired":true,"valueName":"search_term_string"}}],"inLanguage":"en-GB"},{"@type":"Person","@id":"https:\/\/dmcsrb.com\/#\/schema\/person\/5c39170f12db1b8b457732d0b5c854e2","name":"dmcsrbija.com@gmail.com","image":{"@type":"ImageObject","inLanguage":"en-GB","@id":"https:\/\/secure.gravatar.com\/avatar\/68592660ad6347fad0fb587f8d5d8f1a7b44961362f56e4f2cd524feb87e9069?s=96&d=mm&r=g","url":"https:\/\/secure.gravatar.com\/avatar\/68592660ad6347fad0fb587f8d5d8f1a7b44961362f56e4f2cd524feb87e9069?s=96&d=mm&r=g","contentUrl":"https:\/\/secure.gravatar.com\/avatar\/68592660ad6347fad0fb587f8d5d8f1a7b44961362f56e4f2cd524feb87e9069?s=96&d=mm&r=g","caption":"dmcsrbija.com@gmail.com"},"sameAs":["https:\/\/dmcsrb.com"],"url":"https:\/\/dmcsrb.com\/en\/author\/dmcsrbija-comgmail-com\/"}]}},"_links":{"self":[{"href":"https:\/\/dmcsrb.com\/en\/wp-json\/wp\/v2\/posts\/965475","targetHints":{"allow":["GET"]}}],"collection":[{"href":"https:\/\/dmcsrb.com\/en\/wp-json\/wp\/v2\/posts"}],"about":[{"href":"https:\/\/dmcsrb.com\/en\/wp-json\/wp\/v2\/types\/post"}],"author":[{"embeddable":true,"href":"https:\/\/dmcsrb.com\/en\/wp-json\/wp\/v2\/users\/1"}],"replies":[{"embeddable":true,"href":"https:\/\/dmcsrb.com\/en\/wp-json\/wp\/v2\/comments?post=965475"}],"version-history":[{"count":0,"href":"https:\/\/dmcsrb.com\/en\/wp-json\/wp\/v2\/posts\/965475\/revisions"}],"wp:featuredmedia":[{"embeddable":true,"href":"https:\/\/dmcsrb.com\/en\/wp-json\/wp\/v2\/media\/965476"}],"wp:attachment":[{"href":"https:\/\/dmcsrb.com\/en\/wp-json\/wp\/v2\/media?parent=965475"}],"wp:term":[{"taxonomy":"category","embeddable":true,"href":"https:\/\/dmcsrb.com\/en\/wp-json\/wp\/v2\/categories?post=965475"},{"taxonomy":"post_tag","embeddable":true,"href":"https:\/\/dmcsrb.com\/en\/wp-json\/wp\/v2\/tags?post=965475"},{"taxonomy":"naslovna","embeddable":true,"href":"https:\/\/dmcsrb.com\/en\/wp-json\/wp\/v2\/naslovna?post=965475"}],"curies":[{"name":"wp","href":"https:\/\/api.w.org\/{rel}","templated":true}]}}