{"id":965466,"date":"2025-11-24T21:48:00","date_gmt":"2025-11-24T20:48:00","guid":{"rendered":"https:\/\/dmcsrb.com\/uncategorized\/ukrajinska-delegacija-otisla-iz-zeneve-dok-se-nastavlja-rad-na-mirovnom-predlogu-sad\/"},"modified":"2025-11-24T21:48:00","modified_gmt":"2025-11-24T20:48:00","slug":"ukrajinska-delegacija-otisla-iz-zeneve-dok-se-nastavlja-rad-na-mirovnom-predlogu-sad","status":"publish","type":"post","link":"https:\/\/dmcsrb.com\/en\/svijet\/ukrajinska-delegacija-otisla-iz-zeneve-dok-se-nastavlja-rad-na-mirovnom-predlogu-sad\/","title":{"rendered":"Ukrajinska delegacija oti\u0161la iz \u017deneve dok se nastavlja rad na mirovnom predlogu SAD"},"content":{"rendered":"<p><\/p>\n\n\n\n<p>On je kazao da ve\u010deras o\u010dekuje cjelokupan izvje\u0161taj o napretku pregovora u \u017denevi i glavnim naglascima partnera.<\/p>\n\n\n\n<p>&#8220;Na osnovi tih izvje\u0161taja, odredi\u0107emo idu\u0107e korake i tajming. Nastavi\u0107emo koordinisati sa Evropom i drugim partnerima u svijetu&#8221;, rekao je Zelenski.<\/p>\n\n\n\n<p>Dvije strane su navele da su razgovori u \u0161vajcarskom gradu pokazali &#8220;zna\u010dajan napredak&#8221; ka okon\u010danju rata i doveli do &#8220;a\u017euriranog i pobolj\u0161anog&#8221; okvira koji bi &#8220;u potpunosti potvrdio suverenitet ratom razorene zemlje i donio pravedan mir\u201d, prenosi Radio Slobodna Evropa.<\/p>\n\n\n\n<p>&#8220;Razgovori su bili konstruktivni, fokusirani i puni po\u0161tovanja, podvla\u010de\u0107i zajedni\u010dku posve\u0107enost postizanju pravednog i trajnog mira&#8221;, navodi se u zajedni\u010dkom saop\u0161tenju Sjedinjenih Ameri\u010dkih Dr\u017eava (SAD) i Ukrajine.<\/p>\n\n\n\n<p>Saop\u0161tenje iz Va\u0161ingtona u nedjelju nije pru\u017eilo konkretne informacije niti detalje o tome koje su izmjene napravljene u mirovnom planu od 28 ta\u010daka koji je predlo\u017eio Tramp, a koji su pristalice Kijeva kritikovale kao previ\u0161e naklonjen Rusiji.<\/p>\n\n\n\n<p>Tramp se zasad nije oglasio, dok je nema\u010dki kancelar Fridrih Merc, posle konsultacija s liderima Evropske unije, nazna\u010dio da je malo vjerovatno da \u0107e biti ispunjen rok do 27. novembra koji je Tramp postavio da Ukrajina prihvati plan.<\/p>\n\n\n\n<p>&#8220;To je naporan proces&#8221;, rekao je Merc posle diskusija na marginama samita Evropske unije i Afri\u010dke unije u Luandi, dodaju\u0107i da \u0107e &#8220;u najboljem slu\u010daju ove nedelje biti manjih koraka napred&#8221;.<\/p>\n\n\n\n<p>&#8220;Rusija mora sjesti za pregovara\u010dki sto. Ako je to mogu\u0107e, onda \u0107e se svaki trud isplatiti&#8221;, dodao je Merc.<\/p>\n\n\n\n<p>Portparol Kremlja Dmitrij Peskov rekao je danas novinarima u Moskvi da Rusija jo\u0161 nije dobila nikakve informacije od Va\u0161ingtona o razgovorima.<\/p>\n\n\n\n<p>&#8220;Jo\u0161 nijesmo vidjeli nikakav plan. Pro\u010ditali smo saop\u0161tenje izdato posle razgovora u \u017denevi. Unijeti su odre\u0111eni amandmani na tekst koji smo ranije vidjeli. \u010cekamo. \u010cini se da se dijalog tamo nastavlja, neki kontakti \u0107e se nastaviti. Zasad nijesmo dobili ni\u0161ta zvani\u010dno&#8221;, rekao je Peskov.<\/p>","protected":false},"excerpt":{"rendered":"<p>Ukrajinski pregovara\u010di koji su bili danas u \u017denevi na razgovorima sa ameri\u010dkim predstavnicima o mirovnom planu za okon\u010danje rata, vra\u0107aju se u Kijev, rekao je predsjednik Ukrajine Volodimir Zelenski, navode\u0107i da \u0107e uskoro donijeti odluku o idu\u0107im koracima.<\/p>","protected":false},"author":1,"featured_media":917079,"comment_status":"open","ping_status":"open","sticky":false,"template":"","format":"standard","meta":{"_acf_changed":false,"footnotes":""},"categories":[144],"tags":[195,234,6698],"naslovna":[],"class_list":["post-965466","post","type-post","status-publish","format-standard","has-post-thumbnail","hentry","category-svijet","tag-sad","tag-ukrajina","tag-zeneva"],"acf":[],"yoast_head":"<!-- This site is optimized with the Yoast SEO plugin v27.0 - https:\/\/yoast.com\/product\/yoast-seo-wordpress\/ -->\n<title>Ukrajinska delegacija oti\u0161la iz \u017deneve dok se nastavlja rad na mirovnom predlogu SAD - dmcsrb.com<\/title>\n<meta name=\"robots\" content=\"index, follow, max-snippet:-1, max-image-preview:large, max-video-preview:-1\" \/>\n<link rel=\"canonical\" href=\"https:\/\/dmcsrb.com\/en\/svijet\/ukrajinska-delegacija-otisla-iz-zeneve-dok-se-nastavlja-rad-na-mirovnom-predlogu-sad\/\" \/>\n<meta property=\"og:locale\" content=\"en_GB\" \/>\n<meta property=\"og:type\" content=\"article\" \/>\n<meta property=\"og:title\" content=\"Ukrajinska delegacija oti\u0161la iz \u017deneve dok se nastavlja rad na mirovnom predlogu SAD - dmcsrb.com\" \/>\n<meta property=\"og:description\" content=\"Ukrajinski pregovara\u010di koji su bili danas u \u017denevi na razgovorima sa ameri\u010dkim predstavnicima o mirovnom planu za okon\u010danje rata, vra\u0107aju se u Kijev, rekao je predsjednik Ukrajine Volodimir Zelenski, navode\u0107i da \u0107e uskoro donijeti odluku o idu\u0107im koracima.\" \/>\n<meta property=\"og:url\" content=\"https:\/\/dmcsrb.com\/en\/svijet\/ukrajinska-delegacija-otisla-iz-zeneve-dok-se-nastavlja-rad-na-mirovnom-predlogu-sad\/\" \/>\n<meta property=\"og:site_name\" content=\"dmcsrb.com\" \/>\n<meta property=\"article:published_time\" content=\"2025-11-24T20:48:00+00:00\" \/>\n<meta property=\"og:image\" content=\"https:\/\/dmcsrb.com\/wp-content\/uploads\/2026\/01\/flag-6712056_960_720.jpg\" \/>\n\t<meta property=\"og:image:width\" content=\"960\" \/>\n\t<meta property=\"og:image:height\" content=\"640\" \/>\n\t<meta property=\"og:image:type\" content=\"image\/jpeg\" \/>\n<meta name=\"author\" content=\"dmcsrbija.com@gmail.com\" \/>\n<meta name=\"twitter:card\" content=\"summary_large_image\" \/>\n<meta name=\"twitter:label1\" content=\"Written by\" \/>\n\t<meta name=\"twitter:data1\" content=\"dmcsrbija.com@gmail.com\" \/>\n\t<meta name=\"twitter:label2\" content=\"Estimated reading time\" \/>\n\t<meta name=\"twitter:data2\" content=\"2 minutes\" \/>\n<script type=\"application\/ld+json\" class=\"yoast-schema-graph\">{\"@context\":\"https:\/\/schema.org\",\"@graph\":[{\"@type\":\"Article\",\"@id\":\"https:\/\/dmcsrb.com\/svijet\/ukrajinska-delegacija-otisla-iz-zeneve-dok-se-nastavlja-rad-na-mirovnom-predlogu-sad\/#article\",\"isPartOf\":{\"@id\":\"https:\/\/dmcsrb.com\/svijet\/ukrajinska-delegacija-otisla-iz-zeneve-dok-se-nastavlja-rad-na-mirovnom-predlogu-sad\/\"},\"author\":{\"name\":\"dmcsrbija.com@gmail.com\",\"@id\":\"https:\/\/dmcsrb.com\/#\/schema\/person\/5c39170f12db1b8b457732d0b5c854e2\"},\"headline\":\"Ukrajinska delegacija oti\u0161la iz \u017deneve dok se nastavlja rad na mirovnom predlogu SAD\",\"datePublished\":\"2025-11-24T20:48:00+00:00\",\"mainEntityOfPage\":{\"@id\":\"https:\/\/dmcsrb.com\/svijet\/ukrajinska-delegacija-otisla-iz-zeneve-dok-se-nastavlja-rad-na-mirovnom-predlogu-sad\/\"},\"wordCount\":346,\"commentCount\":0,\"image\":{\"@id\":\"https:\/\/dmcsrb.com\/svijet\/ukrajinska-delegacija-otisla-iz-zeneve-dok-se-nastavlja-rad-na-mirovnom-predlogu-sad\/#primaryimage\"},\"thumbnailUrl\":\"https:\/\/dmcsrb.com\/wp-content\/uploads\/2026\/01\/flag-6712056_960_720.jpg\",\"keywords\":[\"SAD\",\"Ukrajina\",\"\u017deneva\"],\"articleSection\":[\"Svijet\"],\"inLanguage\":\"en-GB\",\"potentialAction\":[{\"@type\":\"CommentAction\",\"name\":\"Comment\",\"target\":[\"https:\/\/dmcsrb.com\/svijet\/ukrajinska-delegacija-otisla-iz-zeneve-dok-se-nastavlja-rad-na-mirovnom-predlogu-sad\/#respond\"]}]},{\"@type\":\"WebPage\",\"@id\":\"https:\/\/dmcsrb.com\/svijet\/ukrajinska-delegacija-otisla-iz-zeneve-dok-se-nastavlja-rad-na-mirovnom-predlogu-sad\/\",\"url\":\"https:\/\/dmcsrb.com\/svijet\/ukrajinska-delegacija-otisla-iz-zeneve-dok-se-nastavlja-rad-na-mirovnom-predlogu-sad\/\",\"name\":\"Ukrajinska delegacija oti\u0161la iz \u017deneve dok se nastavlja rad na mirovnom predlogu SAD - dmcsrb.com\",\"isPartOf\":{\"@id\":\"https:\/\/dmcsrb.com\/#website\"},\"primaryImageOfPage\":{\"@id\":\"https:\/\/dmcsrb.com\/svijet\/ukrajinska-delegacija-otisla-iz-zeneve-dok-se-nastavlja-rad-na-mirovnom-predlogu-sad\/#primaryimage\"},\"image\":{\"@id\":\"https:\/\/dmcsrb.com\/svijet\/ukrajinska-delegacija-otisla-iz-zeneve-dok-se-nastavlja-rad-na-mirovnom-predlogu-sad\/#primaryimage\"},\"thumbnailUrl\":\"https:\/\/dmcsrb.com\/wp-content\/uploads\/2026\/01\/flag-6712056_960_720.jpg\",\"datePublished\":\"2025-11-24T20:48:00+00:00\",\"author\":{\"@id\":\"https:\/\/dmcsrb.com\/#\/schema\/person\/5c39170f12db1b8b457732d0b5c854e2\"},\"breadcrumb\":{\"@id\":\"https:\/\/dmcsrb.com\/svijet\/ukrajinska-delegacija-otisla-iz-zeneve-dok-se-nastavlja-rad-na-mirovnom-predlogu-sad\/#breadcrumb\"},\"inLanguage\":\"en-GB\",\"potentialAction\":[{\"@type\":\"ReadAction\",\"target\":[\"https:\/\/dmcsrb.com\/svijet\/ukrajinska-delegacija-otisla-iz-zeneve-dok-se-nastavlja-rad-na-mirovnom-predlogu-sad\/\"]}]},{\"@type\":\"ImageObject\",\"inLanguage\":\"en-GB\",\"@id\":\"https:\/\/dmcsrb.com\/svijet\/ukrajinska-delegacija-otisla-iz-zeneve-dok-se-nastavlja-rad-na-mirovnom-predlogu-sad\/#primaryimage\",\"url\":\"https:\/\/dmcsrb.com\/wp-content\/uploads\/2026\/01\/flag-6712056_960_720.jpg\",\"contentUrl\":\"https:\/\/dmcsrb.com\/wp-content\/uploads\/2026\/01\/flag-6712056_960_720.jpg\",\"width\":960,\"height\":640},{\"@type\":\"BreadcrumbList\",\"@id\":\"https:\/\/dmcsrb.com\/svijet\/ukrajinska-delegacija-otisla-iz-zeneve-dok-se-nastavlja-rad-na-mirovnom-predlogu-sad\/#breadcrumb\",\"itemListElement\":[{\"@type\":\"ListItem\",\"position\":1,\"name\":\"Home\",\"item\":\"https:\/\/dmcsrb.com\/\"},{\"@type\":\"ListItem\",\"position\":2,\"name\":\"Ukrajinska delegacija oti\u0161la iz \u017deneve dok se nastavlja rad na mirovnom predlogu SAD\"}]},{\"@type\":\"WebSite\",\"@id\":\"https:\/\/dmcsrb.com\/#website\",\"url\":\"https:\/\/dmcsrb.com\/\",\"name\":\"dmcsrb.com\",\"description\":\"\",\"potentialAction\":[{\"@type\":\"SearchAction\",\"target\":{\"@type\":\"EntryPoint\",\"urlTemplate\":\"https:\/\/dmcsrb.com\/?s={search_term_string}\"},\"query-input\":{\"@type\":\"PropertyValueSpecification\",\"valueRequired\":true,\"valueName\":\"search_term_string\"}}],\"inLanguage\":\"en-GB\"},{\"@type\":\"Person\",\"@id\":\"https:\/\/dmcsrb.com\/#\/schema\/person\/5c39170f12db1b8b457732d0b5c854e2\",\"name\":\"dmcsrbija.com@gmail.com\",\"image\":{\"@type\":\"ImageObject\",\"inLanguage\":\"en-GB\",\"@id\":\"https:\/\/dmcsrb.com\/#\/schema\/person\/image\/\",\"url\":\"https:\/\/secure.gravatar.com\/avatar\/68592660ad6347fad0fb587f8d5d8f1a7b44961362f56e4f2cd524feb87e9069?s=96&d=mm&r=g\",\"contentUrl\":\"https:\/\/secure.gravatar.com\/avatar\/68592660ad6347fad0fb587f8d5d8f1a7b44961362f56e4f2cd524feb87e9069?s=96&d=mm&r=g\",\"caption\":\"dmcsrbija.com@gmail.com\"},\"sameAs\":[\"https:\/\/dmcsrb.com\"],\"url\":\"https:\/\/dmcsrb.com\/en\/author\/dmcsrbija-comgmail-com\/\"}]}<\/script>\n<!-- \/ Yoast SEO plugin. -->","yoast_head_json":{"title":"Ukrajinska delegacija oti\u0161la iz \u017deneve dok se nastavlja rad na mirovnom predlogu SAD - dmcsrb.com","robots":{"index":"index","follow":"follow","max-snippet":"max-snippet:-1","max-image-preview":"max-image-preview:large","max-video-preview":"max-video-preview:-1"},"canonical":"https:\/\/dmcsrb.com\/en\/svijet\/ukrajinska-delegacija-otisla-iz-zeneve-dok-se-nastavlja-rad-na-mirovnom-predlogu-sad\/","og_locale":"en_GB","og_type":"article","og_title":"Ukrajinska delegacija oti\u0161la iz \u017deneve dok se nastavlja rad na mirovnom predlogu SAD - dmcsrb.com","og_description":"Ukrajinski pregovara\u010di koji su bili danas u \u017denevi na razgovorima sa ameri\u010dkim predstavnicima o mirovnom planu za okon\u010danje rata, vra\u0107aju se u Kijev, rekao je predsjednik Ukrajine Volodimir Zelenski, navode\u0107i da \u0107e uskoro donijeti odluku o idu\u0107im koracima.","og_url":"https:\/\/dmcsrb.com\/en\/svijet\/ukrajinska-delegacija-otisla-iz-zeneve-dok-se-nastavlja-rad-na-mirovnom-predlogu-sad\/","og_site_name":"dmcsrb.com","article_published_time":"2025-11-24T20:48:00+00:00","og_image":[{"width":960,"height":640,"url":"https:\/\/dmcsrb.com\/wp-content\/uploads\/2026\/01\/flag-6712056_960_720.jpg","type":"image\/jpeg"}],"author":"dmcsrbija.com@gmail.com","twitter_card":"summary_large_image","twitter_misc":{"Written by":"dmcsrbija.com@gmail.com","Estimated reading time":"2 minutes"},"schema":{"@context":"https:\/\/schema.org","@graph":[{"@type":"Article","@id":"https:\/\/dmcsrb.com\/svijet\/ukrajinska-delegacija-otisla-iz-zeneve-dok-se-nastavlja-rad-na-mirovnom-predlogu-sad\/#article","isPartOf":{"@id":"https:\/\/dmcsrb.com\/svijet\/ukrajinska-delegacija-otisla-iz-zeneve-dok-se-nastavlja-rad-na-mirovnom-predlogu-sad\/"},"author":{"name":"dmcsrbija.com@gmail.com","@id":"https:\/\/dmcsrb.com\/#\/schema\/person\/5c39170f12db1b8b457732d0b5c854e2"},"headline":"Ukrajinska delegacija oti\u0161la iz \u017deneve dok se nastavlja rad na mirovnom predlogu SAD","datePublished":"2025-11-24T20:48:00+00:00","mainEntityOfPage":{"@id":"https:\/\/dmcsrb.com\/svijet\/ukrajinska-delegacija-otisla-iz-zeneve-dok-se-nastavlja-rad-na-mirovnom-predlogu-sad\/"},"wordCount":346,"commentCount":0,"image":{"@id":"https:\/\/dmcsrb.com\/svijet\/ukrajinska-delegacija-otisla-iz-zeneve-dok-se-nastavlja-rad-na-mirovnom-predlogu-sad\/#primaryimage"},"thumbnailUrl":"https:\/\/dmcsrb.com\/wp-content\/uploads\/2026\/01\/flag-6712056_960_720.jpg","keywords":["SAD","Ukrajina","\u017deneva"],"articleSection":["Svijet"],"inLanguage":"en-GB","potentialAction":[{"@type":"CommentAction","name":"Comment","target":["https:\/\/dmcsrb.com\/svijet\/ukrajinska-delegacija-otisla-iz-zeneve-dok-se-nastavlja-rad-na-mirovnom-predlogu-sad\/#respond"]}]},{"@type":"WebPage","@id":"https:\/\/dmcsrb.com\/svijet\/ukrajinska-delegacija-otisla-iz-zeneve-dok-se-nastavlja-rad-na-mirovnom-predlogu-sad\/","url":"https:\/\/dmcsrb.com\/svijet\/ukrajinska-delegacija-otisla-iz-zeneve-dok-se-nastavlja-rad-na-mirovnom-predlogu-sad\/","name":"Ukrajinska delegacija oti\u0161la iz \u017deneve dok se nastavlja rad na mirovnom predlogu SAD - dmcsrb.com","isPartOf":{"@id":"https:\/\/dmcsrb.com\/#website"},"primaryImageOfPage":{"@id":"https:\/\/dmcsrb.com\/svijet\/ukrajinska-delegacija-otisla-iz-zeneve-dok-se-nastavlja-rad-na-mirovnom-predlogu-sad\/#primaryimage"},"image":{"@id":"https:\/\/dmcsrb.com\/svijet\/ukrajinska-delegacija-otisla-iz-zeneve-dok-se-nastavlja-rad-na-mirovnom-predlogu-sad\/#primaryimage"},"thumbnailUrl":"https:\/\/dmcsrb.com\/wp-content\/uploads\/2026\/01\/flag-6712056_960_720.jpg","datePublished":"2025-11-24T20:48:00+00:00","author":{"@id":"https:\/\/dmcsrb.com\/#\/schema\/person\/5c39170f12db1b8b457732d0b5c854e2"},"breadcrumb":{"@id":"https:\/\/dmcsrb.com\/svijet\/ukrajinska-delegacija-otisla-iz-zeneve-dok-se-nastavlja-rad-na-mirovnom-predlogu-sad\/#breadcrumb"},"inLanguage":"en-GB","potentialAction":[{"@type":"ReadAction","target":["https:\/\/dmcsrb.com\/svijet\/ukrajinska-delegacija-otisla-iz-zeneve-dok-se-nastavlja-rad-na-mirovnom-predlogu-sad\/"]}]},{"@type":"ImageObject","inLanguage":"en-GB","@id":"https:\/\/dmcsrb.com\/svijet\/ukrajinska-delegacija-otisla-iz-zeneve-dok-se-nastavlja-rad-na-mirovnom-predlogu-sad\/#primaryimage","url":"https:\/\/dmcsrb.com\/wp-content\/uploads\/2026\/01\/flag-6712056_960_720.jpg","contentUrl":"https:\/\/dmcsrb.com\/wp-content\/uploads\/2026\/01\/flag-6712056_960_720.jpg","width":960,"height":640},{"@type":"BreadcrumbList","@id":"https:\/\/dmcsrb.com\/svijet\/ukrajinska-delegacija-otisla-iz-zeneve-dok-se-nastavlja-rad-na-mirovnom-predlogu-sad\/#breadcrumb","itemListElement":[{"@type":"ListItem","position":1,"name":"Home","item":"https:\/\/dmcsrb.com\/"},{"@type":"ListItem","position":2,"name":"Ukrajinska delegacija oti\u0161la iz \u017deneve dok se nastavlja rad na mirovnom predlogu SAD"}]},{"@type":"WebSite","@id":"https:\/\/dmcsrb.com\/#website","url":"https:\/\/dmcsrb.com\/","name":"dmcsrb.com","description":"","potentialAction":[{"@type":"SearchAction","target":{"@type":"EntryPoint","urlTemplate":"https:\/\/dmcsrb.com\/?s={search_term_string}"},"query-input":{"@type":"PropertyValueSpecification","valueRequired":true,"valueName":"search_term_string"}}],"inLanguage":"en-GB"},{"@type":"Person","@id":"https:\/\/dmcsrb.com\/#\/schema\/person\/5c39170f12db1b8b457732d0b5c854e2","name":"dmcsrbija.com@gmail.com","image":{"@type":"ImageObject","inLanguage":"en-GB","@id":"https:\/\/dmcsrb.com\/#\/schema\/person\/image\/","url":"https:\/\/secure.gravatar.com\/avatar\/68592660ad6347fad0fb587f8d5d8f1a7b44961362f56e4f2cd524feb87e9069?s=96&d=mm&r=g","contentUrl":"https:\/\/secure.gravatar.com\/avatar\/68592660ad6347fad0fb587f8d5d8f1a7b44961362f56e4f2cd524feb87e9069?s=96&d=mm&r=g","caption":"dmcsrbija.com@gmail.com"},"sameAs":["https:\/\/dmcsrb.com"],"url":"https:\/\/dmcsrb.com\/en\/author\/dmcsrbija-comgmail-com\/"}]}},"_links":{"self":[{"href":"https:\/\/dmcsrb.com\/en\/wp-json\/wp\/v2\/posts\/965466","targetHints":{"allow":["GET"]}}],"collection":[{"href":"https:\/\/dmcsrb.com\/en\/wp-json\/wp\/v2\/posts"}],"about":[{"href":"https:\/\/dmcsrb.com\/en\/wp-json\/wp\/v2\/types\/post"}],"author":[{"embeddable":true,"href":"https:\/\/dmcsrb.com\/en\/wp-json\/wp\/v2\/users\/1"}],"replies":[{"embeddable":true,"href":"https:\/\/dmcsrb.com\/en\/wp-json\/wp\/v2\/comments?post=965466"}],"version-history":[{"count":0,"href":"https:\/\/dmcsrb.com\/en\/wp-json\/wp\/v2\/posts\/965466\/revisions"}],"wp:featuredmedia":[{"embeddable":true,"href":"https:\/\/dmcsrb.com\/en\/wp-json\/wp\/v2\/media\/917079"}],"wp:attachment":[{"href":"https:\/\/dmcsrb.com\/en\/wp-json\/wp\/v2\/media?parent=965466"}],"wp:term":[{"taxonomy":"category","embeddable":true,"href":"https:\/\/dmcsrb.com\/en\/wp-json\/wp\/v2\/categories?post=965466"},{"taxonomy":"post_tag","embeddable":true,"href":"https:\/\/dmcsrb.com\/en\/wp-json\/wp\/v2\/tags?post=965466"},{"taxonomy":"naslovna","embeddable":true,"href":"https:\/\/dmcsrb.com\/en\/wp-json\/wp\/v2\/naslovna?post=965466"}],"curies":[{"name":"wp","href":"https:\/\/api.w.org\/{rel}","templated":true}]}}