{"id":965464,"date":"2025-11-24T20:12:00","date_gmt":"2025-11-24T19:12:00","guid":{"rendered":"https:\/\/dmcsrb.com\/uncategorized\/vujovic-potvrdjena-snazna-opredijeljenost-crne-gore-i-grcke-ka-produbljivanju-strateske-saradnje-u-oblasti-zastite-kulturne-bastine\/"},"modified":"2025-11-24T20:12:00","modified_gmt":"2025-11-24T19:12:00","slug":"vujovic-potvrdjena-snazna-opredijeljenost-crne-gore-i-grcke-ka-produbljivanju-strateske-saradnje-u-oblasti-zastite-kulturne-bastine","status":"publish","type":"post","link":"https:\/\/dmcsrb.com\/en\/kultura\/vujovic-potvrdjena-snazna-opredijeljenost-crne-gore-i-grcke-ka-produbljivanju-strateske-saradnje-u-oblasti-zastite-kulturne-bastine\/","title":{"rendered":"Vujovi\u0107: Potvr\u0111ena sna\u017ena opredijeljenost Crne Gore i Gr\u010dke ka produbljivanju strate\u0161ke saradnje u oblasti za\u0161tite kulturne ba\u0161tine"},"content":{"rendered":"<p><\/p>\n\n\n\n<p>To je istakla ministarka kulture i medija, dr&nbsp;<strong>Tamara Vujovi\u0107<\/strong>, koja je zajedno sa gr\u010dkom koleginicom, dr&nbsp;<strong>Linom Mendoni<\/strong>, pozdravila gr\u010dke eksperte za konzervaciju na otvaranju radionice na Cetinju, navode\u0107i da saradnja sa gr\u010dkim institucijama predstavlja direktan transfer ekspertize i savremenih pristupa odr\u017eivom upravljanju kulturnim resursima.<\/p>\n\n\n\n<p>Ministarka kulture Republike Gr\u010de, dr Lina Mendoni, tim povodom je poru\u010dila \u201cubije\u0111ena sam da \u0107e na\u0161e dvije dr\u017eave biti jo\u0161 sna\u017enije povezane i da je put u toj saradnji jasno trasiran. Samo prisustvo eksperata koji su ovdje, pokazuje spremnost Vlade Gr\u010dke da podijeli svoje znanje, ali i na\u0161u \u017eelju da u\u010dimo od va\u0161ih stru\u010dnjaka. Na\u0161 dolazak ovdje potvr\u0111uje na\u0161u volju da saradnja bude jo\u0161 intenzivnija\u201c.<\/p>\n\n\n\n<p>Ekspertkinja Maria Mertzoni Direkcije za konzervaciju anti\u010dkih i pokretnih spomenika Ministarstva kulture Gr\u010dke predstavila je rad ove slu\u017ebe, poja\u0161njavaju\u0107i da je rije\u010d o centralnoj instituciji odgovornoj za konzervaciju pokretne umjetnosti i dekoracije na nepokretnim spomenicima, poput zidnih slika i mozaika.<\/p>\n\n\n\n<p>Nakon otvaranja radionice u Vladinom domu, ministarke su obi\u0161le umjetni\u010dku zbirku Narodnog muzeja i ikonu Bogorodice Filermose.<\/p>\n\n\n\n<p>Zatim je uslijedila posjeta Cetinjskom manastiru, gdje ih je do\u010dekao Njegovo Preosve\u0161tenstvo vikarni Episkop dioklijski g. Pajsije.<\/p>\n\n\n\n<p>U nastavku dana ministarke su obi\u0161le Stari grad Kotor, gdje ih je do\u010dekao predsjednik Op\u0161tine Vladimir Joki\u0107. Nakon susreta, zajedno su posjetili Katedralu Svetog Tripuna. Delegacija je potom u Risnu posjetila arheolo\u0161ko nalazi\u0161te Carine, gdje je stru\u010dni tim Centra za konzervaciju i arheologiju Crne Gore predstavio istorijat lokaliteta, rezultate dosada\u0161njih iskopavanja i slo\u017eenost arheolo\u0161kih slojeva koji svjedo\u010de o kontinuitetu \u017eivota u Risnu.<\/p>\n\n\n\n<p>Delegacija je obi\u0161la i rimske mozaike u Risnu.<\/p>\n\n\n\n<p>Ministarke su potom posjetile Nik\u0161i\u0107 povodom osvajanja titule Nik\u0161i\u0107 \u2013 Evropska prijestonica kulture 2030. U Dvorcu Petrovi\u0107a srele su se sa predsjednikom Op\u0161tine, Markom Kova\u010devi\u0107em, predstavnicima lokalne uprave, kao i timom EPK.<\/p>\n\n\n\n<p>Predstavljen je projekat Nik\u0161i\u0107 EPK 2030, a ministarka Mendoni istakla je da gr\u010dki grad Elefsina, ranija Evropska prijestonica kulture, mo\u017ee pru\u017eiti punu podr\u0161ku i prenijeti vrijedna iskustva u realizaciji ove presti\u017ene evropske titule.<\/p>\n\n\n\n<p>Sagovornici su se podsjetili gr\u010dke ministarke kulture Meline Merkuri, koja je prije \u010detrdeset godina pokrenula inicijativu Evropske prijestonice kulture \u2013 ideju koja i danas inspiri\u0161e evropske gradove da kroz kulturu grade zajedni\u0161tvo, kreativnost i identitet. Istakli su veliko zadovoljstvo \u0161to je aktuelna ministarka kulture Gr\u010dke u posjeti Niksi\u0107u neposredno nakon \u0161to je zvani\u010dno dobio ovu zna\u010dajnu titulu.<\/p>","protected":false},"excerpt":{"rendered":"<p>Organizovanjem ekspertskih radionica na Cetinju, posve\u0107ene savremenim metodama konzervacije ikona koje vode gr\u010dki eksperti, a koje se realizuju kao konkretni rezultati napora ministarki kulture Crne Gore i Gr\u010dke, dodatno je potvr\u0111ena sna\u017ena opredijeljenost dvije dr\u017eave ka produbljivanju strate\u0161ke saradnje u oblasti za\u0161tite kulturne ba\u0161tine i razmjene stru\u010dnih znanja.<\/p>","protected":false},"author":1,"featured_media":965465,"comment_status":"open","ping_status":"open","sticky":false,"template":"","format":"standard","meta":{"_acf_changed":false,"footnotes":""},"categories":[50],"tags":[909,910],"naslovna":[],"class_list":["post-965464","post","type-post","status-publish","format-standard","has-post-thumbnail","hentry","category-kultura","tag-mkm","tag-tamara-vujovic"],"acf":[],"yoast_head":"<!-- This site is optimized with the Yoast SEO plugin v27.4 - https:\/\/yoast.com\/product\/yoast-seo-wordpress\/ -->\n<title>Vujovi\u0107: Potvr\u0111ena sna\u017ena opredijeljenost Crne Gore i Gr\u010dke ka produbljivanju strate\u0161ke saradnje u oblasti za\u0161tite kulturne ba\u0161tine - dmcsrb.com<\/title>\n<meta name=\"robots\" content=\"index, follow, max-snippet:-1, max-image-preview:large, max-video-preview:-1\" \/>\n<link rel=\"canonical\" href=\"https:\/\/dmcsrb.com\/en\/kultura\/vujovic-potvrdjena-snazna-opredijeljenost-crne-gore-i-grcke-ka-produbljivanju-strateske-saradnje-u-oblasti-zastite-kulturne-bastine\/\" \/>\n<meta property=\"og:locale\" content=\"en_GB\" \/>\n<meta property=\"og:type\" content=\"article\" \/>\n<meta property=\"og:title\" content=\"Vujovi\u0107: Potvr\u0111ena sna\u017ena opredijeljenost Crne Gore i Gr\u010dke ka produbljivanju strate\u0161ke saradnje u oblasti za\u0161tite kulturne ba\u0161tine - dmcsrb.com\" \/>\n<meta property=\"og:description\" content=\"Organizovanjem ekspertskih radionica na Cetinju, posve\u0107ene savremenim metodama konzervacije ikona koje vode gr\u010dki eksperti, a koje se realizuju kao konkretni rezultati napora ministarki kulture Crne Gore i Gr\u010dke, dodatno je potvr\u0111ena sna\u017ena opredijeljenost dvije dr\u017eave ka produbljivanju strate\u0161ke saradnje u oblasti za\u0161tite kulturne ba\u0161tine i razmjene stru\u010dnih znanja.\" \/>\n<meta property=\"og:url\" content=\"https:\/\/dmcsrb.com\/en\/kultura\/vujovic-potvrdjena-snazna-opredijeljenost-crne-gore-i-grcke-ka-produbljivanju-strateske-saradnje-u-oblasti-zastite-kulturne-bastine\/\" \/>\n<meta property=\"og:site_name\" content=\"dmcsrb.com\" \/>\n<meta property=\"article:published_time\" content=\"2025-11-24T19:12:00+00:00\" \/>\n<meta property=\"og:image\" content=\"https:\/\/dmcsrb.com\/wp-content\/uploads\/2026\/01\/3-9-1000x555-1.webp\" \/>\n\t<meta property=\"og:image:width\" content=\"1000\" \/>\n\t<meta property=\"og:image:height\" content=\"555\" \/>\n\t<meta property=\"og:image:type\" content=\"image\/jpeg\" \/>\n<meta name=\"author\" content=\"dmcsrbija.com@gmail.com\" \/>\n<meta name=\"twitter:card\" content=\"summary_large_image\" \/>\n<meta name=\"twitter:label1\" content=\"Written by\" \/>\n\t<meta name=\"twitter:data1\" content=\"dmcsrbija.com@gmail.com\" \/>\n\t<meta name=\"twitter:label2\" content=\"Estimated reading time\" \/>\n\t<meta name=\"twitter:data2\" content=\"2 minutes\" \/>\n<script type=\"application\/ld+json\" class=\"yoast-schema-graph\">{\"@context\":\"https:\\\/\\\/schema.org\",\"@graph\":[{\"@type\":\"Article\",\"@id\":\"https:\\\/\\\/dmcsrb.com\\\/kultura\\\/vujovic-potvrdjena-snazna-opredijeljenost-crne-gore-i-grcke-ka-produbljivanju-strateske-saradnje-u-oblasti-zastite-kulturne-bastine\\\/#article\",\"isPartOf\":{\"@id\":\"https:\\\/\\\/dmcsrb.com\\\/kultura\\\/vujovic-potvrdjena-snazna-opredijeljenost-crne-gore-i-grcke-ka-produbljivanju-strateske-saradnje-u-oblasti-zastite-kulturne-bastine\\\/\"},\"author\":{\"name\":\"dmcsrbija.com@gmail.com\",\"@id\":\"https:\\\/\\\/dmcsrb.com\\\/#\\\/schema\\\/person\\\/5c39170f12db1b8b457732d0b5c854e2\"},\"headline\":\"Vujovi\u0107: Potvr\u0111ena sna\u017ena opredijeljenost Crne Gore i Gr\u010dke ka produbljivanju strate\u0161ke saradnje u oblasti za\u0161tite kulturne ba\u0161tine\",\"datePublished\":\"2025-11-24T19:12:00+00:00\",\"mainEntityOfPage\":{\"@id\":\"https:\\\/\\\/dmcsrb.com\\\/kultura\\\/vujovic-potvrdjena-snazna-opredijeljenost-crne-gore-i-grcke-ka-produbljivanju-strateske-saradnje-u-oblasti-zastite-kulturne-bastine\\\/\"},\"wordCount\":455,\"commentCount\":0,\"image\":{\"@id\":\"https:\\\/\\\/dmcsrb.com\\\/kultura\\\/vujovic-potvrdjena-snazna-opredijeljenost-crne-gore-i-grcke-ka-produbljivanju-strateske-saradnje-u-oblasti-zastite-kulturne-bastine\\\/#primaryimage\"},\"thumbnailUrl\":\"https:\\\/\\\/dmcsrb.com\\\/wp-content\\\/uploads\\\/2026\\\/01\\\/3-9-1000x555-1.webp\",\"keywords\":[\"MKM\",\"Tamara Vujovi\u0107\"],\"articleSection\":[\"Kultura\"],\"inLanguage\":\"en-GB\",\"potentialAction\":[{\"@type\":\"CommentAction\",\"name\":\"Comment\",\"target\":[\"https:\\\/\\\/dmcsrb.com\\\/kultura\\\/vujovic-potvrdjena-snazna-opredijeljenost-crne-gore-i-grcke-ka-produbljivanju-strateske-saradnje-u-oblasti-zastite-kulturne-bastine\\\/#respond\"]}]},{\"@type\":\"WebPage\",\"@id\":\"https:\\\/\\\/dmcsrb.com\\\/kultura\\\/vujovic-potvrdjena-snazna-opredijeljenost-crne-gore-i-grcke-ka-produbljivanju-strateske-saradnje-u-oblasti-zastite-kulturne-bastine\\\/\",\"url\":\"https:\\\/\\\/dmcsrb.com\\\/kultura\\\/vujovic-potvrdjena-snazna-opredijeljenost-crne-gore-i-grcke-ka-produbljivanju-strateske-saradnje-u-oblasti-zastite-kulturne-bastine\\\/\",\"name\":\"Vujovi\u0107: Potvr\u0111ena sna\u017ena opredijeljenost Crne Gore i Gr\u010dke ka produbljivanju strate\u0161ke saradnje u oblasti za\u0161tite kulturne ba\u0161tine - dmcsrb.com\",\"isPartOf\":{\"@id\":\"https:\\\/\\\/dmcsrb.com\\\/#website\"},\"primaryImageOfPage\":{\"@id\":\"https:\\\/\\\/dmcsrb.com\\\/kultura\\\/vujovic-potvrdjena-snazna-opredijeljenost-crne-gore-i-grcke-ka-produbljivanju-strateske-saradnje-u-oblasti-zastite-kulturne-bastine\\\/#primaryimage\"},\"image\":{\"@id\":\"https:\\\/\\\/dmcsrb.com\\\/kultura\\\/vujovic-potvrdjena-snazna-opredijeljenost-crne-gore-i-grcke-ka-produbljivanju-strateske-saradnje-u-oblasti-zastite-kulturne-bastine\\\/#primaryimage\"},\"thumbnailUrl\":\"https:\\\/\\\/dmcsrb.com\\\/wp-content\\\/uploads\\\/2026\\\/01\\\/3-9-1000x555-1.webp\",\"datePublished\":\"2025-11-24T19:12:00+00:00\",\"author\":{\"@id\":\"https:\\\/\\\/dmcsrb.com\\\/#\\\/schema\\\/person\\\/5c39170f12db1b8b457732d0b5c854e2\"},\"breadcrumb\":{\"@id\":\"https:\\\/\\\/dmcsrb.com\\\/kultura\\\/vujovic-potvrdjena-snazna-opredijeljenost-crne-gore-i-grcke-ka-produbljivanju-strateske-saradnje-u-oblasti-zastite-kulturne-bastine\\\/#breadcrumb\"},\"inLanguage\":\"en-GB\",\"potentialAction\":[{\"@type\":\"ReadAction\",\"target\":[\"https:\\\/\\\/dmcsrb.com\\\/kultura\\\/vujovic-potvrdjena-snazna-opredijeljenost-crne-gore-i-grcke-ka-produbljivanju-strateske-saradnje-u-oblasti-zastite-kulturne-bastine\\\/\"]}]},{\"@type\":\"ImageObject\",\"inLanguage\":\"en-GB\",\"@id\":\"https:\\\/\\\/dmcsrb.com\\\/kultura\\\/vujovic-potvrdjena-snazna-opredijeljenost-crne-gore-i-grcke-ka-produbljivanju-strateske-saradnje-u-oblasti-zastite-kulturne-bastine\\\/#primaryimage\",\"url\":\"https:\\\/\\\/dmcsrb.com\\\/wp-content\\\/uploads\\\/2026\\\/01\\\/3-9-1000x555-1.webp\",\"contentUrl\":\"https:\\\/\\\/dmcsrb.com\\\/wp-content\\\/uploads\\\/2026\\\/01\\\/3-9-1000x555-1.webp\",\"width\":1000,\"height\":555},{\"@type\":\"BreadcrumbList\",\"@id\":\"https:\\\/\\\/dmcsrb.com\\\/kultura\\\/vujovic-potvrdjena-snazna-opredijeljenost-crne-gore-i-grcke-ka-produbljivanju-strateske-saradnje-u-oblasti-zastite-kulturne-bastine\\\/#breadcrumb\",\"itemListElement\":[{\"@type\":\"ListItem\",\"position\":1,\"name\":\"Home\",\"item\":\"https:\\\/\\\/dmcsrb.com\\\/\"},{\"@type\":\"ListItem\",\"position\":2,\"name\":\"Vujovi\u0107: Potvr\u0111ena sna\u017ena opredijeljenost Crne Gore i Gr\u010dke ka produbljivanju strate\u0161ke saradnje u oblasti za\u0161tite kulturne ba\u0161tine\"}]},{\"@type\":\"WebSite\",\"@id\":\"https:\\\/\\\/dmcsrb.com\\\/#website\",\"url\":\"https:\\\/\\\/dmcsrb.com\\\/\",\"name\":\"dmcsrb.com\",\"description\":\"\",\"potentialAction\":[{\"@type\":\"SearchAction\",\"target\":{\"@type\":\"EntryPoint\",\"urlTemplate\":\"https:\\\/\\\/dmcsrb.com\\\/?s={search_term_string}\"},\"query-input\":{\"@type\":\"PropertyValueSpecification\",\"valueRequired\":true,\"valueName\":\"search_term_string\"}}],\"inLanguage\":\"en-GB\"},{\"@type\":\"Person\",\"@id\":\"https:\\\/\\\/dmcsrb.com\\\/#\\\/schema\\\/person\\\/5c39170f12db1b8b457732d0b5c854e2\",\"name\":\"dmcsrbija.com@gmail.com\",\"image\":{\"@type\":\"ImageObject\",\"inLanguage\":\"en-GB\",\"@id\":\"https:\\\/\\\/secure.gravatar.com\\\/avatar\\\/68592660ad6347fad0fb587f8d5d8f1a7b44961362f56e4f2cd524feb87e9069?s=96&d=mm&r=g\",\"url\":\"https:\\\/\\\/secure.gravatar.com\\\/avatar\\\/68592660ad6347fad0fb587f8d5d8f1a7b44961362f56e4f2cd524feb87e9069?s=96&d=mm&r=g\",\"contentUrl\":\"https:\\\/\\\/secure.gravatar.com\\\/avatar\\\/68592660ad6347fad0fb587f8d5d8f1a7b44961362f56e4f2cd524feb87e9069?s=96&d=mm&r=g\",\"caption\":\"dmcsrbija.com@gmail.com\"},\"sameAs\":[\"https:\\\/\\\/dmcsrb.com\"],\"url\":\"https:\\\/\\\/dmcsrb.com\\\/en\\\/author\\\/dmcsrbija-comgmail-com\\\/\"}]}<\/script>\n<!-- \/ Yoast SEO plugin. -->","yoast_head_json":{"title":"Vujovi\u0107: Potvr\u0111ena sna\u017ena opredijeljenost Crne Gore i Gr\u010dke ka produbljivanju strate\u0161ke saradnje u oblasti za\u0161tite kulturne ba\u0161tine - dmcsrb.com","robots":{"index":"index","follow":"follow","max-snippet":"max-snippet:-1","max-image-preview":"max-image-preview:large","max-video-preview":"max-video-preview:-1"},"canonical":"https:\/\/dmcsrb.com\/en\/kultura\/vujovic-potvrdjena-snazna-opredijeljenost-crne-gore-i-grcke-ka-produbljivanju-strateske-saradnje-u-oblasti-zastite-kulturne-bastine\/","og_locale":"en_GB","og_type":"article","og_title":"Vujovi\u0107: Potvr\u0111ena sna\u017ena opredijeljenost Crne Gore i Gr\u010dke ka produbljivanju strate\u0161ke saradnje u oblasti za\u0161tite kulturne ba\u0161tine - dmcsrb.com","og_description":"Organizovanjem ekspertskih radionica na Cetinju, posve\u0107ene savremenim metodama konzervacije ikona koje vode gr\u010dki eksperti, a koje se realizuju kao konkretni rezultati napora ministarki kulture Crne Gore i Gr\u010dke, dodatno je potvr\u0111ena sna\u017ena opredijeljenost dvije dr\u017eave ka produbljivanju strate\u0161ke saradnje u oblasti za\u0161tite kulturne ba\u0161tine i razmjene stru\u010dnih znanja.","og_url":"https:\/\/dmcsrb.com\/en\/kultura\/vujovic-potvrdjena-snazna-opredijeljenost-crne-gore-i-grcke-ka-produbljivanju-strateske-saradnje-u-oblasti-zastite-kulturne-bastine\/","og_site_name":"dmcsrb.com","article_published_time":"2025-11-24T19:12:00+00:00","og_image":[{"width":1000,"height":555,"url":"https:\/\/dmcsrb.com\/wp-content\/uploads\/2026\/01\/3-9-1000x555-1.webp","type":"image\/jpeg"}],"author":"dmcsrbija.com@gmail.com","twitter_card":"summary_large_image","twitter_misc":{"Written by":"dmcsrbija.com@gmail.com","Estimated reading time":"2 minutes"},"schema":{"@context":"https:\/\/schema.org","@graph":[{"@type":"Article","@id":"https:\/\/dmcsrb.com\/kultura\/vujovic-potvrdjena-snazna-opredijeljenost-crne-gore-i-grcke-ka-produbljivanju-strateske-saradnje-u-oblasti-zastite-kulturne-bastine\/#article","isPartOf":{"@id":"https:\/\/dmcsrb.com\/kultura\/vujovic-potvrdjena-snazna-opredijeljenost-crne-gore-i-grcke-ka-produbljivanju-strateske-saradnje-u-oblasti-zastite-kulturne-bastine\/"},"author":{"name":"dmcsrbija.com@gmail.com","@id":"https:\/\/dmcsrb.com\/#\/schema\/person\/5c39170f12db1b8b457732d0b5c854e2"},"headline":"Vujovi\u0107: Potvr\u0111ena sna\u017ena opredijeljenost Crne Gore i Gr\u010dke ka produbljivanju strate\u0161ke saradnje u oblasti za\u0161tite kulturne ba\u0161tine","datePublished":"2025-11-24T19:12:00+00:00","mainEntityOfPage":{"@id":"https:\/\/dmcsrb.com\/kultura\/vujovic-potvrdjena-snazna-opredijeljenost-crne-gore-i-grcke-ka-produbljivanju-strateske-saradnje-u-oblasti-zastite-kulturne-bastine\/"},"wordCount":455,"commentCount":0,"image":{"@id":"https:\/\/dmcsrb.com\/kultura\/vujovic-potvrdjena-snazna-opredijeljenost-crne-gore-i-grcke-ka-produbljivanju-strateske-saradnje-u-oblasti-zastite-kulturne-bastine\/#primaryimage"},"thumbnailUrl":"https:\/\/dmcsrb.com\/wp-content\/uploads\/2026\/01\/3-9-1000x555-1.webp","keywords":["MKM","Tamara Vujovi\u0107"],"articleSection":["Kultura"],"inLanguage":"en-GB","potentialAction":[{"@type":"CommentAction","name":"Comment","target":["https:\/\/dmcsrb.com\/kultura\/vujovic-potvrdjena-snazna-opredijeljenost-crne-gore-i-grcke-ka-produbljivanju-strateske-saradnje-u-oblasti-zastite-kulturne-bastine\/#respond"]}]},{"@type":"WebPage","@id":"https:\/\/dmcsrb.com\/kultura\/vujovic-potvrdjena-snazna-opredijeljenost-crne-gore-i-grcke-ka-produbljivanju-strateske-saradnje-u-oblasti-zastite-kulturne-bastine\/","url":"https:\/\/dmcsrb.com\/kultura\/vujovic-potvrdjena-snazna-opredijeljenost-crne-gore-i-grcke-ka-produbljivanju-strateske-saradnje-u-oblasti-zastite-kulturne-bastine\/","name":"Vujovi\u0107: Potvr\u0111ena sna\u017ena opredijeljenost Crne Gore i Gr\u010dke ka produbljivanju strate\u0161ke saradnje u oblasti za\u0161tite kulturne ba\u0161tine - dmcsrb.com","isPartOf":{"@id":"https:\/\/dmcsrb.com\/#website"},"primaryImageOfPage":{"@id":"https:\/\/dmcsrb.com\/kultura\/vujovic-potvrdjena-snazna-opredijeljenost-crne-gore-i-grcke-ka-produbljivanju-strateske-saradnje-u-oblasti-zastite-kulturne-bastine\/#primaryimage"},"image":{"@id":"https:\/\/dmcsrb.com\/kultura\/vujovic-potvrdjena-snazna-opredijeljenost-crne-gore-i-grcke-ka-produbljivanju-strateske-saradnje-u-oblasti-zastite-kulturne-bastine\/#primaryimage"},"thumbnailUrl":"https:\/\/dmcsrb.com\/wp-content\/uploads\/2026\/01\/3-9-1000x555-1.webp","datePublished":"2025-11-24T19:12:00+00:00","author":{"@id":"https:\/\/dmcsrb.com\/#\/schema\/person\/5c39170f12db1b8b457732d0b5c854e2"},"breadcrumb":{"@id":"https:\/\/dmcsrb.com\/kultura\/vujovic-potvrdjena-snazna-opredijeljenost-crne-gore-i-grcke-ka-produbljivanju-strateske-saradnje-u-oblasti-zastite-kulturne-bastine\/#breadcrumb"},"inLanguage":"en-GB","potentialAction":[{"@type":"ReadAction","target":["https:\/\/dmcsrb.com\/kultura\/vujovic-potvrdjena-snazna-opredijeljenost-crne-gore-i-grcke-ka-produbljivanju-strateske-saradnje-u-oblasti-zastite-kulturne-bastine\/"]}]},{"@type":"ImageObject","inLanguage":"en-GB","@id":"https:\/\/dmcsrb.com\/kultura\/vujovic-potvrdjena-snazna-opredijeljenost-crne-gore-i-grcke-ka-produbljivanju-strateske-saradnje-u-oblasti-zastite-kulturne-bastine\/#primaryimage","url":"https:\/\/dmcsrb.com\/wp-content\/uploads\/2026\/01\/3-9-1000x555-1.webp","contentUrl":"https:\/\/dmcsrb.com\/wp-content\/uploads\/2026\/01\/3-9-1000x555-1.webp","width":1000,"height":555},{"@type":"BreadcrumbList","@id":"https:\/\/dmcsrb.com\/kultura\/vujovic-potvrdjena-snazna-opredijeljenost-crne-gore-i-grcke-ka-produbljivanju-strateske-saradnje-u-oblasti-zastite-kulturne-bastine\/#breadcrumb","itemListElement":[{"@type":"ListItem","position":1,"name":"Home","item":"https:\/\/dmcsrb.com\/"},{"@type":"ListItem","position":2,"name":"Vujovi\u0107: Potvr\u0111ena sna\u017ena opredijeljenost Crne Gore i Gr\u010dke ka produbljivanju strate\u0161ke saradnje u oblasti za\u0161tite kulturne ba\u0161tine"}]},{"@type":"WebSite","@id":"https:\/\/dmcsrb.com\/#website","url":"https:\/\/dmcsrb.com\/","name":"dmcsrb.com","description":"","potentialAction":[{"@type":"SearchAction","target":{"@type":"EntryPoint","urlTemplate":"https:\/\/dmcsrb.com\/?s={search_term_string}"},"query-input":{"@type":"PropertyValueSpecification","valueRequired":true,"valueName":"search_term_string"}}],"inLanguage":"en-GB"},{"@type":"Person","@id":"https:\/\/dmcsrb.com\/#\/schema\/person\/5c39170f12db1b8b457732d0b5c854e2","name":"dmcsrbija.com@gmail.com","image":{"@type":"ImageObject","inLanguage":"en-GB","@id":"https:\/\/secure.gravatar.com\/avatar\/68592660ad6347fad0fb587f8d5d8f1a7b44961362f56e4f2cd524feb87e9069?s=96&d=mm&r=g","url":"https:\/\/secure.gravatar.com\/avatar\/68592660ad6347fad0fb587f8d5d8f1a7b44961362f56e4f2cd524feb87e9069?s=96&d=mm&r=g","contentUrl":"https:\/\/secure.gravatar.com\/avatar\/68592660ad6347fad0fb587f8d5d8f1a7b44961362f56e4f2cd524feb87e9069?s=96&d=mm&r=g","caption":"dmcsrbija.com@gmail.com"},"sameAs":["https:\/\/dmcsrb.com"],"url":"https:\/\/dmcsrb.com\/en\/author\/dmcsrbija-comgmail-com\/"}]}},"_links":{"self":[{"href":"https:\/\/dmcsrb.com\/en\/wp-json\/wp\/v2\/posts\/965464","targetHints":{"allow":["GET"]}}],"collection":[{"href":"https:\/\/dmcsrb.com\/en\/wp-json\/wp\/v2\/posts"}],"about":[{"href":"https:\/\/dmcsrb.com\/en\/wp-json\/wp\/v2\/types\/post"}],"author":[{"embeddable":true,"href":"https:\/\/dmcsrb.com\/en\/wp-json\/wp\/v2\/users\/1"}],"replies":[{"embeddable":true,"href":"https:\/\/dmcsrb.com\/en\/wp-json\/wp\/v2\/comments?post=965464"}],"version-history":[{"count":0,"href":"https:\/\/dmcsrb.com\/en\/wp-json\/wp\/v2\/posts\/965464\/revisions"}],"wp:featuredmedia":[{"embeddable":true,"href":"https:\/\/dmcsrb.com\/en\/wp-json\/wp\/v2\/media\/965465"}],"wp:attachment":[{"href":"https:\/\/dmcsrb.com\/en\/wp-json\/wp\/v2\/media?parent=965464"}],"wp:term":[{"taxonomy":"category","embeddable":true,"href":"https:\/\/dmcsrb.com\/en\/wp-json\/wp\/v2\/categories?post=965464"},{"taxonomy":"post_tag","embeddable":true,"href":"https:\/\/dmcsrb.com\/en\/wp-json\/wp\/v2\/tags?post=965464"},{"taxonomy":"naslovna","embeddable":true,"href":"https:\/\/dmcsrb.com\/en\/wp-json\/wp\/v2\/naslovna?post=965464"}],"curies":[{"name":"wp","href":"https:\/\/api.w.org\/{rel}","templated":true}]}}