{"id":965383,"date":"2025-11-24T11:40:00","date_gmt":"2025-11-24T10:40:00","guid":{"rendered":"https:\/\/dmcsrb.com\/uncategorized\/milatovic-mornarica-vazan-dio-nasih-odbrambenih-kapaciteta-preduzeti-konkretni-koraci-ka-njenoj-modernizaciji\/"},"modified":"2025-11-24T11:40:00","modified_gmt":"2025-11-24T10:40:00","slug":"milatovic-mornarica-vazan-dio-nasih-odbrambenih-kapaciteta-preduzeti-konkretni-koraci-ka-njenoj-modernizaciji","status":"publish","type":"post","link":"https:\/\/dmcsrb.com\/en\/drustvo\/milatovic-mornarica-vazan-dio-nasih-odbrambenih-kapaciteta-preduzeti-konkretni-koraci-ka-njenoj-modernizaciji\/","title":{"rendered":"Milatovi\u0107: Mornarica va\u017ean dio na\u0161ih odbrambenih kapaciteta, preduzeti konkretni koraci ka njenoj modernizaciji"},"content":{"rendered":"<p><\/p>\n\n\n\n<p>\u201eMornarica je va\u017ean dio na\u0161ih odbrambenih kapaciteta i ohrabruje \u010dinjenica da su ve\u0107 preduzeti konkretni koraci ka njenoj modernizaciji\u201c, poru\u010dio je Milatovi\u0107. On je naglasio da ga posebno raduje \u0161to \u0107e nova zgrada Mornarice uskoro biti zavr\u0161ena, kao i da je zapo\u010det proces nabavke novih brodova.<\/p>\n\n\n\n<p>Istakao je i da je va\u017eno posvetiti dodatnu pa\u017enju infrastrukturi i potrebama posade, kako bi modernizacija dala svoj puni efekat.<\/p>\n\n\n\n<p>Komodor Vukovi\u0107 zahvalio je predsjedniku Milatovi\u0107u na posjeti, isti\u010du\u0107i da je rije\u010d o prvom predsjedniku Crne Gore koji je do\u0161ao u&nbsp; zvani\u010dnu posjetu Mornarici, \u0161to predstavlja zna\u010dajan iskorak.<\/p>\n\n\n\n<p>Tokom posjete Milatovi\u0107 je obi\u0161ao i \u0161kolski brod Jadran, koji se trenutno nalazi u Luci Bar.<\/p>","protected":false},"excerpt":{"rendered":"<p>Predsjednik Crne Gore Jakov Milatovi\u0107 zapo\u010deo je posjetu Baru obilaskom Mornarice Vojske Crne Gore, gdje je razgovarao sa komodorom Darkom Vukovi\u0107em, komandantom Mornarice Vojske Crne Gore. Tom prilikom \u010destitao je komodoru na preuzimanju du\u017enosti i zahvalio mu na prihvatanju velike odgovornosti.<\/p>","protected":false},"author":1,"featured_media":965384,"comment_status":"open","ping_status":"open","sticky":false,"template":"","format":"standard","meta":{"_acf_changed":false,"footnotes":""},"categories":[2],"tags":[90,7765,6685,15348],"naslovna":[],"class_list":["post-965383","post","type-post","status-publish","format-standard","has-post-thumbnail","hentry","category-drustvo","tag-jakov-milatovic","tag-modernizacija","tag-mornarica","tag-odbrambeni-kapaciteti"],"acf":[],"yoast_head":"<!-- This site is optimized with the Yoast SEO plugin v27.0 - https:\/\/yoast.com\/product\/yoast-seo-wordpress\/ -->\n<title>Milatovi\u0107: Mornarica va\u017ean dio na\u0161ih odbrambenih kapaciteta, preduzeti konkretni koraci ka njenoj modernizaciji - dmcsrb.com<\/title>\n<meta name=\"robots\" content=\"index, follow, max-snippet:-1, max-image-preview:large, max-video-preview:-1\" \/>\n<link rel=\"canonical\" href=\"https:\/\/dmcsrb.com\/en\/drustvo\/milatovic-mornarica-vazan-dio-nasih-odbrambenih-kapaciteta-preduzeti-konkretni-koraci-ka-njenoj-modernizaciji\/\" \/>\n<meta property=\"og:locale\" content=\"en_GB\" \/>\n<meta property=\"og:type\" content=\"article\" \/>\n<meta property=\"og:title\" content=\"Milatovi\u0107: Mornarica va\u017ean dio na\u0161ih odbrambenih kapaciteta, preduzeti konkretni koraci ka njenoj modernizaciji - dmcsrb.com\" \/>\n<meta property=\"og:description\" content=\"Predsjednik Crne Gore Jakov Milatovi\u0107 zapo\u010deo je posjetu Baru obilaskom Mornarice Vojske Crne Gore, gdje je razgovarao sa komodorom Darkom Vukovi\u0107em, komandantom Mornarice Vojske Crne Gore. Tom prilikom \u010destitao je komodoru na preuzimanju du\u017enosti i zahvalio mu na prihvatanju velike odgovornosti.\" \/>\n<meta property=\"og:url\" content=\"https:\/\/dmcsrb.com\/en\/drustvo\/milatovic-mornarica-vazan-dio-nasih-odbrambenih-kapaciteta-preduzeti-konkretni-koraci-ka-njenoj-modernizaciji\/\" \/>\n<meta property=\"og:site_name\" content=\"dmcsrb.com\" \/>\n<meta property=\"article:published_time\" content=\"2025-11-24T10:40:00+00:00\" \/>\n<meta property=\"og:image\" content=\"https:\/\/dmcsrb.com\/wp-content\/uploads\/2026\/01\/5-3.webp\" \/>\n\t<meta property=\"og:image:width\" content=\"1600\" \/>\n\t<meta property=\"og:image:height\" content=\"1066\" \/>\n\t<meta property=\"og:image:type\" content=\"image\/jpeg\" \/>\n<meta name=\"author\" content=\"dmcsrbija.com@gmail.com\" \/>\n<meta name=\"twitter:card\" content=\"summary_large_image\" \/>\n<meta name=\"twitter:label1\" content=\"Written by\" \/>\n\t<meta name=\"twitter:data1\" content=\"dmcsrbija.com@gmail.com\" \/>\n\t<meta name=\"twitter:label2\" content=\"Estimated reading time\" \/>\n\t<meta name=\"twitter:data2\" content=\"1 minute\" \/>\n<script type=\"application\/ld+json\" class=\"yoast-schema-graph\">{\"@context\":\"https:\/\/schema.org\",\"@graph\":[{\"@type\":\"Article\",\"@id\":\"https:\/\/dmcsrb.com\/drustvo\/milatovic-mornarica-vazan-dio-nasih-odbrambenih-kapaciteta-preduzeti-konkretni-koraci-ka-njenoj-modernizaciji\/#article\",\"isPartOf\":{\"@id\":\"https:\/\/dmcsrb.com\/drustvo\/milatovic-mornarica-vazan-dio-nasih-odbrambenih-kapaciteta-preduzeti-konkretni-koraci-ka-njenoj-modernizaciji\/\"},\"author\":{\"name\":\"dmcsrbija.com@gmail.com\",\"@id\":\"https:\/\/dmcsrb.com\/#\/schema\/person\/5c39170f12db1b8b457732d0b5c854e2\"},\"headline\":\"Milatovi\u0107: Mornarica va\u017ean dio na\u0161ih odbrambenih kapaciteta, preduzeti konkretni koraci ka njenoj modernizaciji\",\"datePublished\":\"2025-11-24T10:40:00+00:00\",\"mainEntityOfPage\":{\"@id\":\"https:\/\/dmcsrb.com\/drustvo\/milatovic-mornarica-vazan-dio-nasih-odbrambenih-kapaciteta-preduzeti-konkretni-koraci-ka-njenoj-modernizaciji\/\"},\"wordCount\":140,\"commentCount\":0,\"image\":{\"@id\":\"https:\/\/dmcsrb.com\/drustvo\/milatovic-mornarica-vazan-dio-nasih-odbrambenih-kapaciteta-preduzeti-konkretni-koraci-ka-njenoj-modernizaciji\/#primaryimage\"},\"thumbnailUrl\":\"https:\/\/dmcsrb.com\/wp-content\/uploads\/2026\/01\/5-3.webp\",\"keywords\":[\"Jakov Milatovi\u0107\",\"Modernizacija\",\"mornarica\",\"Odbrambeni kapaciteti\"],\"articleSection\":[\"Dru\u0161tvo\"],\"inLanguage\":\"en-GB\",\"potentialAction\":[{\"@type\":\"CommentAction\",\"name\":\"Comment\",\"target\":[\"https:\/\/dmcsrb.com\/drustvo\/milatovic-mornarica-vazan-dio-nasih-odbrambenih-kapaciteta-preduzeti-konkretni-koraci-ka-njenoj-modernizaciji\/#respond\"]}]},{\"@type\":\"WebPage\",\"@id\":\"https:\/\/dmcsrb.com\/drustvo\/milatovic-mornarica-vazan-dio-nasih-odbrambenih-kapaciteta-preduzeti-konkretni-koraci-ka-njenoj-modernizaciji\/\",\"url\":\"https:\/\/dmcsrb.com\/drustvo\/milatovic-mornarica-vazan-dio-nasih-odbrambenih-kapaciteta-preduzeti-konkretni-koraci-ka-njenoj-modernizaciji\/\",\"name\":\"Milatovi\u0107: Mornarica va\u017ean dio na\u0161ih odbrambenih kapaciteta, preduzeti konkretni koraci ka njenoj modernizaciji - dmcsrb.com\",\"isPartOf\":{\"@id\":\"https:\/\/dmcsrb.com\/#website\"},\"primaryImageOfPage\":{\"@id\":\"https:\/\/dmcsrb.com\/drustvo\/milatovic-mornarica-vazan-dio-nasih-odbrambenih-kapaciteta-preduzeti-konkretni-koraci-ka-njenoj-modernizaciji\/#primaryimage\"},\"image\":{\"@id\":\"https:\/\/dmcsrb.com\/drustvo\/milatovic-mornarica-vazan-dio-nasih-odbrambenih-kapaciteta-preduzeti-konkretni-koraci-ka-njenoj-modernizaciji\/#primaryimage\"},\"thumbnailUrl\":\"https:\/\/dmcsrb.com\/wp-content\/uploads\/2026\/01\/5-3.webp\",\"datePublished\":\"2025-11-24T10:40:00+00:00\",\"author\":{\"@id\":\"https:\/\/dmcsrb.com\/#\/schema\/person\/5c39170f12db1b8b457732d0b5c854e2\"},\"breadcrumb\":{\"@id\":\"https:\/\/dmcsrb.com\/drustvo\/milatovic-mornarica-vazan-dio-nasih-odbrambenih-kapaciteta-preduzeti-konkretni-koraci-ka-njenoj-modernizaciji\/#breadcrumb\"},\"inLanguage\":\"en-GB\",\"potentialAction\":[{\"@type\":\"ReadAction\",\"target\":[\"https:\/\/dmcsrb.com\/drustvo\/milatovic-mornarica-vazan-dio-nasih-odbrambenih-kapaciteta-preduzeti-konkretni-koraci-ka-njenoj-modernizaciji\/\"]}]},{\"@type\":\"ImageObject\",\"inLanguage\":\"en-GB\",\"@id\":\"https:\/\/dmcsrb.com\/drustvo\/milatovic-mornarica-vazan-dio-nasih-odbrambenih-kapaciteta-preduzeti-konkretni-koraci-ka-njenoj-modernizaciji\/#primaryimage\",\"url\":\"https:\/\/dmcsrb.com\/wp-content\/uploads\/2026\/01\/5-3.webp\",\"contentUrl\":\"https:\/\/dmcsrb.com\/wp-content\/uploads\/2026\/01\/5-3.webp\",\"width\":1600,\"height\":1066},{\"@type\":\"BreadcrumbList\",\"@id\":\"https:\/\/dmcsrb.com\/drustvo\/milatovic-mornarica-vazan-dio-nasih-odbrambenih-kapaciteta-preduzeti-konkretni-koraci-ka-njenoj-modernizaciji\/#breadcrumb\",\"itemListElement\":[{\"@type\":\"ListItem\",\"position\":1,\"name\":\"Home\",\"item\":\"https:\/\/dmcsrb.com\/\"},{\"@type\":\"ListItem\",\"position\":2,\"name\":\"Milatovi\u0107: Mornarica va\u017ean dio na\u0161ih odbrambenih kapaciteta, preduzeti konkretni koraci ka njenoj modernizaciji\"}]},{\"@type\":\"WebSite\",\"@id\":\"https:\/\/dmcsrb.com\/#website\",\"url\":\"https:\/\/dmcsrb.com\/\",\"name\":\"dmcsrb.com\",\"description\":\"\",\"potentialAction\":[{\"@type\":\"SearchAction\",\"target\":{\"@type\":\"EntryPoint\",\"urlTemplate\":\"https:\/\/dmcsrb.com\/?s={search_term_string}\"},\"query-input\":{\"@type\":\"PropertyValueSpecification\",\"valueRequired\":true,\"valueName\":\"search_term_string\"}}],\"inLanguage\":\"en-GB\"},{\"@type\":\"Person\",\"@id\":\"https:\/\/dmcsrb.com\/#\/schema\/person\/5c39170f12db1b8b457732d0b5c854e2\",\"name\":\"dmcsrbija.com@gmail.com\",\"image\":{\"@type\":\"ImageObject\",\"inLanguage\":\"en-GB\",\"@id\":\"https:\/\/dmcsrb.com\/#\/schema\/person\/image\/\",\"url\":\"https:\/\/secure.gravatar.com\/avatar\/68592660ad6347fad0fb587f8d5d8f1a7b44961362f56e4f2cd524feb87e9069?s=96&d=mm&r=g\",\"contentUrl\":\"https:\/\/secure.gravatar.com\/avatar\/68592660ad6347fad0fb587f8d5d8f1a7b44961362f56e4f2cd524feb87e9069?s=96&d=mm&r=g\",\"caption\":\"dmcsrbija.com@gmail.com\"},\"sameAs\":[\"https:\/\/dmcsrb.com\"],\"url\":\"https:\/\/dmcsrb.com\/en\/author\/dmcsrbija-comgmail-com\/\"}]}<\/script>\n<!-- \/ Yoast SEO plugin. -->","yoast_head_json":{"title":"Milatovi\u0107: Mornarica va\u017ean dio na\u0161ih odbrambenih kapaciteta, preduzeti konkretni koraci ka njenoj modernizaciji - dmcsrb.com","robots":{"index":"index","follow":"follow","max-snippet":"max-snippet:-1","max-image-preview":"max-image-preview:large","max-video-preview":"max-video-preview:-1"},"canonical":"https:\/\/dmcsrb.com\/en\/drustvo\/milatovic-mornarica-vazan-dio-nasih-odbrambenih-kapaciteta-preduzeti-konkretni-koraci-ka-njenoj-modernizaciji\/","og_locale":"en_GB","og_type":"article","og_title":"Milatovi\u0107: Mornarica va\u017ean dio na\u0161ih odbrambenih kapaciteta, preduzeti konkretni koraci ka njenoj modernizaciji - dmcsrb.com","og_description":"Predsjednik Crne Gore Jakov Milatovi\u0107 zapo\u010deo je posjetu Baru obilaskom Mornarice Vojske Crne Gore, gdje je razgovarao sa komodorom Darkom Vukovi\u0107em, komandantom Mornarice Vojske Crne Gore. Tom prilikom \u010destitao je komodoru na preuzimanju du\u017enosti i zahvalio mu na prihvatanju velike odgovornosti.","og_url":"https:\/\/dmcsrb.com\/en\/drustvo\/milatovic-mornarica-vazan-dio-nasih-odbrambenih-kapaciteta-preduzeti-konkretni-koraci-ka-njenoj-modernizaciji\/","og_site_name":"dmcsrb.com","article_published_time":"2025-11-24T10:40:00+00:00","og_image":[{"width":1600,"height":1066,"url":"https:\/\/dmcsrb.com\/wp-content\/uploads\/2026\/01\/5-3.webp","type":"image\/jpeg"}],"author":"dmcsrbija.com@gmail.com","twitter_card":"summary_large_image","twitter_misc":{"Written by":"dmcsrbija.com@gmail.com","Estimated reading time":"1 minute"},"schema":{"@context":"https:\/\/schema.org","@graph":[{"@type":"Article","@id":"https:\/\/dmcsrb.com\/drustvo\/milatovic-mornarica-vazan-dio-nasih-odbrambenih-kapaciteta-preduzeti-konkretni-koraci-ka-njenoj-modernizaciji\/#article","isPartOf":{"@id":"https:\/\/dmcsrb.com\/drustvo\/milatovic-mornarica-vazan-dio-nasih-odbrambenih-kapaciteta-preduzeti-konkretni-koraci-ka-njenoj-modernizaciji\/"},"author":{"name":"dmcsrbija.com@gmail.com","@id":"https:\/\/dmcsrb.com\/#\/schema\/person\/5c39170f12db1b8b457732d0b5c854e2"},"headline":"Milatovi\u0107: Mornarica va\u017ean dio na\u0161ih odbrambenih kapaciteta, preduzeti konkretni koraci ka njenoj modernizaciji","datePublished":"2025-11-24T10:40:00+00:00","mainEntityOfPage":{"@id":"https:\/\/dmcsrb.com\/drustvo\/milatovic-mornarica-vazan-dio-nasih-odbrambenih-kapaciteta-preduzeti-konkretni-koraci-ka-njenoj-modernizaciji\/"},"wordCount":140,"commentCount":0,"image":{"@id":"https:\/\/dmcsrb.com\/drustvo\/milatovic-mornarica-vazan-dio-nasih-odbrambenih-kapaciteta-preduzeti-konkretni-koraci-ka-njenoj-modernizaciji\/#primaryimage"},"thumbnailUrl":"https:\/\/dmcsrb.com\/wp-content\/uploads\/2026\/01\/5-3.webp","keywords":["Jakov Milatovi\u0107","Modernizacija","mornarica","Odbrambeni kapaciteti"],"articleSection":["Dru\u0161tvo"],"inLanguage":"en-GB","potentialAction":[{"@type":"CommentAction","name":"Comment","target":["https:\/\/dmcsrb.com\/drustvo\/milatovic-mornarica-vazan-dio-nasih-odbrambenih-kapaciteta-preduzeti-konkretni-koraci-ka-njenoj-modernizaciji\/#respond"]}]},{"@type":"WebPage","@id":"https:\/\/dmcsrb.com\/drustvo\/milatovic-mornarica-vazan-dio-nasih-odbrambenih-kapaciteta-preduzeti-konkretni-koraci-ka-njenoj-modernizaciji\/","url":"https:\/\/dmcsrb.com\/drustvo\/milatovic-mornarica-vazan-dio-nasih-odbrambenih-kapaciteta-preduzeti-konkretni-koraci-ka-njenoj-modernizaciji\/","name":"Milatovi\u0107: Mornarica va\u017ean dio na\u0161ih odbrambenih kapaciteta, preduzeti konkretni koraci ka njenoj modernizaciji - dmcsrb.com","isPartOf":{"@id":"https:\/\/dmcsrb.com\/#website"},"primaryImageOfPage":{"@id":"https:\/\/dmcsrb.com\/drustvo\/milatovic-mornarica-vazan-dio-nasih-odbrambenih-kapaciteta-preduzeti-konkretni-koraci-ka-njenoj-modernizaciji\/#primaryimage"},"image":{"@id":"https:\/\/dmcsrb.com\/drustvo\/milatovic-mornarica-vazan-dio-nasih-odbrambenih-kapaciteta-preduzeti-konkretni-koraci-ka-njenoj-modernizaciji\/#primaryimage"},"thumbnailUrl":"https:\/\/dmcsrb.com\/wp-content\/uploads\/2026\/01\/5-3.webp","datePublished":"2025-11-24T10:40:00+00:00","author":{"@id":"https:\/\/dmcsrb.com\/#\/schema\/person\/5c39170f12db1b8b457732d0b5c854e2"},"breadcrumb":{"@id":"https:\/\/dmcsrb.com\/drustvo\/milatovic-mornarica-vazan-dio-nasih-odbrambenih-kapaciteta-preduzeti-konkretni-koraci-ka-njenoj-modernizaciji\/#breadcrumb"},"inLanguage":"en-GB","potentialAction":[{"@type":"ReadAction","target":["https:\/\/dmcsrb.com\/drustvo\/milatovic-mornarica-vazan-dio-nasih-odbrambenih-kapaciteta-preduzeti-konkretni-koraci-ka-njenoj-modernizaciji\/"]}]},{"@type":"ImageObject","inLanguage":"en-GB","@id":"https:\/\/dmcsrb.com\/drustvo\/milatovic-mornarica-vazan-dio-nasih-odbrambenih-kapaciteta-preduzeti-konkretni-koraci-ka-njenoj-modernizaciji\/#primaryimage","url":"https:\/\/dmcsrb.com\/wp-content\/uploads\/2026\/01\/5-3.webp","contentUrl":"https:\/\/dmcsrb.com\/wp-content\/uploads\/2026\/01\/5-3.webp","width":1600,"height":1066},{"@type":"BreadcrumbList","@id":"https:\/\/dmcsrb.com\/drustvo\/milatovic-mornarica-vazan-dio-nasih-odbrambenih-kapaciteta-preduzeti-konkretni-koraci-ka-njenoj-modernizaciji\/#breadcrumb","itemListElement":[{"@type":"ListItem","position":1,"name":"Home","item":"https:\/\/dmcsrb.com\/"},{"@type":"ListItem","position":2,"name":"Milatovi\u0107: Mornarica va\u017ean dio na\u0161ih odbrambenih kapaciteta, preduzeti konkretni koraci ka njenoj modernizaciji"}]},{"@type":"WebSite","@id":"https:\/\/dmcsrb.com\/#website","url":"https:\/\/dmcsrb.com\/","name":"dmcsrb.com","description":"","potentialAction":[{"@type":"SearchAction","target":{"@type":"EntryPoint","urlTemplate":"https:\/\/dmcsrb.com\/?s={search_term_string}"},"query-input":{"@type":"PropertyValueSpecification","valueRequired":true,"valueName":"search_term_string"}}],"inLanguage":"en-GB"},{"@type":"Person","@id":"https:\/\/dmcsrb.com\/#\/schema\/person\/5c39170f12db1b8b457732d0b5c854e2","name":"dmcsrbija.com@gmail.com","image":{"@type":"ImageObject","inLanguage":"en-GB","@id":"https:\/\/dmcsrb.com\/#\/schema\/person\/image\/","url":"https:\/\/secure.gravatar.com\/avatar\/68592660ad6347fad0fb587f8d5d8f1a7b44961362f56e4f2cd524feb87e9069?s=96&d=mm&r=g","contentUrl":"https:\/\/secure.gravatar.com\/avatar\/68592660ad6347fad0fb587f8d5d8f1a7b44961362f56e4f2cd524feb87e9069?s=96&d=mm&r=g","caption":"dmcsrbija.com@gmail.com"},"sameAs":["https:\/\/dmcsrb.com"],"url":"https:\/\/dmcsrb.com\/en\/author\/dmcsrbija-comgmail-com\/"}]}},"_links":{"self":[{"href":"https:\/\/dmcsrb.com\/en\/wp-json\/wp\/v2\/posts\/965383","targetHints":{"allow":["GET"]}}],"collection":[{"href":"https:\/\/dmcsrb.com\/en\/wp-json\/wp\/v2\/posts"}],"about":[{"href":"https:\/\/dmcsrb.com\/en\/wp-json\/wp\/v2\/types\/post"}],"author":[{"embeddable":true,"href":"https:\/\/dmcsrb.com\/en\/wp-json\/wp\/v2\/users\/1"}],"replies":[{"embeddable":true,"href":"https:\/\/dmcsrb.com\/en\/wp-json\/wp\/v2\/comments?post=965383"}],"version-history":[{"count":0,"href":"https:\/\/dmcsrb.com\/en\/wp-json\/wp\/v2\/posts\/965383\/revisions"}],"wp:featuredmedia":[{"embeddable":true,"href":"https:\/\/dmcsrb.com\/en\/wp-json\/wp\/v2\/media\/965384"}],"wp:attachment":[{"href":"https:\/\/dmcsrb.com\/en\/wp-json\/wp\/v2\/media?parent=965383"}],"wp:term":[{"taxonomy":"category","embeddable":true,"href":"https:\/\/dmcsrb.com\/en\/wp-json\/wp\/v2\/categories?post=965383"},{"taxonomy":"post_tag","embeddable":true,"href":"https:\/\/dmcsrb.com\/en\/wp-json\/wp\/v2\/tags?post=965383"},{"taxonomy":"naslovna","embeddable":true,"href":"https:\/\/dmcsrb.com\/en\/wp-json\/wp\/v2\/naslovna?post=965383"}],"curies":[{"name":"wp","href":"https:\/\/api.w.org\/{rel}","templated":true}]}}