{"id":965341,"date":"2025-11-24T10:15:00","date_gmt":"2025-11-24T09:15:00","guid":{"rendered":"https:\/\/dmcsrb.com\/uncategorized\/kamp-koji-je-okupio-ljude-koji-dijele-iste-brige\/"},"modified":"2025-11-24T10:15:00","modified_gmt":"2025-11-24T09:15:00","slug":"kamp-koji-je-okupio-ljude-koji-dijele-iste-brige","status":"publish","type":"post","link":"https:\/\/dmcsrb.com\/en\/drustvo\/kamp-koji-je-okupio-ljude-koji-dijele-iste-brige\/","title":{"rendered":"Kamp koji je okupio ljude koji dijele iste brige"},"content":{"rendered":"<p>Lejla Martinovi\u0107 Puzovi\u0107, predsjednica Udru\u017eenja Dijabetes Ekipa DOB, osnovanog po\u010detkom 2023. godine, isti\u010de da su ve\u0107 od prvih aktivnosti jasno definisali svoju misiju \u2013 pobolj\u0161anje kvaliteta \u017eivota odraslih osoba sa dijabetesom tip 1 u Crnoj Goi.<\/p>\n\n\n\n<p>\u201cTokom ovog kampa u\u010denici su u\u010dili konkretne vje\u0161tine \u2013 od brojanja ugljenih hidrata, preko upravljanja terapijom, do suo\u010davanja sa svakodnevnim izazovima. Kamp je pokazao da edukacija mo\u017ee biti inspirativna, da zajedni\u0161tvo mo\u017ee biti ljekovito i da je podr\u0161ka najva\u017eniji dio \u017eivota sa dijabetesom. Tokom tri dana u\u010desnici su u\u010dili, dijelili, smijali se i gradili zajednicu kakvu Crna Gora do sada nije imala. Ovaj kamp je tek po\u010detak \u2013 po\u010detak jedne pri\u010de koja raste, mijenja percepcije i ohrabruje sve koji \u017eive sa dijabetesom tip 1 da budu hrabri, informisani i povezani\u201d, istakla je Martinovi\u0107 Puzovi\u0107.<\/p>\n\n\n\n<p>Za Aleksandru Panduricu, koja 20 godina ima dijabetes, u\u010de\u0161\u0107e na kampu bilo je, kako isti\u010de, jedinstveno i dragocjeno iskustvo.<\/p>\n\n\n\n<p>\u201cKroz sjajna predavanja i prakti\u010dne radionice nau\u010dila sam mnogo o va\u017enosti pravilnog brojanja ugljenih hidrata i boljem upravljanju dijabetesom u svakodnevnom \u017eivotu. Me\u0111utim, ono \u0161to je ostavilo poseban trag jesu ljudi. Upoznala sam u\u010desnike koji prolaze kroz iste izazove i borbe, koji razumiju svaku dilemu, svaku sitnicu koja nekad drugima djeluje nebitno. Osje\u0107aj zajedni\u0161tva, podr\u0161ke i pripadanja bio je neprocjenjiv. Razgovori, razmjena iskustava i iskrena empatija dali su mi novu snagu i motivaciju\u201d, navela je Pandurica.<\/p>\n\n\n\n<p>Posebno je istakla nesebi\u010dnu pomo\u0107 koju je tokom kampa pru\u017eio Emir Muzurovi\u0107, specijalista interne medicine, subspecijalista endokrinologije.<\/p>\n\n\n\n<p>\u201cOn je neiscrpni izvor znanja, strpljenja i razumijevanja. Na\u010din na koji je nesebi\u010dno dijelio svoje iskustvo i znanje sa nama ostavio je sna\u017ean utisak i dodatno osna\u017eio sve nas. Veliku zahvalnost dugujemo Lejli, \u010dija je inicijativa omogu\u0107ila da se ovaj kamp uop\u0161te odr\u017ei. Njena posve\u0107enost i nesebi\u010dnost zaista inspiri\u0161u\u201d, kazala je Aleksandra Pandurica.<\/p>\n\n\n\n<p>I za Almiru \u010cokovi\u0107 kamp je bio vi\u0161e od edukacije.<\/p>\n\n\n\n<p>\u201cBilo je to vrijeme dru\u017eenja, u\u010denja, smijeha i podr\u0161ke. Vratila sam se ku\u0107i bogatija za nova znanja, ali jo\u0161 vi\u0161e za nova prijateljstva i osje\u0107aj da nisam sama u ovoj borbi. Kamp mi je donio pozitivnu energiju, ohrabrenje i inspiraciju da nastavim dalje, ja\u010da i sigurnija\u201d, istakla je \u010cokovi\u0107.<\/p>\n\n\n\n<p>Da osobe sa dijabetesom osjete slobodu bez etiketa i pritiska, ali i steknu nova znanja, pomogao je stru\u010dni kadar ovog kampa.<\/p>\n\n\n\n<p>\u201cPosebnu vrijednost kampu dali su vrhunski stru\u010dnjaci dr Emir Muzurovi\u0107, specijalista interne medicine, subspecijalista endokrinologije i Romina Li\u010dina, nutricionistkinja iz Italije. Njihova stru\u010dnost, ljudskost i posve\u0107enost pacijentima su neprocjenjivi. Posebnu zahvalnost dugujemo sponzorima i partnerima ovog kampa- Profesional Medic, Marlo Medic, Farmont MP, Glosarij, Urion, Prva banka Crne Gore-osnovana 1901.godine, Zdravstvena ustanova Dom zdravlja Kola\u0161in, Op\u0161tina Kola\u0161in, Eagle hills Montenegro, Merkator Montenegro , Osmi red D i Novo Nordisk &#8211; Pharma Operations A\/S Danska \u2013predstavni\u0161tvo Crna Gora, bez kojih ovaj kamp ne bi mogao biti organizovan\u201c, dodala je Martinovi\u0107 Puzovi\u0107.<\/p>\n\n\n\n<p>Udru\u017eenje Dijabetes Ekipa DOB najavljuje da \u0107e i ubudu\u0107e biti dom edukacije, podr\u0161ke i inovacija jer, kakao su poru\u010dili, svako zaslu\u017euje kvalitetan i ispunjen \u017eivot, bez obzira na dijabetes.<\/p>","protected":false},"excerpt":{"rendered":"<p>Prvi edukativni kamp za odrasle sa dijabetesom tip 1 u Crnoj Gori, u organizaciji NVU Dijabetes Ekipa Dob, okupio je ljude koji dijele iste brige, ali i istu snagu da se suo\u010de sa svakodnevnim izazovima. Tokom trodnevnog dru\u017eenja u Kola\u0161inu, polaznici su pro\u0161li kroz niz prakti\u010dnih radionica i stru\u010dnih predavanja, ali i izgradili sna\u017ean osje\u0107aj zajedni\u0161tva koji predstavlja sr\u017e ovog jedinstvenog kampa.<\/p>","protected":false},"author":1,"featured_media":965342,"comment_status":"open","ping_status":"open","sticky":false,"template":"","format":"standard","meta":{"_acf_changed":false,"footnotes":""},"categories":[2],"tags":[14416,15330,6493],"naslovna":[],"class_list":["post-965341","post","type-post","status-publish","format-standard","has-post-thumbnail","hentry","category-drustvo","tag-dijabetes","tag-kamp","tag-okupljanje"],"acf":[],"yoast_head":"<!-- This site is optimized with the Yoast SEO plugin v27.0 - https:\/\/yoast.com\/product\/yoast-seo-wordpress\/ -->\n<title>Kamp koji je okupio ljude koji dijele iste brige - dmcsrb.com<\/title>\n<meta name=\"robots\" content=\"index, follow, max-snippet:-1, max-image-preview:large, max-video-preview:-1\" \/>\n<link rel=\"canonical\" href=\"https:\/\/dmcsrb.com\/en\/drustvo\/kamp-koji-je-okupio-ljude-koji-dijele-iste-brige\/\" \/>\n<meta property=\"og:locale\" content=\"en_GB\" \/>\n<meta property=\"og:type\" content=\"article\" \/>\n<meta property=\"og:title\" content=\"Kamp koji je okupio ljude koji dijele iste brige - dmcsrb.com\" \/>\n<meta property=\"og:description\" content=\"Prvi edukativni kamp za odrasle sa dijabetesom tip 1 u Crnoj Gori, u organizaciji NVU Dijabetes Ekipa Dob, okupio je ljude koji dijele iste brige, ali i istu snagu da se suo\u010de sa svakodnevnim izazovima. Tokom trodnevnog dru\u017eenja u Kola\u0161inu, polaznici su pro\u0161li kroz niz prakti\u010dnih radionica i stru\u010dnih predavanja, ali i izgradili sna\u017ean osje\u0107aj zajedni\u0161tva koji predstavlja sr\u017e ovog jedinstvenog kampa.\" \/>\n<meta property=\"og:url\" content=\"https:\/\/dmcsrb.com\/en\/drustvo\/kamp-koji-je-okupio-ljude-koji-dijele-iste-brige\/\" \/>\n<meta property=\"og:site_name\" content=\"dmcsrb.com\" \/>\n<meta property=\"article:published_time\" content=\"2025-11-24T09:15:00+00:00\" \/>\n<meta property=\"og:image\" content=\"https:\/\/dmcsrb.com\/wp-content\/uploads\/2026\/01\/thumbnail_DSC_9813.webp\" \/>\n\t<meta property=\"og:image:width\" content=\"1920\" \/>\n\t<meta property=\"og:image:height\" content=\"1280\" \/>\n\t<meta property=\"og:image:type\" content=\"image\/jpeg\" \/>\n<meta name=\"author\" content=\"dmcsrbija.com@gmail.com\" \/>\n<meta name=\"twitter:card\" content=\"summary_large_image\" \/>\n<meta name=\"twitter:label1\" content=\"Written by\" \/>\n\t<meta name=\"twitter:data1\" content=\"dmcsrbija.com@gmail.com\" \/>\n\t<meta name=\"twitter:label2\" content=\"Estimated reading time\" \/>\n\t<meta name=\"twitter:data2\" content=\"3 minutes\" \/>\n<script type=\"application\/ld+json\" class=\"yoast-schema-graph\">{\"@context\":\"https:\/\/schema.org\",\"@graph\":[{\"@type\":\"Article\",\"@id\":\"https:\/\/dmcsrb.com\/drustvo\/kamp-koji-je-okupio-ljude-koji-dijele-iste-brige\/#article\",\"isPartOf\":{\"@id\":\"https:\/\/dmcsrb.com\/drustvo\/kamp-koji-je-okupio-ljude-koji-dijele-iste-brige\/\"},\"author\":{\"name\":\"dmcsrbija.com@gmail.com\",\"@id\":\"https:\/\/dmcsrb.com\/#\/schema\/person\/5c39170f12db1b8b457732d0b5c854e2\"},\"headline\":\"Kamp koji je okupio ljude koji dijele iste brige\",\"datePublished\":\"2025-11-24T09:15:00+00:00\",\"mainEntityOfPage\":{\"@id\":\"https:\/\/dmcsrb.com\/drustvo\/kamp-koji-je-okupio-ljude-koji-dijele-iste-brige\/\"},\"wordCount\":559,\"commentCount\":0,\"image\":{\"@id\":\"https:\/\/dmcsrb.com\/drustvo\/kamp-koji-je-okupio-ljude-koji-dijele-iste-brige\/#primaryimage\"},\"thumbnailUrl\":\"https:\/\/dmcsrb.com\/wp-content\/uploads\/2026\/01\/thumbnail_DSC_9813.webp\",\"keywords\":[\"Dijabetes\",\"Kamp\",\"Okupljanje\"],\"articleSection\":[\"Dru\u0161tvo\"],\"inLanguage\":\"en-GB\",\"potentialAction\":[{\"@type\":\"CommentAction\",\"name\":\"Comment\",\"target\":[\"https:\/\/dmcsrb.com\/drustvo\/kamp-koji-je-okupio-ljude-koji-dijele-iste-brige\/#respond\"]}]},{\"@type\":\"WebPage\",\"@id\":\"https:\/\/dmcsrb.com\/drustvo\/kamp-koji-je-okupio-ljude-koji-dijele-iste-brige\/\",\"url\":\"https:\/\/dmcsrb.com\/drustvo\/kamp-koji-je-okupio-ljude-koji-dijele-iste-brige\/\",\"name\":\"Kamp koji je okupio ljude koji dijele iste brige - dmcsrb.com\",\"isPartOf\":{\"@id\":\"https:\/\/dmcsrb.com\/#website\"},\"primaryImageOfPage\":{\"@id\":\"https:\/\/dmcsrb.com\/drustvo\/kamp-koji-je-okupio-ljude-koji-dijele-iste-brige\/#primaryimage\"},\"image\":{\"@id\":\"https:\/\/dmcsrb.com\/drustvo\/kamp-koji-je-okupio-ljude-koji-dijele-iste-brige\/#primaryimage\"},\"thumbnailUrl\":\"https:\/\/dmcsrb.com\/wp-content\/uploads\/2026\/01\/thumbnail_DSC_9813.webp\",\"datePublished\":\"2025-11-24T09:15:00+00:00\",\"author\":{\"@id\":\"https:\/\/dmcsrb.com\/#\/schema\/person\/5c39170f12db1b8b457732d0b5c854e2\"},\"breadcrumb\":{\"@id\":\"https:\/\/dmcsrb.com\/drustvo\/kamp-koji-je-okupio-ljude-koji-dijele-iste-brige\/#breadcrumb\"},\"inLanguage\":\"en-GB\",\"potentialAction\":[{\"@type\":\"ReadAction\",\"target\":[\"https:\/\/dmcsrb.com\/drustvo\/kamp-koji-je-okupio-ljude-koji-dijele-iste-brige\/\"]}]},{\"@type\":\"ImageObject\",\"inLanguage\":\"en-GB\",\"@id\":\"https:\/\/dmcsrb.com\/drustvo\/kamp-koji-je-okupio-ljude-koji-dijele-iste-brige\/#primaryimage\",\"url\":\"https:\/\/dmcsrb.com\/wp-content\/uploads\/2026\/01\/thumbnail_DSC_9813.webp\",\"contentUrl\":\"https:\/\/dmcsrb.com\/wp-content\/uploads\/2026\/01\/thumbnail_DSC_9813.webp\",\"width\":1920,\"height\":1280},{\"@type\":\"BreadcrumbList\",\"@id\":\"https:\/\/dmcsrb.com\/drustvo\/kamp-koji-je-okupio-ljude-koji-dijele-iste-brige\/#breadcrumb\",\"itemListElement\":[{\"@type\":\"ListItem\",\"position\":1,\"name\":\"Home\",\"item\":\"https:\/\/dmcsrb.com\/\"},{\"@type\":\"ListItem\",\"position\":2,\"name\":\"Kamp koji je okupio ljude koji dijele iste brige\"}]},{\"@type\":\"WebSite\",\"@id\":\"https:\/\/dmcsrb.com\/#website\",\"url\":\"https:\/\/dmcsrb.com\/\",\"name\":\"dmcsrb.com\",\"description\":\"\",\"potentialAction\":[{\"@type\":\"SearchAction\",\"target\":{\"@type\":\"EntryPoint\",\"urlTemplate\":\"https:\/\/dmcsrb.com\/?s={search_term_string}\"},\"query-input\":{\"@type\":\"PropertyValueSpecification\",\"valueRequired\":true,\"valueName\":\"search_term_string\"}}],\"inLanguage\":\"en-GB\"},{\"@type\":\"Person\",\"@id\":\"https:\/\/dmcsrb.com\/#\/schema\/person\/5c39170f12db1b8b457732d0b5c854e2\",\"name\":\"dmcsrbija.com@gmail.com\",\"image\":{\"@type\":\"ImageObject\",\"inLanguage\":\"en-GB\",\"@id\":\"https:\/\/dmcsrb.com\/#\/schema\/person\/image\/\",\"url\":\"https:\/\/secure.gravatar.com\/avatar\/68592660ad6347fad0fb587f8d5d8f1a7b44961362f56e4f2cd524feb87e9069?s=96&d=mm&r=g\",\"contentUrl\":\"https:\/\/secure.gravatar.com\/avatar\/68592660ad6347fad0fb587f8d5d8f1a7b44961362f56e4f2cd524feb87e9069?s=96&d=mm&r=g\",\"caption\":\"dmcsrbija.com@gmail.com\"},\"sameAs\":[\"https:\/\/dmcsrb.com\"],\"url\":\"https:\/\/dmcsrb.com\/en\/author\/dmcsrbija-comgmail-com\/\"}]}<\/script>\n<!-- \/ Yoast SEO plugin. -->","yoast_head_json":{"title":"Kamp koji je okupio ljude koji dijele iste brige - dmcsrb.com","robots":{"index":"index","follow":"follow","max-snippet":"max-snippet:-1","max-image-preview":"max-image-preview:large","max-video-preview":"max-video-preview:-1"},"canonical":"https:\/\/dmcsrb.com\/en\/drustvo\/kamp-koji-je-okupio-ljude-koji-dijele-iste-brige\/","og_locale":"en_GB","og_type":"article","og_title":"Kamp koji je okupio ljude koji dijele iste brige - dmcsrb.com","og_description":"Prvi edukativni kamp za odrasle sa dijabetesom tip 1 u Crnoj Gori, u organizaciji NVU Dijabetes Ekipa Dob, okupio je ljude koji dijele iste brige, ali i istu snagu da se suo\u010de sa svakodnevnim izazovima. Tokom trodnevnog dru\u017eenja u Kola\u0161inu, polaznici su pro\u0161li kroz niz prakti\u010dnih radionica i stru\u010dnih predavanja, ali i izgradili sna\u017ean osje\u0107aj zajedni\u0161tva koji predstavlja sr\u017e ovog jedinstvenog kampa.","og_url":"https:\/\/dmcsrb.com\/en\/drustvo\/kamp-koji-je-okupio-ljude-koji-dijele-iste-brige\/","og_site_name":"dmcsrb.com","article_published_time":"2025-11-24T09:15:00+00:00","og_image":[{"width":1920,"height":1280,"url":"https:\/\/dmcsrb.com\/wp-content\/uploads\/2026\/01\/thumbnail_DSC_9813.webp","type":"image\/jpeg"}],"author":"dmcsrbija.com@gmail.com","twitter_card":"summary_large_image","twitter_misc":{"Written by":"dmcsrbija.com@gmail.com","Estimated reading time":"3 minutes"},"schema":{"@context":"https:\/\/schema.org","@graph":[{"@type":"Article","@id":"https:\/\/dmcsrb.com\/drustvo\/kamp-koji-je-okupio-ljude-koji-dijele-iste-brige\/#article","isPartOf":{"@id":"https:\/\/dmcsrb.com\/drustvo\/kamp-koji-je-okupio-ljude-koji-dijele-iste-brige\/"},"author":{"name":"dmcsrbija.com@gmail.com","@id":"https:\/\/dmcsrb.com\/#\/schema\/person\/5c39170f12db1b8b457732d0b5c854e2"},"headline":"Kamp koji je okupio ljude koji dijele iste brige","datePublished":"2025-11-24T09:15:00+00:00","mainEntityOfPage":{"@id":"https:\/\/dmcsrb.com\/drustvo\/kamp-koji-je-okupio-ljude-koji-dijele-iste-brige\/"},"wordCount":559,"commentCount":0,"image":{"@id":"https:\/\/dmcsrb.com\/drustvo\/kamp-koji-je-okupio-ljude-koji-dijele-iste-brige\/#primaryimage"},"thumbnailUrl":"https:\/\/dmcsrb.com\/wp-content\/uploads\/2026\/01\/thumbnail_DSC_9813.webp","keywords":["Dijabetes","Kamp","Okupljanje"],"articleSection":["Dru\u0161tvo"],"inLanguage":"en-GB","potentialAction":[{"@type":"CommentAction","name":"Comment","target":["https:\/\/dmcsrb.com\/drustvo\/kamp-koji-je-okupio-ljude-koji-dijele-iste-brige\/#respond"]}]},{"@type":"WebPage","@id":"https:\/\/dmcsrb.com\/drustvo\/kamp-koji-je-okupio-ljude-koji-dijele-iste-brige\/","url":"https:\/\/dmcsrb.com\/drustvo\/kamp-koji-je-okupio-ljude-koji-dijele-iste-brige\/","name":"Kamp koji je okupio ljude koji dijele iste brige - dmcsrb.com","isPartOf":{"@id":"https:\/\/dmcsrb.com\/#website"},"primaryImageOfPage":{"@id":"https:\/\/dmcsrb.com\/drustvo\/kamp-koji-je-okupio-ljude-koji-dijele-iste-brige\/#primaryimage"},"image":{"@id":"https:\/\/dmcsrb.com\/drustvo\/kamp-koji-je-okupio-ljude-koji-dijele-iste-brige\/#primaryimage"},"thumbnailUrl":"https:\/\/dmcsrb.com\/wp-content\/uploads\/2026\/01\/thumbnail_DSC_9813.webp","datePublished":"2025-11-24T09:15:00+00:00","author":{"@id":"https:\/\/dmcsrb.com\/#\/schema\/person\/5c39170f12db1b8b457732d0b5c854e2"},"breadcrumb":{"@id":"https:\/\/dmcsrb.com\/drustvo\/kamp-koji-je-okupio-ljude-koji-dijele-iste-brige\/#breadcrumb"},"inLanguage":"en-GB","potentialAction":[{"@type":"ReadAction","target":["https:\/\/dmcsrb.com\/drustvo\/kamp-koji-je-okupio-ljude-koji-dijele-iste-brige\/"]}]},{"@type":"ImageObject","inLanguage":"en-GB","@id":"https:\/\/dmcsrb.com\/drustvo\/kamp-koji-je-okupio-ljude-koji-dijele-iste-brige\/#primaryimage","url":"https:\/\/dmcsrb.com\/wp-content\/uploads\/2026\/01\/thumbnail_DSC_9813.webp","contentUrl":"https:\/\/dmcsrb.com\/wp-content\/uploads\/2026\/01\/thumbnail_DSC_9813.webp","width":1920,"height":1280},{"@type":"BreadcrumbList","@id":"https:\/\/dmcsrb.com\/drustvo\/kamp-koji-je-okupio-ljude-koji-dijele-iste-brige\/#breadcrumb","itemListElement":[{"@type":"ListItem","position":1,"name":"Home","item":"https:\/\/dmcsrb.com\/"},{"@type":"ListItem","position":2,"name":"Kamp koji je okupio ljude koji dijele iste brige"}]},{"@type":"WebSite","@id":"https:\/\/dmcsrb.com\/#website","url":"https:\/\/dmcsrb.com\/","name":"dmcsrb.com","description":"","potentialAction":[{"@type":"SearchAction","target":{"@type":"EntryPoint","urlTemplate":"https:\/\/dmcsrb.com\/?s={search_term_string}"},"query-input":{"@type":"PropertyValueSpecification","valueRequired":true,"valueName":"search_term_string"}}],"inLanguage":"en-GB"},{"@type":"Person","@id":"https:\/\/dmcsrb.com\/#\/schema\/person\/5c39170f12db1b8b457732d0b5c854e2","name":"dmcsrbija.com@gmail.com","image":{"@type":"ImageObject","inLanguage":"en-GB","@id":"https:\/\/dmcsrb.com\/#\/schema\/person\/image\/","url":"https:\/\/secure.gravatar.com\/avatar\/68592660ad6347fad0fb587f8d5d8f1a7b44961362f56e4f2cd524feb87e9069?s=96&d=mm&r=g","contentUrl":"https:\/\/secure.gravatar.com\/avatar\/68592660ad6347fad0fb587f8d5d8f1a7b44961362f56e4f2cd524feb87e9069?s=96&d=mm&r=g","caption":"dmcsrbija.com@gmail.com"},"sameAs":["https:\/\/dmcsrb.com"],"url":"https:\/\/dmcsrb.com\/en\/author\/dmcsrbija-comgmail-com\/"}]}},"_links":{"self":[{"href":"https:\/\/dmcsrb.com\/en\/wp-json\/wp\/v2\/posts\/965341","targetHints":{"allow":["GET"]}}],"collection":[{"href":"https:\/\/dmcsrb.com\/en\/wp-json\/wp\/v2\/posts"}],"about":[{"href":"https:\/\/dmcsrb.com\/en\/wp-json\/wp\/v2\/types\/post"}],"author":[{"embeddable":true,"href":"https:\/\/dmcsrb.com\/en\/wp-json\/wp\/v2\/users\/1"}],"replies":[{"embeddable":true,"href":"https:\/\/dmcsrb.com\/en\/wp-json\/wp\/v2\/comments?post=965341"}],"version-history":[{"count":0,"href":"https:\/\/dmcsrb.com\/en\/wp-json\/wp\/v2\/posts\/965341\/revisions"}],"wp:featuredmedia":[{"embeddable":true,"href":"https:\/\/dmcsrb.com\/en\/wp-json\/wp\/v2\/media\/965342"}],"wp:attachment":[{"href":"https:\/\/dmcsrb.com\/en\/wp-json\/wp\/v2\/media?parent=965341"}],"wp:term":[{"taxonomy":"category","embeddable":true,"href":"https:\/\/dmcsrb.com\/en\/wp-json\/wp\/v2\/categories?post=965341"},{"taxonomy":"post_tag","embeddable":true,"href":"https:\/\/dmcsrb.com\/en\/wp-json\/wp\/v2\/tags?post=965341"},{"taxonomy":"naslovna","embeddable":true,"href":"https:\/\/dmcsrb.com\/en\/wp-json\/wp\/v2\/naslovna?post=965341"}],"curies":[{"name":"wp","href":"https:\/\/api.w.org\/{rel}","templated":true}]}}