{"id":965314,"date":"2025-11-24T09:23:00","date_gmt":"2025-11-24T08:23:00","guid":{"rendered":"https:\/\/dmcsrb.com\/uncategorized\/crnogorski-vinari-pod-pokroviteljstvom-privredne-komore-uspjesni-na-drugom-danu-sajma-u-beogradu\/"},"modified":"2025-11-24T09:23:00","modified_gmt":"2025-11-24T08:23:00","slug":"crnogorski-vinari-pod-pokroviteljstvom-privredne-komore-uspjesni-na-drugom-danu-sajma-u-beogradu","status":"publish","type":"post","link":"https:\/\/dmcsrb.com\/en\/drustvo\/crnogorski-vinari-pod-pokroviteljstvom-privredne-komore-uspjesni-na-drugom-danu-sajma-u-beogradu\/","title":{"rendered":"Crnogorski vinari pod pokroviteljstvom Privredne komore uspje\u0161ni na drugom danu sajma u Beogradu"},"content":{"rendered":"<p><\/p>\n\n\n\n<p>Potpredsjednik Privredne komore Crne Gore, Dragan Kujovi\u0107, osvrnuo se na izuzetno dobru posje\u0107enost i pozitivnu atmosferu na zajedni\u010dkom \u0161tandu crnogorskih vinara, isti\u010du\u0107i da ovakvi doga\u0111aji dodatno ja\u010daju poziciju Crne Gore na vinskoj mapi regiona i Evrope. &nbsp;\u201ePrivredna komora, kroz grupaciju vinara i druge vidove udru\u017eivanja, pru\u017ea punu podr\u0161ku njihovim nastojanjima da Crna Gora bude visoko pozicionirana na vinskoj mapi \u2014 \u0161to ona, u skladu sa kvalitetom svojih vina, zaista i zaslu\u017euje. Crnogorska vina danas se piju \u0161irom Evrope i svijeta, a ovakvi doga\u0111aji, poput sajma u Beogradu, izvanredna su prilika da dodatno oja\u010damo prepoznatljivost i odr\u017eimo kontinuitet prisustva na\u0161ih vina na me\u0111unarodnoj vinskoj sceni. Siguran sam da \u0107e na\u0161i vinari iskoristiti ove sajamske dane da kroz razne aktivnosti i B2B sastanke sklope nove poslovne aran\u017emane, oja\u010daju svoje biznise i spremno do\u010dekaju period koji je pred nama, posebno u kontekstu procesa pribli\u017eavanja Evropskoj uniji\u201d, poru\u010dio je on.<\/p>\n\n\n\n<p>Predstavnica kompanije 13. jul Planta\u017ee, Marija Go\u0161ovi\u0107, istakla je da je u\u010de\u0161\u0107e na ovom sajmu od izuzetnog zna\u010daja, kako za promociju kompanije, tako i za potvrdu visokog kvaliteta crnogorskih vina na me\u0111unarodnoj sceni. \u201eOvaj sajam je mnogo vi\u0161e od izlo\u017ebenog prostora \u2014 on je radna platforma na kojoj tokom nekoliko dana mo\u017eemo iskoristiti prisustvo velikog broja profesionalnih kupaca, somelijera, novinara i vinskih kriti\u010dara, i prenijeti jasnu poruku da Planta\u017ee i Crna Gora imaju vina koja stoj\u0435 uz rame velikim svjetskim etiketama.Brojne me\u0111unarodne nagrade iz Velike Britanije, Njema\u010dke, Kine i Gr\u010dke, njih ukupno 28 ove godine, potvr\u0111uju ono \u0161to znamo mi, ali i potro\u0161a\u010di \u0161irom svijeta \u2014 da se u Crnoj Gori proizvode vina izuzetnog kvaliteta\u201d, kazala je ona i podsjetila na izuzetan uspjeh koji obilje\u017eava ovu godinu, isti\u010du\u0107i da je rije\u010d o rezultatu na koji treba da bude ponosna cijela Crna Gora. Rije\u010d je o vrancu Pro Corde, koji je osvojio titulu najboljeg crvenog vina Balkana za 2025. godinu, uz zlatne medalje na svim me\u0111unarodnim takmi\u010denjima na kojima se predstavio<\/p>\n\n\n\n<p>Govore\u0107i o zna\u010daju zajedni\u010dkog nastupa na sajmu, Pa\u0161ko Dedvukaj, predstavnika vinarije Dedvukaj, naglasio je da je u\u010de\u0161\u0107e na ovakvim manifestacijama va\u017eno ne samo za promociju vina, ve\u0107 i za afirmaciju crnogorske privrede i doma\u0107e proizvodnje. \u201eOvo je lijepa prilika da promovi\u0161emo svoju dr\u017eavu, da poka\u017eemo da imamo svoj proizvod i da se i kod nas radi. Svi koji probaju na\u0161a vina odu\u0161evljeni su kvalitetom i karakterom. Iako smo nova vinarija i mnogi za nas jo\u0161 nijesu \u010duli, vjerujem da \u0107emo za nekoliko godina biti daleko prepoznatljiviji nego do sada\u201d, istakao je on.<\/p>\n\n\n\n<p>Predstavnik vinarije Bogojevi\u0107, Aleksandar Bogojevi\u0107, kazao je da u\u010de\u0161\u0107e na sajmu predstavlja zna\u010dajnu priliku za dodatno pribli\u017eavanje crnogorskih vina regionalnom tr\u017ei\u0161tu, isti\u010du\u0107i da je nastup organizovan uz podr\u0161ku Privredne komore Crne Gore. \u201cZa sada smo zadovoljni odzivom \u2013 posjetioci rado dolaze da probaju na\u0161a vina, a posebno me raduje \u0161to interesovanje izazivaju i specijalne etikete, poput na\u0161eg oran\u017e vina, koje je privuklo posebnu pa\u017enju gostiju. U narednim danima o\u010dekujemo i dolazak distributera, pa se nadamo da \u0107e ovaj sajam otvoriti i nove mogu\u0107nosti za plasman na\u0161ih vina na tr\u017ei\u0161tu Srbije\u201d, poru\u010dio je on.<\/p>\n\n\n\n<p>Predstavnik vinarije Kne\u017eevi\u0107, Simo Kne\u017eevi\u0107, istakao je da je nastup na sajmu Wine Vision prilika da se predstavi rad i ponuda vinarije, te da se posjetioci upoznaju sa njihovim vinima. \u201eOvo je na\u0161 prvi nastup na sajmu Wine Vision u Beogradu i \u017eelimo da se zahvalimo Privrednoj komori Crne Gore na podr\u0161ci. Na\u0161a vinarija se nalazi u blizini Skadarskog jezera, a godi\u0161nja proizvodnja iznosi oko 30.000 do 35.000 fla\u0161a. Cilj nam je da predstavimo vinariju, da posjetioci probaju na\u0161a vina i da saznaju vi\u0161e o tome \u0161to radimo. Upravo to je povod na\u0161eg u\u010de\u0161\u0107a\u201d, istakao je on.<\/p>\n\n\n\n<p>U\u010de\u0161\u0107e crnogorskih vinara na ovom presti\u017enom sajmu, uz organizacionu podr\u0161ku Privredne komore Crne Gore, jo\u0161 jednom je potvrdilo kvalitet doma\u0107ih vina, ja\u010danje prepoznatljivosti Crne Gore na me\u0111unarodnoj vinskoj sceni i kontinuirani napredak crnogorskog vinarstva.<\/p>\n\n\n\n<p>.<\/p>","protected":false},"excerpt":{"rendered":"<p>Privredna komora Crne Gore drugog dana presti\u017enog me\u0111unarodnog vinskog sajma \u201cVinska vizija\u201d u Beogradu, predstavila je crnogorske vinare na zajedni\u010dkom \u0161tandu koji je privukao izuzetnu pa\u017enju i veliki broj posjetilaca. Crnogorski proizvo\u0111a\u010di tom prilikom izlo\u017eili su najbolje iz svoje ponude, jo\u0161 jednom potvr\u0111uju\u0107i status Crne Gore kao zna\u010dajne vinske destinacije u regionalnim okvirima, saop\u0161teno je iz Privredne komore.<\/p>","protected":false},"author":1,"featured_media":965315,"comment_status":"open","ping_status":"open","sticky":false,"template":"","format":"standard","meta":{"_acf_changed":false,"footnotes":""},"categories":[2],"tags":[1121,14936,15314,602],"naslovna":[],"class_list":["post-965314","post","type-post","status-publish","format-standard","has-post-thumbnail","hentry","category-drustvo","tag-beograd","tag-crnogorski-vinari","tag-drugi-dan-sajma","tag-privredna-komora"],"acf":[],"yoast_head":"<!-- This site is optimized with the Yoast SEO plugin v27.4 - https:\/\/yoast.com\/product\/yoast-seo-wordpress\/ -->\n<title>Crnogorski vinari pod pokroviteljstvom Privredne komore uspje\u0161ni na drugom danu sajma u Beogradu - dmcsrb.com<\/title>\n<meta name=\"robots\" content=\"index, follow, max-snippet:-1, max-image-preview:large, max-video-preview:-1\" \/>\n<link rel=\"canonical\" href=\"https:\/\/dmcsrb.com\/en\/drustvo\/crnogorski-vinari-pod-pokroviteljstvom-privredne-komore-uspjesni-na-drugom-danu-sajma-u-beogradu\/\" \/>\n<meta property=\"og:locale\" content=\"en_GB\" \/>\n<meta property=\"og:type\" content=\"article\" \/>\n<meta property=\"og:title\" content=\"Crnogorski vinari pod pokroviteljstvom Privredne komore uspje\u0161ni na drugom danu sajma u Beogradu - dmcsrb.com\" \/>\n<meta property=\"og:description\" content=\"Privredna komora Crne Gore drugog dana presti\u017enog me\u0111unarodnog vinskog sajma \u201cVinska vizija\u201d u Beogradu, predstavila je crnogorske vinare na zajedni\u010dkom \u0161tandu koji je privukao izuzetnu pa\u017enju i veliki broj posjetilaca. Crnogorski proizvo\u0111a\u010di tom prilikom izlo\u017eili su najbolje iz svoje ponude, jo\u0161 jednom potvr\u0111uju\u0107i status Crne Gore kao zna\u010dajne vinske destinacije u regionalnim okvirima, saop\u0161teno je iz Privredne komore.\" \/>\n<meta property=\"og:url\" content=\"https:\/\/dmcsrb.com\/en\/drustvo\/crnogorski-vinari-pod-pokroviteljstvom-privredne-komore-uspjesni-na-drugom-danu-sajma-u-beogradu\/\" \/>\n<meta property=\"og:site_name\" content=\"dmcsrb.com\" \/>\n<meta property=\"article:published_time\" content=\"2025-11-24T08:23:00+00:00\" \/>\n<meta property=\"og:image\" content=\"https:\/\/dmcsrb.com\/wp-content\/uploads\/2026\/01\/wine-vision-9-scaled-1.webp\" \/>\n\t<meta property=\"og:image:width\" content=\"2560\" \/>\n\t<meta property=\"og:image:height\" content=\"1703\" \/>\n\t<meta property=\"og:image:type\" content=\"image\/jpeg\" \/>\n<meta name=\"author\" content=\"dmcsrbija.com@gmail.com\" \/>\n<meta name=\"twitter:card\" content=\"summary_large_image\" \/>\n<meta name=\"twitter:label1\" content=\"Written by\" \/>\n\t<meta name=\"twitter:data1\" content=\"dmcsrbija.com@gmail.com\" \/>\n\t<meta name=\"twitter:label2\" content=\"Estimated reading time\" \/>\n\t<meta name=\"twitter:data2\" content=\"4 minutes\" \/>\n<script type=\"application\/ld+json\" class=\"yoast-schema-graph\">{\"@context\":\"https:\\\/\\\/schema.org\",\"@graph\":[{\"@type\":\"Article\",\"@id\":\"https:\\\/\\\/dmcsrb.com\\\/drustvo\\\/crnogorski-vinari-pod-pokroviteljstvom-privredne-komore-uspjesni-na-drugom-danu-sajma-u-beogradu\\\/#article\",\"isPartOf\":{\"@id\":\"https:\\\/\\\/dmcsrb.com\\\/drustvo\\\/crnogorski-vinari-pod-pokroviteljstvom-privredne-komore-uspjesni-na-drugom-danu-sajma-u-beogradu\\\/\"},\"author\":{\"name\":\"dmcsrbija.com@gmail.com\",\"@id\":\"https:\\\/\\\/dmcsrb.com\\\/#\\\/schema\\\/person\\\/5c39170f12db1b8b457732d0b5c854e2\"},\"headline\":\"Crnogorski vinari pod pokroviteljstvom Privredne komore uspje\u0161ni na drugom danu sajma u Beogradu\",\"datePublished\":\"2025-11-24T08:23:00+00:00\",\"mainEntityOfPage\":{\"@id\":\"https:\\\/\\\/dmcsrb.com\\\/drustvo\\\/crnogorski-vinari-pod-pokroviteljstvom-privredne-komore-uspjesni-na-drugom-danu-sajma-u-beogradu\\\/\"},\"wordCount\":742,\"commentCount\":0,\"image\":{\"@id\":\"https:\\\/\\\/dmcsrb.com\\\/drustvo\\\/crnogorski-vinari-pod-pokroviteljstvom-privredne-komore-uspjesni-na-drugom-danu-sajma-u-beogradu\\\/#primaryimage\"},\"thumbnailUrl\":\"https:\\\/\\\/dmcsrb.com\\\/wp-content\\\/uploads\\\/2026\\\/01\\\/wine-vision-9-scaled-1.webp\",\"keywords\":[\"Beograd\",\"Crnogorski vinari\",\"Drugi dan sajma\",\"Privredna komora\"],\"articleSection\":[\"Dru\u0161tvo\"],\"inLanguage\":\"en-GB\",\"potentialAction\":[{\"@type\":\"CommentAction\",\"name\":\"Comment\",\"target\":[\"https:\\\/\\\/dmcsrb.com\\\/drustvo\\\/crnogorski-vinari-pod-pokroviteljstvom-privredne-komore-uspjesni-na-drugom-danu-sajma-u-beogradu\\\/#respond\"]}]},{\"@type\":\"WebPage\",\"@id\":\"https:\\\/\\\/dmcsrb.com\\\/drustvo\\\/crnogorski-vinari-pod-pokroviteljstvom-privredne-komore-uspjesni-na-drugom-danu-sajma-u-beogradu\\\/\",\"url\":\"https:\\\/\\\/dmcsrb.com\\\/drustvo\\\/crnogorski-vinari-pod-pokroviteljstvom-privredne-komore-uspjesni-na-drugom-danu-sajma-u-beogradu\\\/\",\"name\":\"Crnogorski vinari pod pokroviteljstvom Privredne komore uspje\u0161ni na drugom danu sajma u Beogradu - dmcsrb.com\",\"isPartOf\":{\"@id\":\"https:\\\/\\\/dmcsrb.com\\\/#website\"},\"primaryImageOfPage\":{\"@id\":\"https:\\\/\\\/dmcsrb.com\\\/drustvo\\\/crnogorski-vinari-pod-pokroviteljstvom-privredne-komore-uspjesni-na-drugom-danu-sajma-u-beogradu\\\/#primaryimage\"},\"image\":{\"@id\":\"https:\\\/\\\/dmcsrb.com\\\/drustvo\\\/crnogorski-vinari-pod-pokroviteljstvom-privredne-komore-uspjesni-na-drugom-danu-sajma-u-beogradu\\\/#primaryimage\"},\"thumbnailUrl\":\"https:\\\/\\\/dmcsrb.com\\\/wp-content\\\/uploads\\\/2026\\\/01\\\/wine-vision-9-scaled-1.webp\",\"datePublished\":\"2025-11-24T08:23:00+00:00\",\"author\":{\"@id\":\"https:\\\/\\\/dmcsrb.com\\\/#\\\/schema\\\/person\\\/5c39170f12db1b8b457732d0b5c854e2\"},\"breadcrumb\":{\"@id\":\"https:\\\/\\\/dmcsrb.com\\\/drustvo\\\/crnogorski-vinari-pod-pokroviteljstvom-privredne-komore-uspjesni-na-drugom-danu-sajma-u-beogradu\\\/#breadcrumb\"},\"inLanguage\":\"en-GB\",\"potentialAction\":[{\"@type\":\"ReadAction\",\"target\":[\"https:\\\/\\\/dmcsrb.com\\\/drustvo\\\/crnogorski-vinari-pod-pokroviteljstvom-privredne-komore-uspjesni-na-drugom-danu-sajma-u-beogradu\\\/\"]}]},{\"@type\":\"ImageObject\",\"inLanguage\":\"en-GB\",\"@id\":\"https:\\\/\\\/dmcsrb.com\\\/drustvo\\\/crnogorski-vinari-pod-pokroviteljstvom-privredne-komore-uspjesni-na-drugom-danu-sajma-u-beogradu\\\/#primaryimage\",\"url\":\"https:\\\/\\\/dmcsrb.com\\\/wp-content\\\/uploads\\\/2026\\\/01\\\/wine-vision-9-scaled-1.webp\",\"contentUrl\":\"https:\\\/\\\/dmcsrb.com\\\/wp-content\\\/uploads\\\/2026\\\/01\\\/wine-vision-9-scaled-1.webp\",\"width\":2560,\"height\":1703},{\"@type\":\"BreadcrumbList\",\"@id\":\"https:\\\/\\\/dmcsrb.com\\\/drustvo\\\/crnogorski-vinari-pod-pokroviteljstvom-privredne-komore-uspjesni-na-drugom-danu-sajma-u-beogradu\\\/#breadcrumb\",\"itemListElement\":[{\"@type\":\"ListItem\",\"position\":1,\"name\":\"Home\",\"item\":\"https:\\\/\\\/dmcsrb.com\\\/\"},{\"@type\":\"ListItem\",\"position\":2,\"name\":\"Crnogorski vinari pod pokroviteljstvom Privredne komore uspje\u0161ni na drugom danu sajma u Beogradu\"}]},{\"@type\":\"WebSite\",\"@id\":\"https:\\\/\\\/dmcsrb.com\\\/#website\",\"url\":\"https:\\\/\\\/dmcsrb.com\\\/\",\"name\":\"dmcsrb.com\",\"description\":\"\",\"potentialAction\":[{\"@type\":\"SearchAction\",\"target\":{\"@type\":\"EntryPoint\",\"urlTemplate\":\"https:\\\/\\\/dmcsrb.com\\\/?s={search_term_string}\"},\"query-input\":{\"@type\":\"PropertyValueSpecification\",\"valueRequired\":true,\"valueName\":\"search_term_string\"}}],\"inLanguage\":\"en-GB\"},{\"@type\":\"Person\",\"@id\":\"https:\\\/\\\/dmcsrb.com\\\/#\\\/schema\\\/person\\\/5c39170f12db1b8b457732d0b5c854e2\",\"name\":\"dmcsrbija.com@gmail.com\",\"image\":{\"@type\":\"ImageObject\",\"inLanguage\":\"en-GB\",\"@id\":\"https:\\\/\\\/secure.gravatar.com\\\/avatar\\\/68592660ad6347fad0fb587f8d5d8f1a7b44961362f56e4f2cd524feb87e9069?s=96&d=mm&r=g\",\"url\":\"https:\\\/\\\/secure.gravatar.com\\\/avatar\\\/68592660ad6347fad0fb587f8d5d8f1a7b44961362f56e4f2cd524feb87e9069?s=96&d=mm&r=g\",\"contentUrl\":\"https:\\\/\\\/secure.gravatar.com\\\/avatar\\\/68592660ad6347fad0fb587f8d5d8f1a7b44961362f56e4f2cd524feb87e9069?s=96&d=mm&r=g\",\"caption\":\"dmcsrbija.com@gmail.com\"},\"sameAs\":[\"https:\\\/\\\/dmcsrb.com\"],\"url\":\"https:\\\/\\\/dmcsrb.com\\\/en\\\/author\\\/dmcsrbija-comgmail-com\\\/\"}]}<\/script>\n<!-- \/ Yoast SEO plugin. -->","yoast_head_json":{"title":"Crnogorski vinari pod pokroviteljstvom Privredne komore uspje\u0161ni na drugom danu sajma u Beogradu - dmcsrb.com","robots":{"index":"index","follow":"follow","max-snippet":"max-snippet:-1","max-image-preview":"max-image-preview:large","max-video-preview":"max-video-preview:-1"},"canonical":"https:\/\/dmcsrb.com\/en\/drustvo\/crnogorski-vinari-pod-pokroviteljstvom-privredne-komore-uspjesni-na-drugom-danu-sajma-u-beogradu\/","og_locale":"en_GB","og_type":"article","og_title":"Crnogorski vinari pod pokroviteljstvom Privredne komore uspje\u0161ni na drugom danu sajma u Beogradu - dmcsrb.com","og_description":"Privredna komora Crne Gore drugog dana presti\u017enog me\u0111unarodnog vinskog sajma \u201cVinska vizija\u201d u Beogradu, predstavila je crnogorske vinare na zajedni\u010dkom \u0161tandu koji je privukao izuzetnu pa\u017enju i veliki broj posjetilaca. Crnogorski proizvo\u0111a\u010di tom prilikom izlo\u017eili su najbolje iz svoje ponude, jo\u0161 jednom potvr\u0111uju\u0107i status Crne Gore kao zna\u010dajne vinske destinacije u regionalnim okvirima, saop\u0161teno je iz Privredne komore.","og_url":"https:\/\/dmcsrb.com\/en\/drustvo\/crnogorski-vinari-pod-pokroviteljstvom-privredne-komore-uspjesni-na-drugom-danu-sajma-u-beogradu\/","og_site_name":"dmcsrb.com","article_published_time":"2025-11-24T08:23:00+00:00","og_image":[{"width":2560,"height":1703,"url":"https:\/\/dmcsrb.com\/wp-content\/uploads\/2026\/01\/wine-vision-9-scaled-1.webp","type":"image\/jpeg"}],"author":"dmcsrbija.com@gmail.com","twitter_card":"summary_large_image","twitter_misc":{"Written by":"dmcsrbija.com@gmail.com","Estimated reading time":"4 minutes"},"schema":{"@context":"https:\/\/schema.org","@graph":[{"@type":"Article","@id":"https:\/\/dmcsrb.com\/drustvo\/crnogorski-vinari-pod-pokroviteljstvom-privredne-komore-uspjesni-na-drugom-danu-sajma-u-beogradu\/#article","isPartOf":{"@id":"https:\/\/dmcsrb.com\/drustvo\/crnogorski-vinari-pod-pokroviteljstvom-privredne-komore-uspjesni-na-drugom-danu-sajma-u-beogradu\/"},"author":{"name":"dmcsrbija.com@gmail.com","@id":"https:\/\/dmcsrb.com\/#\/schema\/person\/5c39170f12db1b8b457732d0b5c854e2"},"headline":"Crnogorski vinari pod pokroviteljstvom Privredne komore uspje\u0161ni na drugom danu sajma u Beogradu","datePublished":"2025-11-24T08:23:00+00:00","mainEntityOfPage":{"@id":"https:\/\/dmcsrb.com\/drustvo\/crnogorski-vinari-pod-pokroviteljstvom-privredne-komore-uspjesni-na-drugom-danu-sajma-u-beogradu\/"},"wordCount":742,"commentCount":0,"image":{"@id":"https:\/\/dmcsrb.com\/drustvo\/crnogorski-vinari-pod-pokroviteljstvom-privredne-komore-uspjesni-na-drugom-danu-sajma-u-beogradu\/#primaryimage"},"thumbnailUrl":"https:\/\/dmcsrb.com\/wp-content\/uploads\/2026\/01\/wine-vision-9-scaled-1.webp","keywords":["Beograd","Crnogorski vinari","Drugi dan sajma","Privredna komora"],"articleSection":["Dru\u0161tvo"],"inLanguage":"en-GB","potentialAction":[{"@type":"CommentAction","name":"Comment","target":["https:\/\/dmcsrb.com\/drustvo\/crnogorski-vinari-pod-pokroviteljstvom-privredne-komore-uspjesni-na-drugom-danu-sajma-u-beogradu\/#respond"]}]},{"@type":"WebPage","@id":"https:\/\/dmcsrb.com\/drustvo\/crnogorski-vinari-pod-pokroviteljstvom-privredne-komore-uspjesni-na-drugom-danu-sajma-u-beogradu\/","url":"https:\/\/dmcsrb.com\/drustvo\/crnogorski-vinari-pod-pokroviteljstvom-privredne-komore-uspjesni-na-drugom-danu-sajma-u-beogradu\/","name":"Crnogorski vinari pod pokroviteljstvom Privredne komore uspje\u0161ni na drugom danu sajma u Beogradu - dmcsrb.com","isPartOf":{"@id":"https:\/\/dmcsrb.com\/#website"},"primaryImageOfPage":{"@id":"https:\/\/dmcsrb.com\/drustvo\/crnogorski-vinari-pod-pokroviteljstvom-privredne-komore-uspjesni-na-drugom-danu-sajma-u-beogradu\/#primaryimage"},"image":{"@id":"https:\/\/dmcsrb.com\/drustvo\/crnogorski-vinari-pod-pokroviteljstvom-privredne-komore-uspjesni-na-drugom-danu-sajma-u-beogradu\/#primaryimage"},"thumbnailUrl":"https:\/\/dmcsrb.com\/wp-content\/uploads\/2026\/01\/wine-vision-9-scaled-1.webp","datePublished":"2025-11-24T08:23:00+00:00","author":{"@id":"https:\/\/dmcsrb.com\/#\/schema\/person\/5c39170f12db1b8b457732d0b5c854e2"},"breadcrumb":{"@id":"https:\/\/dmcsrb.com\/drustvo\/crnogorski-vinari-pod-pokroviteljstvom-privredne-komore-uspjesni-na-drugom-danu-sajma-u-beogradu\/#breadcrumb"},"inLanguage":"en-GB","potentialAction":[{"@type":"ReadAction","target":["https:\/\/dmcsrb.com\/drustvo\/crnogorski-vinari-pod-pokroviteljstvom-privredne-komore-uspjesni-na-drugom-danu-sajma-u-beogradu\/"]}]},{"@type":"ImageObject","inLanguage":"en-GB","@id":"https:\/\/dmcsrb.com\/drustvo\/crnogorski-vinari-pod-pokroviteljstvom-privredne-komore-uspjesni-na-drugom-danu-sajma-u-beogradu\/#primaryimage","url":"https:\/\/dmcsrb.com\/wp-content\/uploads\/2026\/01\/wine-vision-9-scaled-1.webp","contentUrl":"https:\/\/dmcsrb.com\/wp-content\/uploads\/2026\/01\/wine-vision-9-scaled-1.webp","width":2560,"height":1703},{"@type":"BreadcrumbList","@id":"https:\/\/dmcsrb.com\/drustvo\/crnogorski-vinari-pod-pokroviteljstvom-privredne-komore-uspjesni-na-drugom-danu-sajma-u-beogradu\/#breadcrumb","itemListElement":[{"@type":"ListItem","position":1,"name":"Home","item":"https:\/\/dmcsrb.com\/"},{"@type":"ListItem","position":2,"name":"Crnogorski vinari pod pokroviteljstvom Privredne komore uspje\u0161ni na drugom danu sajma u Beogradu"}]},{"@type":"WebSite","@id":"https:\/\/dmcsrb.com\/#website","url":"https:\/\/dmcsrb.com\/","name":"dmcsrb.com","description":"","potentialAction":[{"@type":"SearchAction","target":{"@type":"EntryPoint","urlTemplate":"https:\/\/dmcsrb.com\/?s={search_term_string}"},"query-input":{"@type":"PropertyValueSpecification","valueRequired":true,"valueName":"search_term_string"}}],"inLanguage":"en-GB"},{"@type":"Person","@id":"https:\/\/dmcsrb.com\/#\/schema\/person\/5c39170f12db1b8b457732d0b5c854e2","name":"dmcsrbija.com@gmail.com","image":{"@type":"ImageObject","inLanguage":"en-GB","@id":"https:\/\/secure.gravatar.com\/avatar\/68592660ad6347fad0fb587f8d5d8f1a7b44961362f56e4f2cd524feb87e9069?s=96&d=mm&r=g","url":"https:\/\/secure.gravatar.com\/avatar\/68592660ad6347fad0fb587f8d5d8f1a7b44961362f56e4f2cd524feb87e9069?s=96&d=mm&r=g","contentUrl":"https:\/\/secure.gravatar.com\/avatar\/68592660ad6347fad0fb587f8d5d8f1a7b44961362f56e4f2cd524feb87e9069?s=96&d=mm&r=g","caption":"dmcsrbija.com@gmail.com"},"sameAs":["https:\/\/dmcsrb.com"],"url":"https:\/\/dmcsrb.com\/en\/author\/dmcsrbija-comgmail-com\/"}]}},"_links":{"self":[{"href":"https:\/\/dmcsrb.com\/en\/wp-json\/wp\/v2\/posts\/965314","targetHints":{"allow":["GET"]}}],"collection":[{"href":"https:\/\/dmcsrb.com\/en\/wp-json\/wp\/v2\/posts"}],"about":[{"href":"https:\/\/dmcsrb.com\/en\/wp-json\/wp\/v2\/types\/post"}],"author":[{"embeddable":true,"href":"https:\/\/dmcsrb.com\/en\/wp-json\/wp\/v2\/users\/1"}],"replies":[{"embeddable":true,"href":"https:\/\/dmcsrb.com\/en\/wp-json\/wp\/v2\/comments?post=965314"}],"version-history":[{"count":0,"href":"https:\/\/dmcsrb.com\/en\/wp-json\/wp\/v2\/posts\/965314\/revisions"}],"wp:featuredmedia":[{"embeddable":true,"href":"https:\/\/dmcsrb.com\/en\/wp-json\/wp\/v2\/media\/965315"}],"wp:attachment":[{"href":"https:\/\/dmcsrb.com\/en\/wp-json\/wp\/v2\/media?parent=965314"}],"wp:term":[{"taxonomy":"category","embeddable":true,"href":"https:\/\/dmcsrb.com\/en\/wp-json\/wp\/v2\/categories?post=965314"},{"taxonomy":"post_tag","embeddable":true,"href":"https:\/\/dmcsrb.com\/en\/wp-json\/wp\/v2\/tags?post=965314"},{"taxonomy":"naslovna","embeddable":true,"href":"https:\/\/dmcsrb.com\/en\/wp-json\/wp\/v2\/naslovna?post=965314"}],"curies":[{"name":"wp","href":"https:\/\/api.w.org\/{rel}","templated":true}]}}