{"id":965281,"date":"2025-11-23T21:35:00","date_gmt":"2025-11-23T20:35:00","guid":{"rendered":"https:\/\/dmcsrb.com\/uncategorized\/dodik-proglasio-pobjedu-karana\/"},"modified":"2025-11-23T21:35:00","modified_gmt":"2025-11-23T20:35:00","slug":"dodik-proglasio-pobjedu-karana","status":"publish","type":"post","link":"https:\/\/dmcsrb.com\/en\/region\/dodik-proglasio-pobjedu-karana\/","title":{"rendered":"Dodik proglasio pobjedu Karana\u00a0"},"content":{"rendered":"<p><\/p>\n\n\n\n<p>Dodik je sa Karanom i rukovodstvom SNSD iza\u0161ao pred medije, te mu je \u010destitao na pobjedi.<\/p>\n\n\n\n<p>&#8220;Na dana\u0161njim izborima pobijedio je nas kandidat za 9.984 glasa zasad. Hvala svima koju si omogu\u0107ili da ovaj dan bude korektan&#8221;, naveo je on.<\/p>\n\n\n\n<p>Dodik je kazao da bi na kraju razlika trebala da bude oko 12.000 glasova, te da je izlaznost bila svega 37 odsto.<\/p>\n\n\n\n<p>&#8220;Opozicija je uspjela da izvu\u010de sve svoje ljude na izbore, mi nismo zbog bunta gra\u0111ana,&nbsp; prije svega na\u0161ih ljudi&#8221;, kazao je Dodik.<\/p>\n\n\n\n<p>Istakao je da je ovaj izborni rezultat u stvari stabilizacija Republike Srpske zbog svega \u0161to se de\u0161avalo.<\/p>\n\n\n\n<p>On je \u010destitao i suprotnom taboru na ovim izborima.<\/p>\n\n\n\n<p>Ipak,\u00a0naglasio je da Darko Babalj iz SDS\u00a0poziva na druga\u010dije i da to nije dobro i moglo bi da se zavr\u0161i lo\u0161e.<\/p>\n\n\n\n<p>Naglasio je da je u\u010dinjeno sve da se destabilizuje situacija u Republici Srpskoj.<\/p>\n\n\n\n<p>Dodik je rekao da su oni koji su glasali za Karana ustvari glasali za spas Republike Srpske.<\/p>\n\n\n\n<p>Dodik je pozvao sve da se okrenu redovnim poslovima.<\/p>\n\n\n\n<p>Na pitanje kako je Republika Srpska dosla u situaciju da prije tri mjeseca ne\u0107e biti izbora do toga da su odr\u017eani, Milorad Dodik je podsjetio da je opozciji nu\u0111eno jedinstvo ali da su to odbili zbog uskih veza i krugova sa strancima te javne najave da \u0107e i\u0107i na izbore.<\/p>\n\n\n\n<p>&#8220;To nas je mo\u017eda ko\u0161talo jo\u0161 boljeg izbornog rezultata. A \u0161ta su sve poru\u010divali mi smo bili primorani na ovo. Mali izlazak ljudi je rezultat toga&#8221;, kazao je Dodik.<\/p>\n\n\n\n<p>Naglasio je da je pobjeda bila neupitna, odgovaraju\u0107i na pitanje da li je zabrinut da bi idu\u0107e godine moglo da bude te\u017ee na izborima.<\/p>\n\n\n\n<p>&#8220;Mo\u017eda sam razo\u010darao one koji su mislili da \u0107u izgubiti&#8221;, naveo je Dodik.<\/p>\n\n\n\n<p>Dodik je dodao da je Sini\u0161a Karan predsjednik Republike Srpske i da je njegova re\u010denica da \u0107e imati dva Dodika re\u010dena u politi\u010dkom smislu.<\/p>\n\n\n\n<p>&#8220;Sada imate ne dva, nego 217.000 Dodika i jo\u0161 150.000 koji nisu iza\u0161li&#8221;, zaklju\u010dio je Dodik i oti\u0161ao, prenose <strong>Nezavisne<\/strong>.<\/p>\n\n\n\n<p><\/p>","protected":false},"excerpt":{"rendered":"<p>Milorad Dodik, predsjednik SNSD, proglasio je pobjedu Sini\u0161e Karana, kandidata ove stranke za predsjednika Republike Srpske na prijevremenim izborima.<\/p>","protected":false},"author":1,"featured_media":965282,"comment_status":"open","ping_status":"open","sticky":false,"template":"","format":"standard","meta":{"_acf_changed":false,"footnotes":""},"categories":[103],"tags":[6776,15291,15292],"naslovna":[],"class_list":["post-965281","post","type-post","status-publish","format-standard","has-post-thumbnail","hentry","category-region","tag-dodik","tag-proglasena-pobjeda","tag-sinisa-karan"],"acf":[],"yoast_head":"<!-- This site is optimized with the Yoast SEO plugin v27.4 - https:\/\/yoast.com\/product\/yoast-seo-wordpress\/ -->\n<title>Dodik proglasio pobjedu Karana\u00a0 - dmcsrb.com<\/title>\n<meta name=\"robots\" content=\"index, follow, max-snippet:-1, max-image-preview:large, max-video-preview:-1\" \/>\n<link rel=\"canonical\" href=\"https:\/\/dmcsrb.com\/en\/region\/dodik-proglasio-pobjedu-karana\/\" \/>\n<meta property=\"og:locale\" content=\"en_GB\" \/>\n<meta property=\"og:type\" content=\"article\" \/>\n<meta property=\"og:title\" content=\"Dodik proglasio pobjedu Karana\u00a0 - dmcsrb.com\" \/>\n<meta property=\"og:description\" content=\"Milorad Dodik, predsjednik SNSD, proglasio je pobjedu Sini\u0161e Karana, kandidata ove stranke za predsjednika Republike Srpske na prijevremenim izborima.\" \/>\n<meta property=\"og:url\" content=\"https:\/\/dmcsrb.com\/en\/region\/dodik-proglasio-pobjedu-karana\/\" \/>\n<meta property=\"og:site_name\" content=\"dmcsrb.com\" \/>\n<meta property=\"article:published_time\" content=\"2025-11-23T20:35:00+00:00\" \/>\n<meta property=\"og:image\" content=\"https:\/\/dmcsrb.com\/wp-content\/uploads\/2026\/01\/Screenshot-2025-11-23-225038.webp\" \/>\n\t<meta property=\"og:image:width\" content=\"693\" \/>\n\t<meta property=\"og:image:height\" content=\"387\" \/>\n\t<meta property=\"og:image:type\" content=\"image\/png\" \/>\n<meta name=\"author\" content=\"dmcsrbija.com@gmail.com\" \/>\n<meta name=\"twitter:card\" content=\"summary_large_image\" \/>\n<meta name=\"twitter:label1\" content=\"Written by\" \/>\n\t<meta name=\"twitter:data1\" content=\"dmcsrbija.com@gmail.com\" \/>\n\t<meta name=\"twitter:label2\" content=\"Estimated reading time\" \/>\n\t<meta name=\"twitter:data2\" content=\"2 minutes\" \/>\n<script type=\"application\/ld+json\" class=\"yoast-schema-graph\">{\"@context\":\"https:\\\/\\\/schema.org\",\"@graph\":[{\"@type\":\"Article\",\"@id\":\"https:\\\/\\\/dmcsrb.com\\\/region\\\/dodik-proglasio-pobjedu-karana\\\/#article\",\"isPartOf\":{\"@id\":\"https:\\\/\\\/dmcsrb.com\\\/region\\\/dodik-proglasio-pobjedu-karana\\\/\"},\"author\":{\"name\":\"dmcsrbija.com@gmail.com\",\"@id\":\"https:\\\/\\\/dmcsrb.com\\\/#\\\/schema\\\/person\\\/5c39170f12db1b8b457732d0b5c854e2\"},\"headline\":\"Dodik proglasio pobjedu Karana\u00a0\",\"datePublished\":\"2025-11-23T20:35:00+00:00\",\"mainEntityOfPage\":{\"@id\":\"https:\\\/\\\/dmcsrb.com\\\/region\\\/dodik-proglasio-pobjedu-karana\\\/\"},\"wordCount\":362,\"commentCount\":0,\"image\":{\"@id\":\"https:\\\/\\\/dmcsrb.com\\\/region\\\/dodik-proglasio-pobjedu-karana\\\/#primaryimage\"},\"thumbnailUrl\":\"https:\\\/\\\/dmcsrb.com\\\/wp-content\\\/uploads\\\/2026\\\/01\\\/Screenshot-2025-11-23-225038.webp\",\"keywords\":[\"Dodik\",\"Progla\u0161ena pobjeda\",\"Sini\u0161a Karan\"],\"articleSection\":[\"Region\"],\"inLanguage\":\"en-GB\",\"potentialAction\":[{\"@type\":\"CommentAction\",\"name\":\"Comment\",\"target\":[\"https:\\\/\\\/dmcsrb.com\\\/region\\\/dodik-proglasio-pobjedu-karana\\\/#respond\"]}]},{\"@type\":\"WebPage\",\"@id\":\"https:\\\/\\\/dmcsrb.com\\\/region\\\/dodik-proglasio-pobjedu-karana\\\/\",\"url\":\"https:\\\/\\\/dmcsrb.com\\\/region\\\/dodik-proglasio-pobjedu-karana\\\/\",\"name\":\"Dodik proglasio pobjedu Karana\u00a0 - dmcsrb.com\",\"isPartOf\":{\"@id\":\"https:\\\/\\\/dmcsrb.com\\\/#website\"},\"primaryImageOfPage\":{\"@id\":\"https:\\\/\\\/dmcsrb.com\\\/region\\\/dodik-proglasio-pobjedu-karana\\\/#primaryimage\"},\"image\":{\"@id\":\"https:\\\/\\\/dmcsrb.com\\\/region\\\/dodik-proglasio-pobjedu-karana\\\/#primaryimage\"},\"thumbnailUrl\":\"https:\\\/\\\/dmcsrb.com\\\/wp-content\\\/uploads\\\/2026\\\/01\\\/Screenshot-2025-11-23-225038.webp\",\"datePublished\":\"2025-11-23T20:35:00+00:00\",\"author\":{\"@id\":\"https:\\\/\\\/dmcsrb.com\\\/#\\\/schema\\\/person\\\/5c39170f12db1b8b457732d0b5c854e2\"},\"breadcrumb\":{\"@id\":\"https:\\\/\\\/dmcsrb.com\\\/region\\\/dodik-proglasio-pobjedu-karana\\\/#breadcrumb\"},\"inLanguage\":\"en-GB\",\"potentialAction\":[{\"@type\":\"ReadAction\",\"target\":[\"https:\\\/\\\/dmcsrb.com\\\/region\\\/dodik-proglasio-pobjedu-karana\\\/\"]}]},{\"@type\":\"ImageObject\",\"inLanguage\":\"en-GB\",\"@id\":\"https:\\\/\\\/dmcsrb.com\\\/region\\\/dodik-proglasio-pobjedu-karana\\\/#primaryimage\",\"url\":\"https:\\\/\\\/dmcsrb.com\\\/wp-content\\\/uploads\\\/2026\\\/01\\\/Screenshot-2025-11-23-225038.webp\",\"contentUrl\":\"https:\\\/\\\/dmcsrb.com\\\/wp-content\\\/uploads\\\/2026\\\/01\\\/Screenshot-2025-11-23-225038.webp\",\"width\":693,\"height\":387},{\"@type\":\"BreadcrumbList\",\"@id\":\"https:\\\/\\\/dmcsrb.com\\\/region\\\/dodik-proglasio-pobjedu-karana\\\/#breadcrumb\",\"itemListElement\":[{\"@type\":\"ListItem\",\"position\":1,\"name\":\"Home\",\"item\":\"https:\\\/\\\/dmcsrb.com\\\/\"},{\"@type\":\"ListItem\",\"position\":2,\"name\":\"Dodik proglasio pobjedu Karana\u00a0\"}]},{\"@type\":\"WebSite\",\"@id\":\"https:\\\/\\\/dmcsrb.com\\\/#website\",\"url\":\"https:\\\/\\\/dmcsrb.com\\\/\",\"name\":\"dmcsrb.com\",\"description\":\"\",\"potentialAction\":[{\"@type\":\"SearchAction\",\"target\":{\"@type\":\"EntryPoint\",\"urlTemplate\":\"https:\\\/\\\/dmcsrb.com\\\/?s={search_term_string}\"},\"query-input\":{\"@type\":\"PropertyValueSpecification\",\"valueRequired\":true,\"valueName\":\"search_term_string\"}}],\"inLanguage\":\"en-GB\"},{\"@type\":\"Person\",\"@id\":\"https:\\\/\\\/dmcsrb.com\\\/#\\\/schema\\\/person\\\/5c39170f12db1b8b457732d0b5c854e2\",\"name\":\"dmcsrbija.com@gmail.com\",\"image\":{\"@type\":\"ImageObject\",\"inLanguage\":\"en-GB\",\"@id\":\"https:\\\/\\\/secure.gravatar.com\\\/avatar\\\/68592660ad6347fad0fb587f8d5d8f1a7b44961362f56e4f2cd524feb87e9069?s=96&d=mm&r=g\",\"url\":\"https:\\\/\\\/secure.gravatar.com\\\/avatar\\\/68592660ad6347fad0fb587f8d5d8f1a7b44961362f56e4f2cd524feb87e9069?s=96&d=mm&r=g\",\"contentUrl\":\"https:\\\/\\\/secure.gravatar.com\\\/avatar\\\/68592660ad6347fad0fb587f8d5d8f1a7b44961362f56e4f2cd524feb87e9069?s=96&d=mm&r=g\",\"caption\":\"dmcsrbija.com@gmail.com\"},\"sameAs\":[\"https:\\\/\\\/dmcsrb.com\"],\"url\":\"https:\\\/\\\/dmcsrb.com\\\/en\\\/author\\\/dmcsrbija-comgmail-com\\\/\"}]}<\/script>\n<!-- \/ Yoast SEO plugin. -->","yoast_head_json":{"title":"Dodik proglasio pobjedu Karana\u00a0 - dmcsrb.com","robots":{"index":"index","follow":"follow","max-snippet":"max-snippet:-1","max-image-preview":"max-image-preview:large","max-video-preview":"max-video-preview:-1"},"canonical":"https:\/\/dmcsrb.com\/en\/region\/dodik-proglasio-pobjedu-karana\/","og_locale":"en_GB","og_type":"article","og_title":"Dodik proglasio pobjedu Karana\u00a0 - dmcsrb.com","og_description":"Milorad Dodik, predsjednik SNSD, proglasio je pobjedu Sini\u0161e Karana, kandidata ove stranke za predsjednika Republike Srpske na prijevremenim izborima.","og_url":"https:\/\/dmcsrb.com\/en\/region\/dodik-proglasio-pobjedu-karana\/","og_site_name":"dmcsrb.com","article_published_time":"2025-11-23T20:35:00+00:00","og_image":[{"width":693,"height":387,"url":"https:\/\/dmcsrb.com\/wp-content\/uploads\/2026\/01\/Screenshot-2025-11-23-225038.webp","type":"image\/png"}],"author":"dmcsrbija.com@gmail.com","twitter_card":"summary_large_image","twitter_misc":{"Written by":"dmcsrbija.com@gmail.com","Estimated reading time":"2 minutes"},"schema":{"@context":"https:\/\/schema.org","@graph":[{"@type":"Article","@id":"https:\/\/dmcsrb.com\/region\/dodik-proglasio-pobjedu-karana\/#article","isPartOf":{"@id":"https:\/\/dmcsrb.com\/region\/dodik-proglasio-pobjedu-karana\/"},"author":{"name":"dmcsrbija.com@gmail.com","@id":"https:\/\/dmcsrb.com\/#\/schema\/person\/5c39170f12db1b8b457732d0b5c854e2"},"headline":"Dodik proglasio pobjedu Karana\u00a0","datePublished":"2025-11-23T20:35:00+00:00","mainEntityOfPage":{"@id":"https:\/\/dmcsrb.com\/region\/dodik-proglasio-pobjedu-karana\/"},"wordCount":362,"commentCount":0,"image":{"@id":"https:\/\/dmcsrb.com\/region\/dodik-proglasio-pobjedu-karana\/#primaryimage"},"thumbnailUrl":"https:\/\/dmcsrb.com\/wp-content\/uploads\/2026\/01\/Screenshot-2025-11-23-225038.webp","keywords":["Dodik","Progla\u0161ena pobjeda","Sini\u0161a Karan"],"articleSection":["Region"],"inLanguage":"en-GB","potentialAction":[{"@type":"CommentAction","name":"Comment","target":["https:\/\/dmcsrb.com\/region\/dodik-proglasio-pobjedu-karana\/#respond"]}]},{"@type":"WebPage","@id":"https:\/\/dmcsrb.com\/region\/dodik-proglasio-pobjedu-karana\/","url":"https:\/\/dmcsrb.com\/region\/dodik-proglasio-pobjedu-karana\/","name":"Dodik proglasio pobjedu Karana\u00a0 - dmcsrb.com","isPartOf":{"@id":"https:\/\/dmcsrb.com\/#website"},"primaryImageOfPage":{"@id":"https:\/\/dmcsrb.com\/region\/dodik-proglasio-pobjedu-karana\/#primaryimage"},"image":{"@id":"https:\/\/dmcsrb.com\/region\/dodik-proglasio-pobjedu-karana\/#primaryimage"},"thumbnailUrl":"https:\/\/dmcsrb.com\/wp-content\/uploads\/2026\/01\/Screenshot-2025-11-23-225038.webp","datePublished":"2025-11-23T20:35:00+00:00","author":{"@id":"https:\/\/dmcsrb.com\/#\/schema\/person\/5c39170f12db1b8b457732d0b5c854e2"},"breadcrumb":{"@id":"https:\/\/dmcsrb.com\/region\/dodik-proglasio-pobjedu-karana\/#breadcrumb"},"inLanguage":"en-GB","potentialAction":[{"@type":"ReadAction","target":["https:\/\/dmcsrb.com\/region\/dodik-proglasio-pobjedu-karana\/"]}]},{"@type":"ImageObject","inLanguage":"en-GB","@id":"https:\/\/dmcsrb.com\/region\/dodik-proglasio-pobjedu-karana\/#primaryimage","url":"https:\/\/dmcsrb.com\/wp-content\/uploads\/2026\/01\/Screenshot-2025-11-23-225038.webp","contentUrl":"https:\/\/dmcsrb.com\/wp-content\/uploads\/2026\/01\/Screenshot-2025-11-23-225038.webp","width":693,"height":387},{"@type":"BreadcrumbList","@id":"https:\/\/dmcsrb.com\/region\/dodik-proglasio-pobjedu-karana\/#breadcrumb","itemListElement":[{"@type":"ListItem","position":1,"name":"Home","item":"https:\/\/dmcsrb.com\/"},{"@type":"ListItem","position":2,"name":"Dodik proglasio pobjedu Karana\u00a0"}]},{"@type":"WebSite","@id":"https:\/\/dmcsrb.com\/#website","url":"https:\/\/dmcsrb.com\/","name":"dmcsrb.com","description":"","potentialAction":[{"@type":"SearchAction","target":{"@type":"EntryPoint","urlTemplate":"https:\/\/dmcsrb.com\/?s={search_term_string}"},"query-input":{"@type":"PropertyValueSpecification","valueRequired":true,"valueName":"search_term_string"}}],"inLanguage":"en-GB"},{"@type":"Person","@id":"https:\/\/dmcsrb.com\/#\/schema\/person\/5c39170f12db1b8b457732d0b5c854e2","name":"dmcsrbija.com@gmail.com","image":{"@type":"ImageObject","inLanguage":"en-GB","@id":"https:\/\/secure.gravatar.com\/avatar\/68592660ad6347fad0fb587f8d5d8f1a7b44961362f56e4f2cd524feb87e9069?s=96&d=mm&r=g","url":"https:\/\/secure.gravatar.com\/avatar\/68592660ad6347fad0fb587f8d5d8f1a7b44961362f56e4f2cd524feb87e9069?s=96&d=mm&r=g","contentUrl":"https:\/\/secure.gravatar.com\/avatar\/68592660ad6347fad0fb587f8d5d8f1a7b44961362f56e4f2cd524feb87e9069?s=96&d=mm&r=g","caption":"dmcsrbija.com@gmail.com"},"sameAs":["https:\/\/dmcsrb.com"],"url":"https:\/\/dmcsrb.com\/en\/author\/dmcsrbija-comgmail-com\/"}]}},"_links":{"self":[{"href":"https:\/\/dmcsrb.com\/en\/wp-json\/wp\/v2\/posts\/965281","targetHints":{"allow":["GET"]}}],"collection":[{"href":"https:\/\/dmcsrb.com\/en\/wp-json\/wp\/v2\/posts"}],"about":[{"href":"https:\/\/dmcsrb.com\/en\/wp-json\/wp\/v2\/types\/post"}],"author":[{"embeddable":true,"href":"https:\/\/dmcsrb.com\/en\/wp-json\/wp\/v2\/users\/1"}],"replies":[{"embeddable":true,"href":"https:\/\/dmcsrb.com\/en\/wp-json\/wp\/v2\/comments?post=965281"}],"version-history":[{"count":0,"href":"https:\/\/dmcsrb.com\/en\/wp-json\/wp\/v2\/posts\/965281\/revisions"}],"wp:featuredmedia":[{"embeddable":true,"href":"https:\/\/dmcsrb.com\/en\/wp-json\/wp\/v2\/media\/965282"}],"wp:attachment":[{"href":"https:\/\/dmcsrb.com\/en\/wp-json\/wp\/v2\/media?parent=965281"}],"wp:term":[{"taxonomy":"category","embeddable":true,"href":"https:\/\/dmcsrb.com\/en\/wp-json\/wp\/v2\/categories?post=965281"},{"taxonomy":"post_tag","embeddable":true,"href":"https:\/\/dmcsrb.com\/en\/wp-json\/wp\/v2\/tags?post=965281"},{"taxonomy":"naslovna","embeddable":true,"href":"https:\/\/dmcsrb.com\/en\/wp-json\/wp\/v2\/naslovna?post=965281"}],"curies":[{"name":"wp","href":"https:\/\/api.w.org\/{rel}","templated":true}]}}