{"id":965276,"date":"2025-11-24T06:29:00","date_gmt":"2025-11-24T05:29:00","guid":{"rendered":"https:\/\/dmcsrb.com\/uncategorized\/perazic-izbor-podgorice-za-evropsku-prijestonicu-mladih-donio-bi-sistemske-promjene-i-tri-godine-ulaganja-u-programe-i-ideje\/"},"modified":"2025-11-24T06:29:00","modified_gmt":"2025-11-24T05:29:00","slug":"perazic-izbor-podgorice-za-evropsku-prijestonicu-mladih-donio-bi-sistemske-promjene-i-tri-godine-ulaganja-u-programe-i-ideje","status":"publish","type":"post","link":"https:\/\/dmcsrb.com\/en\/podgorica\/perazic-izbor-podgorice-za-evropsku-prijestonicu-mladih-donio-bi-sistemske-promjene-i-tri-godine-ulaganja-u-programe-i-ideje\/","title":{"rendered":"Perazi\u0107: Izbor Podgorice za Evropsku prijestonicu mladih donio bi sistemske promjene i tri godine ulaganja u programe i ideje"},"content":{"rendered":"<p><\/p>\n\n\n\n<p><\/p>\n\n\n\n<p>Perazi\u0107 je istakao da bi titula Evropske prijestonice podigla status mladih u na\u0161em gradu.<\/p>\n\n\n\n<p>&#8220;To bi nam otvorilo nova vrata za finansiranje njihovih ideja i omogu\u0107ilo realizaciju \u010ditavog seta aktivnosti planiranih kroz na\u0161u EYC (European Youth Capital) aplikaciju &#8211; od participacije, preko mentalnog zdravlja, do preduzetni\u0161tva i infrastrukture za mlade. Su\u0161tinski, to bi donijelo sistemske promjene, ne samo program za jednu godinu&#8221;, navodi on.<\/p>\n\n\n\n<p>Perazi\u0107 smatra da Podgorica ima veliki potencijal da bude grad po mjeri mladih, ali, kako dodaje, potrebno je jo\u0161 dosta ulagati da bi taj potencijal postao stvarnost.<\/p>\n\n\n\n<p>&#8220;Mladi tra\u017ee vi\u0161e prostora, vi\u0161e programa, vi\u0161e mogu\u0107nosti da uti\u010du na odluke i vi\u0161e podr\u0161ke za mentalno zdravlje i preduzetni\u0161tvo. Zato smo kroz kandidaturu predlo\u017eili rje\u0161enja u \u010detiri klju\u010dna klastera: participacija, wellbeing, inovacije i odr\u017eivost. Veliki dio potrebnih promjena je ve\u0107 prepoznat u EYC programu &#8211; sada nam treba prilika da to i sprovedemo&#8221;, pojasnio je Perazi\u0107.<\/p>\n\n\n\n<p>Generalni sekretar crnogorske Mre\u017ee za mlade ka\u017ee da mladima moramo dati razlog da ostanu, \u0161to &#8211; kako ka\u017ee, zna\u010di stvarne prilike, ne obe\u0107anja. <\/p>\n\n\n\n<p>&#8220;Kroz na\u0161 EYC program jasno se vidi \u0161ta mladi \u017eele: kvalitetan prostor za \u017eivot, mogu\u0107nost da u\u010destvuju u dono\u0161enju odluka, podr\u0161ku za svoje ideje, bolje uslove za mentalno zdravlje i profesionalni razvoj. Ako im pru\u017eimo \u0161ansu da napreduju ovdje, da osjete da se njihov rad cijeni i da grad ula\u017ee u njih, zna\u010dajan dio mladih \u0107e ostati&#8221;, istakao je Perazi\u0107.<\/p>\n\n\n\n<p>On je naveo da je situacija sli\u010dna u ve\u0107ini crnogorskih op\u0161tina, odnsono da mladi \u017eele vi\u0161e prostora, vi\u0161e kvalitetnih prilika, vi\u0161e podr\u0161ke i jasnije politike prema mladima.<\/p>\n\n\n\n<p>&#8220;Zato veliki broj mladih iz drugih op\u0161tina dolazi u Podgoricu na \u0161kolovanje ili rad. Glavni grad ima realnu mo\u0107 da bude motor razvoja omladinske politike u cijeloj dr\u017eavi. Upravo zato je va\u017eno da kandidatura Podgorice bude uspje\u0161na \u2014 jer bi donijela koristi i mladima van glavnog grada&#8221;, pojasnio je Perazi\u0107.<\/p>\n\n\n\n<p>Kada su u pitanju utisci nakon prezentacije podgori\u010dkog tima u Briselu, on isti\u010de da su svi u timu predvo\u0111eni gradona\u010delnikom Sa\u0161om Mujovi\u0107em i predsjednicom SO Podgorica Jelenom Borovini\u0107 Bojovi\u0107 izuzetno zadovoljni.<\/p>\n\n\n\n<figure class=\"wp-block-image size-full\"><img decoding=\"async\" src=\"https:\/\/gradski.me\/wp-content\/uploads\/2025\/11\/1000051960-1.jpg\" alt=\"\" class=\"wp-image-876641\"\/><figcaption class=\"wp-element-caption\">foto: Glavni grad Podgorica<\/figcaption><\/figure>\n\n\n\n<p> &#8220;Prezentacija je protekla u odli\u010dnoj atmosferi i utisak je da je \u017eiri bio vrlo otvoren, zainteresovan i podr\u017eavaju\u0107i. Ve\u0107 samim prolaskom kroz sva tri kruga selekcije pokazali smo da je Podgorica ozbiljan kandidat. Sada \u010dekamo odluku \u017eirija 5. decembra i optimisti\u010dno vjerujemo u pozitivan ishod&#8221;, dodaje Perazi\u0107. <\/p>\n\n\n\n<h3 class=\"wp-block-heading\"><strong>Podgorica ispunjava sve jasno definisane kriterijume <\/strong><\/h3>\n\n\n\n<p>Perazi\u0107 nam je naveo koji su kriterijumi i obaveze koje Podgorica mora ispuniti kako bi dobila tu titulu, te ka\u017ee da su oni jasno definisani od strane European Youth Foruma.<\/p>\n\n\n\n<p>&#8220;Potrebne kriterijume \u010dine:  sna\u017ena participacija mladih, odr\u017eiv i realan plan bud\u017eeta, jasne aktivnosti i ciljevi, uklju\u010denost svih zajednica, institucionalna stabilnost i partnerstva i vidljiva posve\u0107enost grada i dr\u017eave. Podgorica ispunjava sve te elemente i kandidatura to jasno pokazuje&#8221;, pojasnio je on.<\/p>\n\n\n\n<h3 class=\"wp-block-heading\"><strong>Mladi u Crnoj Gori pokazali da su spremni da mijenjaju stvari na bolje<\/strong><\/h3>\n\n\n\n<p>Kada je u pitanju organizacija \u010diji je generalni sekretar, Mre\u017ea za mlade Crne Gore, on navodi da oni danas okupljaju 41 omladinsku organizaciju iz cijele zemlje.<\/p>\n\n\n\n<p>&#8220;Radimo na razvoju omladinskih politika, ja\u010danju kapaciteta organizacija, zagovaranju prema institucijama i uklju\u010divanju mladih u procese dono\u0161enja odluka. Upravo smo sa Gradom i mnogim NVO partnerima radili i na ovom EYC procesu \u2014 od konsultacija sa hiljadama mladih do kreiranja rje\u0161enja koja \u0107e odgovarati njihovim potrebama. Mre\u017ea za mlade Crne Gore trenutno okuplja 41 organizaciju \u2013 omladinske organizacije i organizacije za mlade iz svih krajeva Crne Gore&#8221;, isti\u010de Perazi\u0107.<\/p>\n\n\n\n<p>Tako\u0111e, on smatra da mladi u Crnoj Gori su apsolutno pokazali da su spremni da mijenjaju stvari na bolje.<\/p>\n\n\n\n<p>&#8220;To su pokazale i sve inicijative koje su mladi podnijeli tokom procesa kandidature, kao i veliki odziv u konsultacijama. Mladi \u017eele da se pitaju, \u017eele da oblikuju zajednicu, \u017eele da u\u010destvuju. Samo je potrebno da im sistem to omogu\u0107i&#8221;, naveo je Perazi\u0107.<\/p>\n\n\n\n<p>Kako je naveo, mladi u Podgorici u dono\u0161enju klju\u010dnih odluka u\u010destvuju kroz vi\u0161e mehanizama, a to su: <\/p>\n\n\n\n<p>\u2013 Savjet mladih Glavnog grada, koji \u0107e biti ponovo formiran<br>\u2013 Odbor za omladinsku politiku i mlade u Skup\u0161tini Glavnog grada<br>\u2013 U\u010de\u0161\u0107e mladih u lokalnim javnim raspravama i konsultacijama<br>\u2013 U\u010de\u0161\u0107e u radnim grupama i projektima<\/p>\n\n\n\n<p>&#8220;Ali, to nije dovoljno, zato kroz EYC program uvodimo strukture gdje mladi ne samo u\u010destvuju, ve\u0107 upravljaju \u2013 50\/50 u Izvr\u0161nom odboru i 2\/3 u Upravnom odboru&#8221;, dodaje Perazi\u0107.<\/p>\n\n\n\n<p>On je kazao da je u Podgorici je potrebno vi\u0161e kvalitetnih prostora za mlade u svim djelovima grada, bolja podr\u0161ka mentalnom zdravlju, podr\u0161ka mladima da razvijaju svoje ideje i biznise, pristupa\u010dniji kulturni, sportski i edukativni sadr\u017eaji kao i ve\u0107e uklju\u010divanje u procese odlu\u010divanja. <\/p>\n\n\n\n<p>&#8220;To su prioriteti koje smo ugradili u na\u0161u EYC strategiju i koje \u0107emo sprovoditi bez obzira na to da li \u0107emo postati Evropska prestonica mladih&#8221;, zaklju\u010duje Perazi\u0107.<\/p>\n\n\n\n<p><strong><em>M. Nikoli\u0107<\/em><\/strong><\/p>","protected":false},"excerpt":{"rendered":"<p>Izbor Podgorice za Evropsku prijestonicu mladih 2028. godine bi bio ogromna prekretnica. To zna\u010di tri godine intenzivnog ulaganja u mlade i jednu godinu u kojoj bi se \u010ditav grad transformisao programima, prostorima i prilikama koje su mladi sami definisali, to bi donijelo sistemske promjene, ne samo program za jednu godinu. To je za Portal RTV Podgorica saop\u0161tio generalni sekretar Mre\u017ee za mlade Crne Gore, Vladimir Perazi\u0107.<\/p>","protected":false},"author":1,"featured_media":909969,"comment_status":"open","ping_status":"open","sticky":false,"template":"","format":"standard","meta":{"_acf_changed":false,"footnotes":""},"categories":[56],"tags":[15289,15290,31,208,1273],"naslovna":[],"class_list":["post-965276","post","type-post","status-publish","format-standard","has-post-thumbnail","hentry","category-podgorica","tag-eyc","tag-mreza-za-mlade-crne-gore","tag-podgorica","tag-podgorica-evropska-prijestonica-mladih-2028","tag-vladimir-perazic"],"acf":[],"yoast_head":"<!-- This site is optimized with the Yoast SEO plugin v27.4 - https:\/\/yoast.com\/product\/yoast-seo-wordpress\/ -->\n<title>Perazi\u0107: Izbor Podgorice za Evropsku prijestonicu mladih donio bi sistemske promjene i tri godine ulaganja u programe i ideje - dmcsrb.com<\/title>\n<meta name=\"robots\" content=\"index, follow, max-snippet:-1, max-image-preview:large, max-video-preview:-1\" \/>\n<link rel=\"canonical\" href=\"https:\/\/dmcsrb.com\/en\/podgorica\/perazic-izbor-podgorice-za-evropsku-prijestonicu-mladih-donio-bi-sistemske-promjene-i-tri-godine-ulaganja-u-programe-i-ideje\/\" \/>\n<meta property=\"og:locale\" content=\"en_GB\" \/>\n<meta property=\"og:type\" content=\"article\" \/>\n<meta property=\"og:title\" content=\"Perazi\u0107: Izbor Podgorice za Evropsku prijestonicu mladih donio bi sistemske promjene i tri godine ulaganja u programe i ideje - dmcsrb.com\" \/>\n<meta property=\"og:description\" content=\"Izbor Podgorice za Evropsku prijestonicu mladih 2028. godine bi bio ogromna prekretnica. To zna\u010di tri godine intenzivnog ulaganja u mlade i jednu godinu u kojoj bi se \u010ditav grad transformisao programima, prostorima i prilikama koje su mladi sami definisali, to bi donijelo sistemske promjene, ne samo program za jednu godinu. To je za Portal RTV Podgorica saop\u0161tio generalni sekretar Mre\u017ee za mlade Crne Gore, Vladimir Perazi\u0107.\" \/>\n<meta property=\"og:url\" content=\"https:\/\/dmcsrb.com\/en\/podgorica\/perazic-izbor-podgorice-za-evropsku-prijestonicu-mladih-donio-bi-sistemske-promjene-i-tri-godine-ulaganja-u-programe-i-ideje\/\" \/>\n<meta property=\"og:site_name\" content=\"dmcsrb.com\" \/>\n<meta property=\"article:published_time\" content=\"2025-11-24T05:29:00+00:00\" \/>\n<meta property=\"og:image\" content=\"https:\/\/dmcsrb.com\/wp-content\/uploads\/2026\/01\/vladmiri-1024x514.jpg.jpeg\" \/>\n\t<meta property=\"og:image:width\" content=\"1024\" \/>\n\t<meta property=\"og:image:height\" content=\"514\" \/>\n\t<meta property=\"og:image:type\" content=\"image\/jpeg\" \/>\n<meta name=\"author\" content=\"dmcsrbija.com@gmail.com\" \/>\n<meta name=\"twitter:card\" content=\"summary_large_image\" \/>\n<meta name=\"twitter:label1\" content=\"Written by\" \/>\n\t<meta name=\"twitter:data1\" content=\"dmcsrbija.com@gmail.com\" \/>\n\t<meta name=\"twitter:label2\" content=\"Estimated reading time\" \/>\n\t<meta name=\"twitter:data2\" content=\"4 minutes\" \/>\n<script type=\"application\/ld+json\" class=\"yoast-schema-graph\">{\"@context\":\"https:\\\/\\\/schema.org\",\"@graph\":[{\"@type\":\"Article\",\"@id\":\"https:\\\/\\\/dmcsrb.com\\\/en\\\/podgorica\\\/perazic-izbor-podgorice-za-evropsku-prijestonicu-mladih-donio-bi-sistemske-promjene-i-tri-godine-ulaganja-u-programe-i-ideje\\\/#article\",\"isPartOf\":{\"@id\":\"https:\\\/\\\/dmcsrb.com\\\/en\\\/podgorica\\\/perazic-izbor-podgorice-za-evropsku-prijestonicu-mladih-donio-bi-sistemske-promjene-i-tri-godine-ulaganja-u-programe-i-ideje\\\/\"},\"author\":{\"name\":\"dmcsrbija.com@gmail.com\",\"@id\":\"https:\\\/\\\/dmcsrb.com\\\/#\\\/schema\\\/person\\\/5c39170f12db1b8b457732d0b5c854e2\"},\"headline\":\"Perazi\u0107: Izbor Podgorice za Evropsku prijestonicu mladih donio bi sistemske promjene i tri godine ulaganja u programe i ideje\",\"datePublished\":\"2025-11-24T05:29:00+00:00\",\"mainEntityOfPage\":{\"@id\":\"https:\\\/\\\/dmcsrb.com\\\/en\\\/podgorica\\\/perazic-izbor-podgorice-za-evropsku-prijestonicu-mladih-donio-bi-sistemske-promjene-i-tri-godine-ulaganja-u-programe-i-ideje\\\/\"},\"wordCount\":886,\"commentCount\":0,\"image\":{\"@id\":\"https:\\\/\\\/dmcsrb.com\\\/en\\\/podgorica\\\/perazic-izbor-podgorice-za-evropsku-prijestonicu-mladih-donio-bi-sistemske-promjene-i-tri-godine-ulaganja-u-programe-i-ideje\\\/#primaryimage\"},\"thumbnailUrl\":\"https:\\\/\\\/dmcsrb.com\\\/wp-content\\\/uploads\\\/2026\\\/01\\\/vladmiri-1024x514.jpg.jpeg\",\"keywords\":[\"EYC\",\"Mre\u017ea za mlade Crne Gore\",\"Podgorica\",\"Podgorica evropska prijestonica mladih 2028\",\"Vladimir Perazi\u0107\"],\"articleSection\":[\"Podgorica\"],\"inLanguage\":\"en-GB\",\"potentialAction\":[{\"@type\":\"CommentAction\",\"name\":\"Comment\",\"target\":[\"https:\\\/\\\/dmcsrb.com\\\/en\\\/podgorica\\\/perazic-izbor-podgorice-za-evropsku-prijestonicu-mladih-donio-bi-sistemske-promjene-i-tri-godine-ulaganja-u-programe-i-ideje\\\/#respond\"]}]},{\"@type\":\"WebPage\",\"@id\":\"https:\\\/\\\/dmcsrb.com\\\/en\\\/podgorica\\\/perazic-izbor-podgorice-za-evropsku-prijestonicu-mladih-donio-bi-sistemske-promjene-i-tri-godine-ulaganja-u-programe-i-ideje\\\/\",\"url\":\"https:\\\/\\\/dmcsrb.com\\\/en\\\/podgorica\\\/perazic-izbor-podgorice-za-evropsku-prijestonicu-mladih-donio-bi-sistemske-promjene-i-tri-godine-ulaganja-u-programe-i-ideje\\\/\",\"name\":\"Perazi\u0107: Izbor Podgorice za Evropsku prijestonicu mladih donio bi sistemske promjene i tri godine ulaganja u programe i ideje - dmcsrb.com\",\"isPartOf\":{\"@id\":\"https:\\\/\\\/dmcsrb.com\\\/#website\"},\"primaryImageOfPage\":{\"@id\":\"https:\\\/\\\/dmcsrb.com\\\/en\\\/podgorica\\\/perazic-izbor-podgorice-za-evropsku-prijestonicu-mladih-donio-bi-sistemske-promjene-i-tri-godine-ulaganja-u-programe-i-ideje\\\/#primaryimage\"},\"image\":{\"@id\":\"https:\\\/\\\/dmcsrb.com\\\/en\\\/podgorica\\\/perazic-izbor-podgorice-za-evropsku-prijestonicu-mladih-donio-bi-sistemske-promjene-i-tri-godine-ulaganja-u-programe-i-ideje\\\/#primaryimage\"},\"thumbnailUrl\":\"https:\\\/\\\/dmcsrb.com\\\/wp-content\\\/uploads\\\/2026\\\/01\\\/vladmiri-1024x514.jpg.jpeg\",\"datePublished\":\"2025-11-24T05:29:00+00:00\",\"author\":{\"@id\":\"https:\\\/\\\/dmcsrb.com\\\/#\\\/schema\\\/person\\\/5c39170f12db1b8b457732d0b5c854e2\"},\"breadcrumb\":{\"@id\":\"https:\\\/\\\/dmcsrb.com\\\/en\\\/podgorica\\\/perazic-izbor-podgorice-za-evropsku-prijestonicu-mladih-donio-bi-sistemske-promjene-i-tri-godine-ulaganja-u-programe-i-ideje\\\/#breadcrumb\"},\"inLanguage\":\"en-GB\",\"potentialAction\":[{\"@type\":\"ReadAction\",\"target\":[\"https:\\\/\\\/dmcsrb.com\\\/en\\\/podgorica\\\/perazic-izbor-podgorice-za-evropsku-prijestonicu-mladih-donio-bi-sistemske-promjene-i-tri-godine-ulaganja-u-programe-i-ideje\\\/\"]}]},{\"@type\":\"ImageObject\",\"inLanguage\":\"en-GB\",\"@id\":\"https:\\\/\\\/dmcsrb.com\\\/en\\\/podgorica\\\/perazic-izbor-podgorice-za-evropsku-prijestonicu-mladih-donio-bi-sistemske-promjene-i-tri-godine-ulaganja-u-programe-i-ideje\\\/#primaryimage\",\"url\":\"https:\\\/\\\/dmcsrb.com\\\/wp-content\\\/uploads\\\/2026\\\/01\\\/vladmiri-1024x514.jpg.jpeg\",\"contentUrl\":\"https:\\\/\\\/dmcsrb.com\\\/wp-content\\\/uploads\\\/2026\\\/01\\\/vladmiri-1024x514.jpg.jpeg\",\"width\":1024,\"height\":514},{\"@type\":\"BreadcrumbList\",\"@id\":\"https:\\\/\\\/dmcsrb.com\\\/en\\\/podgorica\\\/perazic-izbor-podgorice-za-evropsku-prijestonicu-mladih-donio-bi-sistemske-promjene-i-tri-godine-ulaganja-u-programe-i-ideje\\\/#breadcrumb\",\"itemListElement\":[{\"@type\":\"ListItem\",\"position\":1,\"name\":\"Home\",\"item\":\"https:\\\/\\\/dmcsrb.com\\\/\"},{\"@type\":\"ListItem\",\"position\":2,\"name\":\"Perazi\u0107: Izbor Podgorice za Evropsku prijestonicu mladih donio bi sistemske promjene i tri godine ulaganja u programe i ideje\"}]},{\"@type\":\"WebSite\",\"@id\":\"https:\\\/\\\/dmcsrb.com\\\/#website\",\"url\":\"https:\\\/\\\/dmcsrb.com\\\/\",\"name\":\"dmcsrb.com\",\"description\":\"\",\"potentialAction\":[{\"@type\":\"SearchAction\",\"target\":{\"@type\":\"EntryPoint\",\"urlTemplate\":\"https:\\\/\\\/dmcsrb.com\\\/?s={search_term_string}\"},\"query-input\":{\"@type\":\"PropertyValueSpecification\",\"valueRequired\":true,\"valueName\":\"search_term_string\"}}],\"inLanguage\":\"en-GB\"},{\"@type\":\"Person\",\"@id\":\"https:\\\/\\\/dmcsrb.com\\\/#\\\/schema\\\/person\\\/5c39170f12db1b8b457732d0b5c854e2\",\"name\":\"dmcsrbija.com@gmail.com\",\"image\":{\"@type\":\"ImageObject\",\"inLanguage\":\"en-GB\",\"@id\":\"https:\\\/\\\/secure.gravatar.com\\\/avatar\\\/68592660ad6347fad0fb587f8d5d8f1a7b44961362f56e4f2cd524feb87e9069?s=96&d=mm&r=g\",\"url\":\"https:\\\/\\\/secure.gravatar.com\\\/avatar\\\/68592660ad6347fad0fb587f8d5d8f1a7b44961362f56e4f2cd524feb87e9069?s=96&d=mm&r=g\",\"contentUrl\":\"https:\\\/\\\/secure.gravatar.com\\\/avatar\\\/68592660ad6347fad0fb587f8d5d8f1a7b44961362f56e4f2cd524feb87e9069?s=96&d=mm&r=g\",\"caption\":\"dmcsrbija.com@gmail.com\"},\"sameAs\":[\"https:\\\/\\\/dmcsrb.com\"],\"url\":\"https:\\\/\\\/dmcsrb.com\\\/en\\\/author\\\/dmcsrbija-comgmail-com\\\/\"}]}<\/script>\n<!-- \/ Yoast SEO plugin. -->","yoast_head_json":{"title":"Perazi\u0107: Izbor Podgorice za Evropsku prijestonicu mladih donio bi sistemske promjene i tri godine ulaganja u programe i ideje - dmcsrb.com","robots":{"index":"index","follow":"follow","max-snippet":"max-snippet:-1","max-image-preview":"max-image-preview:large","max-video-preview":"max-video-preview:-1"},"canonical":"https:\/\/dmcsrb.com\/en\/podgorica\/perazic-izbor-podgorice-za-evropsku-prijestonicu-mladih-donio-bi-sistemske-promjene-i-tri-godine-ulaganja-u-programe-i-ideje\/","og_locale":"en_GB","og_type":"article","og_title":"Perazi\u0107: Izbor Podgorice za Evropsku prijestonicu mladih donio bi sistemske promjene i tri godine ulaganja u programe i ideje - dmcsrb.com","og_description":"Izbor Podgorice za Evropsku prijestonicu mladih 2028. godine bi bio ogromna prekretnica. To zna\u010di tri godine intenzivnog ulaganja u mlade i jednu godinu u kojoj bi se \u010ditav grad transformisao programima, prostorima i prilikama koje su mladi sami definisali, to bi donijelo sistemske promjene, ne samo program za jednu godinu. To je za Portal RTV Podgorica saop\u0161tio generalni sekretar Mre\u017ee za mlade Crne Gore, Vladimir Perazi\u0107.","og_url":"https:\/\/dmcsrb.com\/en\/podgorica\/perazic-izbor-podgorice-za-evropsku-prijestonicu-mladih-donio-bi-sistemske-promjene-i-tri-godine-ulaganja-u-programe-i-ideje\/","og_site_name":"dmcsrb.com","article_published_time":"2025-11-24T05:29:00+00:00","og_image":[{"width":1024,"height":514,"url":"https:\/\/dmcsrb.com\/wp-content\/uploads\/2026\/01\/vladmiri-1024x514.jpg.jpeg","type":"image\/jpeg"}],"author":"dmcsrbija.com@gmail.com","twitter_card":"summary_large_image","twitter_misc":{"Written by":"dmcsrbija.com@gmail.com","Estimated reading time":"4 minutes"},"schema":{"@context":"https:\/\/schema.org","@graph":[{"@type":"Article","@id":"https:\/\/dmcsrb.com\/en\/podgorica\/perazic-izbor-podgorice-za-evropsku-prijestonicu-mladih-donio-bi-sistemske-promjene-i-tri-godine-ulaganja-u-programe-i-ideje\/#article","isPartOf":{"@id":"https:\/\/dmcsrb.com\/en\/podgorica\/perazic-izbor-podgorice-za-evropsku-prijestonicu-mladih-donio-bi-sistemske-promjene-i-tri-godine-ulaganja-u-programe-i-ideje\/"},"author":{"name":"dmcsrbija.com@gmail.com","@id":"https:\/\/dmcsrb.com\/#\/schema\/person\/5c39170f12db1b8b457732d0b5c854e2"},"headline":"Perazi\u0107: Izbor Podgorice za Evropsku prijestonicu mladih donio bi sistemske promjene i tri godine ulaganja u programe i ideje","datePublished":"2025-11-24T05:29:00+00:00","mainEntityOfPage":{"@id":"https:\/\/dmcsrb.com\/en\/podgorica\/perazic-izbor-podgorice-za-evropsku-prijestonicu-mladih-donio-bi-sistemske-promjene-i-tri-godine-ulaganja-u-programe-i-ideje\/"},"wordCount":886,"commentCount":0,"image":{"@id":"https:\/\/dmcsrb.com\/en\/podgorica\/perazic-izbor-podgorice-za-evropsku-prijestonicu-mladih-donio-bi-sistemske-promjene-i-tri-godine-ulaganja-u-programe-i-ideje\/#primaryimage"},"thumbnailUrl":"https:\/\/dmcsrb.com\/wp-content\/uploads\/2026\/01\/vladmiri-1024x514.jpg.jpeg","keywords":["EYC","Mre\u017ea za mlade Crne Gore","Podgorica","Podgorica evropska prijestonica mladih 2028","Vladimir Perazi\u0107"],"articleSection":["Podgorica"],"inLanguage":"en-GB","potentialAction":[{"@type":"CommentAction","name":"Comment","target":["https:\/\/dmcsrb.com\/en\/podgorica\/perazic-izbor-podgorice-za-evropsku-prijestonicu-mladih-donio-bi-sistemske-promjene-i-tri-godine-ulaganja-u-programe-i-ideje\/#respond"]}]},{"@type":"WebPage","@id":"https:\/\/dmcsrb.com\/en\/podgorica\/perazic-izbor-podgorice-za-evropsku-prijestonicu-mladih-donio-bi-sistemske-promjene-i-tri-godine-ulaganja-u-programe-i-ideje\/","url":"https:\/\/dmcsrb.com\/en\/podgorica\/perazic-izbor-podgorice-za-evropsku-prijestonicu-mladih-donio-bi-sistemske-promjene-i-tri-godine-ulaganja-u-programe-i-ideje\/","name":"Perazi\u0107: Izbor Podgorice za Evropsku prijestonicu mladih donio bi sistemske promjene i tri godine ulaganja u programe i ideje - dmcsrb.com","isPartOf":{"@id":"https:\/\/dmcsrb.com\/#website"},"primaryImageOfPage":{"@id":"https:\/\/dmcsrb.com\/en\/podgorica\/perazic-izbor-podgorice-za-evropsku-prijestonicu-mladih-donio-bi-sistemske-promjene-i-tri-godine-ulaganja-u-programe-i-ideje\/#primaryimage"},"image":{"@id":"https:\/\/dmcsrb.com\/en\/podgorica\/perazic-izbor-podgorice-za-evropsku-prijestonicu-mladih-donio-bi-sistemske-promjene-i-tri-godine-ulaganja-u-programe-i-ideje\/#primaryimage"},"thumbnailUrl":"https:\/\/dmcsrb.com\/wp-content\/uploads\/2026\/01\/vladmiri-1024x514.jpg.jpeg","datePublished":"2025-11-24T05:29:00+00:00","author":{"@id":"https:\/\/dmcsrb.com\/#\/schema\/person\/5c39170f12db1b8b457732d0b5c854e2"},"breadcrumb":{"@id":"https:\/\/dmcsrb.com\/en\/podgorica\/perazic-izbor-podgorice-za-evropsku-prijestonicu-mladih-donio-bi-sistemske-promjene-i-tri-godine-ulaganja-u-programe-i-ideje\/#breadcrumb"},"inLanguage":"en-GB","potentialAction":[{"@type":"ReadAction","target":["https:\/\/dmcsrb.com\/en\/podgorica\/perazic-izbor-podgorice-za-evropsku-prijestonicu-mladih-donio-bi-sistemske-promjene-i-tri-godine-ulaganja-u-programe-i-ideje\/"]}]},{"@type":"ImageObject","inLanguage":"en-GB","@id":"https:\/\/dmcsrb.com\/en\/podgorica\/perazic-izbor-podgorice-za-evropsku-prijestonicu-mladih-donio-bi-sistemske-promjene-i-tri-godine-ulaganja-u-programe-i-ideje\/#primaryimage","url":"https:\/\/dmcsrb.com\/wp-content\/uploads\/2026\/01\/vladmiri-1024x514.jpg.jpeg","contentUrl":"https:\/\/dmcsrb.com\/wp-content\/uploads\/2026\/01\/vladmiri-1024x514.jpg.jpeg","width":1024,"height":514},{"@type":"BreadcrumbList","@id":"https:\/\/dmcsrb.com\/en\/podgorica\/perazic-izbor-podgorice-za-evropsku-prijestonicu-mladih-donio-bi-sistemske-promjene-i-tri-godine-ulaganja-u-programe-i-ideje\/#breadcrumb","itemListElement":[{"@type":"ListItem","position":1,"name":"Home","item":"https:\/\/dmcsrb.com\/"},{"@type":"ListItem","position":2,"name":"Perazi\u0107: Izbor Podgorice za Evropsku prijestonicu mladih donio bi sistemske promjene i tri godine ulaganja u programe i ideje"}]},{"@type":"WebSite","@id":"https:\/\/dmcsrb.com\/#website","url":"https:\/\/dmcsrb.com\/","name":"dmcsrb.com","description":"","potentialAction":[{"@type":"SearchAction","target":{"@type":"EntryPoint","urlTemplate":"https:\/\/dmcsrb.com\/?s={search_term_string}"},"query-input":{"@type":"PropertyValueSpecification","valueRequired":true,"valueName":"search_term_string"}}],"inLanguage":"en-GB"},{"@type":"Person","@id":"https:\/\/dmcsrb.com\/#\/schema\/person\/5c39170f12db1b8b457732d0b5c854e2","name":"dmcsrbija.com@gmail.com","image":{"@type":"ImageObject","inLanguage":"en-GB","@id":"https:\/\/secure.gravatar.com\/avatar\/68592660ad6347fad0fb587f8d5d8f1a7b44961362f56e4f2cd524feb87e9069?s=96&d=mm&r=g","url":"https:\/\/secure.gravatar.com\/avatar\/68592660ad6347fad0fb587f8d5d8f1a7b44961362f56e4f2cd524feb87e9069?s=96&d=mm&r=g","contentUrl":"https:\/\/secure.gravatar.com\/avatar\/68592660ad6347fad0fb587f8d5d8f1a7b44961362f56e4f2cd524feb87e9069?s=96&d=mm&r=g","caption":"dmcsrbija.com@gmail.com"},"sameAs":["https:\/\/dmcsrb.com"],"url":"https:\/\/dmcsrb.com\/en\/author\/dmcsrbija-comgmail-com\/"}]}},"_links":{"self":[{"href":"https:\/\/dmcsrb.com\/en\/wp-json\/wp\/v2\/posts\/965276","targetHints":{"allow":["GET"]}}],"collection":[{"href":"https:\/\/dmcsrb.com\/en\/wp-json\/wp\/v2\/posts"}],"about":[{"href":"https:\/\/dmcsrb.com\/en\/wp-json\/wp\/v2\/types\/post"}],"author":[{"embeddable":true,"href":"https:\/\/dmcsrb.com\/en\/wp-json\/wp\/v2\/users\/1"}],"replies":[{"embeddable":true,"href":"https:\/\/dmcsrb.com\/en\/wp-json\/wp\/v2\/comments?post=965276"}],"version-history":[{"count":0,"href":"https:\/\/dmcsrb.com\/en\/wp-json\/wp\/v2\/posts\/965276\/revisions"}],"wp:featuredmedia":[{"embeddable":true,"href":"https:\/\/dmcsrb.com\/en\/wp-json\/wp\/v2\/media\/909969"}],"wp:attachment":[{"href":"https:\/\/dmcsrb.com\/en\/wp-json\/wp\/v2\/media?parent=965276"}],"wp:term":[{"taxonomy":"category","embeddable":true,"href":"https:\/\/dmcsrb.com\/en\/wp-json\/wp\/v2\/categories?post=965276"},{"taxonomy":"post_tag","embeddable":true,"href":"https:\/\/dmcsrb.com\/en\/wp-json\/wp\/v2\/tags?post=965276"},{"taxonomy":"naslovna","embeddable":true,"href":"https:\/\/dmcsrb.com\/en\/wp-json\/wp\/v2\/naslovna?post=965276"}],"curies":[{"name":"wp","href":"https:\/\/api.w.org\/{rel}","templated":true}]}}