{"id":965246,"date":"2025-11-23T19:34:00","date_gmt":"2025-11-23T18:34:00","guid":{"rendered":"https:\/\/dmcsrb.com\/uncategorized\/vlada-uskoro-o-koncesiji-za-aerodrome\/"},"modified":"2025-11-23T19:34:00","modified_gmt":"2025-11-23T18:34:00","slug":"vlada-uskoro-o-koncesiji-za-aerodrome","status":"publish","type":"post","link":"https:\/\/dmcsrb.com\/en\/ekonomija\/vlada-uskoro-o-koncesiji-za-aerodrome\/","title":{"rendered":"Vlada uskoro o koncesiji za Aerodrome"},"content":{"rendered":"<p><\/p>\n\n\n\n<p>Da je va\u017enije da se obezbijedi profesionalan menad\u017ement, a ne privatizacija smatra profesor ekonomije na Saobra\u0107ajnom fakultetu Ivo \u017dupanovi\u0107. S druge strane, dio stru\u010dne javnosti smatra da bi koncesija donijela br\u017ei razvoj i rasteretila javne finansije.<\/p>\n\n\n\n<p>Crnogorski aerodromi u dr\u017eavnim ili rukama privatnika, na Vladi je da odlu\u010di. Me\u0111utim, stabilno poslovanje zna\u010di da aerodromi mogu sami da finanisiraju svoj razvoj.<\/p>\n\n\n\n<p>&#8220;Mislim da je akumulirana dobit od 2022. godine pa do devetog mjeseca 2025. godine Aerodroma Crne Gore pokazuje da je Aerodrom sasvim jedna solventna firma koja mo\u017ee \u0161to iz sopstvenih izvora, \u0161to iz odre\u0111enog kreditnog zadu\u017eenja da finansira takvu jednu vrstu razvojne komponente. Naravno, podvla\u010dim ukoliko kompletan profit aerodroma ide u tom nekom pravcu, dakle u pravcu investicionog razvoja&#8221;, ka\u017ee \u017dupanovi\u0107.&nbsp;<\/p>\n\n\n\n<p>Iskustvo iz Hrvatske ide u korist privatizacije. Prema rije\u010dima ekonomskog analiticara Damira Novotnog, privatni partner donosi kapital, ekspertizu i efikasnost, dok se dio rizika prenosi sa dr\u017eave na investitora.<br><br>&#8220;Najbolji primjer je aerodrom u Zagrebu koji je izgra\u0111en na novoj lokaciji na zemlji\u0161tu grada Zagreba i Republike Hrvatske, uklju\u010dena je bila i svjetska banka. Nije do\u0161lo do modernizacije nego do izgradnje potpuno nove infrastrukture, vrlo moderne, vrlo kvalitetne. Upravljanje tim aerodromom je preuzela francuska kompanija koja ina\u010de upravlja aerodromima u Francuskoj. U\u010dinkovitost, odnosno efikasnost upravljanja je izvrsna, privu\u010den je veliki broj putnika&#8221;, ka\u017ee Novotni.&nbsp;<\/p>\n\n\n\n<p>Za koju god se opciju Vlada odlu\u010di, jasno je da vremena za gubljenje nema. Modernizacija aerodroma klju\u010dna je za rast turizma i bolju povezanost Crne Gore sa evropskim tr\u017ei\u0161tima. A u borbi za putnike, konkurencija ne \u010deka.<a href=\"https:\/\/play.google.com\/store\/apps\/details?id=me.rtcg\" target=\"_blank\" rel=\"noreferrer noopener\"><\/a><a href=\"https:\/\/apps.apple.com\/us\/app\/rtcg\/id1400067551\" target=\"_blank\" rel=\"noreferrer noopener\"><\/a><\/p>\n\n\n\n<p><a target=\"_blank\" href=\"https:\/\/play.google.com\/store\/apps\/details?id=me.rtcg\" rel=\"noreferrer noopener\"><\/a><a target=\"_blank\" href=\"https:\/\/apps.apple.com\/us\/app\/rtcg\/id1400067551\" rel=\"noreferrer noopener\"><\/a><\/p>","protected":false},"excerpt":{"rendered":"<p>Vlada \u0107e uskoro odlu\u010divati o tome da li \u0107e aerodrome dati u dugoro\u010dno kori\u0161\u0107enje stranom operatoru ili \u0107e ostati u dr\u017eavnom vlasni\u0161tvu. Na nedavno zavr\u0161enom tenderu, prvorangirana je ju\u017enokorejska kompanija.<\/p>","protected":false},"author":1,"featured_media":943863,"comment_status":"open","ping_status":"open","sticky":false,"template":"","format":"standard","meta":{"_acf_changed":false,"footnotes":""},"categories":[27],"tags":[719,6561,13],"naslovna":[],"class_list":["post-965246","post","type-post","status-publish","format-standard","has-post-thumbnail","hentry","category-ekonomija","tag-aerodromi","tag-koncesije","tag-vlada"],"acf":[],"yoast_head":"<!-- This site is optimized with the Yoast SEO plugin v27.0 - https:\/\/yoast.com\/product\/yoast-seo-wordpress\/ -->\n<title>Vlada uskoro o koncesiji za Aerodrome - dmcsrb.com<\/title>\n<meta name=\"robots\" content=\"index, follow, max-snippet:-1, max-image-preview:large, max-video-preview:-1\" \/>\n<link rel=\"canonical\" href=\"https:\/\/dmcsrb.com\/en\/ekonomija\/vlada-uskoro-o-koncesiji-za-aerodrome\/\" \/>\n<meta property=\"og:locale\" content=\"en_GB\" \/>\n<meta property=\"og:type\" content=\"article\" \/>\n<meta property=\"og:title\" content=\"Vlada uskoro o koncesiji za Aerodrome - dmcsrb.com\" \/>\n<meta property=\"og:description\" content=\"Vlada \u0107e uskoro odlu\u010divati o tome da li \u0107e aerodrome dati u dugoro\u010dno kori\u0161\u0107enje stranom operatoru ili \u0107e ostati u dr\u017eavnom vlasni\u0161tvu. Na nedavno zavr\u0161enom tenderu, prvorangirana je ju\u017enokorejska kompanija.\" \/>\n<meta property=\"og:url\" content=\"https:\/\/dmcsrb.com\/en\/ekonomija\/vlada-uskoro-o-koncesiji-za-aerodrome\/\" \/>\n<meta property=\"og:site_name\" content=\"dmcsrb.com\" \/>\n<meta property=\"article:published_time\" content=\"2025-11-23T18:34:00+00:00\" \/>\n<meta property=\"og:image\" content=\"https:\/\/dmcsrb.com\/wp-content\/uploads\/2026\/01\/1655386582hy7n96qeprmpgeej.webp\" \/>\n\t<meta property=\"og:image:width\" content=\"1920\" \/>\n\t<meta property=\"og:image:height\" content=\"1280\" \/>\n\t<meta property=\"og:image:type\" content=\"image\/jpeg\" \/>\n<meta name=\"author\" content=\"dmcsrbija.com@gmail.com\" \/>\n<meta name=\"twitter:card\" content=\"summary_large_image\" \/>\n<meta name=\"twitter:label1\" content=\"Written by\" \/>\n\t<meta name=\"twitter:data1\" content=\"dmcsrbija.com@gmail.com\" \/>\n\t<meta name=\"twitter:label2\" content=\"Estimated reading time\" \/>\n\t<meta name=\"twitter:data2\" content=\"1 minute\" \/>\n<script type=\"application\/ld+json\" class=\"yoast-schema-graph\">{\"@context\":\"https:\/\/schema.org\",\"@graph\":[{\"@type\":\"Article\",\"@id\":\"https:\/\/dmcsrb.com\/ekonomija\/vlada-uskoro-o-koncesiji-za-aerodrome\/#article\",\"isPartOf\":{\"@id\":\"https:\/\/dmcsrb.com\/ekonomija\/vlada-uskoro-o-koncesiji-za-aerodrome\/\"},\"author\":{\"name\":\"dmcsrbija.com@gmail.com\",\"@id\":\"https:\/\/dmcsrb.com\/#\/schema\/person\/5c39170f12db1b8b457732d0b5c854e2\"},\"headline\":\"Vlada uskoro o koncesiji za Aerodrome\",\"datePublished\":\"2025-11-23T18:34:00+00:00\",\"mainEntityOfPage\":{\"@id\":\"https:\/\/dmcsrb.com\/ekonomija\/vlada-uskoro-o-koncesiji-za-aerodrome\/\"},\"wordCount\":286,\"commentCount\":0,\"image\":{\"@id\":\"https:\/\/dmcsrb.com\/ekonomija\/vlada-uskoro-o-koncesiji-za-aerodrome\/#primaryimage\"},\"thumbnailUrl\":\"https:\/\/dmcsrb.com\/wp-content\/uploads\/2026\/01\/1655386582hy7n96qeprmpgeej.webp\",\"keywords\":[\"Aerodromi\",\"koncesije\",\"vlada\"],\"articleSection\":[\"Ekonomija\"],\"inLanguage\":\"en-GB\",\"potentialAction\":[{\"@type\":\"CommentAction\",\"name\":\"Comment\",\"target\":[\"https:\/\/dmcsrb.com\/ekonomija\/vlada-uskoro-o-koncesiji-za-aerodrome\/#respond\"]}]},{\"@type\":\"WebPage\",\"@id\":\"https:\/\/dmcsrb.com\/ekonomija\/vlada-uskoro-o-koncesiji-za-aerodrome\/\",\"url\":\"https:\/\/dmcsrb.com\/ekonomija\/vlada-uskoro-o-koncesiji-za-aerodrome\/\",\"name\":\"Vlada uskoro o koncesiji za Aerodrome - dmcsrb.com\",\"isPartOf\":{\"@id\":\"https:\/\/dmcsrb.com\/#website\"},\"primaryImageOfPage\":{\"@id\":\"https:\/\/dmcsrb.com\/ekonomija\/vlada-uskoro-o-koncesiji-za-aerodrome\/#primaryimage\"},\"image\":{\"@id\":\"https:\/\/dmcsrb.com\/ekonomija\/vlada-uskoro-o-koncesiji-za-aerodrome\/#primaryimage\"},\"thumbnailUrl\":\"https:\/\/dmcsrb.com\/wp-content\/uploads\/2026\/01\/1655386582hy7n96qeprmpgeej.webp\",\"datePublished\":\"2025-11-23T18:34:00+00:00\",\"author\":{\"@id\":\"https:\/\/dmcsrb.com\/#\/schema\/person\/5c39170f12db1b8b457732d0b5c854e2\"},\"breadcrumb\":{\"@id\":\"https:\/\/dmcsrb.com\/ekonomija\/vlada-uskoro-o-koncesiji-za-aerodrome\/#breadcrumb\"},\"inLanguage\":\"en-GB\",\"potentialAction\":[{\"@type\":\"ReadAction\",\"target\":[\"https:\/\/dmcsrb.com\/ekonomija\/vlada-uskoro-o-koncesiji-za-aerodrome\/\"]}]},{\"@type\":\"ImageObject\",\"inLanguage\":\"en-GB\",\"@id\":\"https:\/\/dmcsrb.com\/ekonomija\/vlada-uskoro-o-koncesiji-za-aerodrome\/#primaryimage\",\"url\":\"https:\/\/dmcsrb.com\/wp-content\/uploads\/2026\/01\/1655386582hy7n96qeprmpgeej.webp\",\"contentUrl\":\"https:\/\/dmcsrb.com\/wp-content\/uploads\/2026\/01\/1655386582hy7n96qeprmpgeej.webp\",\"width\":1920,\"height\":1280},{\"@type\":\"BreadcrumbList\",\"@id\":\"https:\/\/dmcsrb.com\/ekonomija\/vlada-uskoro-o-koncesiji-za-aerodrome\/#breadcrumb\",\"itemListElement\":[{\"@type\":\"ListItem\",\"position\":1,\"name\":\"Home\",\"item\":\"https:\/\/dmcsrb.com\/\"},{\"@type\":\"ListItem\",\"position\":2,\"name\":\"Vlada uskoro o koncesiji za Aerodrome\"}]},{\"@type\":\"WebSite\",\"@id\":\"https:\/\/dmcsrb.com\/#website\",\"url\":\"https:\/\/dmcsrb.com\/\",\"name\":\"dmcsrb.com\",\"description\":\"\",\"potentialAction\":[{\"@type\":\"SearchAction\",\"target\":{\"@type\":\"EntryPoint\",\"urlTemplate\":\"https:\/\/dmcsrb.com\/?s={search_term_string}\"},\"query-input\":{\"@type\":\"PropertyValueSpecification\",\"valueRequired\":true,\"valueName\":\"search_term_string\"}}],\"inLanguage\":\"en-GB\"},{\"@type\":\"Person\",\"@id\":\"https:\/\/dmcsrb.com\/#\/schema\/person\/5c39170f12db1b8b457732d0b5c854e2\",\"name\":\"dmcsrbija.com@gmail.com\",\"image\":{\"@type\":\"ImageObject\",\"inLanguage\":\"en-GB\",\"@id\":\"https:\/\/dmcsrb.com\/#\/schema\/person\/image\/\",\"url\":\"https:\/\/secure.gravatar.com\/avatar\/68592660ad6347fad0fb587f8d5d8f1a7b44961362f56e4f2cd524feb87e9069?s=96&d=mm&r=g\",\"contentUrl\":\"https:\/\/secure.gravatar.com\/avatar\/68592660ad6347fad0fb587f8d5d8f1a7b44961362f56e4f2cd524feb87e9069?s=96&d=mm&r=g\",\"caption\":\"dmcsrbija.com@gmail.com\"},\"sameAs\":[\"https:\/\/dmcsrb.com\"],\"url\":\"https:\/\/dmcsrb.com\/en\/author\/dmcsrbija-comgmail-com\/\"}]}<\/script>\n<!-- \/ Yoast SEO plugin. -->","yoast_head_json":{"title":"Vlada uskoro o koncesiji za Aerodrome - dmcsrb.com","robots":{"index":"index","follow":"follow","max-snippet":"max-snippet:-1","max-image-preview":"max-image-preview:large","max-video-preview":"max-video-preview:-1"},"canonical":"https:\/\/dmcsrb.com\/en\/ekonomija\/vlada-uskoro-o-koncesiji-za-aerodrome\/","og_locale":"en_GB","og_type":"article","og_title":"Vlada uskoro o koncesiji za Aerodrome - dmcsrb.com","og_description":"Vlada \u0107e uskoro odlu\u010divati o tome da li \u0107e aerodrome dati u dugoro\u010dno kori\u0161\u0107enje stranom operatoru ili \u0107e ostati u dr\u017eavnom vlasni\u0161tvu. Na nedavno zavr\u0161enom tenderu, prvorangirana je ju\u017enokorejska kompanija.","og_url":"https:\/\/dmcsrb.com\/en\/ekonomija\/vlada-uskoro-o-koncesiji-za-aerodrome\/","og_site_name":"dmcsrb.com","article_published_time":"2025-11-23T18:34:00+00:00","og_image":[{"width":1920,"height":1280,"url":"https:\/\/dmcsrb.com\/wp-content\/uploads\/2026\/01\/1655386582hy7n96qeprmpgeej.webp","type":"image\/jpeg"}],"author":"dmcsrbija.com@gmail.com","twitter_card":"summary_large_image","twitter_misc":{"Written by":"dmcsrbija.com@gmail.com","Estimated reading time":"1 minute"},"schema":{"@context":"https:\/\/schema.org","@graph":[{"@type":"Article","@id":"https:\/\/dmcsrb.com\/ekonomija\/vlada-uskoro-o-koncesiji-za-aerodrome\/#article","isPartOf":{"@id":"https:\/\/dmcsrb.com\/ekonomija\/vlada-uskoro-o-koncesiji-za-aerodrome\/"},"author":{"name":"dmcsrbija.com@gmail.com","@id":"https:\/\/dmcsrb.com\/#\/schema\/person\/5c39170f12db1b8b457732d0b5c854e2"},"headline":"Vlada uskoro o koncesiji za Aerodrome","datePublished":"2025-11-23T18:34:00+00:00","mainEntityOfPage":{"@id":"https:\/\/dmcsrb.com\/ekonomija\/vlada-uskoro-o-koncesiji-za-aerodrome\/"},"wordCount":286,"commentCount":0,"image":{"@id":"https:\/\/dmcsrb.com\/ekonomija\/vlada-uskoro-o-koncesiji-za-aerodrome\/#primaryimage"},"thumbnailUrl":"https:\/\/dmcsrb.com\/wp-content\/uploads\/2026\/01\/1655386582hy7n96qeprmpgeej.webp","keywords":["Aerodromi","koncesije","vlada"],"articleSection":["Ekonomija"],"inLanguage":"en-GB","potentialAction":[{"@type":"CommentAction","name":"Comment","target":["https:\/\/dmcsrb.com\/ekonomija\/vlada-uskoro-o-koncesiji-za-aerodrome\/#respond"]}]},{"@type":"WebPage","@id":"https:\/\/dmcsrb.com\/ekonomija\/vlada-uskoro-o-koncesiji-za-aerodrome\/","url":"https:\/\/dmcsrb.com\/ekonomija\/vlada-uskoro-o-koncesiji-za-aerodrome\/","name":"Vlada uskoro o koncesiji za Aerodrome - dmcsrb.com","isPartOf":{"@id":"https:\/\/dmcsrb.com\/#website"},"primaryImageOfPage":{"@id":"https:\/\/dmcsrb.com\/ekonomija\/vlada-uskoro-o-koncesiji-za-aerodrome\/#primaryimage"},"image":{"@id":"https:\/\/dmcsrb.com\/ekonomija\/vlada-uskoro-o-koncesiji-za-aerodrome\/#primaryimage"},"thumbnailUrl":"https:\/\/dmcsrb.com\/wp-content\/uploads\/2026\/01\/1655386582hy7n96qeprmpgeej.webp","datePublished":"2025-11-23T18:34:00+00:00","author":{"@id":"https:\/\/dmcsrb.com\/#\/schema\/person\/5c39170f12db1b8b457732d0b5c854e2"},"breadcrumb":{"@id":"https:\/\/dmcsrb.com\/ekonomija\/vlada-uskoro-o-koncesiji-za-aerodrome\/#breadcrumb"},"inLanguage":"en-GB","potentialAction":[{"@type":"ReadAction","target":["https:\/\/dmcsrb.com\/ekonomija\/vlada-uskoro-o-koncesiji-za-aerodrome\/"]}]},{"@type":"ImageObject","inLanguage":"en-GB","@id":"https:\/\/dmcsrb.com\/ekonomija\/vlada-uskoro-o-koncesiji-za-aerodrome\/#primaryimage","url":"https:\/\/dmcsrb.com\/wp-content\/uploads\/2026\/01\/1655386582hy7n96qeprmpgeej.webp","contentUrl":"https:\/\/dmcsrb.com\/wp-content\/uploads\/2026\/01\/1655386582hy7n96qeprmpgeej.webp","width":1920,"height":1280},{"@type":"BreadcrumbList","@id":"https:\/\/dmcsrb.com\/ekonomija\/vlada-uskoro-o-koncesiji-za-aerodrome\/#breadcrumb","itemListElement":[{"@type":"ListItem","position":1,"name":"Home","item":"https:\/\/dmcsrb.com\/"},{"@type":"ListItem","position":2,"name":"Vlada uskoro o koncesiji za Aerodrome"}]},{"@type":"WebSite","@id":"https:\/\/dmcsrb.com\/#website","url":"https:\/\/dmcsrb.com\/","name":"dmcsrb.com","description":"","potentialAction":[{"@type":"SearchAction","target":{"@type":"EntryPoint","urlTemplate":"https:\/\/dmcsrb.com\/?s={search_term_string}"},"query-input":{"@type":"PropertyValueSpecification","valueRequired":true,"valueName":"search_term_string"}}],"inLanguage":"en-GB"},{"@type":"Person","@id":"https:\/\/dmcsrb.com\/#\/schema\/person\/5c39170f12db1b8b457732d0b5c854e2","name":"dmcsrbija.com@gmail.com","image":{"@type":"ImageObject","inLanguage":"en-GB","@id":"https:\/\/dmcsrb.com\/#\/schema\/person\/image\/","url":"https:\/\/secure.gravatar.com\/avatar\/68592660ad6347fad0fb587f8d5d8f1a7b44961362f56e4f2cd524feb87e9069?s=96&d=mm&r=g","contentUrl":"https:\/\/secure.gravatar.com\/avatar\/68592660ad6347fad0fb587f8d5d8f1a7b44961362f56e4f2cd524feb87e9069?s=96&d=mm&r=g","caption":"dmcsrbija.com@gmail.com"},"sameAs":["https:\/\/dmcsrb.com"],"url":"https:\/\/dmcsrb.com\/en\/author\/dmcsrbija-comgmail-com\/"}]}},"_links":{"self":[{"href":"https:\/\/dmcsrb.com\/en\/wp-json\/wp\/v2\/posts\/965246","targetHints":{"allow":["GET"]}}],"collection":[{"href":"https:\/\/dmcsrb.com\/en\/wp-json\/wp\/v2\/posts"}],"about":[{"href":"https:\/\/dmcsrb.com\/en\/wp-json\/wp\/v2\/types\/post"}],"author":[{"embeddable":true,"href":"https:\/\/dmcsrb.com\/en\/wp-json\/wp\/v2\/users\/1"}],"replies":[{"embeddable":true,"href":"https:\/\/dmcsrb.com\/en\/wp-json\/wp\/v2\/comments?post=965246"}],"version-history":[{"count":0,"href":"https:\/\/dmcsrb.com\/en\/wp-json\/wp\/v2\/posts\/965246\/revisions"}],"wp:featuredmedia":[{"embeddable":true,"href":"https:\/\/dmcsrb.com\/en\/wp-json\/wp\/v2\/media\/943863"}],"wp:attachment":[{"href":"https:\/\/dmcsrb.com\/en\/wp-json\/wp\/v2\/media?parent=965246"}],"wp:term":[{"taxonomy":"category","embeddable":true,"href":"https:\/\/dmcsrb.com\/en\/wp-json\/wp\/v2\/categories?post=965246"},{"taxonomy":"post_tag","embeddable":true,"href":"https:\/\/dmcsrb.com\/en\/wp-json\/wp\/v2\/tags?post=965246"},{"taxonomy":"naslovna","embeddable":true,"href":"https:\/\/dmcsrb.com\/en\/wp-json\/wp\/v2\/naslovna?post=965246"}],"curies":[{"name":"wp","href":"https:\/\/api.w.org\/{rel}","templated":true}]}}