{"id":965191,"date":"2025-11-23T14:23:00","date_gmt":"2025-11-23T13:23:00","guid":{"rendered":"https:\/\/dmcsrb.com\/uncategorized\/bakic-vicesampion-evrope\/"},"modified":"2025-11-23T14:23:00","modified_gmt":"2025-11-23T13:23:00","slug":"bakic-vicesampion-evrope","status":"publish","type":"post","link":"https:\/\/dmcsrb.com\/en\/sport\/bakic-vicesampion-evrope\/","title":{"rendered":"Baki\u0107 vice\u0161ampion Evrope"},"content":{"rendered":"<p>On je danas u finalnom me\u010du kategorije S10 pora\u017een od Poljaka Patrika \u010cajnovskog 3:1, po setovima 12:10, 11:4, 9:11 i 11:3.<\/p>\n\n\n\n<p>Plasmanom u finale ostvario je najve\u0107i uspjeh u karijeri i osvojio prvo pojedina\u010dno evropsko odli\u010dje.<\/p>\n\n\n\n<p>Baki\u0107 je i u finalu ponovio izdanja iz \u010detvrtfinalnog i polufinalnog duela, odigrao je me\u010d na vrhunskom nivou, ali ni to nije bilo dovoljno da iznenadi velikog \u0161ampiona.<\/p>\n\n\n\n<p>Zvani\u010dni i vi\u0161estruki evropski, svjetski i paraolimpijski \u0161ampion potvrdio je klasu i epitet najboljeg u kategoriji S10.<\/p>\n\n\n\n<p>Baki\u0107 je u prvom dijelu me\u010da imao set loptu kod rezultata 10:9 i priliku da povede, nije iskoristio, pa je \u010cajnovski vezao tri poena za 12:10.<\/p>\n\n\n\n<p>Bolju igru u drugom setu poljski as je krunisao vo\u0111stvom od 2:0, dok je u tre\u0107em bolji bio Baki\u0107, precizniji i sigurniji i smanjio na 2:1.<\/p>\n\n\n\n<p>Iskustvo i kvalitet Poljaka posebno je do\u0161lo do izra\u017eaja u \u010detvrtom setu, poveo je na startu i prednost zadr\u017eao do kraja. <\/p>\n\n\n\n<figure class=\"wp-block-image size-large\"><img decoding=\"async\" src=\"https:\/\/gradski.me\/wp-content\/uploads\/2025\/11\/Postolje-POK-1024x768.jpg\" alt=\"\" class=\"wp-image-876270\"\/><figcaption class=\"wp-element-caption\">Foto: POK<\/figcaption><\/figure>\n\n\n\n<p>\u201cUzivao sam, odli\u010dan turnir od po\u010detka do finala. Pru\u017eio sam dobar otpor najboljem svjetskom stonoteniseru. Te\u0161ko je igrati protiv njega, ali danas mo\u017eda odigrao i najbolji stoni t\u00e9nis u karijeri\u201d, kazao je Baki\u0107.<\/p>\n\n\n\n<p>On je naglasio da je Poljak kvalitetniji puno i svaka um \u010dast \u0161to je na tom nivou toliko bez poraza.<\/p>\n\n\n\n<p>&#8220;Mogu da budem ponosan na svoju igru, u\u017eivao samo od prvog do posljednjeg poena. Mo\u017eda je na jo\u0161 bolje izdanje uticala opomena sudije za forhend servu, jer ona vi\u0161e nije bila ista. U nastavku vi\u0161e sam pazio da mi ne bi oduzeli poen. Odli\u010dno izdanje, zadovoljan sam&#8221;, rekao je Baki\u0107.<\/p>\n\n\n\n<p>On je istakao da je Helsingborg sre\u0107an grad za crnogorski sport.<\/p>\n\n\n\n<p>&#8220;Tu smo i 2019. Ispisali istoriju. Filip je igrao finale, sada sam ja bio finalista. Nevjerovatno iskustvo\u201d, rekao je Baki\u0107.<\/p>\n\n\n\n<p>Baki\u0107 u karijeri ima i ekipnu evropsku bronzu, osvojenu prije \u0161est godina u istoj dvorani, u timu sa Filipom Radovi\u0107em i Dejanom Ba\u0161anovi\u0107em.<\/p>\n\n\n\n<p>Takmi\u010denje u grupi zavr\u0161io kao drugoplasirani u prvoj grupi, sa polovi\u010dnim u\u010dinkom.<\/p>\n\n\n\n<p>Pora\u017een je na startu od Francuza Matea Bohasa 3:1, dok je u direktnom me\u010du za drugo mesto savladao Njemca Mia Vagnera 3:0<\/p>\n\n\n\n<p>U \u010detvrtfinalnom me\u010du pobijedio je \u0160panca Marlona Lopeza 3:0 (11:8, 11:3 i 11:3), dok je u polufinalu eliminisao Poljaka Igora Mi\u0161tala.<\/p>\n\n\n\n<p>Drugi crnogorski predstavnik u Helsingborgu, Filip Radovi\u0107, diskvalifikovan je sa Evropskog prvenstva, iako je izborio plasman u \u010detvrtfinale.<\/p>\n\n\n\n<p>Crnogorski stoni tenis tre\u0107u godinu uzastopno imao je finalistu \u0161ampionata Evrope u kategoriji S10, nakon \u0161to je Radovi\u0107 bio akter me\u010da za zlatnu medalju u Helsingborgu 2019. i \u0160efildu \u010detiri godine kasnije.<\/p>\n\n\n\n<p>Osvojeno je pet pojedina\u010dnih i jedna ekipna medalja.<\/p>\n\n\n\n<p>Crnogorske stonotenisere u Helsingborgu predvodio je trener \u010cedomir Damjanovi\u0107, kome je asistirao Dejan Ba\u0161anovi\u0107.<\/p>\n\n\n\n<p>Helsingborg je, nakon \u0161est godina, ponovo ugostio najbolje para stonotenisere Evrope, a za neku od medalja borilo se 264 takmi\u010dara iz 37 dr\u017eava.<\/p>","protected":false},"excerpt":{"rendered":"<p>Crnogorski para stonoteniser Luka Baki\u0107 sa srebrnim odli\u010djem zavr\u0161io je nastup na Evropskom prvenstvu u Helsingborgu.<\/p>","protected":false},"author":1,"featured_media":965192,"comment_status":"open","ping_status":"open","sticky":false,"template":"","format":"standard","meta":{"_acf_changed":false,"footnotes":""},"categories":[148],"tags":[15053,2365,3981,747,15220],"naslovna":[],"class_list":["post-965191","post","type-post","status-publish","format-standard","has-post-thumbnail","hentry","category-sport","tag-evropsko-prvenstvo-u-helsinborgu","tag-luka-bakic","tag-parastoni-tenis","tag-pok","tag-vicesampion"],"acf":[],"yoast_head":"<!-- This site is optimized with the Yoast SEO plugin v27.4 - https:\/\/yoast.com\/product\/yoast-seo-wordpress\/ -->\n<title>Baki\u0107 vice\u0161ampion Evrope - dmcsrb.com<\/title>\n<meta name=\"robots\" content=\"index, follow, max-snippet:-1, max-image-preview:large, max-video-preview:-1\" \/>\n<link rel=\"canonical\" href=\"https:\/\/dmcsrb.com\/en\/sport\/bakic-vicesampion-evrope\/\" \/>\n<meta property=\"og:locale\" content=\"en_GB\" \/>\n<meta property=\"og:type\" content=\"article\" \/>\n<meta property=\"og:title\" content=\"Baki\u0107 vice\u0161ampion Evrope - dmcsrb.com\" \/>\n<meta property=\"og:description\" content=\"Crnogorski para stonoteniser Luka Baki\u0107 sa srebrnim odli\u010djem zavr\u0161io je nastup na Evropskom prvenstvu u Helsingborgu.\" \/>\n<meta property=\"og:url\" content=\"https:\/\/dmcsrb.com\/en\/sport\/bakic-vicesampion-evrope\/\" \/>\n<meta property=\"og:site_name\" content=\"dmcsrb.com\" \/>\n<meta property=\"article:published_time\" content=\"2025-11-23T13:23:00+00:00\" \/>\n<meta property=\"og:image\" content=\"https:\/\/dmcsrb.com\/wp-content\/uploads\/2026\/01\/Luka-Bakic-POK-.webp\" \/>\n\t<meta property=\"og:image:width\" content=\"1600\" \/>\n\t<meta property=\"og:image:height\" content=\"1200\" \/>\n\t<meta property=\"og:image:type\" content=\"image\/jpeg\" \/>\n<meta name=\"author\" content=\"dmcsrbija.com@gmail.com\" \/>\n<meta name=\"twitter:card\" content=\"summary_large_image\" \/>\n<meta name=\"twitter:label1\" content=\"Written by\" \/>\n\t<meta name=\"twitter:data1\" content=\"dmcsrbija.com@gmail.com\" \/>\n\t<meta name=\"twitter:label2\" content=\"Estimated reading time\" \/>\n\t<meta name=\"twitter:data2\" content=\"2 minutes\" \/>\n<script type=\"application\/ld+json\" class=\"yoast-schema-graph\">{\"@context\":\"https:\\\/\\\/schema.org\",\"@graph\":[{\"@type\":\"Article\",\"@id\":\"https:\\\/\\\/dmcsrb.com\\\/en\\\/sport\\\/bakic-vicesampion-evrope\\\/#article\",\"isPartOf\":{\"@id\":\"https:\\\/\\\/dmcsrb.com\\\/en\\\/sport\\\/bakic-vicesampion-evrope\\\/\"},\"author\":{\"name\":\"dmcsrbija.com@gmail.com\",\"@id\":\"https:\\\/\\\/dmcsrb.com\\\/#\\\/schema\\\/person\\\/5c39170f12db1b8b457732d0b5c854e2\"},\"headline\":\"Baki\u0107 vice\u0161ampion Evrope\",\"datePublished\":\"2025-11-23T13:23:00+00:00\",\"mainEntityOfPage\":{\"@id\":\"https:\\\/\\\/dmcsrb.com\\\/en\\\/sport\\\/bakic-vicesampion-evrope\\\/\"},\"wordCount\":490,\"commentCount\":0,\"image\":{\"@id\":\"https:\\\/\\\/dmcsrb.com\\\/en\\\/sport\\\/bakic-vicesampion-evrope\\\/#primaryimage\"},\"thumbnailUrl\":\"https:\\\/\\\/dmcsrb.com\\\/wp-content\\\/uploads\\\/2026\\\/01\\\/Luka-Bakic-POK-.webp\",\"keywords\":[\"Evropsko prvenstvo u Helsinborgu\",\"Luka Baki\u0107\",\"parastoni tenis\",\"POK\",\"vice\u0161ampion\"],\"articleSection\":[\"Sport\"],\"inLanguage\":\"en-GB\",\"potentialAction\":[{\"@type\":\"CommentAction\",\"name\":\"Comment\",\"target\":[\"https:\\\/\\\/dmcsrb.com\\\/en\\\/sport\\\/bakic-vicesampion-evrope\\\/#respond\"]}]},{\"@type\":\"WebPage\",\"@id\":\"https:\\\/\\\/dmcsrb.com\\\/en\\\/sport\\\/bakic-vicesampion-evrope\\\/\",\"url\":\"https:\\\/\\\/dmcsrb.com\\\/en\\\/sport\\\/bakic-vicesampion-evrope\\\/\",\"name\":\"Baki\u0107 vice\u0161ampion Evrope - dmcsrb.com\",\"isPartOf\":{\"@id\":\"https:\\\/\\\/dmcsrb.com\\\/#website\"},\"primaryImageOfPage\":{\"@id\":\"https:\\\/\\\/dmcsrb.com\\\/en\\\/sport\\\/bakic-vicesampion-evrope\\\/#primaryimage\"},\"image\":{\"@id\":\"https:\\\/\\\/dmcsrb.com\\\/en\\\/sport\\\/bakic-vicesampion-evrope\\\/#primaryimage\"},\"thumbnailUrl\":\"https:\\\/\\\/dmcsrb.com\\\/wp-content\\\/uploads\\\/2026\\\/01\\\/Luka-Bakic-POK-.webp\",\"datePublished\":\"2025-11-23T13:23:00+00:00\",\"author\":{\"@id\":\"https:\\\/\\\/dmcsrb.com\\\/#\\\/schema\\\/person\\\/5c39170f12db1b8b457732d0b5c854e2\"},\"breadcrumb\":{\"@id\":\"https:\\\/\\\/dmcsrb.com\\\/en\\\/sport\\\/bakic-vicesampion-evrope\\\/#breadcrumb\"},\"inLanguage\":\"en-GB\",\"potentialAction\":[{\"@type\":\"ReadAction\",\"target\":[\"https:\\\/\\\/dmcsrb.com\\\/en\\\/sport\\\/bakic-vicesampion-evrope\\\/\"]}]},{\"@type\":\"ImageObject\",\"inLanguage\":\"en-GB\",\"@id\":\"https:\\\/\\\/dmcsrb.com\\\/en\\\/sport\\\/bakic-vicesampion-evrope\\\/#primaryimage\",\"url\":\"https:\\\/\\\/dmcsrb.com\\\/wp-content\\\/uploads\\\/2026\\\/01\\\/Luka-Bakic-POK-.webp\",\"contentUrl\":\"https:\\\/\\\/dmcsrb.com\\\/wp-content\\\/uploads\\\/2026\\\/01\\\/Luka-Bakic-POK-.webp\",\"width\":1600,\"height\":1200},{\"@type\":\"BreadcrumbList\",\"@id\":\"https:\\\/\\\/dmcsrb.com\\\/en\\\/sport\\\/bakic-vicesampion-evrope\\\/#breadcrumb\",\"itemListElement\":[{\"@type\":\"ListItem\",\"position\":1,\"name\":\"Home\",\"item\":\"https:\\\/\\\/dmcsrb.com\\\/\"},{\"@type\":\"ListItem\",\"position\":2,\"name\":\"Baki\u0107 vice\u0161ampion Evrope\"}]},{\"@type\":\"WebSite\",\"@id\":\"https:\\\/\\\/dmcsrb.com\\\/#website\",\"url\":\"https:\\\/\\\/dmcsrb.com\\\/\",\"name\":\"dmcsrb.com\",\"description\":\"\",\"potentialAction\":[{\"@type\":\"SearchAction\",\"target\":{\"@type\":\"EntryPoint\",\"urlTemplate\":\"https:\\\/\\\/dmcsrb.com\\\/?s={search_term_string}\"},\"query-input\":{\"@type\":\"PropertyValueSpecification\",\"valueRequired\":true,\"valueName\":\"search_term_string\"}}],\"inLanguage\":\"en-GB\"},{\"@type\":\"Person\",\"@id\":\"https:\\\/\\\/dmcsrb.com\\\/#\\\/schema\\\/person\\\/5c39170f12db1b8b457732d0b5c854e2\",\"name\":\"dmcsrbija.com@gmail.com\",\"image\":{\"@type\":\"ImageObject\",\"inLanguage\":\"en-GB\",\"@id\":\"https:\\\/\\\/secure.gravatar.com\\\/avatar\\\/68592660ad6347fad0fb587f8d5d8f1a7b44961362f56e4f2cd524feb87e9069?s=96&d=mm&r=g\",\"url\":\"https:\\\/\\\/secure.gravatar.com\\\/avatar\\\/68592660ad6347fad0fb587f8d5d8f1a7b44961362f56e4f2cd524feb87e9069?s=96&d=mm&r=g\",\"contentUrl\":\"https:\\\/\\\/secure.gravatar.com\\\/avatar\\\/68592660ad6347fad0fb587f8d5d8f1a7b44961362f56e4f2cd524feb87e9069?s=96&d=mm&r=g\",\"caption\":\"dmcsrbija.com@gmail.com\"},\"sameAs\":[\"https:\\\/\\\/dmcsrb.com\"],\"url\":\"https:\\\/\\\/dmcsrb.com\\\/en\\\/author\\\/dmcsrbija-comgmail-com\\\/\"}]}<\/script>\n<!-- \/ Yoast SEO plugin. -->","yoast_head_json":{"title":"Baki\u0107 vice\u0161ampion Evrope - dmcsrb.com","robots":{"index":"index","follow":"follow","max-snippet":"max-snippet:-1","max-image-preview":"max-image-preview:large","max-video-preview":"max-video-preview:-1"},"canonical":"https:\/\/dmcsrb.com\/en\/sport\/bakic-vicesampion-evrope\/","og_locale":"en_GB","og_type":"article","og_title":"Baki\u0107 vice\u0161ampion Evrope - dmcsrb.com","og_description":"Crnogorski para stonoteniser Luka Baki\u0107 sa srebrnim odli\u010djem zavr\u0161io je nastup na Evropskom prvenstvu u Helsingborgu.","og_url":"https:\/\/dmcsrb.com\/en\/sport\/bakic-vicesampion-evrope\/","og_site_name":"dmcsrb.com","article_published_time":"2025-11-23T13:23:00+00:00","og_image":[{"width":1600,"height":1200,"url":"https:\/\/dmcsrb.com\/wp-content\/uploads\/2026\/01\/Luka-Bakic-POK-.webp","type":"image\/jpeg"}],"author":"dmcsrbija.com@gmail.com","twitter_card":"summary_large_image","twitter_misc":{"Written by":"dmcsrbija.com@gmail.com","Estimated reading time":"2 minutes"},"schema":{"@context":"https:\/\/schema.org","@graph":[{"@type":"Article","@id":"https:\/\/dmcsrb.com\/en\/sport\/bakic-vicesampion-evrope\/#article","isPartOf":{"@id":"https:\/\/dmcsrb.com\/en\/sport\/bakic-vicesampion-evrope\/"},"author":{"name":"dmcsrbija.com@gmail.com","@id":"https:\/\/dmcsrb.com\/#\/schema\/person\/5c39170f12db1b8b457732d0b5c854e2"},"headline":"Baki\u0107 vice\u0161ampion Evrope","datePublished":"2025-11-23T13:23:00+00:00","mainEntityOfPage":{"@id":"https:\/\/dmcsrb.com\/en\/sport\/bakic-vicesampion-evrope\/"},"wordCount":490,"commentCount":0,"image":{"@id":"https:\/\/dmcsrb.com\/en\/sport\/bakic-vicesampion-evrope\/#primaryimage"},"thumbnailUrl":"https:\/\/dmcsrb.com\/wp-content\/uploads\/2026\/01\/Luka-Bakic-POK-.webp","keywords":["Evropsko prvenstvo u Helsinborgu","Luka Baki\u0107","parastoni tenis","POK","vice\u0161ampion"],"articleSection":["Sport"],"inLanguage":"en-GB","potentialAction":[{"@type":"CommentAction","name":"Comment","target":["https:\/\/dmcsrb.com\/en\/sport\/bakic-vicesampion-evrope\/#respond"]}]},{"@type":"WebPage","@id":"https:\/\/dmcsrb.com\/en\/sport\/bakic-vicesampion-evrope\/","url":"https:\/\/dmcsrb.com\/en\/sport\/bakic-vicesampion-evrope\/","name":"Baki\u0107 vice\u0161ampion Evrope - dmcsrb.com","isPartOf":{"@id":"https:\/\/dmcsrb.com\/#website"},"primaryImageOfPage":{"@id":"https:\/\/dmcsrb.com\/en\/sport\/bakic-vicesampion-evrope\/#primaryimage"},"image":{"@id":"https:\/\/dmcsrb.com\/en\/sport\/bakic-vicesampion-evrope\/#primaryimage"},"thumbnailUrl":"https:\/\/dmcsrb.com\/wp-content\/uploads\/2026\/01\/Luka-Bakic-POK-.webp","datePublished":"2025-11-23T13:23:00+00:00","author":{"@id":"https:\/\/dmcsrb.com\/#\/schema\/person\/5c39170f12db1b8b457732d0b5c854e2"},"breadcrumb":{"@id":"https:\/\/dmcsrb.com\/en\/sport\/bakic-vicesampion-evrope\/#breadcrumb"},"inLanguage":"en-GB","potentialAction":[{"@type":"ReadAction","target":["https:\/\/dmcsrb.com\/en\/sport\/bakic-vicesampion-evrope\/"]}]},{"@type":"ImageObject","inLanguage":"en-GB","@id":"https:\/\/dmcsrb.com\/en\/sport\/bakic-vicesampion-evrope\/#primaryimage","url":"https:\/\/dmcsrb.com\/wp-content\/uploads\/2026\/01\/Luka-Bakic-POK-.webp","contentUrl":"https:\/\/dmcsrb.com\/wp-content\/uploads\/2026\/01\/Luka-Bakic-POK-.webp","width":1600,"height":1200},{"@type":"BreadcrumbList","@id":"https:\/\/dmcsrb.com\/en\/sport\/bakic-vicesampion-evrope\/#breadcrumb","itemListElement":[{"@type":"ListItem","position":1,"name":"Home","item":"https:\/\/dmcsrb.com\/"},{"@type":"ListItem","position":2,"name":"Baki\u0107 vice\u0161ampion Evrope"}]},{"@type":"WebSite","@id":"https:\/\/dmcsrb.com\/#website","url":"https:\/\/dmcsrb.com\/","name":"dmcsrb.com","description":"","potentialAction":[{"@type":"SearchAction","target":{"@type":"EntryPoint","urlTemplate":"https:\/\/dmcsrb.com\/?s={search_term_string}"},"query-input":{"@type":"PropertyValueSpecification","valueRequired":true,"valueName":"search_term_string"}}],"inLanguage":"en-GB"},{"@type":"Person","@id":"https:\/\/dmcsrb.com\/#\/schema\/person\/5c39170f12db1b8b457732d0b5c854e2","name":"dmcsrbija.com@gmail.com","image":{"@type":"ImageObject","inLanguage":"en-GB","@id":"https:\/\/secure.gravatar.com\/avatar\/68592660ad6347fad0fb587f8d5d8f1a7b44961362f56e4f2cd524feb87e9069?s=96&d=mm&r=g","url":"https:\/\/secure.gravatar.com\/avatar\/68592660ad6347fad0fb587f8d5d8f1a7b44961362f56e4f2cd524feb87e9069?s=96&d=mm&r=g","contentUrl":"https:\/\/secure.gravatar.com\/avatar\/68592660ad6347fad0fb587f8d5d8f1a7b44961362f56e4f2cd524feb87e9069?s=96&d=mm&r=g","caption":"dmcsrbija.com@gmail.com"},"sameAs":["https:\/\/dmcsrb.com"],"url":"https:\/\/dmcsrb.com\/en\/author\/dmcsrbija-comgmail-com\/"}]}},"_links":{"self":[{"href":"https:\/\/dmcsrb.com\/en\/wp-json\/wp\/v2\/posts\/965191","targetHints":{"allow":["GET"]}}],"collection":[{"href":"https:\/\/dmcsrb.com\/en\/wp-json\/wp\/v2\/posts"}],"about":[{"href":"https:\/\/dmcsrb.com\/en\/wp-json\/wp\/v2\/types\/post"}],"author":[{"embeddable":true,"href":"https:\/\/dmcsrb.com\/en\/wp-json\/wp\/v2\/users\/1"}],"replies":[{"embeddable":true,"href":"https:\/\/dmcsrb.com\/en\/wp-json\/wp\/v2\/comments?post=965191"}],"version-history":[{"count":0,"href":"https:\/\/dmcsrb.com\/en\/wp-json\/wp\/v2\/posts\/965191\/revisions"}],"wp:featuredmedia":[{"embeddable":true,"href":"https:\/\/dmcsrb.com\/en\/wp-json\/wp\/v2\/media\/965192"}],"wp:attachment":[{"href":"https:\/\/dmcsrb.com\/en\/wp-json\/wp\/v2\/media?parent=965191"}],"wp:term":[{"taxonomy":"category","embeddable":true,"href":"https:\/\/dmcsrb.com\/en\/wp-json\/wp\/v2\/categories?post=965191"},{"taxonomy":"post_tag","embeddable":true,"href":"https:\/\/dmcsrb.com\/en\/wp-json\/wp\/v2\/tags?post=965191"},{"taxonomy":"naslovna","embeddable":true,"href":"https:\/\/dmcsrb.com\/en\/wp-json\/wp\/v2\/naslovna?post=965191"}],"curies":[{"name":"wp","href":"https:\/\/api.w.org\/{rel}","templated":true}]}}