{"id":965119,"date":"2025-11-22T20:42:00","date_gmt":"2025-11-22T19:42:00","guid":{"rendered":"https:\/\/dmcsrb.com\/uncategorized\/carapic-zasto-ne-referendum-o-otvorenim-listama-do-juna-rakocevic-referendum-nije-rjesenje\/"},"modified":"2025-11-22T20:42:00","modified_gmt":"2025-11-22T19:42:00","slug":"carapic-zasto-ne-referendum-o-otvorenim-listama-do-juna-rakocevic-referendum-nije-rjesenje","status":"publish","type":"post","link":"https:\/\/dmcsrb.com\/en\/politika\/carapic-zasto-ne-referendum-o-otvorenim-listama-do-juna-rakocevic-referendum-nije-rjesenje\/","title":{"rendered":"\u010carapi\u0107: Za\u0161to ne referendum o otvorenim listama do juna; Rako\u010devi\u0107: Referendum nije rje\u0161enje"},"content":{"rendered":"<p>\u010carapi\u0107 je rekao da EU od Crne Gore ne tra\u017ei uvo\u0111enje otvorenih lista, ali je naglasio da je to potrebno gra\u0111anima Crne Gore.<\/p>\n\n\n\n<p>&#8220;To je dobro za sve, pa i za one koji subjekte koji mo\u017eda misle da zbog svog na\u010dina djelovanja otvorene liste nijesu rje\u0161enje. Mislim da se ovako politi\u010dke strukture dodatno pribli\u017eavaju gra\u0111anima&#8221;, rekao je \u010carapi\u0107.<\/p>\n\n\n\n<p>On je istakao da je Crna Gora napravila velike iskorake u julu, kroz po\u010detne izborne reforme, u prvom redu, lokalne izbore u jednom danu. Naglasio je da sada nemamo partijske izbore organe, ve\u0107 Centralnu izbornu komisiju, koja treba da bude potpuno profesionalna.<\/p>\n\n\n\n<p>\u010carapi\u0107 je naveo da ne vidi za\u0161to se o otvorenim listama ne bi gra\u0111ani izjasnili i na referendumu, ako nema konsenzusa u parlamentu. Po\u0161to nema promjene izbornih zakona godinu pred izbore (zakazani za jun 2027.), \u010carapi\u0107 se pita za\u0161to ne bismo imali referendum prije juna idu\u0107e godine.<\/p>\n\n\n\n<p>&#8220;Primjenom ovog modela, mislim da se pove\u0107ava povjerenje u politiku&#8221;, rekao je \u010carapi\u0107.<\/p>\n\n\n\n<p>Rako\u010devi\u0107 je rekao da ne vidi za\u0161to nam uop\u0161te treba referendum ako svi u Crnoj Gori podr\u017eavaju otvorene liste.<\/p>\n\n\n\n<p>&#8220;Volio bih da \u010dujem argumente za\u0161to je neko protiv uvo\u0111enja otvorenih lista&#8221;, rekao je Rako\u010devi\u0107.<\/p>\n\n\n\n<p>On je kazao da je otimista, i vjeruje da u opoziciji niko nije protiv otvorenih lista.<\/p>\n\n\n\n<p>&#8220;Mo\u017eda samo tra\u017ee bolji trenutak. Ja mislim da boljeg trenutka nema. Pravila u odboru za izbornu reformu su takva da odluke donosimo konsenzusom. Mislim da vremena ima, kroz kampanje i edukacije, da do\u0111emo do optimalnih rje\u0161enja&#8221;, rekao je Rako\u010devi\u0107.<\/p>\n\n\n\n<p>Vezano za prikuljanje potpisa podr\u0161ke listama i kandidatima, on je kazao da se moraju jasno odrediti pravila, i da se to pitanje mora sistemski urediti.<\/p>\n\n\n\n<p>&#8220;U Podgorici, desilo se da kandidat sa jedne liste, po dokumentima, daje podr\u0161ku drugoj listi. Mislim da je jasno o \u010demu se radi. Bez potpisa podr\u0161ke nema prijave liste a zamislite da da neko falsifikuje prijavu liste&#8221;, upozorio je Rako\u010devi\u0107.<\/p>\n\n\n\n<p>Veskovi\u0107 je kazala da je potrebno odrediti pravila za eventualni referendum, posebno kako bi glasilo pitanje i koja ve\u0107ina je dovoljna.<\/p>\n\n\n\n<p>&#8220;Pri tom, sve i da se odr\u017ei takav referendum, odluka se mora donijeti u parlamentu i mora o tome da se glasa na odboru&#8221;, rekla je Veskovi\u0107.<\/p>\n\n\n\n<p>Vezano za bira\u010dki spisak, istakla je da \u010dak i neka radikalna rje\u0161enja, kao \u0161to su detaljne terenske kontrole, treba ozbiljno uzeti u obzir.<\/p>\n\n\n\n<p><\/p>","protected":false},"excerpt":{"rendered":"<p>\u0160ef poslani\u010dkog kluba Evrope sad Vasilije \u010carapi\u0107 rekao je da ta stranka glasno podr\u017eava model otvorenih lista, ali je istakao da prema sada\u0161njem stanju, o tome u parlamentu te\u0161ko da mo\u017ee da bude konsenzusa. On je u emisiji &#8220;Okrugli sto&#8221; na TVCG kazao da vjeruje da \u0107e Radne grupe u okviru Odbora za sveobuhvatnu izbornu reformu do kraja godine zatvr\u0161iti posao i utvrditi nacrte preostalih izbornih zakona.<\/p>","protected":false},"author":1,"featured_media":965120,"comment_status":"open","ping_status":"open","sticky":false,"template":"","format":"standard","meta":{"_acf_changed":false,"footnotes":""},"categories":[12],"tags":[814,2928,2500],"naslovna":[],"class_list":["post-965119","post","type-post","status-publish","format-standard","has-post-thumbnail","hentry","category-politika","tag-izbori","tag-reforme","tag-vasilije-carapic"],"acf":[],"yoast_head":"<!-- This site is optimized with the Yoast SEO plugin v27.0 - https:\/\/yoast.com\/product\/yoast-seo-wordpress\/ -->\n<title>\u010carapi\u0107: Za\u0161to ne referendum o otvorenim listama do juna; Rako\u010devi\u0107: Referendum nije rje\u0161enje - dmcsrb.com<\/title>\n<meta name=\"robots\" content=\"index, follow, max-snippet:-1, max-image-preview:large, max-video-preview:-1\" \/>\n<link rel=\"canonical\" href=\"https:\/\/dmcsrb.com\/en\/politika\/carapic-zasto-ne-referendum-o-otvorenim-listama-do-juna-rakocevic-referendum-nije-rjesenje\/\" \/>\n<meta property=\"og:locale\" content=\"en_GB\" \/>\n<meta property=\"og:type\" content=\"article\" \/>\n<meta property=\"og:title\" content=\"\u010carapi\u0107: Za\u0161to ne referendum o otvorenim listama do juna; Rako\u010devi\u0107: Referendum nije rje\u0161enje - dmcsrb.com\" \/>\n<meta property=\"og:description\" content=\"\u0160ef poslani\u010dkog kluba Evrope sad Vasilije \u010carapi\u0107 rekao je da ta stranka glasno podr\u017eava model otvorenih lista, ali je istakao da prema sada\u0161njem stanju, o tome u parlamentu te\u0161ko da mo\u017ee da bude konsenzusa. On je u emisiji &quot;Okrugli sto&quot; na TVCG kazao da vjeruje da \u0107e Radne grupe u okviru Odbora za sveobuhvatnu izbornu reformu do kraja godine zatvr\u0161iti posao i utvrditi nacrte preostalih izbornih zakona.\" \/>\n<meta property=\"og:url\" content=\"https:\/\/dmcsrb.com\/en\/politika\/carapic-zasto-ne-referendum-o-otvorenim-listama-do-juna-rakocevic-referendum-nije-rjesenje\/\" \/>\n<meta property=\"og:site_name\" content=\"dmcsrb.com\" \/>\n<meta property=\"article:published_time\" content=\"2025-11-22T19:42:00+00:00\" \/>\n<meta property=\"og:image\" content=\"https:\/\/dmcsrb.com\/wp-content\/uploads\/2026\/01\/Vasilije-Carapic-foto-gradski-me.webp\" \/>\n\t<meta property=\"og:image:width\" content=\"1324\" \/>\n\t<meta property=\"og:image:height\" content=\"796\" \/>\n\t<meta property=\"og:image:type\" content=\"image\/jpeg\" \/>\n<meta name=\"author\" content=\"dmcsrbija.com@gmail.com\" \/>\n<meta name=\"twitter:card\" content=\"summary_large_image\" \/>\n<meta name=\"twitter:label1\" content=\"Written by\" \/>\n\t<meta name=\"twitter:data1\" content=\"dmcsrbija.com@gmail.com\" \/>\n\t<meta name=\"twitter:label2\" content=\"Estimated reading time\" \/>\n\t<meta name=\"twitter:data2\" content=\"2 minutes\" \/>\n<script type=\"application\/ld+json\" class=\"yoast-schema-graph\">{\"@context\":\"https:\/\/schema.org\",\"@graph\":[{\"@type\":\"Article\",\"@id\":\"https:\/\/dmcsrb.com\/politika\/carapic-zasto-ne-referendum-o-otvorenim-listama-do-juna-rakocevic-referendum-nije-rjesenje\/#article\",\"isPartOf\":{\"@id\":\"https:\/\/dmcsrb.com\/politika\/carapic-zasto-ne-referendum-o-otvorenim-listama-do-juna-rakocevic-referendum-nije-rjesenje\/\"},\"author\":{\"name\":\"dmcsrbija.com@gmail.com\",\"@id\":\"https:\/\/dmcsrb.com\/#\/schema\/person\/5c39170f12db1b8b457732d0b5c854e2\"},\"headline\":\"\u010carapi\u0107: Za\u0161to ne referendum o otvorenim listama do juna; Rako\u010devi\u0107: Referendum nije rje\u0161enje\",\"datePublished\":\"2025-11-22T19:42:00+00:00\",\"mainEntityOfPage\":{\"@id\":\"https:\/\/dmcsrb.com\/politika\/carapic-zasto-ne-referendum-o-otvorenim-listama-do-juna-rakocevic-referendum-nije-rjesenje\/\"},\"wordCount\":436,\"commentCount\":0,\"image\":{\"@id\":\"https:\/\/dmcsrb.com\/politika\/carapic-zasto-ne-referendum-o-otvorenim-listama-do-juna-rakocevic-referendum-nije-rjesenje\/#primaryimage\"},\"thumbnailUrl\":\"https:\/\/dmcsrb.com\/wp-content\/uploads\/2026\/01\/Vasilije-Carapic-foto-gradski-me.webp\",\"keywords\":[\"Izbori\",\"reforme\",\"Vasilije \u010carapi\u0107\"],\"articleSection\":[\"Politika\"],\"inLanguage\":\"en-GB\",\"potentialAction\":[{\"@type\":\"CommentAction\",\"name\":\"Comment\",\"target\":[\"https:\/\/dmcsrb.com\/politika\/carapic-zasto-ne-referendum-o-otvorenim-listama-do-juna-rakocevic-referendum-nije-rjesenje\/#respond\"]}]},{\"@type\":\"WebPage\",\"@id\":\"https:\/\/dmcsrb.com\/politika\/carapic-zasto-ne-referendum-o-otvorenim-listama-do-juna-rakocevic-referendum-nije-rjesenje\/\",\"url\":\"https:\/\/dmcsrb.com\/politika\/carapic-zasto-ne-referendum-o-otvorenim-listama-do-juna-rakocevic-referendum-nije-rjesenje\/\",\"name\":\"\u010carapi\u0107: Za\u0161to ne referendum o otvorenim listama do juna; Rako\u010devi\u0107: Referendum nije rje\u0161enje - dmcsrb.com\",\"isPartOf\":{\"@id\":\"https:\/\/dmcsrb.com\/#website\"},\"primaryImageOfPage\":{\"@id\":\"https:\/\/dmcsrb.com\/politika\/carapic-zasto-ne-referendum-o-otvorenim-listama-do-juna-rakocevic-referendum-nije-rjesenje\/#primaryimage\"},\"image\":{\"@id\":\"https:\/\/dmcsrb.com\/politika\/carapic-zasto-ne-referendum-o-otvorenim-listama-do-juna-rakocevic-referendum-nije-rjesenje\/#primaryimage\"},\"thumbnailUrl\":\"https:\/\/dmcsrb.com\/wp-content\/uploads\/2026\/01\/Vasilije-Carapic-foto-gradski-me.webp\",\"datePublished\":\"2025-11-22T19:42:00+00:00\",\"author\":{\"@id\":\"https:\/\/dmcsrb.com\/#\/schema\/person\/5c39170f12db1b8b457732d0b5c854e2\"},\"breadcrumb\":{\"@id\":\"https:\/\/dmcsrb.com\/politika\/carapic-zasto-ne-referendum-o-otvorenim-listama-do-juna-rakocevic-referendum-nije-rjesenje\/#breadcrumb\"},\"inLanguage\":\"en-GB\",\"potentialAction\":[{\"@type\":\"ReadAction\",\"target\":[\"https:\/\/dmcsrb.com\/politika\/carapic-zasto-ne-referendum-o-otvorenim-listama-do-juna-rakocevic-referendum-nije-rjesenje\/\"]}]},{\"@type\":\"ImageObject\",\"inLanguage\":\"en-GB\",\"@id\":\"https:\/\/dmcsrb.com\/politika\/carapic-zasto-ne-referendum-o-otvorenim-listama-do-juna-rakocevic-referendum-nije-rjesenje\/#primaryimage\",\"url\":\"https:\/\/dmcsrb.com\/wp-content\/uploads\/2026\/01\/Vasilije-Carapic-foto-gradski-me.webp\",\"contentUrl\":\"https:\/\/dmcsrb.com\/wp-content\/uploads\/2026\/01\/Vasilije-Carapic-foto-gradski-me.webp\",\"width\":1324,\"height\":796},{\"@type\":\"BreadcrumbList\",\"@id\":\"https:\/\/dmcsrb.com\/politika\/carapic-zasto-ne-referendum-o-otvorenim-listama-do-juna-rakocevic-referendum-nije-rjesenje\/#breadcrumb\",\"itemListElement\":[{\"@type\":\"ListItem\",\"position\":1,\"name\":\"Home\",\"item\":\"https:\/\/dmcsrb.com\/\"},{\"@type\":\"ListItem\",\"position\":2,\"name\":\"\u010carapi\u0107: Za\u0161to ne referendum o otvorenim listama do juna; Rako\u010devi\u0107: Referendum nije rje\u0161enje\"}]},{\"@type\":\"WebSite\",\"@id\":\"https:\/\/dmcsrb.com\/#website\",\"url\":\"https:\/\/dmcsrb.com\/\",\"name\":\"dmcsrb.com\",\"description\":\"\",\"potentialAction\":[{\"@type\":\"SearchAction\",\"target\":{\"@type\":\"EntryPoint\",\"urlTemplate\":\"https:\/\/dmcsrb.com\/?s={search_term_string}\"},\"query-input\":{\"@type\":\"PropertyValueSpecification\",\"valueRequired\":true,\"valueName\":\"search_term_string\"}}],\"inLanguage\":\"en-GB\"},{\"@type\":\"Person\",\"@id\":\"https:\/\/dmcsrb.com\/#\/schema\/person\/5c39170f12db1b8b457732d0b5c854e2\",\"name\":\"dmcsrbija.com@gmail.com\",\"image\":{\"@type\":\"ImageObject\",\"inLanguage\":\"en-GB\",\"@id\":\"https:\/\/dmcsrb.com\/#\/schema\/person\/image\/\",\"url\":\"https:\/\/secure.gravatar.com\/avatar\/68592660ad6347fad0fb587f8d5d8f1a7b44961362f56e4f2cd524feb87e9069?s=96&d=mm&r=g\",\"contentUrl\":\"https:\/\/secure.gravatar.com\/avatar\/68592660ad6347fad0fb587f8d5d8f1a7b44961362f56e4f2cd524feb87e9069?s=96&d=mm&r=g\",\"caption\":\"dmcsrbija.com@gmail.com\"},\"sameAs\":[\"https:\/\/dmcsrb.com\"],\"url\":\"https:\/\/dmcsrb.com\/en\/author\/dmcsrbija-comgmail-com\/\"}]}<\/script>\n<!-- \/ Yoast SEO plugin. -->","yoast_head_json":{"title":"\u010carapi\u0107: Za\u0161to ne referendum o otvorenim listama do juna; Rako\u010devi\u0107: Referendum nije rje\u0161enje - dmcsrb.com","robots":{"index":"index","follow":"follow","max-snippet":"max-snippet:-1","max-image-preview":"max-image-preview:large","max-video-preview":"max-video-preview:-1"},"canonical":"https:\/\/dmcsrb.com\/en\/politika\/carapic-zasto-ne-referendum-o-otvorenim-listama-do-juna-rakocevic-referendum-nije-rjesenje\/","og_locale":"en_GB","og_type":"article","og_title":"\u010carapi\u0107: Za\u0161to ne referendum o otvorenim listama do juna; Rako\u010devi\u0107: Referendum nije rje\u0161enje - dmcsrb.com","og_description":"\u0160ef poslani\u010dkog kluba Evrope sad Vasilije \u010carapi\u0107 rekao je da ta stranka glasno podr\u017eava model otvorenih lista, ali je istakao da prema sada\u0161njem stanju, o tome u parlamentu te\u0161ko da mo\u017ee da bude konsenzusa. On je u emisiji \"Okrugli sto\" na TVCG kazao da vjeruje da \u0107e Radne grupe u okviru Odbora za sveobuhvatnu izbornu reformu do kraja godine zatvr\u0161iti posao i utvrditi nacrte preostalih izbornih zakona.","og_url":"https:\/\/dmcsrb.com\/en\/politika\/carapic-zasto-ne-referendum-o-otvorenim-listama-do-juna-rakocevic-referendum-nije-rjesenje\/","og_site_name":"dmcsrb.com","article_published_time":"2025-11-22T19:42:00+00:00","og_image":[{"width":1324,"height":796,"url":"https:\/\/dmcsrb.com\/wp-content\/uploads\/2026\/01\/Vasilije-Carapic-foto-gradski-me.webp","type":"image\/jpeg"}],"author":"dmcsrbija.com@gmail.com","twitter_card":"summary_large_image","twitter_misc":{"Written by":"dmcsrbija.com@gmail.com","Estimated reading time":"2 minutes"},"schema":{"@context":"https:\/\/schema.org","@graph":[{"@type":"Article","@id":"https:\/\/dmcsrb.com\/politika\/carapic-zasto-ne-referendum-o-otvorenim-listama-do-juna-rakocevic-referendum-nije-rjesenje\/#article","isPartOf":{"@id":"https:\/\/dmcsrb.com\/politika\/carapic-zasto-ne-referendum-o-otvorenim-listama-do-juna-rakocevic-referendum-nije-rjesenje\/"},"author":{"name":"dmcsrbija.com@gmail.com","@id":"https:\/\/dmcsrb.com\/#\/schema\/person\/5c39170f12db1b8b457732d0b5c854e2"},"headline":"\u010carapi\u0107: Za\u0161to ne referendum o otvorenim listama do juna; Rako\u010devi\u0107: Referendum nije rje\u0161enje","datePublished":"2025-11-22T19:42:00+00:00","mainEntityOfPage":{"@id":"https:\/\/dmcsrb.com\/politika\/carapic-zasto-ne-referendum-o-otvorenim-listama-do-juna-rakocevic-referendum-nije-rjesenje\/"},"wordCount":436,"commentCount":0,"image":{"@id":"https:\/\/dmcsrb.com\/politika\/carapic-zasto-ne-referendum-o-otvorenim-listama-do-juna-rakocevic-referendum-nije-rjesenje\/#primaryimage"},"thumbnailUrl":"https:\/\/dmcsrb.com\/wp-content\/uploads\/2026\/01\/Vasilije-Carapic-foto-gradski-me.webp","keywords":["Izbori","reforme","Vasilije \u010carapi\u0107"],"articleSection":["Politika"],"inLanguage":"en-GB","potentialAction":[{"@type":"CommentAction","name":"Comment","target":["https:\/\/dmcsrb.com\/politika\/carapic-zasto-ne-referendum-o-otvorenim-listama-do-juna-rakocevic-referendum-nije-rjesenje\/#respond"]}]},{"@type":"WebPage","@id":"https:\/\/dmcsrb.com\/politika\/carapic-zasto-ne-referendum-o-otvorenim-listama-do-juna-rakocevic-referendum-nije-rjesenje\/","url":"https:\/\/dmcsrb.com\/politika\/carapic-zasto-ne-referendum-o-otvorenim-listama-do-juna-rakocevic-referendum-nije-rjesenje\/","name":"\u010carapi\u0107: Za\u0161to ne referendum o otvorenim listama do juna; Rako\u010devi\u0107: Referendum nije rje\u0161enje - dmcsrb.com","isPartOf":{"@id":"https:\/\/dmcsrb.com\/#website"},"primaryImageOfPage":{"@id":"https:\/\/dmcsrb.com\/politika\/carapic-zasto-ne-referendum-o-otvorenim-listama-do-juna-rakocevic-referendum-nije-rjesenje\/#primaryimage"},"image":{"@id":"https:\/\/dmcsrb.com\/politika\/carapic-zasto-ne-referendum-o-otvorenim-listama-do-juna-rakocevic-referendum-nije-rjesenje\/#primaryimage"},"thumbnailUrl":"https:\/\/dmcsrb.com\/wp-content\/uploads\/2026\/01\/Vasilije-Carapic-foto-gradski-me.webp","datePublished":"2025-11-22T19:42:00+00:00","author":{"@id":"https:\/\/dmcsrb.com\/#\/schema\/person\/5c39170f12db1b8b457732d0b5c854e2"},"breadcrumb":{"@id":"https:\/\/dmcsrb.com\/politika\/carapic-zasto-ne-referendum-o-otvorenim-listama-do-juna-rakocevic-referendum-nije-rjesenje\/#breadcrumb"},"inLanguage":"en-GB","potentialAction":[{"@type":"ReadAction","target":["https:\/\/dmcsrb.com\/politika\/carapic-zasto-ne-referendum-o-otvorenim-listama-do-juna-rakocevic-referendum-nije-rjesenje\/"]}]},{"@type":"ImageObject","inLanguage":"en-GB","@id":"https:\/\/dmcsrb.com\/politika\/carapic-zasto-ne-referendum-o-otvorenim-listama-do-juna-rakocevic-referendum-nije-rjesenje\/#primaryimage","url":"https:\/\/dmcsrb.com\/wp-content\/uploads\/2026\/01\/Vasilije-Carapic-foto-gradski-me.webp","contentUrl":"https:\/\/dmcsrb.com\/wp-content\/uploads\/2026\/01\/Vasilije-Carapic-foto-gradski-me.webp","width":1324,"height":796},{"@type":"BreadcrumbList","@id":"https:\/\/dmcsrb.com\/politika\/carapic-zasto-ne-referendum-o-otvorenim-listama-do-juna-rakocevic-referendum-nije-rjesenje\/#breadcrumb","itemListElement":[{"@type":"ListItem","position":1,"name":"Home","item":"https:\/\/dmcsrb.com\/"},{"@type":"ListItem","position":2,"name":"\u010carapi\u0107: Za\u0161to ne referendum o otvorenim listama do juna; Rako\u010devi\u0107: Referendum nije rje\u0161enje"}]},{"@type":"WebSite","@id":"https:\/\/dmcsrb.com\/#website","url":"https:\/\/dmcsrb.com\/","name":"dmcsrb.com","description":"","potentialAction":[{"@type":"SearchAction","target":{"@type":"EntryPoint","urlTemplate":"https:\/\/dmcsrb.com\/?s={search_term_string}"},"query-input":{"@type":"PropertyValueSpecification","valueRequired":true,"valueName":"search_term_string"}}],"inLanguage":"en-GB"},{"@type":"Person","@id":"https:\/\/dmcsrb.com\/#\/schema\/person\/5c39170f12db1b8b457732d0b5c854e2","name":"dmcsrbija.com@gmail.com","image":{"@type":"ImageObject","inLanguage":"en-GB","@id":"https:\/\/dmcsrb.com\/#\/schema\/person\/image\/","url":"https:\/\/secure.gravatar.com\/avatar\/68592660ad6347fad0fb587f8d5d8f1a7b44961362f56e4f2cd524feb87e9069?s=96&d=mm&r=g","contentUrl":"https:\/\/secure.gravatar.com\/avatar\/68592660ad6347fad0fb587f8d5d8f1a7b44961362f56e4f2cd524feb87e9069?s=96&d=mm&r=g","caption":"dmcsrbija.com@gmail.com"},"sameAs":["https:\/\/dmcsrb.com"],"url":"https:\/\/dmcsrb.com\/en\/author\/dmcsrbija-comgmail-com\/"}]}},"_links":{"self":[{"href":"https:\/\/dmcsrb.com\/en\/wp-json\/wp\/v2\/posts\/965119","targetHints":{"allow":["GET"]}}],"collection":[{"href":"https:\/\/dmcsrb.com\/en\/wp-json\/wp\/v2\/posts"}],"about":[{"href":"https:\/\/dmcsrb.com\/en\/wp-json\/wp\/v2\/types\/post"}],"author":[{"embeddable":true,"href":"https:\/\/dmcsrb.com\/en\/wp-json\/wp\/v2\/users\/1"}],"replies":[{"embeddable":true,"href":"https:\/\/dmcsrb.com\/en\/wp-json\/wp\/v2\/comments?post=965119"}],"version-history":[{"count":0,"href":"https:\/\/dmcsrb.com\/en\/wp-json\/wp\/v2\/posts\/965119\/revisions"}],"wp:featuredmedia":[{"embeddable":true,"href":"https:\/\/dmcsrb.com\/en\/wp-json\/wp\/v2\/media\/965120"}],"wp:attachment":[{"href":"https:\/\/dmcsrb.com\/en\/wp-json\/wp\/v2\/media?parent=965119"}],"wp:term":[{"taxonomy":"category","embeddable":true,"href":"https:\/\/dmcsrb.com\/en\/wp-json\/wp\/v2\/categories?post=965119"},{"taxonomy":"post_tag","embeddable":true,"href":"https:\/\/dmcsrb.com\/en\/wp-json\/wp\/v2\/tags?post=965119"},{"taxonomy":"naslovna","embeddable":true,"href":"https:\/\/dmcsrb.com\/en\/wp-json\/wp\/v2\/naslovna?post=965119"}],"curies":[{"name":"wp","href":"https:\/\/api.w.org\/{rel}","templated":true}]}}