{"id":965112,"date":"2025-11-22T22:00:00","date_gmt":"2025-11-22T21:00:00","guid":{"rendered":"https:\/\/dmcsrb.com\/uncategorized\/uhapsen-bivsi-predsjednik-brazila-zair-bolsonaro\/"},"modified":"2025-11-22T22:00:00","modified_gmt":"2025-11-22T21:00:00","slug":"uhapsen-bivsi-predsjednik-brazila-zair-bolsonaro","status":"publish","type":"post","link":"https:\/\/dmcsrb.com\/en\/svijet\/uhapsen-bivsi-predsjednik-brazila-zair-bolsonaro\/","title":{"rendered":"Uhap\u0161en biv\u0161i predsjednik Brazila \u017dair Bolsonaro"},"content":{"rendered":"<p>Biv\u0161i predsednik Brazila \u017dair Bolsonaro uhap\u0161en je u svojoj vili u glavnom gradu Braziliji, saop\u0161tila je policija te ju\u017enoameri\u010dke dr\u017eave.<br><\/p>\n\n\n\n<p>\u201eSproveden je preventivni nalog za hap\u0161enje koji je odobrio Vrhovni savezni sud\u201d, navodi se u policijskom saop\u0161tenju.<\/p>\n\n\n\n<p><br>Neimenovani izvor izjavio je za Rojters da je preventivna mjera vezana za uslove Bolsonarovog ku\u0107nog pritvora, prenosi Radio Slobodna Evropa.<br><\/p>\n\n\n\n<p>Brazilski mediji naveli su da je Bolsonaro odveden u bazu savezne policije nedaleko od predsjedni\u010dke palate, prenosi Gardijan.<br><\/p>\n\n\n\n<p>Njegove pristalice saop\u0161tile su da \u0107e se okupiti ispred luksuznog doma u kom Bolsonaro \u017eivi u ku\u0107nom pritvoru od avgusta.<br><\/p>\n\n\n\n<p>Bolsonaro je u septembru osu\u0111en na 27 godina i tri mjeseca zatvora zbog organizovanja pu\u010da kako bi se sprije\u010dilo da pobjednik izbora 2022. Luiz Inasio Lula da Silva preuzme vlast.<br><\/p>\n\n\n\n<p>Sud jo\u0161 nije odredio zatvorsku kaznu za Bolsonara jer je u toku niz sudskih postupaka i \u017ealbi<br>.<\/p>\n\n\n\n<p>Bolsonaro se vi\u0161e od tri mjeseca nalazio u strogom ku\u0107nom pritvoru u odvojenom slu\u010daju u kom se tereti da je navodno poku\u0161ao da uti\u010de na Sjedinjene Ameri\u010dke Dr\u017eave (SAD) da zaustave krivi\u010dni postupak protiv njega.<br><\/p>\n\n\n\n<p>Po\u010detkom septembra Vije\u0107e Vrhovnog suda Brazila osudilo je Bolsonara zbog planiranja dr\u017eavnog udara kako bi ostao na vlasti nakon poraza na izborima 2022.<br><\/p>\n\n\n\n<p>\u201eBolsonaro je poku\u0161ao da uni\u0161ti osnovne stubove demokratske vladavine prava, a najte\u017ea posljedica toga bila bi povratak diktature u Brazil\u201d, rekao je tada sudija Vrhovnog suda Aleksandre de Morae\u0161.<br><\/p>\n\n\n\n<p>Bolsonaro je optu\u017een za u\u010de\u0161\u0107e u naoru\u017eanoj organizaciji, poku\u0161aj nasilnog ukidanja demokratije, organizovanje dr\u017eavnog udara i o\u0161te\u0107enje vladine imovine i kulturnih dobara.<br><\/p>\n\n\n\n<p>\u201eAdekvatno \u0107emo odgovoriti na ovaj lov na vje\u0161tice\u201d, kazao je povodom presude Bolsonaru dr\u017eavni sekretar SAD Marko Rubio.<br><\/p>\n\n\n\n<p>Advokati \u017daira Bolsonara tvrdili su da je nevin po svim ta\u010dkama optu\u017enice.<\/p>","protected":false},"excerpt":{"rendered":"<p>Biv\u0161i predsednik Brazila \u017dair Bolsonaro uhap\u0161en je u svojoj vili u glavnom gradu Braziliji, saop\u0161tila je policija te ju\u017enoameri\u010dke dr\u017eave.<\/p>","protected":false},"author":1,"featured_media":951647,"comment_status":"open","ping_status":"open","sticky":false,"template":"","format":"standard","meta":{"_acf_changed":false,"footnotes":""},"categories":[144],"tags":[15196,179,82],"naslovna":[],"class_list":["post-965112","post","type-post","status-publish","format-standard","has-post-thumbnail","hentry","category-svijet","tag-bolsonaro","tag-brazil","tag-hapsenje"],"acf":[],"yoast_head":"<!-- This site is optimized with the Yoast SEO plugin v27.4 - https:\/\/yoast.com\/product\/yoast-seo-wordpress\/ -->\n<title>Uhap\u0161en biv\u0161i predsjednik Brazila \u017dair Bolsonaro - dmcsrb.com<\/title>\n<meta name=\"robots\" content=\"index, follow, max-snippet:-1, max-image-preview:large, max-video-preview:-1\" \/>\n<link rel=\"canonical\" href=\"https:\/\/dmcsrb.com\/en\/svijet\/uhapsen-bivsi-predsjednik-brazila-zair-bolsonaro\/\" \/>\n<meta property=\"og:locale\" content=\"en_GB\" \/>\n<meta property=\"og:type\" content=\"article\" \/>\n<meta property=\"og:title\" content=\"Uhap\u0161en biv\u0161i predsjednik Brazila \u017dair Bolsonaro - dmcsrb.com\" \/>\n<meta property=\"og:description\" content=\"Biv\u0161i predsednik Brazila \u017dair Bolsonaro uhap\u0161en je u svojoj vili u glavnom gradu Braziliji, saop\u0161tila je policija te ju\u017enoameri\u010dke dr\u017eave.\" \/>\n<meta property=\"og:url\" content=\"https:\/\/dmcsrb.com\/en\/svijet\/uhapsen-bivsi-predsjednik-brazila-zair-bolsonaro\/\" \/>\n<meta property=\"og:site_name\" content=\"dmcsrb.com\" \/>\n<meta property=\"article:published_time\" content=\"2025-11-22T21:00:00+00:00\" \/>\n<meta property=\"og:image\" content=\"https:\/\/dmcsrb.com\/wp-content\/uploads\/2026\/01\/o_1801100_1024.webp\" \/>\n\t<meta property=\"og:image:width\" content=\"1024\" \/>\n\t<meta property=\"og:image:height\" content=\"675\" \/>\n\t<meta property=\"og:image:type\" content=\"image\/jpeg\" \/>\n<meta name=\"author\" content=\"dmcsrbija.com@gmail.com\" \/>\n<meta name=\"twitter:card\" content=\"summary_large_image\" \/>\n<meta name=\"twitter:label1\" content=\"Written by\" \/>\n\t<meta name=\"twitter:data1\" content=\"dmcsrbija.com@gmail.com\" \/>\n\t<meta name=\"twitter:label2\" content=\"Estimated reading time\" \/>\n\t<meta name=\"twitter:data2\" content=\"2 minutes\" \/>\n<script type=\"application\/ld+json\" class=\"yoast-schema-graph\">{\"@context\":\"https:\\\/\\\/schema.org\",\"@graph\":[{\"@type\":\"Article\",\"@id\":\"https:\\\/\\\/dmcsrb.com\\\/svijet\\\/uhapsen-bivsi-predsjednik-brazila-zair-bolsonaro\\\/#article\",\"isPartOf\":{\"@id\":\"https:\\\/\\\/dmcsrb.com\\\/svijet\\\/uhapsen-bivsi-predsjednik-brazila-zair-bolsonaro\\\/\"},\"author\":{\"name\":\"dmcsrbija.com@gmail.com\",\"@id\":\"https:\\\/\\\/dmcsrb.com\\\/#\\\/schema\\\/person\\\/5c39170f12db1b8b457732d0b5c854e2\"},\"headline\":\"Uhap\u0161en biv\u0161i predsjednik Brazila \u017dair Bolsonaro\",\"datePublished\":\"2025-11-22T21:00:00+00:00\",\"mainEntityOfPage\":{\"@id\":\"https:\\\/\\\/dmcsrb.com\\\/svijet\\\/uhapsen-bivsi-predsjednik-brazila-zair-bolsonaro\\\/\"},\"wordCount\":327,\"commentCount\":0,\"image\":{\"@id\":\"https:\\\/\\\/dmcsrb.com\\\/svijet\\\/uhapsen-bivsi-predsjednik-brazila-zair-bolsonaro\\\/#primaryimage\"},\"thumbnailUrl\":\"https:\\\/\\\/dmcsrb.com\\\/wp-content\\\/uploads\\\/2026\\\/01\\\/o_1801100_1024.webp\",\"keywords\":[\"Bolsonaro\",\"Brazil\",\"hap\u0161enje\"],\"articleSection\":[\"Svijet\"],\"inLanguage\":\"en-GB\",\"potentialAction\":[{\"@type\":\"CommentAction\",\"name\":\"Comment\",\"target\":[\"https:\\\/\\\/dmcsrb.com\\\/svijet\\\/uhapsen-bivsi-predsjednik-brazila-zair-bolsonaro\\\/#respond\"]}]},{\"@type\":\"WebPage\",\"@id\":\"https:\\\/\\\/dmcsrb.com\\\/svijet\\\/uhapsen-bivsi-predsjednik-brazila-zair-bolsonaro\\\/\",\"url\":\"https:\\\/\\\/dmcsrb.com\\\/svijet\\\/uhapsen-bivsi-predsjednik-brazila-zair-bolsonaro\\\/\",\"name\":\"Uhap\u0161en biv\u0161i predsjednik Brazila \u017dair Bolsonaro - dmcsrb.com\",\"isPartOf\":{\"@id\":\"https:\\\/\\\/dmcsrb.com\\\/#website\"},\"primaryImageOfPage\":{\"@id\":\"https:\\\/\\\/dmcsrb.com\\\/svijet\\\/uhapsen-bivsi-predsjednik-brazila-zair-bolsonaro\\\/#primaryimage\"},\"image\":{\"@id\":\"https:\\\/\\\/dmcsrb.com\\\/svijet\\\/uhapsen-bivsi-predsjednik-brazila-zair-bolsonaro\\\/#primaryimage\"},\"thumbnailUrl\":\"https:\\\/\\\/dmcsrb.com\\\/wp-content\\\/uploads\\\/2026\\\/01\\\/o_1801100_1024.webp\",\"datePublished\":\"2025-11-22T21:00:00+00:00\",\"author\":{\"@id\":\"https:\\\/\\\/dmcsrb.com\\\/#\\\/schema\\\/person\\\/5c39170f12db1b8b457732d0b5c854e2\"},\"breadcrumb\":{\"@id\":\"https:\\\/\\\/dmcsrb.com\\\/svijet\\\/uhapsen-bivsi-predsjednik-brazila-zair-bolsonaro\\\/#breadcrumb\"},\"inLanguage\":\"en-GB\",\"potentialAction\":[{\"@type\":\"ReadAction\",\"target\":[\"https:\\\/\\\/dmcsrb.com\\\/svijet\\\/uhapsen-bivsi-predsjednik-brazila-zair-bolsonaro\\\/\"]}]},{\"@type\":\"ImageObject\",\"inLanguage\":\"en-GB\",\"@id\":\"https:\\\/\\\/dmcsrb.com\\\/svijet\\\/uhapsen-bivsi-predsjednik-brazila-zair-bolsonaro\\\/#primaryimage\",\"url\":\"https:\\\/\\\/dmcsrb.com\\\/wp-content\\\/uploads\\\/2026\\\/01\\\/o_1801100_1024.webp\",\"contentUrl\":\"https:\\\/\\\/dmcsrb.com\\\/wp-content\\\/uploads\\\/2026\\\/01\\\/o_1801100_1024.webp\",\"width\":1024,\"height\":675},{\"@type\":\"BreadcrumbList\",\"@id\":\"https:\\\/\\\/dmcsrb.com\\\/svijet\\\/uhapsen-bivsi-predsjednik-brazila-zair-bolsonaro\\\/#breadcrumb\",\"itemListElement\":[{\"@type\":\"ListItem\",\"position\":1,\"name\":\"Home\",\"item\":\"https:\\\/\\\/dmcsrb.com\\\/\"},{\"@type\":\"ListItem\",\"position\":2,\"name\":\"Uhap\u0161en biv\u0161i predsjednik Brazila \u017dair Bolsonaro\"}]},{\"@type\":\"WebSite\",\"@id\":\"https:\\\/\\\/dmcsrb.com\\\/#website\",\"url\":\"https:\\\/\\\/dmcsrb.com\\\/\",\"name\":\"dmcsrb.com\",\"description\":\"\",\"potentialAction\":[{\"@type\":\"SearchAction\",\"target\":{\"@type\":\"EntryPoint\",\"urlTemplate\":\"https:\\\/\\\/dmcsrb.com\\\/?s={search_term_string}\"},\"query-input\":{\"@type\":\"PropertyValueSpecification\",\"valueRequired\":true,\"valueName\":\"search_term_string\"}}],\"inLanguage\":\"en-GB\"},{\"@type\":\"Person\",\"@id\":\"https:\\\/\\\/dmcsrb.com\\\/#\\\/schema\\\/person\\\/5c39170f12db1b8b457732d0b5c854e2\",\"name\":\"dmcsrbija.com@gmail.com\",\"image\":{\"@type\":\"ImageObject\",\"inLanguage\":\"en-GB\",\"@id\":\"https:\\\/\\\/secure.gravatar.com\\\/avatar\\\/68592660ad6347fad0fb587f8d5d8f1a7b44961362f56e4f2cd524feb87e9069?s=96&d=mm&r=g\",\"url\":\"https:\\\/\\\/secure.gravatar.com\\\/avatar\\\/68592660ad6347fad0fb587f8d5d8f1a7b44961362f56e4f2cd524feb87e9069?s=96&d=mm&r=g\",\"contentUrl\":\"https:\\\/\\\/secure.gravatar.com\\\/avatar\\\/68592660ad6347fad0fb587f8d5d8f1a7b44961362f56e4f2cd524feb87e9069?s=96&d=mm&r=g\",\"caption\":\"dmcsrbija.com@gmail.com\"},\"sameAs\":[\"https:\\\/\\\/dmcsrb.com\"],\"url\":\"https:\\\/\\\/dmcsrb.com\\\/en\\\/author\\\/dmcsrbija-comgmail-com\\\/\"}]}<\/script>\n<!-- \/ Yoast SEO plugin. -->","yoast_head_json":{"title":"Uhap\u0161en biv\u0161i predsjednik Brazila \u017dair Bolsonaro - dmcsrb.com","robots":{"index":"index","follow":"follow","max-snippet":"max-snippet:-1","max-image-preview":"max-image-preview:large","max-video-preview":"max-video-preview:-1"},"canonical":"https:\/\/dmcsrb.com\/en\/svijet\/uhapsen-bivsi-predsjednik-brazila-zair-bolsonaro\/","og_locale":"en_GB","og_type":"article","og_title":"Uhap\u0161en biv\u0161i predsjednik Brazila \u017dair Bolsonaro - dmcsrb.com","og_description":"Biv\u0161i predsednik Brazila \u017dair Bolsonaro uhap\u0161en je u svojoj vili u glavnom gradu Braziliji, saop\u0161tila je policija te ju\u017enoameri\u010dke dr\u017eave.","og_url":"https:\/\/dmcsrb.com\/en\/svijet\/uhapsen-bivsi-predsjednik-brazila-zair-bolsonaro\/","og_site_name":"dmcsrb.com","article_published_time":"2025-11-22T21:00:00+00:00","og_image":[{"width":1024,"height":675,"url":"https:\/\/dmcsrb.com\/wp-content\/uploads\/2026\/01\/o_1801100_1024.webp","type":"image\/jpeg"}],"author":"dmcsrbija.com@gmail.com","twitter_card":"summary_large_image","twitter_misc":{"Written by":"dmcsrbija.com@gmail.com","Estimated reading time":"2 minutes"},"schema":{"@context":"https:\/\/schema.org","@graph":[{"@type":"Article","@id":"https:\/\/dmcsrb.com\/svijet\/uhapsen-bivsi-predsjednik-brazila-zair-bolsonaro\/#article","isPartOf":{"@id":"https:\/\/dmcsrb.com\/svijet\/uhapsen-bivsi-predsjednik-brazila-zair-bolsonaro\/"},"author":{"name":"dmcsrbija.com@gmail.com","@id":"https:\/\/dmcsrb.com\/#\/schema\/person\/5c39170f12db1b8b457732d0b5c854e2"},"headline":"Uhap\u0161en biv\u0161i predsjednik Brazila \u017dair Bolsonaro","datePublished":"2025-11-22T21:00:00+00:00","mainEntityOfPage":{"@id":"https:\/\/dmcsrb.com\/svijet\/uhapsen-bivsi-predsjednik-brazila-zair-bolsonaro\/"},"wordCount":327,"commentCount":0,"image":{"@id":"https:\/\/dmcsrb.com\/svijet\/uhapsen-bivsi-predsjednik-brazila-zair-bolsonaro\/#primaryimage"},"thumbnailUrl":"https:\/\/dmcsrb.com\/wp-content\/uploads\/2026\/01\/o_1801100_1024.webp","keywords":["Bolsonaro","Brazil","hap\u0161enje"],"articleSection":["Svijet"],"inLanguage":"en-GB","potentialAction":[{"@type":"CommentAction","name":"Comment","target":["https:\/\/dmcsrb.com\/svijet\/uhapsen-bivsi-predsjednik-brazila-zair-bolsonaro\/#respond"]}]},{"@type":"WebPage","@id":"https:\/\/dmcsrb.com\/svijet\/uhapsen-bivsi-predsjednik-brazila-zair-bolsonaro\/","url":"https:\/\/dmcsrb.com\/svijet\/uhapsen-bivsi-predsjednik-brazila-zair-bolsonaro\/","name":"Uhap\u0161en biv\u0161i predsjednik Brazila \u017dair Bolsonaro - dmcsrb.com","isPartOf":{"@id":"https:\/\/dmcsrb.com\/#website"},"primaryImageOfPage":{"@id":"https:\/\/dmcsrb.com\/svijet\/uhapsen-bivsi-predsjednik-brazila-zair-bolsonaro\/#primaryimage"},"image":{"@id":"https:\/\/dmcsrb.com\/svijet\/uhapsen-bivsi-predsjednik-brazila-zair-bolsonaro\/#primaryimage"},"thumbnailUrl":"https:\/\/dmcsrb.com\/wp-content\/uploads\/2026\/01\/o_1801100_1024.webp","datePublished":"2025-11-22T21:00:00+00:00","author":{"@id":"https:\/\/dmcsrb.com\/#\/schema\/person\/5c39170f12db1b8b457732d0b5c854e2"},"breadcrumb":{"@id":"https:\/\/dmcsrb.com\/svijet\/uhapsen-bivsi-predsjednik-brazila-zair-bolsonaro\/#breadcrumb"},"inLanguage":"en-GB","potentialAction":[{"@type":"ReadAction","target":["https:\/\/dmcsrb.com\/svijet\/uhapsen-bivsi-predsjednik-brazila-zair-bolsonaro\/"]}]},{"@type":"ImageObject","inLanguage":"en-GB","@id":"https:\/\/dmcsrb.com\/svijet\/uhapsen-bivsi-predsjednik-brazila-zair-bolsonaro\/#primaryimage","url":"https:\/\/dmcsrb.com\/wp-content\/uploads\/2026\/01\/o_1801100_1024.webp","contentUrl":"https:\/\/dmcsrb.com\/wp-content\/uploads\/2026\/01\/o_1801100_1024.webp","width":1024,"height":675},{"@type":"BreadcrumbList","@id":"https:\/\/dmcsrb.com\/svijet\/uhapsen-bivsi-predsjednik-brazila-zair-bolsonaro\/#breadcrumb","itemListElement":[{"@type":"ListItem","position":1,"name":"Home","item":"https:\/\/dmcsrb.com\/"},{"@type":"ListItem","position":2,"name":"Uhap\u0161en biv\u0161i predsjednik Brazila \u017dair Bolsonaro"}]},{"@type":"WebSite","@id":"https:\/\/dmcsrb.com\/#website","url":"https:\/\/dmcsrb.com\/","name":"dmcsrb.com","description":"","potentialAction":[{"@type":"SearchAction","target":{"@type":"EntryPoint","urlTemplate":"https:\/\/dmcsrb.com\/?s={search_term_string}"},"query-input":{"@type":"PropertyValueSpecification","valueRequired":true,"valueName":"search_term_string"}}],"inLanguage":"en-GB"},{"@type":"Person","@id":"https:\/\/dmcsrb.com\/#\/schema\/person\/5c39170f12db1b8b457732d0b5c854e2","name":"dmcsrbija.com@gmail.com","image":{"@type":"ImageObject","inLanguage":"en-GB","@id":"https:\/\/secure.gravatar.com\/avatar\/68592660ad6347fad0fb587f8d5d8f1a7b44961362f56e4f2cd524feb87e9069?s=96&d=mm&r=g","url":"https:\/\/secure.gravatar.com\/avatar\/68592660ad6347fad0fb587f8d5d8f1a7b44961362f56e4f2cd524feb87e9069?s=96&d=mm&r=g","contentUrl":"https:\/\/secure.gravatar.com\/avatar\/68592660ad6347fad0fb587f8d5d8f1a7b44961362f56e4f2cd524feb87e9069?s=96&d=mm&r=g","caption":"dmcsrbija.com@gmail.com"},"sameAs":["https:\/\/dmcsrb.com"],"url":"https:\/\/dmcsrb.com\/en\/author\/dmcsrbija-comgmail-com\/"}]}},"_links":{"self":[{"href":"https:\/\/dmcsrb.com\/en\/wp-json\/wp\/v2\/posts\/965112","targetHints":{"allow":["GET"]}}],"collection":[{"href":"https:\/\/dmcsrb.com\/en\/wp-json\/wp\/v2\/posts"}],"about":[{"href":"https:\/\/dmcsrb.com\/en\/wp-json\/wp\/v2\/types\/post"}],"author":[{"embeddable":true,"href":"https:\/\/dmcsrb.com\/en\/wp-json\/wp\/v2\/users\/1"}],"replies":[{"embeddable":true,"href":"https:\/\/dmcsrb.com\/en\/wp-json\/wp\/v2\/comments?post=965112"}],"version-history":[{"count":0,"href":"https:\/\/dmcsrb.com\/en\/wp-json\/wp\/v2\/posts\/965112\/revisions"}],"wp:featuredmedia":[{"embeddable":true,"href":"https:\/\/dmcsrb.com\/en\/wp-json\/wp\/v2\/media\/951647"}],"wp:attachment":[{"href":"https:\/\/dmcsrb.com\/en\/wp-json\/wp\/v2\/media?parent=965112"}],"wp:term":[{"taxonomy":"category","embeddable":true,"href":"https:\/\/dmcsrb.com\/en\/wp-json\/wp\/v2\/categories?post=965112"},{"taxonomy":"post_tag","embeddable":true,"href":"https:\/\/dmcsrb.com\/en\/wp-json\/wp\/v2\/tags?post=965112"},{"taxonomy":"naslovna","embeddable":true,"href":"https:\/\/dmcsrb.com\/en\/wp-json\/wp\/v2\/naslovna?post=965112"}],"curies":[{"name":"wp","href":"https:\/\/api.w.org\/{rel}","templated":true}]}}