{"id":965097,"date":"2025-11-22T18:46:00","date_gmt":"2025-11-22T17:46:00","guid":{"rendered":"https:\/\/dmcsrb.com\/uncategorized\/luka-bakic-u-finalu-evropskog-prvenstva\/"},"modified":"2025-11-22T18:46:00","modified_gmt":"2025-11-22T17:46:00","slug":"luka-bakic-u-finalu-evropskog-prvenstva","status":"publish","type":"post","link":"https:\/\/dmcsrb.com\/en\/sport\/luka-bakic-u-finalu-evropskog-prvenstva\/","title":{"rendered":"Luka Baki\u0107 u finalu Evropskog prvenstva"},"content":{"rendered":"<p>On je ve\u010deras u polufinalnom me\u010du kategorije S10 pobijedio Poljaka Igora Mi\u0161tala 3:1 (11:9, 11:6, 6:11 i 11:8).<\/p>\n\n\n\n<p>Plasmanom u finale ostvario je najve\u0107i uspjeh u karijeri i osvojio prvo pojedina\u010dno evropsko odli\u010dje u karijeri.<\/p>\n\n\n\n<p>On je ranije danas u \u010detvrtfinalu eliminisao \u0160panca Marlona Lopeza 3:0 (11:8, 11:3 i 11:3).<\/p>\n\n\n\n<p>Ima i ekipnu bronzu, osvojenu prije \u0161est godina u istoj dvorani, u timu sa Filipom Radovi\u0107em i Dejanom Ba\u0161anovi\u0107em.<\/p>\n\n\n\n<p>Odli\u010dna izdanja prvog dana nokaut faze, dvije velike pobjede i najbolji stoni tenis Baki\u0107a u karijeri.<\/p>\n\n\n\n<p>Crnogorski stonoteniser je, nakon dominatnog izdanja u \u010detvrfinalu, u polufinalnom me\u010du nadigrao rivala koji pripada samom svjetskom vrhu.<\/p>\n\n\n\n<p>U me\u010du za finale pokazao je ono \u0161to ga ranije nije krasilo \u2013 bio je strpljiv, koncentrisan i hrabar kada se lomio rezultat.<\/p>\n\n\n\n<p>U \u010detvrtom setu je kod vo\u0111stva rivala od 8:4 i kada se \u010dinilo da \u0107e Mi\u0161tal potpuno vratiti u igru, vezao je sedam poena za 11:8, za preokret i pobjedu.<\/p>\n\n\n\n<p>\u201cNevjerovatan uspjeh, jo\u0161 nijesam ni svjestan da sam u finalu EP. \u010cetvrtfinalni me\u010d je najte\u017ei na turniru, znam kakakv je to osje\u0107aj. Puno je lak\u0161e igrati polufinale, kada zna\u0161 da si obezbijedio medalju. Te\u017eak protivnik, imali smo dosta me\u010deva, pobje\u0111ivali smo jedan drugoga. Ovoga puta sam bio bolji&#8221;, rekao je Baki\u0107.<\/p>\n\n\n\n<p>Rival u velikom finalu bi\u0107e mu Patrik \u010cajnovski, zvani\u010dni evropski, svjetski i paraolimpijski \u0161ampion, koji je u polufinalnom me\u010du eliminisao Matea Bohasa 3:1.<\/p>\n\n\n\n<p>&#8220;U finalu protiv neprikosnovenog \u010cajnovskog. Da\u0107u sve od sebe, poku\u0161a\u0107u da u\u017eivam koliko je to mogu\u0107e. Nadam se dobroj igri\u201d, rekao je Baki\u0107.<\/p>\n\n\n\n<p>Bi\u0107e to tre\u0107e uzastopno crnogorsko finale, nakon \u0161to je u prethodna dva bio akter Filip Radovi\u0107.<\/p>\n\n\n\n<p>Baki\u0107 je plasman u \u010detvrtfinale izborio kao drugoplasirani u prvoj grupi, sa polovi\u010dnim u\u010dinkom.<\/p>\n\n\n\n<p>Pora\u017een je na startu od Francuza Matea Bohasa 3:1, dok je u direktnom me\u010du za drugo mesto savladao Njemca Mia Vagnera 3:0<\/p>\n\n\n\n<p>\u010cetvrtfinalnom i polufinalnom me\u010du u Helsingborg areni prisustvovala je ambasadorka Crne Gore u Danskoj Sne\u017eana Radovi\u0107.<\/p>\n\n\n\n<p>Finalni me\u010d na programu je sjutra u 12 sati i 30 minuta.<\/p>\n\n\n\n<p>Drugi crnogorski predstavnik u Helsingborgu, Filip Radovi\u0107, diskvalifikovan je sa Evropskog prvenstva, iako je izborio plasman u \u010detvrtfinale.<\/p>\n\n\n\n<p>Radovi\u0107 je, nakon iznena\u0111uju\u0107eg poraza od Poljaka Pavela Vlodike u drugom kolu takmi\u010denja po grupama, bacio reket, koji se odbio od poda i zavr\u0161io u elektronskom displeju.<\/p>\n\n\n\n<p>U prijavi, koju je potpisao sudija me\u010da Matej Hamran, navodi se da je Radovi\u0107 udaljen sa \u0161ampionata zbog neprimjerenog pona\u0161anja i o\u0161te\u0107enja displeja.<\/p>\n\n\n\n<p>Radovi\u0107 je u grupi savladao \u0160panca Marlona Lopeza 3:1 (10:12, 11:4, 13:11 i 11:6) i sa polovi\u010dnim u\u010dinkom izborio \u010detvrtfinale.<\/p>","protected":false},"excerpt":{"rendered":"<p>Crnogorski para stonoteniser Luka Baki\u0107 plasirao se u finale Evropskog prvenstva u Helsingborgu.<\/p>","protected":false},"author":1,"featured_media":965098,"comment_status":"open","ping_status":"open","sticky":false,"template":"","format":"standard","meta":{"_acf_changed":false,"footnotes":""},"categories":[148],"tags":[15181,2365,3981,747],"naslovna":[],"class_list":["post-965097","post","type-post","status-publish","format-standard","has-post-thumbnail","hentry","category-sport","tag-evropsko-prvenstvo-u-helsingborgu","tag-luka-bakic","tag-parastoni-tenis","tag-pok"],"acf":[],"yoast_head":"<!-- This site is optimized with the Yoast SEO plugin v27.4 - https:\/\/yoast.com\/product\/yoast-seo-wordpress\/ -->\n<title>Luka Baki\u0107 u finalu Evropskog prvenstva - dmcsrb.com<\/title>\n<meta name=\"robots\" content=\"index, follow, max-snippet:-1, max-image-preview:large, max-video-preview:-1\" \/>\n<link rel=\"canonical\" href=\"https:\/\/dmcsrb.com\/en\/sport\/luka-bakic-u-finalu-evropskog-prvenstva\/\" \/>\n<meta property=\"og:locale\" content=\"en_GB\" \/>\n<meta property=\"og:type\" content=\"article\" \/>\n<meta property=\"og:title\" content=\"Luka Baki\u0107 u finalu Evropskog prvenstva - dmcsrb.com\" \/>\n<meta property=\"og:description\" content=\"Crnogorski para stonoteniser Luka Baki\u0107 plasirao se u finale Evropskog prvenstva u Helsingborgu.\" \/>\n<meta property=\"og:url\" content=\"https:\/\/dmcsrb.com\/en\/sport\/luka-bakic-u-finalu-evropskog-prvenstva\/\" \/>\n<meta property=\"og:site_name\" content=\"dmcsrb.com\" \/>\n<meta property=\"article:published_time\" content=\"2025-11-22T17:46:00+00:00\" \/>\n<meta property=\"og:image\" content=\"https:\/\/dmcsrb.com\/wp-content\/uploads\/2026\/01\/Luka-Bakic-POK.webp\" \/>\n\t<meta property=\"og:image:width\" content=\"940\" \/>\n\t<meta property=\"og:image:height\" content=\"540\" \/>\n\t<meta property=\"og:image:type\" content=\"image\/jpeg\" \/>\n<meta name=\"author\" content=\"dmcsrbija.com@gmail.com\" \/>\n<meta name=\"twitter:card\" content=\"summary_large_image\" \/>\n<meta name=\"twitter:label1\" content=\"Written by\" \/>\n\t<meta name=\"twitter:data1\" content=\"dmcsrbija.com@gmail.com\" \/>\n\t<meta name=\"twitter:label2\" content=\"Estimated reading time\" \/>\n\t<meta name=\"twitter:data2\" content=\"2 minutes\" \/>\n<script type=\"application\/ld+json\" class=\"yoast-schema-graph\">{\"@context\":\"https:\\\/\\\/schema.org\",\"@graph\":[{\"@type\":\"Article\",\"@id\":\"https:\\\/\\\/dmcsrb.com\\\/en\\\/sport\\\/luka-bakic-u-finalu-evropskog-prvenstva\\\/#article\",\"isPartOf\":{\"@id\":\"https:\\\/\\\/dmcsrb.com\\\/en\\\/sport\\\/luka-bakic-u-finalu-evropskog-prvenstva\\\/\"},\"author\":{\"name\":\"dmcsrbija.com@gmail.com\",\"@id\":\"https:\\\/\\\/dmcsrb.com\\\/#\\\/schema\\\/person\\\/5c39170f12db1b8b457732d0b5c854e2\"},\"headline\":\"Luka Baki\u0107 u finalu Evropskog prvenstva\",\"datePublished\":\"2025-11-22T17:46:00+00:00\",\"mainEntityOfPage\":{\"@id\":\"https:\\\/\\\/dmcsrb.com\\\/en\\\/sport\\\/luka-bakic-u-finalu-evropskog-prvenstva\\\/\"},\"wordCount\":452,\"commentCount\":0,\"image\":{\"@id\":\"https:\\\/\\\/dmcsrb.com\\\/en\\\/sport\\\/luka-bakic-u-finalu-evropskog-prvenstva\\\/#primaryimage\"},\"thumbnailUrl\":\"https:\\\/\\\/dmcsrb.com\\\/wp-content\\\/uploads\\\/2026\\\/01\\\/Luka-Bakic-POK.webp\",\"keywords\":[\"Evropsko prvenstvo u Helsingborgu\",\"Luka Baki\u0107\",\"parastoni tenis\",\"POK\"],\"articleSection\":[\"Sport\"],\"inLanguage\":\"en-GB\",\"potentialAction\":[{\"@type\":\"CommentAction\",\"name\":\"Comment\",\"target\":[\"https:\\\/\\\/dmcsrb.com\\\/en\\\/sport\\\/luka-bakic-u-finalu-evropskog-prvenstva\\\/#respond\"]}]},{\"@type\":\"WebPage\",\"@id\":\"https:\\\/\\\/dmcsrb.com\\\/en\\\/sport\\\/luka-bakic-u-finalu-evropskog-prvenstva\\\/\",\"url\":\"https:\\\/\\\/dmcsrb.com\\\/en\\\/sport\\\/luka-bakic-u-finalu-evropskog-prvenstva\\\/\",\"name\":\"Luka Baki\u0107 u finalu Evropskog prvenstva - dmcsrb.com\",\"isPartOf\":{\"@id\":\"https:\\\/\\\/dmcsrb.com\\\/#website\"},\"primaryImageOfPage\":{\"@id\":\"https:\\\/\\\/dmcsrb.com\\\/en\\\/sport\\\/luka-bakic-u-finalu-evropskog-prvenstva\\\/#primaryimage\"},\"image\":{\"@id\":\"https:\\\/\\\/dmcsrb.com\\\/en\\\/sport\\\/luka-bakic-u-finalu-evropskog-prvenstva\\\/#primaryimage\"},\"thumbnailUrl\":\"https:\\\/\\\/dmcsrb.com\\\/wp-content\\\/uploads\\\/2026\\\/01\\\/Luka-Bakic-POK.webp\",\"datePublished\":\"2025-11-22T17:46:00+00:00\",\"author\":{\"@id\":\"https:\\\/\\\/dmcsrb.com\\\/#\\\/schema\\\/person\\\/5c39170f12db1b8b457732d0b5c854e2\"},\"breadcrumb\":{\"@id\":\"https:\\\/\\\/dmcsrb.com\\\/en\\\/sport\\\/luka-bakic-u-finalu-evropskog-prvenstva\\\/#breadcrumb\"},\"inLanguage\":\"en-GB\",\"potentialAction\":[{\"@type\":\"ReadAction\",\"target\":[\"https:\\\/\\\/dmcsrb.com\\\/en\\\/sport\\\/luka-bakic-u-finalu-evropskog-prvenstva\\\/\"]}]},{\"@type\":\"ImageObject\",\"inLanguage\":\"en-GB\",\"@id\":\"https:\\\/\\\/dmcsrb.com\\\/en\\\/sport\\\/luka-bakic-u-finalu-evropskog-prvenstva\\\/#primaryimage\",\"url\":\"https:\\\/\\\/dmcsrb.com\\\/wp-content\\\/uploads\\\/2026\\\/01\\\/Luka-Bakic-POK.webp\",\"contentUrl\":\"https:\\\/\\\/dmcsrb.com\\\/wp-content\\\/uploads\\\/2026\\\/01\\\/Luka-Bakic-POK.webp\",\"width\":940,\"height\":540},{\"@type\":\"BreadcrumbList\",\"@id\":\"https:\\\/\\\/dmcsrb.com\\\/en\\\/sport\\\/luka-bakic-u-finalu-evropskog-prvenstva\\\/#breadcrumb\",\"itemListElement\":[{\"@type\":\"ListItem\",\"position\":1,\"name\":\"Home\",\"item\":\"https:\\\/\\\/dmcsrb.com\\\/\"},{\"@type\":\"ListItem\",\"position\":2,\"name\":\"Luka Baki\u0107 u finalu Evropskog prvenstva\"}]},{\"@type\":\"WebSite\",\"@id\":\"https:\\\/\\\/dmcsrb.com\\\/#website\",\"url\":\"https:\\\/\\\/dmcsrb.com\\\/\",\"name\":\"dmcsrb.com\",\"description\":\"\",\"potentialAction\":[{\"@type\":\"SearchAction\",\"target\":{\"@type\":\"EntryPoint\",\"urlTemplate\":\"https:\\\/\\\/dmcsrb.com\\\/?s={search_term_string}\"},\"query-input\":{\"@type\":\"PropertyValueSpecification\",\"valueRequired\":true,\"valueName\":\"search_term_string\"}}],\"inLanguage\":\"en-GB\"},{\"@type\":\"Person\",\"@id\":\"https:\\\/\\\/dmcsrb.com\\\/#\\\/schema\\\/person\\\/5c39170f12db1b8b457732d0b5c854e2\",\"name\":\"dmcsrbija.com@gmail.com\",\"image\":{\"@type\":\"ImageObject\",\"inLanguage\":\"en-GB\",\"@id\":\"https:\\\/\\\/secure.gravatar.com\\\/avatar\\\/68592660ad6347fad0fb587f8d5d8f1a7b44961362f56e4f2cd524feb87e9069?s=96&d=mm&r=g\",\"url\":\"https:\\\/\\\/secure.gravatar.com\\\/avatar\\\/68592660ad6347fad0fb587f8d5d8f1a7b44961362f56e4f2cd524feb87e9069?s=96&d=mm&r=g\",\"contentUrl\":\"https:\\\/\\\/secure.gravatar.com\\\/avatar\\\/68592660ad6347fad0fb587f8d5d8f1a7b44961362f56e4f2cd524feb87e9069?s=96&d=mm&r=g\",\"caption\":\"dmcsrbija.com@gmail.com\"},\"sameAs\":[\"https:\\\/\\\/dmcsrb.com\"],\"url\":\"https:\\\/\\\/dmcsrb.com\\\/en\\\/author\\\/dmcsrbija-comgmail-com\\\/\"}]}<\/script>\n<!-- \/ Yoast SEO plugin. -->","yoast_head_json":{"title":"Luka Baki\u0107 u finalu Evropskog prvenstva - dmcsrb.com","robots":{"index":"index","follow":"follow","max-snippet":"max-snippet:-1","max-image-preview":"max-image-preview:large","max-video-preview":"max-video-preview:-1"},"canonical":"https:\/\/dmcsrb.com\/en\/sport\/luka-bakic-u-finalu-evropskog-prvenstva\/","og_locale":"en_GB","og_type":"article","og_title":"Luka Baki\u0107 u finalu Evropskog prvenstva - dmcsrb.com","og_description":"Crnogorski para stonoteniser Luka Baki\u0107 plasirao se u finale Evropskog prvenstva u Helsingborgu.","og_url":"https:\/\/dmcsrb.com\/en\/sport\/luka-bakic-u-finalu-evropskog-prvenstva\/","og_site_name":"dmcsrb.com","article_published_time":"2025-11-22T17:46:00+00:00","og_image":[{"width":940,"height":540,"url":"https:\/\/dmcsrb.com\/wp-content\/uploads\/2026\/01\/Luka-Bakic-POK.webp","type":"image\/jpeg"}],"author":"dmcsrbija.com@gmail.com","twitter_card":"summary_large_image","twitter_misc":{"Written by":"dmcsrbija.com@gmail.com","Estimated reading time":"2 minutes"},"schema":{"@context":"https:\/\/schema.org","@graph":[{"@type":"Article","@id":"https:\/\/dmcsrb.com\/en\/sport\/luka-bakic-u-finalu-evropskog-prvenstva\/#article","isPartOf":{"@id":"https:\/\/dmcsrb.com\/en\/sport\/luka-bakic-u-finalu-evropskog-prvenstva\/"},"author":{"name":"dmcsrbija.com@gmail.com","@id":"https:\/\/dmcsrb.com\/#\/schema\/person\/5c39170f12db1b8b457732d0b5c854e2"},"headline":"Luka Baki\u0107 u finalu Evropskog prvenstva","datePublished":"2025-11-22T17:46:00+00:00","mainEntityOfPage":{"@id":"https:\/\/dmcsrb.com\/en\/sport\/luka-bakic-u-finalu-evropskog-prvenstva\/"},"wordCount":452,"commentCount":0,"image":{"@id":"https:\/\/dmcsrb.com\/en\/sport\/luka-bakic-u-finalu-evropskog-prvenstva\/#primaryimage"},"thumbnailUrl":"https:\/\/dmcsrb.com\/wp-content\/uploads\/2026\/01\/Luka-Bakic-POK.webp","keywords":["Evropsko prvenstvo u Helsingborgu","Luka Baki\u0107","parastoni tenis","POK"],"articleSection":["Sport"],"inLanguage":"en-GB","potentialAction":[{"@type":"CommentAction","name":"Comment","target":["https:\/\/dmcsrb.com\/en\/sport\/luka-bakic-u-finalu-evropskog-prvenstva\/#respond"]}]},{"@type":"WebPage","@id":"https:\/\/dmcsrb.com\/en\/sport\/luka-bakic-u-finalu-evropskog-prvenstva\/","url":"https:\/\/dmcsrb.com\/en\/sport\/luka-bakic-u-finalu-evropskog-prvenstva\/","name":"Luka Baki\u0107 u finalu Evropskog prvenstva - dmcsrb.com","isPartOf":{"@id":"https:\/\/dmcsrb.com\/#website"},"primaryImageOfPage":{"@id":"https:\/\/dmcsrb.com\/en\/sport\/luka-bakic-u-finalu-evropskog-prvenstva\/#primaryimage"},"image":{"@id":"https:\/\/dmcsrb.com\/en\/sport\/luka-bakic-u-finalu-evropskog-prvenstva\/#primaryimage"},"thumbnailUrl":"https:\/\/dmcsrb.com\/wp-content\/uploads\/2026\/01\/Luka-Bakic-POK.webp","datePublished":"2025-11-22T17:46:00+00:00","author":{"@id":"https:\/\/dmcsrb.com\/#\/schema\/person\/5c39170f12db1b8b457732d0b5c854e2"},"breadcrumb":{"@id":"https:\/\/dmcsrb.com\/en\/sport\/luka-bakic-u-finalu-evropskog-prvenstva\/#breadcrumb"},"inLanguage":"en-GB","potentialAction":[{"@type":"ReadAction","target":["https:\/\/dmcsrb.com\/en\/sport\/luka-bakic-u-finalu-evropskog-prvenstva\/"]}]},{"@type":"ImageObject","inLanguage":"en-GB","@id":"https:\/\/dmcsrb.com\/en\/sport\/luka-bakic-u-finalu-evropskog-prvenstva\/#primaryimage","url":"https:\/\/dmcsrb.com\/wp-content\/uploads\/2026\/01\/Luka-Bakic-POK.webp","contentUrl":"https:\/\/dmcsrb.com\/wp-content\/uploads\/2026\/01\/Luka-Bakic-POK.webp","width":940,"height":540},{"@type":"BreadcrumbList","@id":"https:\/\/dmcsrb.com\/en\/sport\/luka-bakic-u-finalu-evropskog-prvenstva\/#breadcrumb","itemListElement":[{"@type":"ListItem","position":1,"name":"Home","item":"https:\/\/dmcsrb.com\/"},{"@type":"ListItem","position":2,"name":"Luka Baki\u0107 u finalu Evropskog prvenstva"}]},{"@type":"WebSite","@id":"https:\/\/dmcsrb.com\/#website","url":"https:\/\/dmcsrb.com\/","name":"dmcsrb.com","description":"","potentialAction":[{"@type":"SearchAction","target":{"@type":"EntryPoint","urlTemplate":"https:\/\/dmcsrb.com\/?s={search_term_string}"},"query-input":{"@type":"PropertyValueSpecification","valueRequired":true,"valueName":"search_term_string"}}],"inLanguage":"en-GB"},{"@type":"Person","@id":"https:\/\/dmcsrb.com\/#\/schema\/person\/5c39170f12db1b8b457732d0b5c854e2","name":"dmcsrbija.com@gmail.com","image":{"@type":"ImageObject","inLanguage":"en-GB","@id":"https:\/\/secure.gravatar.com\/avatar\/68592660ad6347fad0fb587f8d5d8f1a7b44961362f56e4f2cd524feb87e9069?s=96&d=mm&r=g","url":"https:\/\/secure.gravatar.com\/avatar\/68592660ad6347fad0fb587f8d5d8f1a7b44961362f56e4f2cd524feb87e9069?s=96&d=mm&r=g","contentUrl":"https:\/\/secure.gravatar.com\/avatar\/68592660ad6347fad0fb587f8d5d8f1a7b44961362f56e4f2cd524feb87e9069?s=96&d=mm&r=g","caption":"dmcsrbija.com@gmail.com"},"sameAs":["https:\/\/dmcsrb.com"],"url":"https:\/\/dmcsrb.com\/en\/author\/dmcsrbija-comgmail-com\/"}]}},"_links":{"self":[{"href":"https:\/\/dmcsrb.com\/en\/wp-json\/wp\/v2\/posts\/965097","targetHints":{"allow":["GET"]}}],"collection":[{"href":"https:\/\/dmcsrb.com\/en\/wp-json\/wp\/v2\/posts"}],"about":[{"href":"https:\/\/dmcsrb.com\/en\/wp-json\/wp\/v2\/types\/post"}],"author":[{"embeddable":true,"href":"https:\/\/dmcsrb.com\/en\/wp-json\/wp\/v2\/users\/1"}],"replies":[{"embeddable":true,"href":"https:\/\/dmcsrb.com\/en\/wp-json\/wp\/v2\/comments?post=965097"}],"version-history":[{"count":0,"href":"https:\/\/dmcsrb.com\/en\/wp-json\/wp\/v2\/posts\/965097\/revisions"}],"wp:featuredmedia":[{"embeddable":true,"href":"https:\/\/dmcsrb.com\/en\/wp-json\/wp\/v2\/media\/965098"}],"wp:attachment":[{"href":"https:\/\/dmcsrb.com\/en\/wp-json\/wp\/v2\/media?parent=965097"}],"wp:term":[{"taxonomy":"category","embeddable":true,"href":"https:\/\/dmcsrb.com\/en\/wp-json\/wp\/v2\/categories?post=965097"},{"taxonomy":"post_tag","embeddable":true,"href":"https:\/\/dmcsrb.com\/en\/wp-json\/wp\/v2\/tags?post=965097"},{"taxonomy":"naslovna","embeddable":true,"href":"https:\/\/dmcsrb.com\/en\/wp-json\/wp\/v2\/naslovna?post=965097"}],"curies":[{"name":"wp","href":"https:\/\/api.w.org\/{rel}","templated":true}]}}