{"id":965068,"date":"2025-11-22T16:42:00","date_gmt":"2025-11-22T15:42:00","guid":{"rendered":"https:\/\/dmcsrb.com\/uncategorized\/odgovor-na-organizovani-kriminal-mora-biti-regionalno-uskladjen\/"},"modified":"2025-11-22T16:42:00","modified_gmt":"2025-11-22T15:42:00","slug":"odgovor-na-organizovani-kriminal-mora-biti-regionalno-uskladjen","status":"publish","type":"post","link":"https:\/\/dmcsrb.com\/en\/hronika\/odgovor-na-organizovani-kriminal-mora-biti-regionalno-uskladjen\/","title":{"rendered":"Odgovor na organizovani kriminal mora biti regionalno uskla\u0111en"},"content":{"rendered":"<p>Odgovor na organizovani kriminal mora biti regionalno uskla\u0111en i globalno povezan, kazao je pomo\u0107nik direktora Uprave policije za Sektor za borbu protiv kriminala, Velimir Furtula.<\/p>\n\n\n\n<p>On i policijski slu\u017ebenik Sektora za borbu protiv kriminala Sektora Ser\u0111o Elezovi\u0107, prisustvovali su sastanku visokih predstavnika dr\u017eava \u010dlanica Evropske unije (EU), Zajednice latinoameri\u010dkih i karipskih zemalja i Zapadnog Balkana, koji je odr\u017ean u \u010detvrtak u sjedi\u0161tu Evropske komisije u Briselu.<\/p>\n\n\n\n<p>\u201cNa osnovu uo\u010denih trendova jasno je da budu\u0107i odgovor na organizovani kriminal mora biti regionalno uskla\u0111en i globalno povezan\u201c, poru\u010dio je Furtula.&nbsp;<\/p>\n\n\n\n<p>On je naveo da rastu\u0107a me\u0111uregionalna mre\u017ea izme\u0111u Latinske Amerike, Evrope i Zapadnog Balkana zahtijeva ja\u010danje analiti\u010dkih kapaciteta, proaktivnu razmjenu obavje\u0161tajnih podataka i sve \u010dvr\u0161\u0107u operativnu saradnju izme\u0111u partnerskih zemalja.&nbsp;<\/p>\n\n\n\n<p>\u201eSamo integrisanim pristupom, zasnovanim na zajedni\u010dkom razumijevanju kriminalnih ekosistema, Crna Gora i njeni partneri mogu efikasno pratiti, razbijati i onesposobljavati transnacionalne mre\u017ee koje prijete ekonomskim, bezbjednosnim i institucionalnim strukturama regiona\u201c, rekao je Furtula.&nbsp;<\/p>\n\n\n\n<p>Govore\u0107i o rezultatima koje je crnogorska policija ostvarila u borbi protiv organizovanog kriminala, Furtula je izdvojio akcije na suzbijanju krijum\u010darenja narkotika koje se sprovode u ekviru EMPACT platforme, u saradnji sa Europolom i drugim partnerskim slu\u017ebama.<\/p>\n\n\n\n<p>On je, kako je saop\u0161teno iz Uprave policije, iskazao spremnost za dalje ja\u010danje bileteralne policijske saradnje kako sa partnerima iz regiona Zapadnog Balkana, dr\u017eavama \u010dlanicama EU tako i sa zemljama Latinske Amerike, u cilju razbijanja kriminalnih mre\u017ea i presjecanja krijum\u010darskih ruta.<\/p>\n\n\n\n<p>Sastanku eksperata na temu saradnje EU i zemalja Zapadnog Balkana o trendovima u vezi sa zloupotrebom i trgovinom narkoticima, prisustvovao je policijski slu\u017ebenik u Odsjeku za borbu protiv droga, Ser\u0111o Elezovi\u0107.<\/p>\n\n\n\n<p>U kontekstu evrointegracione agende i ispunjavanja zavr\u0161nih mjerila u pregovara\u010dkom poglavlju 24, Elezovi\u0107 je naglasio da je policijska saradnja sa evropskim slu\u017ebama za sprovo\u0111enje zakona u oblasti droga strate\u0161ki prioritet, afirmi\u0161u\u0107i saradnju sa Europolom i EU Agencijom za droge.&nbsp;<\/p>\n\n\n\n<p>On je, kako se dodaje, potvrdio spremnost Uprave policije pru\u017eanju punog doprinosa u borbi protiv krijum\u010darenja narkotika, mapiranju novih kriminalnih grupa, kao i otkrivanju i oduzimanju imovinske koristi ste\u010dene kriminalnom djelatno\u0161\u0107u.<\/p>\n\n\n\n<p><\/p>","protected":false},"excerpt":{"rendered":"<p>Odgovor na organizovani kriminal mora biti regionalno uskla\u0111en i globalno povezan, kazao je pomo\u0107nik direktora Uprave policije za Sektor za borbu protiv kriminala, Velimir Furtula.<\/p>","protected":false},"author":1,"featured_media":965069,"comment_status":"open","ping_status":"open","sticky":false,"template":"","format":"standard","meta":{"_acf_changed":false,"footnotes":""},"categories":[17],"tags":[471,941],"naslovna":[],"class_list":["post-965068","post","type-post","status-publish","format-standard","has-post-thumbnail","hentry","category-hronika","tag-kriminal","tag-mup"],"acf":[],"yoast_head":"<!-- This site is optimized with the Yoast SEO plugin v27.4 - https:\/\/yoast.com\/product\/yoast-seo-wordpress\/ -->\n<title>Odgovor na organizovani kriminal mora biti regionalno uskla\u0111en - dmcsrb.com<\/title>\n<meta name=\"robots\" content=\"index, follow, max-snippet:-1, max-image-preview:large, max-video-preview:-1\" \/>\n<link rel=\"canonical\" href=\"https:\/\/dmcsrb.com\/en\/hronika\/odgovor-na-organizovani-kriminal-mora-biti-regionalno-uskladjen\/\" \/>\n<meta property=\"og:locale\" content=\"en_GB\" \/>\n<meta property=\"og:type\" content=\"article\" \/>\n<meta property=\"og:title\" content=\"Odgovor na organizovani kriminal mora biti regionalno uskla\u0111en - dmcsrb.com\" \/>\n<meta property=\"og:description\" content=\"Odgovor na organizovani kriminal mora biti regionalno uskla\u0111en i globalno povezan, kazao je pomo\u0107nik direktora Uprave policije za Sektor za borbu protiv kriminala, Velimir Furtula.\" \/>\n<meta property=\"og:url\" content=\"https:\/\/dmcsrb.com\/en\/hronika\/odgovor-na-organizovani-kriminal-mora-biti-regionalno-uskladjen\/\" \/>\n<meta property=\"og:site_name\" content=\"dmcsrb.com\" \/>\n<meta property=\"article:published_time\" content=\"2025-11-22T15:42:00+00:00\" \/>\n<meta property=\"og:image\" content=\"https:\/\/dmcsrb.com\/wp-content\/uploads\/2026\/01\/MUP-2.webp\" \/>\n\t<meta property=\"og:image:width\" content=\"730\" \/>\n\t<meta property=\"og:image:height\" content=\"548\" \/>\n\t<meta property=\"og:image:type\" content=\"image\/webp\" \/>\n<meta name=\"author\" content=\"dmcsrbija.com@gmail.com\" \/>\n<meta name=\"twitter:card\" content=\"summary_large_image\" \/>\n<meta name=\"twitter:label1\" content=\"Written by\" \/>\n\t<meta name=\"twitter:data1\" content=\"dmcsrbija.com@gmail.com\" \/>\n\t<meta name=\"twitter:label2\" content=\"Estimated reading time\" \/>\n\t<meta name=\"twitter:data2\" content=\"2 minutes\" \/>\n<script type=\"application\/ld+json\" class=\"yoast-schema-graph\">{\"@context\":\"https:\\\/\\\/schema.org\",\"@graph\":[{\"@type\":\"Article\",\"@id\":\"https:\\\/\\\/dmcsrb.com\\\/en\\\/hronika\\\/odgovor-na-organizovani-kriminal-mora-biti-regionalno-uskladjen\\\/#article\",\"isPartOf\":{\"@id\":\"https:\\\/\\\/dmcsrb.com\\\/en\\\/hronika\\\/odgovor-na-organizovani-kriminal-mora-biti-regionalno-uskladjen\\\/\"},\"author\":{\"name\":\"dmcsrbija.com@gmail.com\",\"@id\":\"https:\\\/\\\/dmcsrb.com\\\/#\\\/schema\\\/person\\\/5c39170f12db1b8b457732d0b5c854e2\"},\"headline\":\"Odgovor na organizovani kriminal mora biti regionalno uskla\u0111en\",\"datePublished\":\"2025-11-22T15:42:00+00:00\",\"mainEntityOfPage\":{\"@id\":\"https:\\\/\\\/dmcsrb.com\\\/en\\\/hronika\\\/odgovor-na-organizovani-kriminal-mora-biti-regionalno-uskladjen\\\/\"},\"wordCount\":385,\"commentCount\":0,\"image\":{\"@id\":\"https:\\\/\\\/dmcsrb.com\\\/en\\\/hronika\\\/odgovor-na-organizovani-kriminal-mora-biti-regionalno-uskladjen\\\/#primaryimage\"},\"thumbnailUrl\":\"https:\\\/\\\/dmcsrb.com\\\/wp-content\\\/uploads\\\/2026\\\/01\\\/MUP-2.webp\",\"keywords\":[\"kriminal\",\"MUP\"],\"articleSection\":[\"Hronika\"],\"inLanguage\":\"en-GB\",\"potentialAction\":[{\"@type\":\"CommentAction\",\"name\":\"Comment\",\"target\":[\"https:\\\/\\\/dmcsrb.com\\\/en\\\/hronika\\\/odgovor-na-organizovani-kriminal-mora-biti-regionalno-uskladjen\\\/#respond\"]}]},{\"@type\":\"WebPage\",\"@id\":\"https:\\\/\\\/dmcsrb.com\\\/en\\\/hronika\\\/odgovor-na-organizovani-kriminal-mora-biti-regionalno-uskladjen\\\/\",\"url\":\"https:\\\/\\\/dmcsrb.com\\\/en\\\/hronika\\\/odgovor-na-organizovani-kriminal-mora-biti-regionalno-uskladjen\\\/\",\"name\":\"Odgovor na organizovani kriminal mora biti regionalno uskla\u0111en - dmcsrb.com\",\"isPartOf\":{\"@id\":\"https:\\\/\\\/dmcsrb.com\\\/#website\"},\"primaryImageOfPage\":{\"@id\":\"https:\\\/\\\/dmcsrb.com\\\/en\\\/hronika\\\/odgovor-na-organizovani-kriminal-mora-biti-regionalno-uskladjen\\\/#primaryimage\"},\"image\":{\"@id\":\"https:\\\/\\\/dmcsrb.com\\\/en\\\/hronika\\\/odgovor-na-organizovani-kriminal-mora-biti-regionalno-uskladjen\\\/#primaryimage\"},\"thumbnailUrl\":\"https:\\\/\\\/dmcsrb.com\\\/wp-content\\\/uploads\\\/2026\\\/01\\\/MUP-2.webp\",\"datePublished\":\"2025-11-22T15:42:00+00:00\",\"author\":{\"@id\":\"https:\\\/\\\/dmcsrb.com\\\/#\\\/schema\\\/person\\\/5c39170f12db1b8b457732d0b5c854e2\"},\"breadcrumb\":{\"@id\":\"https:\\\/\\\/dmcsrb.com\\\/en\\\/hronika\\\/odgovor-na-organizovani-kriminal-mora-biti-regionalno-uskladjen\\\/#breadcrumb\"},\"inLanguage\":\"en-GB\",\"potentialAction\":[{\"@type\":\"ReadAction\",\"target\":[\"https:\\\/\\\/dmcsrb.com\\\/en\\\/hronika\\\/odgovor-na-organizovani-kriminal-mora-biti-regionalno-uskladjen\\\/\"]}]},{\"@type\":\"ImageObject\",\"inLanguage\":\"en-GB\",\"@id\":\"https:\\\/\\\/dmcsrb.com\\\/en\\\/hronika\\\/odgovor-na-organizovani-kriminal-mora-biti-regionalno-uskladjen\\\/#primaryimage\",\"url\":\"https:\\\/\\\/dmcsrb.com\\\/wp-content\\\/uploads\\\/2026\\\/01\\\/MUP-2.webp\",\"contentUrl\":\"https:\\\/\\\/dmcsrb.com\\\/wp-content\\\/uploads\\\/2026\\\/01\\\/MUP-2.webp\",\"width\":730,\"height\":548},{\"@type\":\"BreadcrumbList\",\"@id\":\"https:\\\/\\\/dmcsrb.com\\\/en\\\/hronika\\\/odgovor-na-organizovani-kriminal-mora-biti-regionalno-uskladjen\\\/#breadcrumb\",\"itemListElement\":[{\"@type\":\"ListItem\",\"position\":1,\"name\":\"Home\",\"item\":\"https:\\\/\\\/dmcsrb.com\\\/\"},{\"@type\":\"ListItem\",\"position\":2,\"name\":\"Odgovor na organizovani kriminal mora biti regionalno uskla\u0111en\"}]},{\"@type\":\"WebSite\",\"@id\":\"https:\\\/\\\/dmcsrb.com\\\/#website\",\"url\":\"https:\\\/\\\/dmcsrb.com\\\/\",\"name\":\"dmcsrb.com\",\"description\":\"\",\"potentialAction\":[{\"@type\":\"SearchAction\",\"target\":{\"@type\":\"EntryPoint\",\"urlTemplate\":\"https:\\\/\\\/dmcsrb.com\\\/?s={search_term_string}\"},\"query-input\":{\"@type\":\"PropertyValueSpecification\",\"valueRequired\":true,\"valueName\":\"search_term_string\"}}],\"inLanguage\":\"en-GB\"},{\"@type\":\"Person\",\"@id\":\"https:\\\/\\\/dmcsrb.com\\\/#\\\/schema\\\/person\\\/5c39170f12db1b8b457732d0b5c854e2\",\"name\":\"dmcsrbija.com@gmail.com\",\"image\":{\"@type\":\"ImageObject\",\"inLanguage\":\"en-GB\",\"@id\":\"https:\\\/\\\/secure.gravatar.com\\\/avatar\\\/68592660ad6347fad0fb587f8d5d8f1a7b44961362f56e4f2cd524feb87e9069?s=96&d=mm&r=g\",\"url\":\"https:\\\/\\\/secure.gravatar.com\\\/avatar\\\/68592660ad6347fad0fb587f8d5d8f1a7b44961362f56e4f2cd524feb87e9069?s=96&d=mm&r=g\",\"contentUrl\":\"https:\\\/\\\/secure.gravatar.com\\\/avatar\\\/68592660ad6347fad0fb587f8d5d8f1a7b44961362f56e4f2cd524feb87e9069?s=96&d=mm&r=g\",\"caption\":\"dmcsrbija.com@gmail.com\"},\"sameAs\":[\"https:\\\/\\\/dmcsrb.com\"],\"url\":\"https:\\\/\\\/dmcsrb.com\\\/en\\\/author\\\/dmcsrbija-comgmail-com\\\/\"}]}<\/script>\n<!-- \/ Yoast SEO plugin. -->","yoast_head_json":{"title":"Odgovor na organizovani kriminal mora biti regionalno uskla\u0111en - dmcsrb.com","robots":{"index":"index","follow":"follow","max-snippet":"max-snippet:-1","max-image-preview":"max-image-preview:large","max-video-preview":"max-video-preview:-1"},"canonical":"https:\/\/dmcsrb.com\/en\/hronika\/odgovor-na-organizovani-kriminal-mora-biti-regionalno-uskladjen\/","og_locale":"en_GB","og_type":"article","og_title":"Odgovor na organizovani kriminal mora biti regionalno uskla\u0111en - dmcsrb.com","og_description":"Odgovor na organizovani kriminal mora biti regionalno uskla\u0111en i globalno povezan, kazao je pomo\u0107nik direktora Uprave policije za Sektor za borbu protiv kriminala, Velimir Furtula.","og_url":"https:\/\/dmcsrb.com\/en\/hronika\/odgovor-na-organizovani-kriminal-mora-biti-regionalno-uskladjen\/","og_site_name":"dmcsrb.com","article_published_time":"2025-11-22T15:42:00+00:00","og_image":[{"width":730,"height":548,"url":"https:\/\/dmcsrb.com\/wp-content\/uploads\/2026\/01\/MUP-2.webp","type":"image\/webp"}],"author":"dmcsrbija.com@gmail.com","twitter_card":"summary_large_image","twitter_misc":{"Written by":"dmcsrbija.com@gmail.com","Estimated reading time":"2 minutes"},"schema":{"@context":"https:\/\/schema.org","@graph":[{"@type":"Article","@id":"https:\/\/dmcsrb.com\/en\/hronika\/odgovor-na-organizovani-kriminal-mora-biti-regionalno-uskladjen\/#article","isPartOf":{"@id":"https:\/\/dmcsrb.com\/en\/hronika\/odgovor-na-organizovani-kriminal-mora-biti-regionalno-uskladjen\/"},"author":{"name":"dmcsrbija.com@gmail.com","@id":"https:\/\/dmcsrb.com\/#\/schema\/person\/5c39170f12db1b8b457732d0b5c854e2"},"headline":"Odgovor na organizovani kriminal mora biti regionalno uskla\u0111en","datePublished":"2025-11-22T15:42:00+00:00","mainEntityOfPage":{"@id":"https:\/\/dmcsrb.com\/en\/hronika\/odgovor-na-organizovani-kriminal-mora-biti-regionalno-uskladjen\/"},"wordCount":385,"commentCount":0,"image":{"@id":"https:\/\/dmcsrb.com\/en\/hronika\/odgovor-na-organizovani-kriminal-mora-biti-regionalno-uskladjen\/#primaryimage"},"thumbnailUrl":"https:\/\/dmcsrb.com\/wp-content\/uploads\/2026\/01\/MUP-2.webp","keywords":["kriminal","MUP"],"articleSection":["Hronika"],"inLanguage":"en-GB","potentialAction":[{"@type":"CommentAction","name":"Comment","target":["https:\/\/dmcsrb.com\/en\/hronika\/odgovor-na-organizovani-kriminal-mora-biti-regionalno-uskladjen\/#respond"]}]},{"@type":"WebPage","@id":"https:\/\/dmcsrb.com\/en\/hronika\/odgovor-na-organizovani-kriminal-mora-biti-regionalno-uskladjen\/","url":"https:\/\/dmcsrb.com\/en\/hronika\/odgovor-na-organizovani-kriminal-mora-biti-regionalno-uskladjen\/","name":"Odgovor na organizovani kriminal mora biti regionalno uskla\u0111en - dmcsrb.com","isPartOf":{"@id":"https:\/\/dmcsrb.com\/#website"},"primaryImageOfPage":{"@id":"https:\/\/dmcsrb.com\/en\/hronika\/odgovor-na-organizovani-kriminal-mora-biti-regionalno-uskladjen\/#primaryimage"},"image":{"@id":"https:\/\/dmcsrb.com\/en\/hronika\/odgovor-na-organizovani-kriminal-mora-biti-regionalno-uskladjen\/#primaryimage"},"thumbnailUrl":"https:\/\/dmcsrb.com\/wp-content\/uploads\/2026\/01\/MUP-2.webp","datePublished":"2025-11-22T15:42:00+00:00","author":{"@id":"https:\/\/dmcsrb.com\/#\/schema\/person\/5c39170f12db1b8b457732d0b5c854e2"},"breadcrumb":{"@id":"https:\/\/dmcsrb.com\/en\/hronika\/odgovor-na-organizovani-kriminal-mora-biti-regionalno-uskladjen\/#breadcrumb"},"inLanguage":"en-GB","potentialAction":[{"@type":"ReadAction","target":["https:\/\/dmcsrb.com\/en\/hronika\/odgovor-na-organizovani-kriminal-mora-biti-regionalno-uskladjen\/"]}]},{"@type":"ImageObject","inLanguage":"en-GB","@id":"https:\/\/dmcsrb.com\/en\/hronika\/odgovor-na-organizovani-kriminal-mora-biti-regionalno-uskladjen\/#primaryimage","url":"https:\/\/dmcsrb.com\/wp-content\/uploads\/2026\/01\/MUP-2.webp","contentUrl":"https:\/\/dmcsrb.com\/wp-content\/uploads\/2026\/01\/MUP-2.webp","width":730,"height":548},{"@type":"BreadcrumbList","@id":"https:\/\/dmcsrb.com\/en\/hronika\/odgovor-na-organizovani-kriminal-mora-biti-regionalno-uskladjen\/#breadcrumb","itemListElement":[{"@type":"ListItem","position":1,"name":"Home","item":"https:\/\/dmcsrb.com\/"},{"@type":"ListItem","position":2,"name":"Odgovor na organizovani kriminal mora biti regionalno uskla\u0111en"}]},{"@type":"WebSite","@id":"https:\/\/dmcsrb.com\/#website","url":"https:\/\/dmcsrb.com\/","name":"dmcsrb.com","description":"","potentialAction":[{"@type":"SearchAction","target":{"@type":"EntryPoint","urlTemplate":"https:\/\/dmcsrb.com\/?s={search_term_string}"},"query-input":{"@type":"PropertyValueSpecification","valueRequired":true,"valueName":"search_term_string"}}],"inLanguage":"en-GB"},{"@type":"Person","@id":"https:\/\/dmcsrb.com\/#\/schema\/person\/5c39170f12db1b8b457732d0b5c854e2","name":"dmcsrbija.com@gmail.com","image":{"@type":"ImageObject","inLanguage":"en-GB","@id":"https:\/\/secure.gravatar.com\/avatar\/68592660ad6347fad0fb587f8d5d8f1a7b44961362f56e4f2cd524feb87e9069?s=96&d=mm&r=g","url":"https:\/\/secure.gravatar.com\/avatar\/68592660ad6347fad0fb587f8d5d8f1a7b44961362f56e4f2cd524feb87e9069?s=96&d=mm&r=g","contentUrl":"https:\/\/secure.gravatar.com\/avatar\/68592660ad6347fad0fb587f8d5d8f1a7b44961362f56e4f2cd524feb87e9069?s=96&d=mm&r=g","caption":"dmcsrbija.com@gmail.com"},"sameAs":["https:\/\/dmcsrb.com"],"url":"https:\/\/dmcsrb.com\/en\/author\/dmcsrbija-comgmail-com\/"}]}},"_links":{"self":[{"href":"https:\/\/dmcsrb.com\/en\/wp-json\/wp\/v2\/posts\/965068","targetHints":{"allow":["GET"]}}],"collection":[{"href":"https:\/\/dmcsrb.com\/en\/wp-json\/wp\/v2\/posts"}],"about":[{"href":"https:\/\/dmcsrb.com\/en\/wp-json\/wp\/v2\/types\/post"}],"author":[{"embeddable":true,"href":"https:\/\/dmcsrb.com\/en\/wp-json\/wp\/v2\/users\/1"}],"replies":[{"embeddable":true,"href":"https:\/\/dmcsrb.com\/en\/wp-json\/wp\/v2\/comments?post=965068"}],"version-history":[{"count":0,"href":"https:\/\/dmcsrb.com\/en\/wp-json\/wp\/v2\/posts\/965068\/revisions"}],"wp:featuredmedia":[{"embeddable":true,"href":"https:\/\/dmcsrb.com\/en\/wp-json\/wp\/v2\/media\/965069"}],"wp:attachment":[{"href":"https:\/\/dmcsrb.com\/en\/wp-json\/wp\/v2\/media?parent=965068"}],"wp:term":[{"taxonomy":"category","embeddable":true,"href":"https:\/\/dmcsrb.com\/en\/wp-json\/wp\/v2\/categories?post=965068"},{"taxonomy":"post_tag","embeddable":true,"href":"https:\/\/dmcsrb.com\/en\/wp-json\/wp\/v2\/tags?post=965068"},{"taxonomy":"naslovna","embeddable":true,"href":"https:\/\/dmcsrb.com\/en\/wp-json\/wp\/v2\/naslovna?post=965068"}],"curies":[{"name":"wp","href":"https:\/\/api.w.org\/{rel}","templated":true}]}}