{"id":965046,"date":"2025-11-22T16:00:00","date_gmt":"2025-11-22T15:00:00","guid":{"rendered":"https:\/\/dmcsrb.com\/uncategorized\/dobro-jutro-podgorice-o-konceptu-odrzive-mobilnosti-i-nezakonitoj-upotrebi-bespilotnih-vazduhoplova\/"},"modified":"2025-11-22T16:00:00","modified_gmt":"2025-11-22T15:00:00","slug":"dobro-jutro-podgorice-o-konceptu-odrzive-mobilnosti-i-nezakonitoj-upotrebi-bespilotnih-vazduhoplova","status":"publish","type":"post","link":"https:\/\/dmcsrb.com\/en\/podgorica\/dobro-jutro-podgorice-o-konceptu-odrzive-mobilnosti-i-nezakonitoj-upotrebi-bespilotnih-vazduhoplova\/","title":{"rendered":"\u201cDobro jutro, Podgorice\u201d: O konceptu Odr\u017eive mobilnosti i nezakonitoj upotrebi bespilotnih vazduhoplova"},"content":{"rendered":"<p><\/p>\n\n\n\n<p>Govorimo i o nezakonitoj upotrebi bespilotnih vazduhoplova. Bi\u0107e rije\u010di o rizicima koje ovakve aktivnosti nose, aktuelnim propisima i nadzoru , kao i kaznenim mjerama koje se primjenjuju.<\/p>\n\n\n\n<p>Predstavljamo dru\u0161tvenu igru \u201eRima \u0161tima\u201c, koja je autorski edukativni set od tri igre osmi\u0161ljen da podstakne razvoj govora, prepoznavanje rima, pam\u0107enje, logi\u010dko razmi\u0161ljanje, rje\u010dnik, koncentraciju i emocionalnu inteligenciju. Igra uklju\u010duje tri varijante: \u201eMemorija rima\u201c, \u201eDomine rima\u201c i \u201eBingo rima\u201c, a koristi lokalne motive iz kulturne ba\u0161tine Podgorice kako bi djeci pribli\u017eila tradiciju i identitet kroz igru.<\/p>\n\n\n\n<p>Na\u0161a go\u0161\u0107a je Danijela Bokan, direktorica hora \u201cLu\u010da\u201d. Hor je nedavno kao zvani\u010dni predstavnik Crne Gore u\u010destvovao na godi\u0161njoj skup\u0161tini Evropske asocijacije horova u \u0160paniji.\u010clanstvo u ovoj mre\u017ei zna\u010di biti dio zajednice koja okuplja vi\u0161e od 2,5 miliona pjeva\u010da, dirigenata, kompozitora i edukatora iz preko 40 zemalja<\/p>\n\n\n\n<p>Izdvajamo i pri\u010de koje su obilje\u017eile sedmicu za nama, servisne informacije od saobra\u0107aja i vremenske prognoze do kulturnih doga\u0111aja i korisnih savjeta.<\/p>\n\n\n\n<p>Vodimo vas u svijet zanimljivosti i de\u0161avanja sa svih meridijana. Donosimo vijesti, neobi\u010dne doga\u0111aje i inspirativne pri\u010de koje pokazuju koliko je svijet raznolik i pun iznena\u0111enja.<\/p>\n\n\n\n<p>Za na\u0161e gledaoce pripremamo brojne poklone.<\/p>\n\n\n\n<p>Gledajte \u201eDobro jutro, Podgorice\u201c i vikendom od 9:00!<\/p>\n\n\n\n<p>Urednica emisije: Ana Joksimovi\u0107 Mejl: vikend.rtvpodgorica@gmail.com<\/p>","protected":false},"excerpt":{"rendered":"<p>Temu jutra posveti\u0107emo konceptu Odr\u017eive mobilnosti, koja se odnosi na metode transporta koje su ekolo\u0161ki odgovorne, ekonomski odr\u017eive i dru\u0161tveno inkluzivne. Obuhvata niz praksi i tehnologija dizajniranih da smanje uticaj transporta na \u017eivotnu sredinu, pobolj\u0161avaju dostupnost za sve i podr\u017eavaju razvoj urbanih i ruralnih podru\u010dja. Na\u0161e go\u0161\u0107e su Jasna Sekulovi\u0107, menad\u017eerka projekta za Zapadni Balkan iz GIZ-a (Njema\u010dko dru\u0161tvo za me\u0111unarodnu saradnju) i Marija Kljaji\u0107 iz Zajednice op\u0161tina Crne Gore.<\/p>","protected":false},"author":1,"featured_media":909994,"comment_status":"open","ping_status":"open","sticky":false,"template":"","format":"standard","meta":{"_acf_changed":false,"footnotes":""},"categories":[56],"tags":[1333,15173,15174],"naslovna":[],"class_list":["post-965046","post","type-post","status-publish","format-standard","has-post-thumbnail","hentry","category-podgorica","tag-dobro-jutro-podgorice","tag-koncept-odrzive-mobilnosti","tag-nezakonita-upotreba-bespilotnih-vazduhoplova"],"acf":[],"yoast_head":"<!-- This site is optimized with the Yoast SEO plugin v27.4 - https:\/\/yoast.com\/product\/yoast-seo-wordpress\/ -->\n<title>\u201cDobro jutro, Podgorice\u201d: O konceptu Odr\u017eive mobilnosti i nezakonitoj upotrebi bespilotnih vazduhoplova - dmcsrb.com<\/title>\n<meta name=\"robots\" content=\"index, follow, max-snippet:-1, max-image-preview:large, max-video-preview:-1\" \/>\n<link rel=\"canonical\" href=\"https:\/\/dmcsrb.com\/en\/podgorica\/dobro-jutro-podgorice-o-konceptu-odrzive-mobilnosti-i-nezakonitoj-upotrebi-bespilotnih-vazduhoplova\/\" \/>\n<meta property=\"og:locale\" content=\"en_GB\" \/>\n<meta property=\"og:type\" content=\"article\" \/>\n<meta property=\"og:title\" content=\"\u201cDobro jutro, Podgorice\u201d: O konceptu Odr\u017eive mobilnosti i nezakonitoj upotrebi bespilotnih vazduhoplova - dmcsrb.com\" \/>\n<meta property=\"og:description\" content=\"Temu jutra posveti\u0107emo konceptu Odr\u017eive mobilnosti, koja se odnosi na metode transporta koje su ekolo\u0161ki odgovorne, ekonomski odr\u017eive i dru\u0161tveno inkluzivne. Obuhvata niz praksi i tehnologija dizajniranih da smanje uticaj transporta na \u017eivotnu sredinu, pobolj\u0161avaju dostupnost za sve i podr\u017eavaju razvoj urbanih i ruralnih podru\u010dja. Na\u0161e go\u0161\u0107e su Jasna Sekulovi\u0107, menad\u017eerka projekta za Zapadni Balkan iz GIZ-a (Njema\u010dko dru\u0161tvo za me\u0111unarodnu saradnju) i Marija Kljaji\u0107 iz Zajednice op\u0161tina Crne Gore.\" \/>\n<meta property=\"og:url\" content=\"https:\/\/dmcsrb.com\/en\/podgorica\/dobro-jutro-podgorice-o-konceptu-odrzive-mobilnosti-i-nezakonitoj-upotrebi-bespilotnih-vazduhoplova\/\" \/>\n<meta property=\"og:site_name\" content=\"dmcsrb.com\" \/>\n<meta property=\"article:published_time\" content=\"2025-11-22T15:00:00+00:00\" \/>\n<meta property=\"og:image\" content=\"https:\/\/dmcsrb.com\/wp-content\/uploads\/2026\/01\/ana-sofranac-768x7591-2.jpg\" \/>\n\t<meta property=\"og:image:width\" content=\"768\" \/>\n\t<meta property=\"og:image:height\" content=\"561\" \/>\n\t<meta property=\"og:image:type\" content=\"image\/jpeg\" \/>\n<meta name=\"author\" content=\"dmcsrbija.com@gmail.com\" \/>\n<meta name=\"twitter:card\" content=\"summary_large_image\" \/>\n<meta name=\"twitter:label1\" content=\"Written by\" \/>\n\t<meta name=\"twitter:data1\" content=\"dmcsrbija.com@gmail.com\" \/>\n\t<meta name=\"twitter:label2\" content=\"Estimated reading time\" \/>\n\t<meta name=\"twitter:data2\" content=\"1 minute\" \/>\n<script type=\"application\/ld+json\" class=\"yoast-schema-graph\">{\"@context\":\"https:\\\/\\\/schema.org\",\"@graph\":[{\"@type\":\"Article\",\"@id\":\"https:\\\/\\\/dmcsrb.com\\\/en\\\/podgorica\\\/dobro-jutro-podgorice-o-konceptu-odrzive-mobilnosti-i-nezakonitoj-upotrebi-bespilotnih-vazduhoplova\\\/#article\",\"isPartOf\":{\"@id\":\"https:\\\/\\\/dmcsrb.com\\\/en\\\/podgorica\\\/dobro-jutro-podgorice-o-konceptu-odrzive-mobilnosti-i-nezakonitoj-upotrebi-bespilotnih-vazduhoplova\\\/\"},\"author\":{\"name\":\"dmcsrbija.com@gmail.com\",\"@id\":\"https:\\\/\\\/dmcsrb.com\\\/#\\\/schema\\\/person\\\/5c39170f12db1b8b457732d0b5c854e2\"},\"headline\":\"\u201cDobro jutro, Podgorice\u201d: O konceptu Odr\u017eive mobilnosti i nezakonitoj upotrebi bespilotnih vazduhoplova\",\"datePublished\":\"2025-11-22T15:00:00+00:00\",\"mainEntityOfPage\":{\"@id\":\"https:\\\/\\\/dmcsrb.com\\\/en\\\/podgorica\\\/dobro-jutro-podgorice-o-konceptu-odrzive-mobilnosti-i-nezakonitoj-upotrebi-bespilotnih-vazduhoplova\\\/\"},\"wordCount\":243,\"commentCount\":0,\"image\":{\"@id\":\"https:\\\/\\\/dmcsrb.com\\\/en\\\/podgorica\\\/dobro-jutro-podgorice-o-konceptu-odrzive-mobilnosti-i-nezakonitoj-upotrebi-bespilotnih-vazduhoplova\\\/#primaryimage\"},\"thumbnailUrl\":\"https:\\\/\\\/dmcsrb.com\\\/wp-content\\\/uploads\\\/2026\\\/01\\\/ana-sofranac-768x7591-2.jpg\",\"keywords\":[\"\\\"Dobro jutro Podgorice\\\"\",\"Koncept Odr\u017eive mobilnosti\",\"Nezakonita upotreba bespilotnih vazduhoplova\"],\"articleSection\":[\"Podgorica\"],\"inLanguage\":\"en-GB\",\"potentialAction\":[{\"@type\":\"CommentAction\",\"name\":\"Comment\",\"target\":[\"https:\\\/\\\/dmcsrb.com\\\/en\\\/podgorica\\\/dobro-jutro-podgorice-o-konceptu-odrzive-mobilnosti-i-nezakonitoj-upotrebi-bespilotnih-vazduhoplova\\\/#respond\"]}]},{\"@type\":\"WebPage\",\"@id\":\"https:\\\/\\\/dmcsrb.com\\\/en\\\/podgorica\\\/dobro-jutro-podgorice-o-konceptu-odrzive-mobilnosti-i-nezakonitoj-upotrebi-bespilotnih-vazduhoplova\\\/\",\"url\":\"https:\\\/\\\/dmcsrb.com\\\/en\\\/podgorica\\\/dobro-jutro-podgorice-o-konceptu-odrzive-mobilnosti-i-nezakonitoj-upotrebi-bespilotnih-vazduhoplova\\\/\",\"name\":\"\u201cDobro jutro, Podgorice\u201d: O konceptu Odr\u017eive mobilnosti i nezakonitoj upotrebi bespilotnih vazduhoplova - dmcsrb.com\",\"isPartOf\":{\"@id\":\"https:\\\/\\\/dmcsrb.com\\\/#website\"},\"primaryImageOfPage\":{\"@id\":\"https:\\\/\\\/dmcsrb.com\\\/en\\\/podgorica\\\/dobro-jutro-podgorice-o-konceptu-odrzive-mobilnosti-i-nezakonitoj-upotrebi-bespilotnih-vazduhoplova\\\/#primaryimage\"},\"image\":{\"@id\":\"https:\\\/\\\/dmcsrb.com\\\/en\\\/podgorica\\\/dobro-jutro-podgorice-o-konceptu-odrzive-mobilnosti-i-nezakonitoj-upotrebi-bespilotnih-vazduhoplova\\\/#primaryimage\"},\"thumbnailUrl\":\"https:\\\/\\\/dmcsrb.com\\\/wp-content\\\/uploads\\\/2026\\\/01\\\/ana-sofranac-768x7591-2.jpg\",\"datePublished\":\"2025-11-22T15:00:00+00:00\",\"author\":{\"@id\":\"https:\\\/\\\/dmcsrb.com\\\/#\\\/schema\\\/person\\\/5c39170f12db1b8b457732d0b5c854e2\"},\"breadcrumb\":{\"@id\":\"https:\\\/\\\/dmcsrb.com\\\/en\\\/podgorica\\\/dobro-jutro-podgorice-o-konceptu-odrzive-mobilnosti-i-nezakonitoj-upotrebi-bespilotnih-vazduhoplova\\\/#breadcrumb\"},\"inLanguage\":\"en-GB\",\"potentialAction\":[{\"@type\":\"ReadAction\",\"target\":[\"https:\\\/\\\/dmcsrb.com\\\/en\\\/podgorica\\\/dobro-jutro-podgorice-o-konceptu-odrzive-mobilnosti-i-nezakonitoj-upotrebi-bespilotnih-vazduhoplova\\\/\"]}]},{\"@type\":\"ImageObject\",\"inLanguage\":\"en-GB\",\"@id\":\"https:\\\/\\\/dmcsrb.com\\\/en\\\/podgorica\\\/dobro-jutro-podgorice-o-konceptu-odrzive-mobilnosti-i-nezakonitoj-upotrebi-bespilotnih-vazduhoplova\\\/#primaryimage\",\"url\":\"https:\\\/\\\/dmcsrb.com\\\/wp-content\\\/uploads\\\/2026\\\/01\\\/ana-sofranac-768x7591-2.jpg\",\"contentUrl\":\"https:\\\/\\\/dmcsrb.com\\\/wp-content\\\/uploads\\\/2026\\\/01\\\/ana-sofranac-768x7591-2.jpg\",\"width\":768,\"height\":561},{\"@type\":\"BreadcrumbList\",\"@id\":\"https:\\\/\\\/dmcsrb.com\\\/en\\\/podgorica\\\/dobro-jutro-podgorice-o-konceptu-odrzive-mobilnosti-i-nezakonitoj-upotrebi-bespilotnih-vazduhoplova\\\/#breadcrumb\",\"itemListElement\":[{\"@type\":\"ListItem\",\"position\":1,\"name\":\"Home\",\"item\":\"https:\\\/\\\/dmcsrb.com\\\/\"},{\"@type\":\"ListItem\",\"position\":2,\"name\":\"\u201cDobro jutro, Podgorice\u201d: O konceptu Odr\u017eive mobilnosti i nezakonitoj upotrebi bespilotnih vazduhoplova\"}]},{\"@type\":\"WebSite\",\"@id\":\"https:\\\/\\\/dmcsrb.com\\\/#website\",\"url\":\"https:\\\/\\\/dmcsrb.com\\\/\",\"name\":\"dmcsrb.com\",\"description\":\"\",\"potentialAction\":[{\"@type\":\"SearchAction\",\"target\":{\"@type\":\"EntryPoint\",\"urlTemplate\":\"https:\\\/\\\/dmcsrb.com\\\/?s={search_term_string}\"},\"query-input\":{\"@type\":\"PropertyValueSpecification\",\"valueRequired\":true,\"valueName\":\"search_term_string\"}}],\"inLanguage\":\"en-GB\"},{\"@type\":\"Person\",\"@id\":\"https:\\\/\\\/dmcsrb.com\\\/#\\\/schema\\\/person\\\/5c39170f12db1b8b457732d0b5c854e2\",\"name\":\"dmcsrbija.com@gmail.com\",\"image\":{\"@type\":\"ImageObject\",\"inLanguage\":\"en-GB\",\"@id\":\"https:\\\/\\\/secure.gravatar.com\\\/avatar\\\/68592660ad6347fad0fb587f8d5d8f1a7b44961362f56e4f2cd524feb87e9069?s=96&d=mm&r=g\",\"url\":\"https:\\\/\\\/secure.gravatar.com\\\/avatar\\\/68592660ad6347fad0fb587f8d5d8f1a7b44961362f56e4f2cd524feb87e9069?s=96&d=mm&r=g\",\"contentUrl\":\"https:\\\/\\\/secure.gravatar.com\\\/avatar\\\/68592660ad6347fad0fb587f8d5d8f1a7b44961362f56e4f2cd524feb87e9069?s=96&d=mm&r=g\",\"caption\":\"dmcsrbija.com@gmail.com\"},\"sameAs\":[\"https:\\\/\\\/dmcsrb.com\"],\"url\":\"https:\\\/\\\/dmcsrb.com\\\/en\\\/author\\\/dmcsrbija-comgmail-com\\\/\"}]}<\/script>\n<!-- \/ Yoast SEO plugin. -->","yoast_head_json":{"title":"\u201cDobro jutro, Podgorice\u201d: O konceptu Odr\u017eive mobilnosti i nezakonitoj upotrebi bespilotnih vazduhoplova - dmcsrb.com","robots":{"index":"index","follow":"follow","max-snippet":"max-snippet:-1","max-image-preview":"max-image-preview:large","max-video-preview":"max-video-preview:-1"},"canonical":"https:\/\/dmcsrb.com\/en\/podgorica\/dobro-jutro-podgorice-o-konceptu-odrzive-mobilnosti-i-nezakonitoj-upotrebi-bespilotnih-vazduhoplova\/","og_locale":"en_GB","og_type":"article","og_title":"\u201cDobro jutro, Podgorice\u201d: O konceptu Odr\u017eive mobilnosti i nezakonitoj upotrebi bespilotnih vazduhoplova - dmcsrb.com","og_description":"Temu jutra posveti\u0107emo konceptu Odr\u017eive mobilnosti, koja se odnosi na metode transporta koje su ekolo\u0161ki odgovorne, ekonomski odr\u017eive i dru\u0161tveno inkluzivne. Obuhvata niz praksi i tehnologija dizajniranih da smanje uticaj transporta na \u017eivotnu sredinu, pobolj\u0161avaju dostupnost za sve i podr\u017eavaju razvoj urbanih i ruralnih podru\u010dja. Na\u0161e go\u0161\u0107e su Jasna Sekulovi\u0107, menad\u017eerka projekta za Zapadni Balkan iz GIZ-a (Njema\u010dko dru\u0161tvo za me\u0111unarodnu saradnju) i Marija Kljaji\u0107 iz Zajednice op\u0161tina Crne Gore.","og_url":"https:\/\/dmcsrb.com\/en\/podgorica\/dobro-jutro-podgorice-o-konceptu-odrzive-mobilnosti-i-nezakonitoj-upotrebi-bespilotnih-vazduhoplova\/","og_site_name":"dmcsrb.com","article_published_time":"2025-11-22T15:00:00+00:00","og_image":[{"width":768,"height":561,"url":"https:\/\/dmcsrb.com\/wp-content\/uploads\/2026\/01\/ana-sofranac-768x7591-2.jpg","type":"image\/jpeg"}],"author":"dmcsrbija.com@gmail.com","twitter_card":"summary_large_image","twitter_misc":{"Written by":"dmcsrbija.com@gmail.com","Estimated reading time":"1 minute"},"schema":{"@context":"https:\/\/schema.org","@graph":[{"@type":"Article","@id":"https:\/\/dmcsrb.com\/en\/podgorica\/dobro-jutro-podgorice-o-konceptu-odrzive-mobilnosti-i-nezakonitoj-upotrebi-bespilotnih-vazduhoplova\/#article","isPartOf":{"@id":"https:\/\/dmcsrb.com\/en\/podgorica\/dobro-jutro-podgorice-o-konceptu-odrzive-mobilnosti-i-nezakonitoj-upotrebi-bespilotnih-vazduhoplova\/"},"author":{"name":"dmcsrbija.com@gmail.com","@id":"https:\/\/dmcsrb.com\/#\/schema\/person\/5c39170f12db1b8b457732d0b5c854e2"},"headline":"\u201cDobro jutro, Podgorice\u201d: O konceptu Odr\u017eive mobilnosti i nezakonitoj upotrebi bespilotnih vazduhoplova","datePublished":"2025-11-22T15:00:00+00:00","mainEntityOfPage":{"@id":"https:\/\/dmcsrb.com\/en\/podgorica\/dobro-jutro-podgorice-o-konceptu-odrzive-mobilnosti-i-nezakonitoj-upotrebi-bespilotnih-vazduhoplova\/"},"wordCount":243,"commentCount":0,"image":{"@id":"https:\/\/dmcsrb.com\/en\/podgorica\/dobro-jutro-podgorice-o-konceptu-odrzive-mobilnosti-i-nezakonitoj-upotrebi-bespilotnih-vazduhoplova\/#primaryimage"},"thumbnailUrl":"https:\/\/dmcsrb.com\/wp-content\/uploads\/2026\/01\/ana-sofranac-768x7591-2.jpg","keywords":["\"Dobro jutro Podgorice\"","Koncept Odr\u017eive mobilnosti","Nezakonita upotreba bespilotnih vazduhoplova"],"articleSection":["Podgorica"],"inLanguage":"en-GB","potentialAction":[{"@type":"CommentAction","name":"Comment","target":["https:\/\/dmcsrb.com\/en\/podgorica\/dobro-jutro-podgorice-o-konceptu-odrzive-mobilnosti-i-nezakonitoj-upotrebi-bespilotnih-vazduhoplova\/#respond"]}]},{"@type":"WebPage","@id":"https:\/\/dmcsrb.com\/en\/podgorica\/dobro-jutro-podgorice-o-konceptu-odrzive-mobilnosti-i-nezakonitoj-upotrebi-bespilotnih-vazduhoplova\/","url":"https:\/\/dmcsrb.com\/en\/podgorica\/dobro-jutro-podgorice-o-konceptu-odrzive-mobilnosti-i-nezakonitoj-upotrebi-bespilotnih-vazduhoplova\/","name":"\u201cDobro jutro, Podgorice\u201d: O konceptu Odr\u017eive mobilnosti i nezakonitoj upotrebi bespilotnih vazduhoplova - dmcsrb.com","isPartOf":{"@id":"https:\/\/dmcsrb.com\/#website"},"primaryImageOfPage":{"@id":"https:\/\/dmcsrb.com\/en\/podgorica\/dobro-jutro-podgorice-o-konceptu-odrzive-mobilnosti-i-nezakonitoj-upotrebi-bespilotnih-vazduhoplova\/#primaryimage"},"image":{"@id":"https:\/\/dmcsrb.com\/en\/podgorica\/dobro-jutro-podgorice-o-konceptu-odrzive-mobilnosti-i-nezakonitoj-upotrebi-bespilotnih-vazduhoplova\/#primaryimage"},"thumbnailUrl":"https:\/\/dmcsrb.com\/wp-content\/uploads\/2026\/01\/ana-sofranac-768x7591-2.jpg","datePublished":"2025-11-22T15:00:00+00:00","author":{"@id":"https:\/\/dmcsrb.com\/#\/schema\/person\/5c39170f12db1b8b457732d0b5c854e2"},"breadcrumb":{"@id":"https:\/\/dmcsrb.com\/en\/podgorica\/dobro-jutro-podgorice-o-konceptu-odrzive-mobilnosti-i-nezakonitoj-upotrebi-bespilotnih-vazduhoplova\/#breadcrumb"},"inLanguage":"en-GB","potentialAction":[{"@type":"ReadAction","target":["https:\/\/dmcsrb.com\/en\/podgorica\/dobro-jutro-podgorice-o-konceptu-odrzive-mobilnosti-i-nezakonitoj-upotrebi-bespilotnih-vazduhoplova\/"]}]},{"@type":"ImageObject","inLanguage":"en-GB","@id":"https:\/\/dmcsrb.com\/en\/podgorica\/dobro-jutro-podgorice-o-konceptu-odrzive-mobilnosti-i-nezakonitoj-upotrebi-bespilotnih-vazduhoplova\/#primaryimage","url":"https:\/\/dmcsrb.com\/wp-content\/uploads\/2026\/01\/ana-sofranac-768x7591-2.jpg","contentUrl":"https:\/\/dmcsrb.com\/wp-content\/uploads\/2026\/01\/ana-sofranac-768x7591-2.jpg","width":768,"height":561},{"@type":"BreadcrumbList","@id":"https:\/\/dmcsrb.com\/en\/podgorica\/dobro-jutro-podgorice-o-konceptu-odrzive-mobilnosti-i-nezakonitoj-upotrebi-bespilotnih-vazduhoplova\/#breadcrumb","itemListElement":[{"@type":"ListItem","position":1,"name":"Home","item":"https:\/\/dmcsrb.com\/"},{"@type":"ListItem","position":2,"name":"\u201cDobro jutro, Podgorice\u201d: O konceptu Odr\u017eive mobilnosti i nezakonitoj upotrebi bespilotnih vazduhoplova"}]},{"@type":"WebSite","@id":"https:\/\/dmcsrb.com\/#website","url":"https:\/\/dmcsrb.com\/","name":"dmcsrb.com","description":"","potentialAction":[{"@type":"SearchAction","target":{"@type":"EntryPoint","urlTemplate":"https:\/\/dmcsrb.com\/?s={search_term_string}"},"query-input":{"@type":"PropertyValueSpecification","valueRequired":true,"valueName":"search_term_string"}}],"inLanguage":"en-GB"},{"@type":"Person","@id":"https:\/\/dmcsrb.com\/#\/schema\/person\/5c39170f12db1b8b457732d0b5c854e2","name":"dmcsrbija.com@gmail.com","image":{"@type":"ImageObject","inLanguage":"en-GB","@id":"https:\/\/secure.gravatar.com\/avatar\/68592660ad6347fad0fb587f8d5d8f1a7b44961362f56e4f2cd524feb87e9069?s=96&d=mm&r=g","url":"https:\/\/secure.gravatar.com\/avatar\/68592660ad6347fad0fb587f8d5d8f1a7b44961362f56e4f2cd524feb87e9069?s=96&d=mm&r=g","contentUrl":"https:\/\/secure.gravatar.com\/avatar\/68592660ad6347fad0fb587f8d5d8f1a7b44961362f56e4f2cd524feb87e9069?s=96&d=mm&r=g","caption":"dmcsrbija.com@gmail.com"},"sameAs":["https:\/\/dmcsrb.com"],"url":"https:\/\/dmcsrb.com\/en\/author\/dmcsrbija-comgmail-com\/"}]}},"_links":{"self":[{"href":"https:\/\/dmcsrb.com\/en\/wp-json\/wp\/v2\/posts\/965046","targetHints":{"allow":["GET"]}}],"collection":[{"href":"https:\/\/dmcsrb.com\/en\/wp-json\/wp\/v2\/posts"}],"about":[{"href":"https:\/\/dmcsrb.com\/en\/wp-json\/wp\/v2\/types\/post"}],"author":[{"embeddable":true,"href":"https:\/\/dmcsrb.com\/en\/wp-json\/wp\/v2\/users\/1"}],"replies":[{"embeddable":true,"href":"https:\/\/dmcsrb.com\/en\/wp-json\/wp\/v2\/comments?post=965046"}],"version-history":[{"count":0,"href":"https:\/\/dmcsrb.com\/en\/wp-json\/wp\/v2\/posts\/965046\/revisions"}],"wp:featuredmedia":[{"embeddable":true,"href":"https:\/\/dmcsrb.com\/en\/wp-json\/wp\/v2\/media\/909994"}],"wp:attachment":[{"href":"https:\/\/dmcsrb.com\/en\/wp-json\/wp\/v2\/media?parent=965046"}],"wp:term":[{"taxonomy":"category","embeddable":true,"href":"https:\/\/dmcsrb.com\/en\/wp-json\/wp\/v2\/categories?post=965046"},{"taxonomy":"post_tag","embeddable":true,"href":"https:\/\/dmcsrb.com\/en\/wp-json\/wp\/v2\/tags?post=965046"},{"taxonomy":"naslovna","embeddable":true,"href":"https:\/\/dmcsrb.com\/en\/wp-json\/wp\/v2\/naslovna?post=965046"}],"curies":[{"name":"wp","href":"https:\/\/api.w.org\/{rel}","templated":true}]}}