{"id":965010,"date":"2025-11-22T09:39:01","date_gmt":"2025-11-22T08:39:01","guid":{"rendered":"https:\/\/dmcsrb.com\/uncategorized\/bar-uhapsen-albanski-drzavljanin-zbog-oduzimanja-vozila-koje-je-ostetio-dok-je-njime-upravljao-u-alkoholisanom-stanju\/"},"modified":"2025-11-22T09:39:01","modified_gmt":"2025-11-22T08:39:01","slug":"bar-uhapsen-albanski-drzavljanin-zbog-oduzimanja-vozila-koje-je-ostetio-dok-je-njime-upravljao-u-alkoholisanom-stanju","status":"publish","type":"post","link":"https:\/\/dmcsrb.com\/en\/hronika\/bar-uhapsen-albanski-drzavljanin-zbog-oduzimanja-vozila-koje-je-ostetio-dok-je-njime-upravljao-u-alkoholisanom-stanju\/","title":{"rendered":"Bar: Uhap\u0161en albanski dr\u017eavljanin zbog oduzimanja vozila koje je o\u0161tetio dok je njime upravljao u alkoholisanom stanju"},"content":{"rendered":"<p><\/p>\n\n\n\n<p>Sumnja se da je A.M. protipravno oduzeo vozilo o\u0161te\u0107enog lica na na\u010din \u0161to je, koriste\u0107i odsustvo ovog lica, prvo u\u0161ao u njegovu ku\u0107u u Baru, u namjeri da otu\u0111i klju\u010deve od njegovog vozila, \u0161to je i uradio, a potom je stavio u pogon putni\u010dko motorno vozilo o\u0161te\u0107enog, marke \u201eCitroen\u201c, koje se nalazilo ispred ku\u0107e, a koje je zatim koristio za vo\u017enju tog dana i sjutradan, na podru\u010dju Op\u0161tine Bar, navode iz UP.<\/p>\n\n\n\n<p>&#8221;Policijski slu\u017ebenici su vozilo kojim je upravljao A.M, radi kontrole, zaustavili u mjestu Belveder u Baru i utvrdili da vozilo ne pripada ovom licu. On je u me\u0111uvremenu, prije nego ga je policija zaustavila, o\u0161tetio vozilo koje je protivpravno oduzeo u predjelu desnog branika i desnog pneumatika&#8221;, isti\u010du iz Uprave policije.<\/p>\n\n\n\n<p>Prilikom kontrole je, alkotestiranjem, utvr\u0111eno da je A.M. upravljao vozilom pod dejstvom alkohola, navode iz UP.<\/p>\n\n\n\n<p>&#8221;O doga\u0111aju je obavije\u0161ten nadle\u017eni dr\u017eavni tu\u017eilac u Osnovnom dr\u017eavnom tu\u017eila\u0161tvu u Baru, koji je kvalifikovao djelo i po \u010dijem nalogu je A.M. li\u0161en slobode&#8221;, isti\u010du iz UP.<\/p>\n\n\n\n<p>Osumnji\u010deni A.M. je, uz krivi\u010dnu prijavu, priveden nadle\u017enom dr\u017eavnom tu\u017eiocu, zbog sumnje da je po\u010dinio navedeno krivi\u010dno djelo. Osim toga, protiv njega je nadle\u017enom Sudu za prekr\u0161aje podnijeta prekr\u0161ajna prijava iz Zakona o bezbjednosti saobra\u0107aja na putevima, zbog upravljanja vozilom pod dejstvom alkohola, poja\u0161njavaju iz Uprave policije.<\/p>\n\n\n\n<p>&#8221;Policijski slu\u017ebenici su vozilo vratili vlasniku&#8221;, zaklju\u010duju iz Uprave policije.<\/p>","protected":false},"excerpt":{"rendered":"<p>Slu\u017ebenici Odjeljenja bezbjednosti Bar su, nakon preduzetih policijskih mjera i radnji, u konsultaciji sa dr\u017eavnim tu\u017eiocem u Osnovnom dr\u017eavnom tu\u017eila\u0161tvu u Baru li\u0161ili slobode A.M (31), dr\u017eavljanina Republike Albanije, zbog sumnje da je po\u010dinio krivi\u010dno djelo oduzimanje vozila, saop\u0161teno je iz Uprave policije.<\/p>","protected":false},"author":1,"featured_media":950407,"comment_status":"open","ping_status":"open","sticky":false,"template":"","format":"standard","meta":{"_acf_changed":false,"footnotes":""},"categories":[17],"tags":[6622,1111,82,5612,15135,15136],"naslovna":[],"class_list":["post-965010","post","type-post","status-publish","format-standard","has-post-thumbnail","hentry","category-hronika","tag-albanski-drzavljanin","tag-bar","tag-hapsenje","tag-oduzimanje-vozila","tag-ostecenje","tag-upravljanje-u-alkohjolisanom-stanju"],"acf":[],"yoast_head":"<!-- This site is optimized with the Yoast SEO plugin v27.4 - https:\/\/yoast.com\/product\/yoast-seo-wordpress\/ -->\n<title>Bar: Uhap\u0161en albanski dr\u017eavljanin zbog oduzimanja vozila koje je o\u0161tetio dok je njime upravljao u alkoholisanom stanju - dmcsrb.com<\/title>\n<meta name=\"robots\" content=\"index, follow, max-snippet:-1, max-image-preview:large, max-video-preview:-1\" \/>\n<link rel=\"canonical\" href=\"https:\/\/dmcsrb.com\/en\/hronika\/bar-uhapsen-albanski-drzavljanin-zbog-oduzimanja-vozila-koje-je-ostetio-dok-je-njime-upravljao-u-alkoholisanom-stanju\/\" \/>\n<meta property=\"og:locale\" content=\"en_GB\" \/>\n<meta property=\"og:type\" content=\"article\" \/>\n<meta property=\"og:title\" content=\"Bar: Uhap\u0161en albanski dr\u017eavljanin zbog oduzimanja vozila koje je o\u0161tetio dok je njime upravljao u alkoholisanom stanju - dmcsrb.com\" \/>\n<meta property=\"og:description\" content=\"Slu\u017ebenici Odjeljenja bezbjednosti Bar su, nakon preduzetih policijskih mjera i radnji, u konsultaciji sa dr\u017eavnim tu\u017eiocem u Osnovnom dr\u017eavnom tu\u017eila\u0161tvu u Baru li\u0161ili slobode A.M (31), dr\u017eavljanina Republike Albanije, zbog sumnje da je po\u010dinio krivi\u010dno djelo oduzimanje vozila, saop\u0161teno je iz Uprave policije.\" \/>\n<meta property=\"og:url\" content=\"https:\/\/dmcsrb.com\/en\/hronika\/bar-uhapsen-albanski-drzavljanin-zbog-oduzimanja-vozila-koje-je-ostetio-dok-je-njime-upravljao-u-alkoholisanom-stanju\/\" \/>\n<meta property=\"og:site_name\" content=\"dmcsrb.com\" \/>\n<meta property=\"article:published_time\" content=\"2025-11-22T08:39:01+00:00\" \/>\n<meta property=\"og:image\" content=\"https:\/\/dmcsrb.com\/wp-content\/uploads\/2026\/01\/bar-1-1.webp\" \/>\n\t<meta property=\"og:image:width\" content=\"892\" \/>\n\t<meta property=\"og:image:height\" content=\"402\" \/>\n\t<meta property=\"og:image:type\" content=\"image\/jpeg\" \/>\n<meta name=\"author\" content=\"dmcsrbija.com@gmail.com\" \/>\n<meta name=\"twitter:card\" content=\"summary_large_image\" \/>\n<meta name=\"twitter:label1\" content=\"Written by\" \/>\n\t<meta name=\"twitter:data1\" content=\"dmcsrbija.com@gmail.com\" \/>\n\t<meta name=\"twitter:label2\" content=\"Estimated reading time\" \/>\n\t<meta name=\"twitter:data2\" content=\"1 minute\" \/>\n<script type=\"application\/ld+json\" class=\"yoast-schema-graph\">{\"@context\":\"https:\\\/\\\/schema.org\",\"@graph\":[{\"@type\":\"Article\",\"@id\":\"https:\\\/\\\/dmcsrb.com\\\/hronika\\\/bar-uhapsen-albanski-drzavljanin-zbog-oduzimanja-vozila-koje-je-ostetio-dok-je-njime-upravljao-u-alkoholisanom-stanju\\\/#article\",\"isPartOf\":{\"@id\":\"https:\\\/\\\/dmcsrb.com\\\/hronika\\\/bar-uhapsen-albanski-drzavljanin-zbog-oduzimanja-vozila-koje-je-ostetio-dok-je-njime-upravljao-u-alkoholisanom-stanju\\\/\"},\"author\":{\"name\":\"dmcsrbija.com@gmail.com\",\"@id\":\"https:\\\/\\\/dmcsrb.com\\\/#\\\/schema\\\/person\\\/5c39170f12db1b8b457732d0b5c854e2\"},\"headline\":\"Bar: Uhap\u0161en albanski dr\u017eavljanin zbog oduzimanja vozila koje je o\u0161tetio dok je njime upravljao u alkoholisanom stanju\",\"datePublished\":\"2025-11-22T08:39:01+00:00\",\"mainEntityOfPage\":{\"@id\":\"https:\\\/\\\/dmcsrb.com\\\/hronika\\\/bar-uhapsen-albanski-drzavljanin-zbog-oduzimanja-vozila-koje-je-ostetio-dok-je-njime-upravljao-u-alkoholisanom-stanju\\\/\"},\"wordCount\":293,\"commentCount\":0,\"image\":{\"@id\":\"https:\\\/\\\/dmcsrb.com\\\/hronika\\\/bar-uhapsen-albanski-drzavljanin-zbog-oduzimanja-vozila-koje-je-ostetio-dok-je-njime-upravljao-u-alkoholisanom-stanju\\\/#primaryimage\"},\"thumbnailUrl\":\"https:\\\/\\\/dmcsrb.com\\\/wp-content\\\/uploads\\\/2026\\\/01\\\/bar-1-1.webp\",\"keywords\":[\"Albanski dr\u017eavljanin\",\"Bar\",\"hap\u0161enje\",\"oduzimanje vozila\",\"o\u0161te\u0107enje\",\"Upravljanje u alkohjolisanom stanju\"],\"articleSection\":[\"Hronika\"],\"inLanguage\":\"en-GB\",\"potentialAction\":[{\"@type\":\"CommentAction\",\"name\":\"Comment\",\"target\":[\"https:\\\/\\\/dmcsrb.com\\\/hronika\\\/bar-uhapsen-albanski-drzavljanin-zbog-oduzimanja-vozila-koje-je-ostetio-dok-je-njime-upravljao-u-alkoholisanom-stanju\\\/#respond\"]}]},{\"@type\":\"WebPage\",\"@id\":\"https:\\\/\\\/dmcsrb.com\\\/hronika\\\/bar-uhapsen-albanski-drzavljanin-zbog-oduzimanja-vozila-koje-je-ostetio-dok-je-njime-upravljao-u-alkoholisanom-stanju\\\/\",\"url\":\"https:\\\/\\\/dmcsrb.com\\\/hronika\\\/bar-uhapsen-albanski-drzavljanin-zbog-oduzimanja-vozila-koje-je-ostetio-dok-je-njime-upravljao-u-alkoholisanom-stanju\\\/\",\"name\":\"Bar: Uhap\u0161en albanski dr\u017eavljanin zbog oduzimanja vozila koje je o\u0161tetio dok je njime upravljao u alkoholisanom stanju - dmcsrb.com\",\"isPartOf\":{\"@id\":\"https:\\\/\\\/dmcsrb.com\\\/#website\"},\"primaryImageOfPage\":{\"@id\":\"https:\\\/\\\/dmcsrb.com\\\/hronika\\\/bar-uhapsen-albanski-drzavljanin-zbog-oduzimanja-vozila-koje-je-ostetio-dok-je-njime-upravljao-u-alkoholisanom-stanju\\\/#primaryimage\"},\"image\":{\"@id\":\"https:\\\/\\\/dmcsrb.com\\\/hronika\\\/bar-uhapsen-albanski-drzavljanin-zbog-oduzimanja-vozila-koje-je-ostetio-dok-je-njime-upravljao-u-alkoholisanom-stanju\\\/#primaryimage\"},\"thumbnailUrl\":\"https:\\\/\\\/dmcsrb.com\\\/wp-content\\\/uploads\\\/2026\\\/01\\\/bar-1-1.webp\",\"datePublished\":\"2025-11-22T08:39:01+00:00\",\"author\":{\"@id\":\"https:\\\/\\\/dmcsrb.com\\\/#\\\/schema\\\/person\\\/5c39170f12db1b8b457732d0b5c854e2\"},\"breadcrumb\":{\"@id\":\"https:\\\/\\\/dmcsrb.com\\\/hronika\\\/bar-uhapsen-albanski-drzavljanin-zbog-oduzimanja-vozila-koje-je-ostetio-dok-je-njime-upravljao-u-alkoholisanom-stanju\\\/#breadcrumb\"},\"inLanguage\":\"en-GB\",\"potentialAction\":[{\"@type\":\"ReadAction\",\"target\":[\"https:\\\/\\\/dmcsrb.com\\\/hronika\\\/bar-uhapsen-albanski-drzavljanin-zbog-oduzimanja-vozila-koje-je-ostetio-dok-je-njime-upravljao-u-alkoholisanom-stanju\\\/\"]}]},{\"@type\":\"ImageObject\",\"inLanguage\":\"en-GB\",\"@id\":\"https:\\\/\\\/dmcsrb.com\\\/hronika\\\/bar-uhapsen-albanski-drzavljanin-zbog-oduzimanja-vozila-koje-je-ostetio-dok-je-njime-upravljao-u-alkoholisanom-stanju\\\/#primaryimage\",\"url\":\"https:\\\/\\\/dmcsrb.com\\\/wp-content\\\/uploads\\\/2026\\\/01\\\/bar-1-1.webp\",\"contentUrl\":\"https:\\\/\\\/dmcsrb.com\\\/wp-content\\\/uploads\\\/2026\\\/01\\\/bar-1-1.webp\",\"width\":892,\"height\":402},{\"@type\":\"BreadcrumbList\",\"@id\":\"https:\\\/\\\/dmcsrb.com\\\/hronika\\\/bar-uhapsen-albanski-drzavljanin-zbog-oduzimanja-vozila-koje-je-ostetio-dok-je-njime-upravljao-u-alkoholisanom-stanju\\\/#breadcrumb\",\"itemListElement\":[{\"@type\":\"ListItem\",\"position\":1,\"name\":\"Home\",\"item\":\"https:\\\/\\\/dmcsrb.com\\\/\"},{\"@type\":\"ListItem\",\"position\":2,\"name\":\"Bar: Uhap\u0161en albanski dr\u017eavljanin zbog oduzimanja vozila koje je o\u0161tetio dok je njime upravljao u alkoholisanom stanju\"}]},{\"@type\":\"WebSite\",\"@id\":\"https:\\\/\\\/dmcsrb.com\\\/#website\",\"url\":\"https:\\\/\\\/dmcsrb.com\\\/\",\"name\":\"dmcsrb.com\",\"description\":\"\",\"potentialAction\":[{\"@type\":\"SearchAction\",\"target\":{\"@type\":\"EntryPoint\",\"urlTemplate\":\"https:\\\/\\\/dmcsrb.com\\\/?s={search_term_string}\"},\"query-input\":{\"@type\":\"PropertyValueSpecification\",\"valueRequired\":true,\"valueName\":\"search_term_string\"}}],\"inLanguage\":\"en-GB\"},{\"@type\":\"Person\",\"@id\":\"https:\\\/\\\/dmcsrb.com\\\/#\\\/schema\\\/person\\\/5c39170f12db1b8b457732d0b5c854e2\",\"name\":\"dmcsrbija.com@gmail.com\",\"image\":{\"@type\":\"ImageObject\",\"inLanguage\":\"en-GB\",\"@id\":\"https:\\\/\\\/secure.gravatar.com\\\/avatar\\\/68592660ad6347fad0fb587f8d5d8f1a7b44961362f56e4f2cd524feb87e9069?s=96&d=mm&r=g\",\"url\":\"https:\\\/\\\/secure.gravatar.com\\\/avatar\\\/68592660ad6347fad0fb587f8d5d8f1a7b44961362f56e4f2cd524feb87e9069?s=96&d=mm&r=g\",\"contentUrl\":\"https:\\\/\\\/secure.gravatar.com\\\/avatar\\\/68592660ad6347fad0fb587f8d5d8f1a7b44961362f56e4f2cd524feb87e9069?s=96&d=mm&r=g\",\"caption\":\"dmcsrbija.com@gmail.com\"},\"sameAs\":[\"https:\\\/\\\/dmcsrb.com\"],\"url\":\"https:\\\/\\\/dmcsrb.com\\\/en\\\/author\\\/dmcsrbija-comgmail-com\\\/\"}]}<\/script>\n<!-- \/ Yoast SEO plugin. -->","yoast_head_json":{"title":"Bar: Uhap\u0161en albanski dr\u017eavljanin zbog oduzimanja vozila koje je o\u0161tetio dok je njime upravljao u alkoholisanom stanju - dmcsrb.com","robots":{"index":"index","follow":"follow","max-snippet":"max-snippet:-1","max-image-preview":"max-image-preview:large","max-video-preview":"max-video-preview:-1"},"canonical":"https:\/\/dmcsrb.com\/en\/hronika\/bar-uhapsen-albanski-drzavljanin-zbog-oduzimanja-vozila-koje-je-ostetio-dok-je-njime-upravljao-u-alkoholisanom-stanju\/","og_locale":"en_GB","og_type":"article","og_title":"Bar: Uhap\u0161en albanski dr\u017eavljanin zbog oduzimanja vozila koje je o\u0161tetio dok je njime upravljao u alkoholisanom stanju - dmcsrb.com","og_description":"Slu\u017ebenici Odjeljenja bezbjednosti Bar su, nakon preduzetih policijskih mjera i radnji, u konsultaciji sa dr\u017eavnim tu\u017eiocem u Osnovnom dr\u017eavnom tu\u017eila\u0161tvu u Baru li\u0161ili slobode A.M (31), dr\u017eavljanina Republike Albanije, zbog sumnje da je po\u010dinio krivi\u010dno djelo oduzimanje vozila, saop\u0161teno je iz Uprave policije.","og_url":"https:\/\/dmcsrb.com\/en\/hronika\/bar-uhapsen-albanski-drzavljanin-zbog-oduzimanja-vozila-koje-je-ostetio-dok-je-njime-upravljao-u-alkoholisanom-stanju\/","og_site_name":"dmcsrb.com","article_published_time":"2025-11-22T08:39:01+00:00","og_image":[{"width":892,"height":402,"url":"https:\/\/dmcsrb.com\/wp-content\/uploads\/2026\/01\/bar-1-1.webp","type":"image\/jpeg"}],"author":"dmcsrbija.com@gmail.com","twitter_card":"summary_large_image","twitter_misc":{"Written by":"dmcsrbija.com@gmail.com","Estimated reading time":"1 minute"},"schema":{"@context":"https:\/\/schema.org","@graph":[{"@type":"Article","@id":"https:\/\/dmcsrb.com\/hronika\/bar-uhapsen-albanski-drzavljanin-zbog-oduzimanja-vozila-koje-je-ostetio-dok-je-njime-upravljao-u-alkoholisanom-stanju\/#article","isPartOf":{"@id":"https:\/\/dmcsrb.com\/hronika\/bar-uhapsen-albanski-drzavljanin-zbog-oduzimanja-vozila-koje-je-ostetio-dok-je-njime-upravljao-u-alkoholisanom-stanju\/"},"author":{"name":"dmcsrbija.com@gmail.com","@id":"https:\/\/dmcsrb.com\/#\/schema\/person\/5c39170f12db1b8b457732d0b5c854e2"},"headline":"Bar: Uhap\u0161en albanski dr\u017eavljanin zbog oduzimanja vozila koje je o\u0161tetio dok je njime upravljao u alkoholisanom stanju","datePublished":"2025-11-22T08:39:01+00:00","mainEntityOfPage":{"@id":"https:\/\/dmcsrb.com\/hronika\/bar-uhapsen-albanski-drzavljanin-zbog-oduzimanja-vozila-koje-je-ostetio-dok-je-njime-upravljao-u-alkoholisanom-stanju\/"},"wordCount":293,"commentCount":0,"image":{"@id":"https:\/\/dmcsrb.com\/hronika\/bar-uhapsen-albanski-drzavljanin-zbog-oduzimanja-vozila-koje-je-ostetio-dok-je-njime-upravljao-u-alkoholisanom-stanju\/#primaryimage"},"thumbnailUrl":"https:\/\/dmcsrb.com\/wp-content\/uploads\/2026\/01\/bar-1-1.webp","keywords":["Albanski dr\u017eavljanin","Bar","hap\u0161enje","oduzimanje vozila","o\u0161te\u0107enje","Upravljanje u alkohjolisanom stanju"],"articleSection":["Hronika"],"inLanguage":"en-GB","potentialAction":[{"@type":"CommentAction","name":"Comment","target":["https:\/\/dmcsrb.com\/hronika\/bar-uhapsen-albanski-drzavljanin-zbog-oduzimanja-vozila-koje-je-ostetio-dok-je-njime-upravljao-u-alkoholisanom-stanju\/#respond"]}]},{"@type":"WebPage","@id":"https:\/\/dmcsrb.com\/hronika\/bar-uhapsen-albanski-drzavljanin-zbog-oduzimanja-vozila-koje-je-ostetio-dok-je-njime-upravljao-u-alkoholisanom-stanju\/","url":"https:\/\/dmcsrb.com\/hronika\/bar-uhapsen-albanski-drzavljanin-zbog-oduzimanja-vozila-koje-je-ostetio-dok-je-njime-upravljao-u-alkoholisanom-stanju\/","name":"Bar: Uhap\u0161en albanski dr\u017eavljanin zbog oduzimanja vozila koje je o\u0161tetio dok je njime upravljao u alkoholisanom stanju - dmcsrb.com","isPartOf":{"@id":"https:\/\/dmcsrb.com\/#website"},"primaryImageOfPage":{"@id":"https:\/\/dmcsrb.com\/hronika\/bar-uhapsen-albanski-drzavljanin-zbog-oduzimanja-vozila-koje-je-ostetio-dok-je-njime-upravljao-u-alkoholisanom-stanju\/#primaryimage"},"image":{"@id":"https:\/\/dmcsrb.com\/hronika\/bar-uhapsen-albanski-drzavljanin-zbog-oduzimanja-vozila-koje-je-ostetio-dok-je-njime-upravljao-u-alkoholisanom-stanju\/#primaryimage"},"thumbnailUrl":"https:\/\/dmcsrb.com\/wp-content\/uploads\/2026\/01\/bar-1-1.webp","datePublished":"2025-11-22T08:39:01+00:00","author":{"@id":"https:\/\/dmcsrb.com\/#\/schema\/person\/5c39170f12db1b8b457732d0b5c854e2"},"breadcrumb":{"@id":"https:\/\/dmcsrb.com\/hronika\/bar-uhapsen-albanski-drzavljanin-zbog-oduzimanja-vozila-koje-je-ostetio-dok-je-njime-upravljao-u-alkoholisanom-stanju\/#breadcrumb"},"inLanguage":"en-GB","potentialAction":[{"@type":"ReadAction","target":["https:\/\/dmcsrb.com\/hronika\/bar-uhapsen-albanski-drzavljanin-zbog-oduzimanja-vozila-koje-je-ostetio-dok-je-njime-upravljao-u-alkoholisanom-stanju\/"]}]},{"@type":"ImageObject","inLanguage":"en-GB","@id":"https:\/\/dmcsrb.com\/hronika\/bar-uhapsen-albanski-drzavljanin-zbog-oduzimanja-vozila-koje-je-ostetio-dok-je-njime-upravljao-u-alkoholisanom-stanju\/#primaryimage","url":"https:\/\/dmcsrb.com\/wp-content\/uploads\/2026\/01\/bar-1-1.webp","contentUrl":"https:\/\/dmcsrb.com\/wp-content\/uploads\/2026\/01\/bar-1-1.webp","width":892,"height":402},{"@type":"BreadcrumbList","@id":"https:\/\/dmcsrb.com\/hronika\/bar-uhapsen-albanski-drzavljanin-zbog-oduzimanja-vozila-koje-je-ostetio-dok-je-njime-upravljao-u-alkoholisanom-stanju\/#breadcrumb","itemListElement":[{"@type":"ListItem","position":1,"name":"Home","item":"https:\/\/dmcsrb.com\/"},{"@type":"ListItem","position":2,"name":"Bar: Uhap\u0161en albanski dr\u017eavljanin zbog oduzimanja vozila koje je o\u0161tetio dok je njime upravljao u alkoholisanom stanju"}]},{"@type":"WebSite","@id":"https:\/\/dmcsrb.com\/#website","url":"https:\/\/dmcsrb.com\/","name":"dmcsrb.com","description":"","potentialAction":[{"@type":"SearchAction","target":{"@type":"EntryPoint","urlTemplate":"https:\/\/dmcsrb.com\/?s={search_term_string}"},"query-input":{"@type":"PropertyValueSpecification","valueRequired":true,"valueName":"search_term_string"}}],"inLanguage":"en-GB"},{"@type":"Person","@id":"https:\/\/dmcsrb.com\/#\/schema\/person\/5c39170f12db1b8b457732d0b5c854e2","name":"dmcsrbija.com@gmail.com","image":{"@type":"ImageObject","inLanguage":"en-GB","@id":"https:\/\/secure.gravatar.com\/avatar\/68592660ad6347fad0fb587f8d5d8f1a7b44961362f56e4f2cd524feb87e9069?s=96&d=mm&r=g","url":"https:\/\/secure.gravatar.com\/avatar\/68592660ad6347fad0fb587f8d5d8f1a7b44961362f56e4f2cd524feb87e9069?s=96&d=mm&r=g","contentUrl":"https:\/\/secure.gravatar.com\/avatar\/68592660ad6347fad0fb587f8d5d8f1a7b44961362f56e4f2cd524feb87e9069?s=96&d=mm&r=g","caption":"dmcsrbija.com@gmail.com"},"sameAs":["https:\/\/dmcsrb.com"],"url":"https:\/\/dmcsrb.com\/en\/author\/dmcsrbija-comgmail-com\/"}]}},"_links":{"self":[{"href":"https:\/\/dmcsrb.com\/en\/wp-json\/wp\/v2\/posts\/965010","targetHints":{"allow":["GET"]}}],"collection":[{"href":"https:\/\/dmcsrb.com\/en\/wp-json\/wp\/v2\/posts"}],"about":[{"href":"https:\/\/dmcsrb.com\/en\/wp-json\/wp\/v2\/types\/post"}],"author":[{"embeddable":true,"href":"https:\/\/dmcsrb.com\/en\/wp-json\/wp\/v2\/users\/1"}],"replies":[{"embeddable":true,"href":"https:\/\/dmcsrb.com\/en\/wp-json\/wp\/v2\/comments?post=965010"}],"version-history":[{"count":0,"href":"https:\/\/dmcsrb.com\/en\/wp-json\/wp\/v2\/posts\/965010\/revisions"}],"wp:featuredmedia":[{"embeddable":true,"href":"https:\/\/dmcsrb.com\/en\/wp-json\/wp\/v2\/media\/950407"}],"wp:attachment":[{"href":"https:\/\/dmcsrb.com\/en\/wp-json\/wp\/v2\/media?parent=965010"}],"wp:term":[{"taxonomy":"category","embeddable":true,"href":"https:\/\/dmcsrb.com\/en\/wp-json\/wp\/v2\/categories?post=965010"},{"taxonomy":"post_tag","embeddable":true,"href":"https:\/\/dmcsrb.com\/en\/wp-json\/wp\/v2\/tags?post=965010"},{"taxonomy":"naslovna","embeddable":true,"href":"https:\/\/dmcsrb.com\/en\/wp-json\/wp\/v2\/naslovna?post=965010"}],"curies":[{"name":"wp","href":"https:\/\/api.w.org\/{rel}","templated":true}]}}