{"id":964994,"date":"2025-11-22T09:02:00","date_gmt":"2025-11-22T08:02:00","guid":{"rendered":"https:\/\/dmcsrb.com\/uncategorized\/obustava-rada-u-sudovima-i-naredne-sedmice\/"},"modified":"2025-11-22T09:02:00","modified_gmt":"2025-11-22T08:02:00","slug":"obustava-rada-u-sudovima-i-naredne-sedmice","status":"publish","type":"post","link":"https:\/\/dmcsrb.com\/en\/drustvo\/obustava-rada-u-sudovima-i-naredne-sedmice\/","title":{"rendered":"Obustava rada u sudovima i naredne sedmice"},"content":{"rendered":"<p><\/p>\n\n\n\n<p>Rako\u010devi\u0107 je kazao da zahtjevi njihovog sindikata i dalje nijesu ispunjeni, te da se odluka o eventualnoj radikalizaciji \u0161trajka tek o\u010dekuje.<\/p>\n\n\n\n<p>Podsjetimo, u sudstvu postoje dva sindikata. Sindikat sudstva Crne Gore potpisao je sporazum sa Ministarstvom pravde i najavio prekid \u0161trajka sudske administracije, a sa druge strane, Sindikat uprave i pravosu\u0111a smatra da je taj dogovor neva\u017ee\u0107i i da borba za pove\u0107anje zarada od 30 odsto jo\u0161 nije zavr\u0161ena.<\/p>\n\n\n\n<p>Predsjednik Sindikata sudstva Crne Gore\u00a0<strong>Dejan \u0110uki\u0107<\/strong>\u00a0potvrdio je za Pobjedu nedavno da je sa ministrom pravde Bojanom Bo\u017eovi\u0107em potpisao sporazum o prekidu \u0161trajka, kojim je dogovoreno uve\u0107anje zarada ve\u0107 sa novembarskom platom. On je tada kazao da je ispunjeno oko 90 odsto njihovih zahtjeva, \u010dime su zadovoljni. Kazao je da se uve\u0107anje zarada pribli\u017eilo prvobitnom zahtjevu za pove\u0107anje od 30 odsto.<\/p>\n\n\n\n<p>Prema sporazumu, 1. decembra bi\u0107e formirana radna grupa za izradu zakona o zaradama u sudskoj administraciji, a nakon njegovog usvajanja planirano je potpisivanje granskog kolektivnog ugovora za oblast sudstva.<\/p>\n\n\n\n<p>Zaposleni u sudskoj administraciji bili su prinu\u0111eni na \u0161trajk zbog dugogodi\u0161njeg ignorisanja njihovih zahtjeva i niskih primanja. Kako je ranije saop\u0161tio \u0110uki\u0107, osnovica za samostalnog referenta iznosi svega 558 eura, dok mnogi zaposleni sa deset godina radnog sta\u017ea primaju oko 600 eura. Samostalni savjetnici imaju zarade oko 800 eura, a to su ljudi iz \u010dijeg kadra kasnije dolaze sudije. Zato smo morali da reagujemo. Granski kolektivni ugovor je ve\u0107 pripremljen i njegova realizacija ne bi zahtijevala dodatna sredstva izvan postoje\u0107eg bud\u017eeta sudova. Rije\u010d je o oko 1,4 miliona eura na godi\u0161njem nivou &#8211; rekao je tada \u0110uki\u0107.<\/p>\n\n\n\n<p>Ministarstvo pravde se ranije obratilo javnosti povodom \u0161trajka u sudstvu, rekav\u0161i da je taj resor posve\u0107en dijalogu sa sindikatima iz oblasti pravosu\u0111a, sa kona\u010dnim ciljem da se prona\u0111e rje\u0161enje koje \u0107e pomo\u0107i u prevazila\u017eenju situacije nastale povodom \u0161trajka.&nbsp;<\/p>","protected":false},"excerpt":{"rendered":"<p>Obustava rada u sudskoj administraciji, u trajanju od 11 do 12 sati, nastavlja se i naredne sedmice, rekao je ju\u010de Pobjedi predsjednik Sindikata uprave i pravosu\u0111a\u00a0Nenad Rako\u010devi\u0107.<\/p>","protected":false},"author":1,"featured_media":913191,"comment_status":"open","ping_status":"open","sticky":false,"template":"","format":"standard","meta":{"_acf_changed":false,"footnotes":""},"categories":[2],"tags":[6930,7813],"naslovna":[],"class_list":["post-964994","post","type-post","status-publish","format-standard","has-post-thumbnail","hentry","category-drustvo","tag-obustava-rada","tag-sudovi"],"acf":[],"yoast_head":"<!-- This site is optimized with the Yoast SEO plugin v27.0 - https:\/\/yoast.com\/product\/yoast-seo-wordpress\/ -->\n<title>Obustava rada u sudovima i naredne sedmice - dmcsrb.com<\/title>\n<meta name=\"robots\" content=\"index, follow, max-snippet:-1, max-image-preview:large, max-video-preview:-1\" \/>\n<link rel=\"canonical\" href=\"https:\/\/dmcsrb.com\/en\/drustvo\/obustava-rada-u-sudovima-i-naredne-sedmice\/\" \/>\n<meta property=\"og:locale\" content=\"en_GB\" \/>\n<meta property=\"og:type\" content=\"article\" \/>\n<meta property=\"og:title\" content=\"Obustava rada u sudovima i naredne sedmice - dmcsrb.com\" \/>\n<meta property=\"og:description\" content=\"Obustava rada u sudskoj administraciji, u trajanju od 11 do 12 sati, nastavlja se i naredne sedmice, rekao je ju\u010de Pobjedi predsjednik Sindikata uprave i pravosu\u0111a\u00a0Nenad Rako\u010devi\u0107.\" \/>\n<meta property=\"og:url\" content=\"https:\/\/dmcsrb.com\/en\/drustvo\/obustava-rada-u-sudovima-i-naredne-sedmice\/\" \/>\n<meta property=\"og:site_name\" content=\"dmcsrb.com\" \/>\n<meta property=\"article:published_time\" content=\"2025-11-22T08:02:00+00:00\" \/>\n<meta property=\"og:image\" content=\"https:\/\/dmcsrb.com\/wp-content\/uploads\/2026\/01\/sud-sudstvo.jpg\" \/>\n\t<meta property=\"og:image:width\" content=\"1071\" \/>\n\t<meta property=\"og:image:height\" content=\"502\" \/>\n\t<meta property=\"og:image:type\" content=\"image\/jpeg\" \/>\n<meta name=\"author\" content=\"dmcsrbija.com@gmail.com\" \/>\n<meta name=\"twitter:card\" content=\"summary_large_image\" \/>\n<meta name=\"twitter:label1\" content=\"Written by\" \/>\n\t<meta name=\"twitter:data1\" content=\"dmcsrbija.com@gmail.com\" \/>\n\t<meta name=\"twitter:label2\" content=\"Estimated reading time\" \/>\n\t<meta name=\"twitter:data2\" content=\"2 minutes\" \/>\n<script type=\"application\/ld+json\" class=\"yoast-schema-graph\">{\"@context\":\"https:\/\/schema.org\",\"@graph\":[{\"@type\":\"Article\",\"@id\":\"https:\/\/dmcsrb.com\/en\/drustvo\/obustava-rada-u-sudovima-i-naredne-sedmice\/#article\",\"isPartOf\":{\"@id\":\"https:\/\/dmcsrb.com\/en\/drustvo\/obustava-rada-u-sudovima-i-naredne-sedmice\/\"},\"author\":{\"name\":\"dmcsrbija.com@gmail.com\",\"@id\":\"https:\/\/dmcsrb.com\/#\/schema\/person\/5c39170f12db1b8b457732d0b5c854e2\"},\"headline\":\"Obustava rada u sudovima i naredne sedmice\",\"datePublished\":\"2025-11-22T08:02:00+00:00\",\"mainEntityOfPage\":{\"@id\":\"https:\/\/dmcsrb.com\/en\/drustvo\/obustava-rada-u-sudovima-i-naredne-sedmice\/\"},\"wordCount\":324,\"commentCount\":0,\"image\":{\"@id\":\"https:\/\/dmcsrb.com\/en\/drustvo\/obustava-rada-u-sudovima-i-naredne-sedmice\/#primaryimage\"},\"thumbnailUrl\":\"https:\/\/dmcsrb.com\/wp-content\/uploads\/2026\/01\/sud-sudstvo.jpg\",\"keywords\":[\"obustava rada\",\"sudovi\"],\"articleSection\":[\"Dru\u0161tvo\"],\"inLanguage\":\"en-GB\",\"potentialAction\":[{\"@type\":\"CommentAction\",\"name\":\"Comment\",\"target\":[\"https:\/\/dmcsrb.com\/en\/drustvo\/obustava-rada-u-sudovima-i-naredne-sedmice\/#respond\"]}]},{\"@type\":\"WebPage\",\"@id\":\"https:\/\/dmcsrb.com\/en\/drustvo\/obustava-rada-u-sudovima-i-naredne-sedmice\/\",\"url\":\"https:\/\/dmcsrb.com\/en\/drustvo\/obustava-rada-u-sudovima-i-naredne-sedmice\/\",\"name\":\"Obustava rada u sudovima i naredne sedmice - dmcsrb.com\",\"isPartOf\":{\"@id\":\"https:\/\/dmcsrb.com\/#website\"},\"primaryImageOfPage\":{\"@id\":\"https:\/\/dmcsrb.com\/en\/drustvo\/obustava-rada-u-sudovima-i-naredne-sedmice\/#primaryimage\"},\"image\":{\"@id\":\"https:\/\/dmcsrb.com\/en\/drustvo\/obustava-rada-u-sudovima-i-naredne-sedmice\/#primaryimage\"},\"thumbnailUrl\":\"https:\/\/dmcsrb.com\/wp-content\/uploads\/2026\/01\/sud-sudstvo.jpg\",\"datePublished\":\"2025-11-22T08:02:00+00:00\",\"author\":{\"@id\":\"https:\/\/dmcsrb.com\/#\/schema\/person\/5c39170f12db1b8b457732d0b5c854e2\"},\"breadcrumb\":{\"@id\":\"https:\/\/dmcsrb.com\/en\/drustvo\/obustava-rada-u-sudovima-i-naredne-sedmice\/#breadcrumb\"},\"inLanguage\":\"en-GB\",\"potentialAction\":[{\"@type\":\"ReadAction\",\"target\":[\"https:\/\/dmcsrb.com\/en\/drustvo\/obustava-rada-u-sudovima-i-naredne-sedmice\/\"]}]},{\"@type\":\"ImageObject\",\"inLanguage\":\"en-GB\",\"@id\":\"https:\/\/dmcsrb.com\/en\/drustvo\/obustava-rada-u-sudovima-i-naredne-sedmice\/#primaryimage\",\"url\":\"https:\/\/dmcsrb.com\/wp-content\/uploads\/2026\/01\/sud-sudstvo.jpg\",\"contentUrl\":\"https:\/\/dmcsrb.com\/wp-content\/uploads\/2026\/01\/sud-sudstvo.jpg\",\"width\":1071,\"height\":502},{\"@type\":\"BreadcrumbList\",\"@id\":\"https:\/\/dmcsrb.com\/en\/drustvo\/obustava-rada-u-sudovima-i-naredne-sedmice\/#breadcrumb\",\"itemListElement\":[{\"@type\":\"ListItem\",\"position\":1,\"name\":\"Home\",\"item\":\"https:\/\/dmcsrb.com\/\"},{\"@type\":\"ListItem\",\"position\":2,\"name\":\"Obustava rada u sudovima i naredne sedmice\"}]},{\"@type\":\"WebSite\",\"@id\":\"https:\/\/dmcsrb.com\/#website\",\"url\":\"https:\/\/dmcsrb.com\/\",\"name\":\"dmcsrb.com\",\"description\":\"\",\"potentialAction\":[{\"@type\":\"SearchAction\",\"target\":{\"@type\":\"EntryPoint\",\"urlTemplate\":\"https:\/\/dmcsrb.com\/?s={search_term_string}\"},\"query-input\":{\"@type\":\"PropertyValueSpecification\",\"valueRequired\":true,\"valueName\":\"search_term_string\"}}],\"inLanguage\":\"en-GB\"},{\"@type\":\"Person\",\"@id\":\"https:\/\/dmcsrb.com\/#\/schema\/person\/5c39170f12db1b8b457732d0b5c854e2\",\"name\":\"dmcsrbija.com@gmail.com\",\"image\":{\"@type\":\"ImageObject\",\"inLanguage\":\"en-GB\",\"@id\":\"https:\/\/dmcsrb.com\/#\/schema\/person\/image\/\",\"url\":\"https:\/\/secure.gravatar.com\/avatar\/68592660ad6347fad0fb587f8d5d8f1a7b44961362f56e4f2cd524feb87e9069?s=96&d=mm&r=g\",\"contentUrl\":\"https:\/\/secure.gravatar.com\/avatar\/68592660ad6347fad0fb587f8d5d8f1a7b44961362f56e4f2cd524feb87e9069?s=96&d=mm&r=g\",\"caption\":\"dmcsrbija.com@gmail.com\"},\"sameAs\":[\"https:\/\/dmcsrb.com\"],\"url\":\"https:\/\/dmcsrb.com\/en\/author\/dmcsrbija-comgmail-com\/\"}]}<\/script>\n<!-- \/ Yoast SEO plugin. -->","yoast_head_json":{"title":"Obustava rada u sudovima i naredne sedmice - dmcsrb.com","robots":{"index":"index","follow":"follow","max-snippet":"max-snippet:-1","max-image-preview":"max-image-preview:large","max-video-preview":"max-video-preview:-1"},"canonical":"https:\/\/dmcsrb.com\/en\/drustvo\/obustava-rada-u-sudovima-i-naredne-sedmice\/","og_locale":"en_GB","og_type":"article","og_title":"Obustava rada u sudovima i naredne sedmice - dmcsrb.com","og_description":"Obustava rada u sudskoj administraciji, u trajanju od 11 do 12 sati, nastavlja se i naredne sedmice, rekao je ju\u010de Pobjedi predsjednik Sindikata uprave i pravosu\u0111a\u00a0Nenad Rako\u010devi\u0107.","og_url":"https:\/\/dmcsrb.com\/en\/drustvo\/obustava-rada-u-sudovima-i-naredne-sedmice\/","og_site_name":"dmcsrb.com","article_published_time":"2025-11-22T08:02:00+00:00","og_image":[{"width":1071,"height":502,"url":"https:\/\/dmcsrb.com\/wp-content\/uploads\/2026\/01\/sud-sudstvo.jpg","type":"image\/jpeg"}],"author":"dmcsrbija.com@gmail.com","twitter_card":"summary_large_image","twitter_misc":{"Written by":"dmcsrbija.com@gmail.com","Estimated reading time":"2 minutes"},"schema":{"@context":"https:\/\/schema.org","@graph":[{"@type":"Article","@id":"https:\/\/dmcsrb.com\/en\/drustvo\/obustava-rada-u-sudovima-i-naredne-sedmice\/#article","isPartOf":{"@id":"https:\/\/dmcsrb.com\/en\/drustvo\/obustava-rada-u-sudovima-i-naredne-sedmice\/"},"author":{"name":"dmcsrbija.com@gmail.com","@id":"https:\/\/dmcsrb.com\/#\/schema\/person\/5c39170f12db1b8b457732d0b5c854e2"},"headline":"Obustava rada u sudovima i naredne sedmice","datePublished":"2025-11-22T08:02:00+00:00","mainEntityOfPage":{"@id":"https:\/\/dmcsrb.com\/en\/drustvo\/obustava-rada-u-sudovima-i-naredne-sedmice\/"},"wordCount":324,"commentCount":0,"image":{"@id":"https:\/\/dmcsrb.com\/en\/drustvo\/obustava-rada-u-sudovima-i-naredne-sedmice\/#primaryimage"},"thumbnailUrl":"https:\/\/dmcsrb.com\/wp-content\/uploads\/2026\/01\/sud-sudstvo.jpg","keywords":["obustava rada","sudovi"],"articleSection":["Dru\u0161tvo"],"inLanguage":"en-GB","potentialAction":[{"@type":"CommentAction","name":"Comment","target":["https:\/\/dmcsrb.com\/en\/drustvo\/obustava-rada-u-sudovima-i-naredne-sedmice\/#respond"]}]},{"@type":"WebPage","@id":"https:\/\/dmcsrb.com\/en\/drustvo\/obustava-rada-u-sudovima-i-naredne-sedmice\/","url":"https:\/\/dmcsrb.com\/en\/drustvo\/obustava-rada-u-sudovima-i-naredne-sedmice\/","name":"Obustava rada u sudovima i naredne sedmice - dmcsrb.com","isPartOf":{"@id":"https:\/\/dmcsrb.com\/#website"},"primaryImageOfPage":{"@id":"https:\/\/dmcsrb.com\/en\/drustvo\/obustava-rada-u-sudovima-i-naredne-sedmice\/#primaryimage"},"image":{"@id":"https:\/\/dmcsrb.com\/en\/drustvo\/obustava-rada-u-sudovima-i-naredne-sedmice\/#primaryimage"},"thumbnailUrl":"https:\/\/dmcsrb.com\/wp-content\/uploads\/2026\/01\/sud-sudstvo.jpg","datePublished":"2025-11-22T08:02:00+00:00","author":{"@id":"https:\/\/dmcsrb.com\/#\/schema\/person\/5c39170f12db1b8b457732d0b5c854e2"},"breadcrumb":{"@id":"https:\/\/dmcsrb.com\/en\/drustvo\/obustava-rada-u-sudovima-i-naredne-sedmice\/#breadcrumb"},"inLanguage":"en-GB","potentialAction":[{"@type":"ReadAction","target":["https:\/\/dmcsrb.com\/en\/drustvo\/obustava-rada-u-sudovima-i-naredne-sedmice\/"]}]},{"@type":"ImageObject","inLanguage":"en-GB","@id":"https:\/\/dmcsrb.com\/en\/drustvo\/obustava-rada-u-sudovima-i-naredne-sedmice\/#primaryimage","url":"https:\/\/dmcsrb.com\/wp-content\/uploads\/2026\/01\/sud-sudstvo.jpg","contentUrl":"https:\/\/dmcsrb.com\/wp-content\/uploads\/2026\/01\/sud-sudstvo.jpg","width":1071,"height":502},{"@type":"BreadcrumbList","@id":"https:\/\/dmcsrb.com\/en\/drustvo\/obustava-rada-u-sudovima-i-naredne-sedmice\/#breadcrumb","itemListElement":[{"@type":"ListItem","position":1,"name":"Home","item":"https:\/\/dmcsrb.com\/"},{"@type":"ListItem","position":2,"name":"Obustava rada u sudovima i naredne sedmice"}]},{"@type":"WebSite","@id":"https:\/\/dmcsrb.com\/#website","url":"https:\/\/dmcsrb.com\/","name":"dmcsrb.com","description":"","potentialAction":[{"@type":"SearchAction","target":{"@type":"EntryPoint","urlTemplate":"https:\/\/dmcsrb.com\/?s={search_term_string}"},"query-input":{"@type":"PropertyValueSpecification","valueRequired":true,"valueName":"search_term_string"}}],"inLanguage":"en-GB"},{"@type":"Person","@id":"https:\/\/dmcsrb.com\/#\/schema\/person\/5c39170f12db1b8b457732d0b5c854e2","name":"dmcsrbija.com@gmail.com","image":{"@type":"ImageObject","inLanguage":"en-GB","@id":"https:\/\/dmcsrb.com\/#\/schema\/person\/image\/","url":"https:\/\/secure.gravatar.com\/avatar\/68592660ad6347fad0fb587f8d5d8f1a7b44961362f56e4f2cd524feb87e9069?s=96&d=mm&r=g","contentUrl":"https:\/\/secure.gravatar.com\/avatar\/68592660ad6347fad0fb587f8d5d8f1a7b44961362f56e4f2cd524feb87e9069?s=96&d=mm&r=g","caption":"dmcsrbija.com@gmail.com"},"sameAs":["https:\/\/dmcsrb.com"],"url":"https:\/\/dmcsrb.com\/en\/author\/dmcsrbija-comgmail-com\/"}]}},"_links":{"self":[{"href":"https:\/\/dmcsrb.com\/en\/wp-json\/wp\/v2\/posts\/964994","targetHints":{"allow":["GET"]}}],"collection":[{"href":"https:\/\/dmcsrb.com\/en\/wp-json\/wp\/v2\/posts"}],"about":[{"href":"https:\/\/dmcsrb.com\/en\/wp-json\/wp\/v2\/types\/post"}],"author":[{"embeddable":true,"href":"https:\/\/dmcsrb.com\/en\/wp-json\/wp\/v2\/users\/1"}],"replies":[{"embeddable":true,"href":"https:\/\/dmcsrb.com\/en\/wp-json\/wp\/v2\/comments?post=964994"}],"version-history":[{"count":0,"href":"https:\/\/dmcsrb.com\/en\/wp-json\/wp\/v2\/posts\/964994\/revisions"}],"wp:featuredmedia":[{"embeddable":true,"href":"https:\/\/dmcsrb.com\/en\/wp-json\/wp\/v2\/media\/913191"}],"wp:attachment":[{"href":"https:\/\/dmcsrb.com\/en\/wp-json\/wp\/v2\/media?parent=964994"}],"wp:term":[{"taxonomy":"category","embeddable":true,"href":"https:\/\/dmcsrb.com\/en\/wp-json\/wp\/v2\/categories?post=964994"},{"taxonomy":"post_tag","embeddable":true,"href":"https:\/\/dmcsrb.com\/en\/wp-json\/wp\/v2\/tags?post=964994"},{"taxonomy":"naslovna","embeddable":true,"href":"https:\/\/dmcsrb.com\/en\/wp-json\/wp\/v2\/naslovna?post=964994"}],"curies":[{"name":"wp","href":"https:\/\/api.w.org\/{rel}","templated":true}]}}