{"id":964960,"date":"2025-11-22T06:00:00","date_gmt":"2025-11-22T05:00:00","guid":{"rendered":"https:\/\/dmcsrb.com\/uncategorized\/danas-oblacno-i-kisovito-na-planinama-snijeg\/"},"modified":"2025-11-22T06:00:00","modified_gmt":"2025-11-22T05:00:00","slug":"danas-oblacno-i-kisovito-na-planinama-snijeg","status":"publish","type":"post","link":"https:\/\/dmcsrb.com\/en\/drustvo\/danas-oblacno-i-kisovito-na-planinama-snijeg\/","title":{"rendered":"Danas obla\u010dno i ki\u0161ovito, na planinama snijeg"},"content":{"rendered":"<p><\/p>\n\n\n\n<p>U ju\u017enim i centralnim predjelima prete\u017eno obla\u010dno i ki\u0161ovito, povremeno pljuskovi i grmljavina. Ponegdje se o\u010dekuju umjerene do obilne padavine. Vjetar povremeno umjeren do poja\u010dan, ju\u017eni i jugoisto\u010dni. Najvi\u0161a temperatura do 15 stepeni.<\/p>\n\n\n\n<p>More sjutra talasasto do uzburkano. Vjetar umjeren do jak, ju\u017eni i jugozapadni. Temperatura mora oko 18 stepeni.<\/p>\n\n\n\n<p>U ju\u017enim u nedjelju manje padavina, a krajem dana djelimi\u010dno razvedravanje. Tokom ponedjeljka promjenljivo obla\u010dno, poslijepodne ili tokom no\u0107i ki\u0161a. Vjetar slab do umjeren promjenljiv, sjutra i u ponedjeljak krajem dana mjestimi\u010dno poja\u010dan, ju\u017eni i jugoisto\u010dni. Temperatura za vikend u osjetnom padu, u ponedjeljak u porastu.<\/p>\n\n\n\n<p>I u centralnim predjelima sli\u010dno vrijeme. U nedjelju manje ki\u0161e, a krajem dana prestanak padavina, dok \u0107e u ponedjeljak ve\u0107i dio dana biti suvo. Vjetar uglavnom slab do umjeren, promjenljiv. Temperatura za vikend u osjetnom padu, u ponedjeljak u porastu.<\/p>\n\n\n\n<p>Na sjeveru u nedjelju snijeg i u ni\u017eim predjelima, dok \u0107e u ponedjeljak biti suvo, a tek tokom no\u0107i ponegdje slaba ki\u0161a. Sjutra i u ponedjeljak vjetar umjeren do jak ju\u017eni, u nedjelju slab do umjeren promjenljiv. Za vikend prava zima, a u ponedjeljak tokom dana osjetno toplije.<\/p>\n\n\n\n<p>Kada je rije\u010d o kvalitetu vazduha, u Podgorici, Nik\u0161i\u0107u i Baru danas je zabilje\u017een veoma dobar, a u Pljevljima i Bijelom Polju dobar kvalitet vazduha.<\/p>\n\n\n\n<p>Na dana\u0161nji dan 1966. godine, na \u017dabljaku je visina snije\u017enog pokriva\u010da iznosila 114cm, \u0161to predstavlja rekordnu visinu snijega za novembar na toj meteorolo\u0161koj stanici.<\/p>\n\n\n\n<p>Iznad Evrope i sjutra dosta ki\u0161e i snijega, naro\u010dito u zapadnom i centralnom Mediteranu, Apeninskom i Balkanskom poluostrvu, dijelu centralnih, sjevernih i zapadnih oblasti, te na britanskim ostrvima. Ipak, ve\u0107i dio dana u zapadnim i dijelu centralnih predjela bez padavina, ali dosta hladno.<\/p>\n\n\n\n<p>Najtoplije \u0107e i dalje biti na jugu i jugoistoku, a najhladnije na sjeveru i dijelu zapadnih i centralnih predjela.<\/p>\n\n\n\n<p>Najtopliji glavni grad sjutra Atina sa 23, a najhladniji Oslo i Moskva sa 2 stepena.<\/p>\n\n\n\n<p>Balkan \u0107e sjutra biti region sa najvi\u0161e padavina, \u010destom ki\u0161om ili pljuskovima sa grmljavinom, dok \u0107e u planinama biti snijega. U ve\u0107ini predjela \u0107e osjetno zahladiti, dok \u0107e se na jugu i jugoistoku zadr\u017eati toplo vrijeme za ovo doba godine.<\/p>\n\n\n\n<p>U na\u0161oj zemlji i sjutra ki\u0161ovito.<\/p>","protected":false},"excerpt":{"rendered":"<p>Na sjeveru danas prete\u017eno obla\u010dno, povremeno slaba do umjerena ki\u0161a, a u planinama susnje\u017eica i snijeg. Vjetar mjestimi\u010dno umjeren do jak, ju\u017eni. Najvi\u0161a temperatura do 10 stepeni.<\/p>","protected":false},"author":1,"featured_media":909039,"comment_status":"open","ping_status":"open","sticky":false,"template":"","format":"standard","meta":{"_acf_changed":false,"footnotes":""},"categories":[2],"tags":[13935,605,15067,5329],"naslovna":[],"class_list":["post-964960","post","type-post","status-publish","format-standard","has-post-thumbnail","hentry","category-drustvo","tag-kisovito","tag-oblacno","tag-planine","tag-snijeg"],"acf":[],"yoast_head":"<!-- This site is optimized with the Yoast SEO plugin v27.4 - https:\/\/yoast.com\/product\/yoast-seo-wordpress\/ -->\n<title>Danas obla\u010dno i ki\u0161ovito, na planinama snijeg - dmcsrb.com<\/title>\n<meta name=\"robots\" content=\"index, follow, max-snippet:-1, max-image-preview:large, max-video-preview:-1\" \/>\n<link rel=\"canonical\" href=\"https:\/\/dmcsrb.com\/en\/drustvo\/danas-oblacno-i-kisovito-na-planinama-snijeg\/\" \/>\n<meta property=\"og:locale\" content=\"en_GB\" \/>\n<meta property=\"og:type\" content=\"article\" \/>\n<meta property=\"og:title\" content=\"Danas obla\u010dno i ki\u0161ovito, na planinama snijeg - dmcsrb.com\" \/>\n<meta property=\"og:description\" content=\"Na sjeveru danas prete\u017eno obla\u010dno, povremeno slaba do umjerena ki\u0161a, a u planinama susnje\u017eica i snijeg. Vjetar mjestimi\u010dno umjeren do jak, ju\u017eni. Najvi\u0161a temperatura do 10 stepeni.\" \/>\n<meta property=\"og:url\" content=\"https:\/\/dmcsrb.com\/en\/drustvo\/danas-oblacno-i-kisovito-na-planinama-snijeg\/\" \/>\n<meta property=\"og:site_name\" content=\"dmcsrb.com\" \/>\n<meta property=\"article:published_time\" content=\"2025-11-22T05:00:00+00:00\" \/>\n<meta property=\"og:image\" content=\"https:\/\/dmcsrb.com\/wp-content\/uploads\/2026\/01\/leaves-6756137_640.jpg\" \/>\n\t<meta property=\"og:image:width\" content=\"640\" \/>\n\t<meta property=\"og:image:height\" content=\"427\" \/>\n\t<meta property=\"og:image:type\" content=\"image\/jpeg\" \/>\n<meta name=\"author\" content=\"dmcsrbija.com@gmail.com\" \/>\n<meta name=\"twitter:card\" content=\"summary_large_image\" \/>\n<meta name=\"twitter:label1\" content=\"Written by\" \/>\n\t<meta name=\"twitter:data1\" content=\"dmcsrbija.com@gmail.com\" \/>\n\t<meta name=\"twitter:label2\" content=\"Estimated reading time\" \/>\n\t<meta name=\"twitter:data2\" content=\"2 minutes\" \/>\n<script type=\"application\/ld+json\" class=\"yoast-schema-graph\">{\"@context\":\"https:\\\/\\\/schema.org\",\"@graph\":[{\"@type\":\"Article\",\"@id\":\"https:\\\/\\\/dmcsrb.com\\\/drustvo\\\/danas-oblacno-i-kisovito-na-planinama-snijeg\\\/#article\",\"isPartOf\":{\"@id\":\"https:\\\/\\\/dmcsrb.com\\\/drustvo\\\/danas-oblacno-i-kisovito-na-planinama-snijeg\\\/\"},\"author\":{\"name\":\"dmcsrbija.com@gmail.com\",\"@id\":\"https:\\\/\\\/dmcsrb.com\\\/#\\\/schema\\\/person\\\/5c39170f12db1b8b457732d0b5c854e2\"},\"headline\":\"Danas obla\u010dno i ki\u0161ovito, na planinama snijeg\",\"datePublished\":\"2025-11-22T05:00:00+00:00\",\"mainEntityOfPage\":{\"@id\":\"https:\\\/\\\/dmcsrb.com\\\/drustvo\\\/danas-oblacno-i-kisovito-na-planinama-snijeg\\\/\"},\"wordCount\":402,\"commentCount\":0,\"image\":{\"@id\":\"https:\\\/\\\/dmcsrb.com\\\/drustvo\\\/danas-oblacno-i-kisovito-na-planinama-snijeg\\\/#primaryimage\"},\"thumbnailUrl\":\"https:\\\/\\\/dmcsrb.com\\\/wp-content\\\/uploads\\\/2026\\\/01\\\/leaves-6756137_640.jpg\",\"keywords\":[\"Ki\u0161ovito\",\"obla\u010dno\",\"planine\",\"snijeg\"],\"articleSection\":[\"Dru\u0161tvo\"],\"inLanguage\":\"en-GB\",\"potentialAction\":[{\"@type\":\"CommentAction\",\"name\":\"Comment\",\"target\":[\"https:\\\/\\\/dmcsrb.com\\\/drustvo\\\/danas-oblacno-i-kisovito-na-planinama-snijeg\\\/#respond\"]}]},{\"@type\":\"WebPage\",\"@id\":\"https:\\\/\\\/dmcsrb.com\\\/drustvo\\\/danas-oblacno-i-kisovito-na-planinama-snijeg\\\/\",\"url\":\"https:\\\/\\\/dmcsrb.com\\\/drustvo\\\/danas-oblacno-i-kisovito-na-planinama-snijeg\\\/\",\"name\":\"Danas obla\u010dno i ki\u0161ovito, na planinama snijeg - dmcsrb.com\",\"isPartOf\":{\"@id\":\"https:\\\/\\\/dmcsrb.com\\\/#website\"},\"primaryImageOfPage\":{\"@id\":\"https:\\\/\\\/dmcsrb.com\\\/drustvo\\\/danas-oblacno-i-kisovito-na-planinama-snijeg\\\/#primaryimage\"},\"image\":{\"@id\":\"https:\\\/\\\/dmcsrb.com\\\/drustvo\\\/danas-oblacno-i-kisovito-na-planinama-snijeg\\\/#primaryimage\"},\"thumbnailUrl\":\"https:\\\/\\\/dmcsrb.com\\\/wp-content\\\/uploads\\\/2026\\\/01\\\/leaves-6756137_640.jpg\",\"datePublished\":\"2025-11-22T05:00:00+00:00\",\"author\":{\"@id\":\"https:\\\/\\\/dmcsrb.com\\\/#\\\/schema\\\/person\\\/5c39170f12db1b8b457732d0b5c854e2\"},\"breadcrumb\":{\"@id\":\"https:\\\/\\\/dmcsrb.com\\\/drustvo\\\/danas-oblacno-i-kisovito-na-planinama-snijeg\\\/#breadcrumb\"},\"inLanguage\":\"en-GB\",\"potentialAction\":[{\"@type\":\"ReadAction\",\"target\":[\"https:\\\/\\\/dmcsrb.com\\\/drustvo\\\/danas-oblacno-i-kisovito-na-planinama-snijeg\\\/\"]}]},{\"@type\":\"ImageObject\",\"inLanguage\":\"en-GB\",\"@id\":\"https:\\\/\\\/dmcsrb.com\\\/drustvo\\\/danas-oblacno-i-kisovito-na-planinama-snijeg\\\/#primaryimage\",\"url\":\"https:\\\/\\\/dmcsrb.com\\\/wp-content\\\/uploads\\\/2026\\\/01\\\/leaves-6756137_640.jpg\",\"contentUrl\":\"https:\\\/\\\/dmcsrb.com\\\/wp-content\\\/uploads\\\/2026\\\/01\\\/leaves-6756137_640.jpg\",\"width\":640,\"height\":427},{\"@type\":\"BreadcrumbList\",\"@id\":\"https:\\\/\\\/dmcsrb.com\\\/drustvo\\\/danas-oblacno-i-kisovito-na-planinama-snijeg\\\/#breadcrumb\",\"itemListElement\":[{\"@type\":\"ListItem\",\"position\":1,\"name\":\"Home\",\"item\":\"https:\\\/\\\/dmcsrb.com\\\/\"},{\"@type\":\"ListItem\",\"position\":2,\"name\":\"Danas obla\u010dno i ki\u0161ovito, na planinama snijeg\"}]},{\"@type\":\"WebSite\",\"@id\":\"https:\\\/\\\/dmcsrb.com\\\/#website\",\"url\":\"https:\\\/\\\/dmcsrb.com\\\/\",\"name\":\"dmcsrb.com\",\"description\":\"\",\"potentialAction\":[{\"@type\":\"SearchAction\",\"target\":{\"@type\":\"EntryPoint\",\"urlTemplate\":\"https:\\\/\\\/dmcsrb.com\\\/?s={search_term_string}\"},\"query-input\":{\"@type\":\"PropertyValueSpecification\",\"valueRequired\":true,\"valueName\":\"search_term_string\"}}],\"inLanguage\":\"en-GB\"},{\"@type\":\"Person\",\"@id\":\"https:\\\/\\\/dmcsrb.com\\\/#\\\/schema\\\/person\\\/5c39170f12db1b8b457732d0b5c854e2\",\"name\":\"dmcsrbija.com@gmail.com\",\"image\":{\"@type\":\"ImageObject\",\"inLanguage\":\"en-GB\",\"@id\":\"https:\\\/\\\/secure.gravatar.com\\\/avatar\\\/68592660ad6347fad0fb587f8d5d8f1a7b44961362f56e4f2cd524feb87e9069?s=96&d=mm&r=g\",\"url\":\"https:\\\/\\\/secure.gravatar.com\\\/avatar\\\/68592660ad6347fad0fb587f8d5d8f1a7b44961362f56e4f2cd524feb87e9069?s=96&d=mm&r=g\",\"contentUrl\":\"https:\\\/\\\/secure.gravatar.com\\\/avatar\\\/68592660ad6347fad0fb587f8d5d8f1a7b44961362f56e4f2cd524feb87e9069?s=96&d=mm&r=g\",\"caption\":\"dmcsrbija.com@gmail.com\"},\"sameAs\":[\"https:\\\/\\\/dmcsrb.com\"],\"url\":\"https:\\\/\\\/dmcsrb.com\\\/en\\\/author\\\/dmcsrbija-comgmail-com\\\/\"}]}<\/script>\n<!-- \/ Yoast SEO plugin. -->","yoast_head_json":{"title":"Danas obla\u010dno i ki\u0161ovito, na planinama snijeg - dmcsrb.com","robots":{"index":"index","follow":"follow","max-snippet":"max-snippet:-1","max-image-preview":"max-image-preview:large","max-video-preview":"max-video-preview:-1"},"canonical":"https:\/\/dmcsrb.com\/en\/drustvo\/danas-oblacno-i-kisovito-na-planinama-snijeg\/","og_locale":"en_GB","og_type":"article","og_title":"Danas obla\u010dno i ki\u0161ovito, na planinama snijeg - dmcsrb.com","og_description":"Na sjeveru danas prete\u017eno obla\u010dno, povremeno slaba do umjerena ki\u0161a, a u planinama susnje\u017eica i snijeg. Vjetar mjestimi\u010dno umjeren do jak, ju\u017eni. Najvi\u0161a temperatura do 10 stepeni.","og_url":"https:\/\/dmcsrb.com\/en\/drustvo\/danas-oblacno-i-kisovito-na-planinama-snijeg\/","og_site_name":"dmcsrb.com","article_published_time":"2025-11-22T05:00:00+00:00","og_image":[{"width":640,"height":427,"url":"https:\/\/dmcsrb.com\/wp-content\/uploads\/2026\/01\/leaves-6756137_640.jpg","type":"image\/jpeg"}],"author":"dmcsrbija.com@gmail.com","twitter_card":"summary_large_image","twitter_misc":{"Written by":"dmcsrbija.com@gmail.com","Estimated reading time":"2 minutes"},"schema":{"@context":"https:\/\/schema.org","@graph":[{"@type":"Article","@id":"https:\/\/dmcsrb.com\/drustvo\/danas-oblacno-i-kisovito-na-planinama-snijeg\/#article","isPartOf":{"@id":"https:\/\/dmcsrb.com\/drustvo\/danas-oblacno-i-kisovito-na-planinama-snijeg\/"},"author":{"name":"dmcsrbija.com@gmail.com","@id":"https:\/\/dmcsrb.com\/#\/schema\/person\/5c39170f12db1b8b457732d0b5c854e2"},"headline":"Danas obla\u010dno i ki\u0161ovito, na planinama snijeg","datePublished":"2025-11-22T05:00:00+00:00","mainEntityOfPage":{"@id":"https:\/\/dmcsrb.com\/drustvo\/danas-oblacno-i-kisovito-na-planinama-snijeg\/"},"wordCount":402,"commentCount":0,"image":{"@id":"https:\/\/dmcsrb.com\/drustvo\/danas-oblacno-i-kisovito-na-planinama-snijeg\/#primaryimage"},"thumbnailUrl":"https:\/\/dmcsrb.com\/wp-content\/uploads\/2026\/01\/leaves-6756137_640.jpg","keywords":["Ki\u0161ovito","obla\u010dno","planine","snijeg"],"articleSection":["Dru\u0161tvo"],"inLanguage":"en-GB","potentialAction":[{"@type":"CommentAction","name":"Comment","target":["https:\/\/dmcsrb.com\/drustvo\/danas-oblacno-i-kisovito-na-planinama-snijeg\/#respond"]}]},{"@type":"WebPage","@id":"https:\/\/dmcsrb.com\/drustvo\/danas-oblacno-i-kisovito-na-planinama-snijeg\/","url":"https:\/\/dmcsrb.com\/drustvo\/danas-oblacno-i-kisovito-na-planinama-snijeg\/","name":"Danas obla\u010dno i ki\u0161ovito, na planinama snijeg - dmcsrb.com","isPartOf":{"@id":"https:\/\/dmcsrb.com\/#website"},"primaryImageOfPage":{"@id":"https:\/\/dmcsrb.com\/drustvo\/danas-oblacno-i-kisovito-na-planinama-snijeg\/#primaryimage"},"image":{"@id":"https:\/\/dmcsrb.com\/drustvo\/danas-oblacno-i-kisovito-na-planinama-snijeg\/#primaryimage"},"thumbnailUrl":"https:\/\/dmcsrb.com\/wp-content\/uploads\/2026\/01\/leaves-6756137_640.jpg","datePublished":"2025-11-22T05:00:00+00:00","author":{"@id":"https:\/\/dmcsrb.com\/#\/schema\/person\/5c39170f12db1b8b457732d0b5c854e2"},"breadcrumb":{"@id":"https:\/\/dmcsrb.com\/drustvo\/danas-oblacno-i-kisovito-na-planinama-snijeg\/#breadcrumb"},"inLanguage":"en-GB","potentialAction":[{"@type":"ReadAction","target":["https:\/\/dmcsrb.com\/drustvo\/danas-oblacno-i-kisovito-na-planinama-snijeg\/"]}]},{"@type":"ImageObject","inLanguage":"en-GB","@id":"https:\/\/dmcsrb.com\/drustvo\/danas-oblacno-i-kisovito-na-planinama-snijeg\/#primaryimage","url":"https:\/\/dmcsrb.com\/wp-content\/uploads\/2026\/01\/leaves-6756137_640.jpg","contentUrl":"https:\/\/dmcsrb.com\/wp-content\/uploads\/2026\/01\/leaves-6756137_640.jpg","width":640,"height":427},{"@type":"BreadcrumbList","@id":"https:\/\/dmcsrb.com\/drustvo\/danas-oblacno-i-kisovito-na-planinama-snijeg\/#breadcrumb","itemListElement":[{"@type":"ListItem","position":1,"name":"Home","item":"https:\/\/dmcsrb.com\/"},{"@type":"ListItem","position":2,"name":"Danas obla\u010dno i ki\u0161ovito, na planinama snijeg"}]},{"@type":"WebSite","@id":"https:\/\/dmcsrb.com\/#website","url":"https:\/\/dmcsrb.com\/","name":"dmcsrb.com","description":"","potentialAction":[{"@type":"SearchAction","target":{"@type":"EntryPoint","urlTemplate":"https:\/\/dmcsrb.com\/?s={search_term_string}"},"query-input":{"@type":"PropertyValueSpecification","valueRequired":true,"valueName":"search_term_string"}}],"inLanguage":"en-GB"},{"@type":"Person","@id":"https:\/\/dmcsrb.com\/#\/schema\/person\/5c39170f12db1b8b457732d0b5c854e2","name":"dmcsrbija.com@gmail.com","image":{"@type":"ImageObject","inLanguage":"en-GB","@id":"https:\/\/secure.gravatar.com\/avatar\/68592660ad6347fad0fb587f8d5d8f1a7b44961362f56e4f2cd524feb87e9069?s=96&d=mm&r=g","url":"https:\/\/secure.gravatar.com\/avatar\/68592660ad6347fad0fb587f8d5d8f1a7b44961362f56e4f2cd524feb87e9069?s=96&d=mm&r=g","contentUrl":"https:\/\/secure.gravatar.com\/avatar\/68592660ad6347fad0fb587f8d5d8f1a7b44961362f56e4f2cd524feb87e9069?s=96&d=mm&r=g","caption":"dmcsrbija.com@gmail.com"},"sameAs":["https:\/\/dmcsrb.com"],"url":"https:\/\/dmcsrb.com\/en\/author\/dmcsrbija-comgmail-com\/"}]}},"_links":{"self":[{"href":"https:\/\/dmcsrb.com\/en\/wp-json\/wp\/v2\/posts\/964960","targetHints":{"allow":["GET"]}}],"collection":[{"href":"https:\/\/dmcsrb.com\/en\/wp-json\/wp\/v2\/posts"}],"about":[{"href":"https:\/\/dmcsrb.com\/en\/wp-json\/wp\/v2\/types\/post"}],"author":[{"embeddable":true,"href":"https:\/\/dmcsrb.com\/en\/wp-json\/wp\/v2\/users\/1"}],"replies":[{"embeddable":true,"href":"https:\/\/dmcsrb.com\/en\/wp-json\/wp\/v2\/comments?post=964960"}],"version-history":[{"count":0,"href":"https:\/\/dmcsrb.com\/en\/wp-json\/wp\/v2\/posts\/964960\/revisions"}],"wp:featuredmedia":[{"embeddable":true,"href":"https:\/\/dmcsrb.com\/en\/wp-json\/wp\/v2\/media\/909039"}],"wp:attachment":[{"href":"https:\/\/dmcsrb.com\/en\/wp-json\/wp\/v2\/media?parent=964960"}],"wp:term":[{"taxonomy":"category","embeddable":true,"href":"https:\/\/dmcsrb.com\/en\/wp-json\/wp\/v2\/categories?post=964960"},{"taxonomy":"post_tag","embeddable":true,"href":"https:\/\/dmcsrb.com\/en\/wp-json\/wp\/v2\/tags?post=964960"},{"taxonomy":"naslovna","embeddable":true,"href":"https:\/\/dmcsrb.com\/en\/wp-json\/wp\/v2\/naslovna?post=964960"}],"curies":[{"name":"wp","href":"https:\/\/api.w.org\/{rel}","templated":true}]}}